{"id":49339,"date":"2025-10-23T20:28:27","date_gmt":"2025-10-23T20:28:27","guid":{"rendered":"https:\/\/www.africa-press.net\/benin\/politique\/amnesty-international-benin-plaide-pour-reforme-legislative"},"modified":"2025-10-23T20:28:27","modified_gmt":"2025-10-23T20:28:27","slug":"amnesty-international-benin-plaide-pour-reforme-legislative","status":"publish","type":"post","link":"https:\/\/www.africa-press.net\/benin\/politique\/amnesty-international-benin-plaide-pour-reforme-legislative","title":{"rendered":"Amnesty International B\u00e9nin Plaide Pour R\u00e9forme L\u00e9gislative"},"content":{"rendered":"<p><span style=\"color: #ff6600\"><strong>Africa-Press &#8211; Benin. <\/strong><\/span>L\u2019e\u0301le\u0301gante salle Topha 1er du Be\u0301nin Royal Ho\u0302tel a re\u0301uni mardi Amnesty International Be\u0301nin et les professionnels des me\u0301dias. Devant micros et came\u0301ras, l\u2019ONG a pre\u0301sente\u0301 une se\u0301rie de documents strate\u0301giques pour infle\u0301chir la le\u0301gislation nationale dans le sens d\u2019une meilleure protection des liberte\u0301s fondamentales. Objectif affiche\u0301: peser de\u0300s maintenant sur les de\u0301bats en amont des e\u0301lections ge\u0301ne\u0301rales de 2026.<\/p>\n<p>A\u0300 l\u2019occasion de la Journe\u0301e africaine des droits de l\u2019homme, Amnesty International Be\u0301nin a organise\u0301 une confe\u0301rence de presse ce mardi a\u0300 Cotonou, dans la salle Topha 1er du Be\u0301nin Royal Ho\u0302tel. L\u2019e\u0301ve\u0301nement a marque\u0301 la pre\u0301sentation de trois documents de plaidoyer, visant a\u0300 renforcer la protection des droits fondamentaux, a\u0300 l\u2019approche des e\u0301lections ge\u0301ne\u0301rales de 2026.<\/p>\n<p>Au c\u0153ur des e\u0301changes: la re\u0301vision du Code pe\u0301nal et du Code du nume\u0301rique, deux textes juge\u0301s liberticides par l\u2019organisation. \u00ab Certaines dispositions sont utilise\u0301es pour restreindre la liberte\u0301 d\u2019expression, criminaliser les re\u0301unions pacifiques ou poursuivre des journalistes pour des de\u0301lits non criminels \u00bb, a explique\u0301 Dieudonne\u0301 Dagbe\u0301to, directeur exe\u0301cutif d\u2019Amnesty International Be\u0301nin. Des recommandations pre\u0301cises ont e\u0301te\u0301 formule\u0301es, notamment sur les articles 237 a\u0300 241 du Code pe\u0301nal, ainsi que sur l\u2019article 560 du Code du nume\u0301rique, conside\u0301re\u0301 comme une menace directe a\u0300 la liberte\u0301 d\u2019informer.<\/p>\n<p>Un \u00ab Manifeste pour les droits humains 2026\u20132030 \u00bb a e\u0301galement e\u0301te\u0301 de\u0301voile\u0301. Il invite les partis politiques a\u0300 s\u2019engager sur cinq axes majeurs: liberte\u0301s fondamentales, conditions de de\u0301tention, lutte contre les arrestations arbitraires, e\u0301galite\u0301 de genre, et droits e\u0301conomiques et sociaux. \u00ab Nous voulons que les futurs e\u0301lus placent les droits humains au c\u0153ur de leur mandat \u00bb, a insiste\u0301 Glory Hossou, coordinateur me\u0301dias d\u2019Amnesty Be\u0301nin.<\/p>\n<p>Interpelle\u0301e par des journalistes sur l\u2019efficacite\u0301 de ses actions, l\u2019ONG a rappele\u0301 que le plaidoyer reste un processus lent, mais essentiel. \u00ab Ce n\u2019est pas parce que les re\u0301sultats tardent que nous devons renoncer \u00bb, a re\u0301pondu Dagbe\u0301to. Amnesty a re\u0301affirme\u0301 son engagement a\u0300 accompagner les jeunes, les journalistes et la socie\u0301te\u0301 civile dans la de\u0301fense des droits fondamentaux au Be\u0301nin.<\/p>\n<p><strong>Pour plus d&rsquo;informations et d&rsquo;analyses sur la <span style=\"color: #ff6600\">Benin<\/span>, suivez <span style=\"color: #ff6600\">Africa-Press<span style=\"color: #ff6600\"><\/span><\/strong><\/p>\n","protected":false},"excerpt":{"rendered":"<p>Africa-Press &#8211; Benin. L\u2019e\u0301le\u0301gante salle Topha 1er du Be\u0301nin Royal Ho\u0302tel a re\u0301uni mardi Amnesty International Be\u0301nin et les professionnels des me\u0301dias. Devant micros et came\u0301ras, l\u2019ONG a pre\u0301sente\u0301 une se\u0301rie de documents strate\u0301giques pour infle\u0301chir la le\u0301gislation nationale dans le sens d\u2019une meilleure protection des liberte\u0301s fondamentales. Objectif affiche\u0301: peser de\u0300s maintenant sur les [&hellip;]<\/p>\n","protected":false},"author":82,"featured_media":49338,"comment_status":"open","ping_status":"closed","sticky":false,"template":"","format":"standard","meta":{"footnotes":""},"categories":[2,10],"tags":[46],"class_list":["post-49339","post","type-post","status-publish","format-standard","has-post-thumbnail","hentry","category-politique","category-toutes-les-actualites","tag-benin-2"],"yoast_head":"<!-- This site is optimized with the Yoast SEO Premium plugin v26.1 (Yoast SEO v27.0) - https:\/\/yoast.com\/product\/yoast-seo-premium-wordpress\/ -->\n<title>Amnesty International B\u00e9nin Plaide Pour R\u00e9forme L\u00e9gislative - B\u00e9nin<\/title>\n<meta name=\"robots\" content=\"index, follow, max-snippet:-1, max-image-preview:large, max-video-preview:-1\" \/>\n<link rel=\"canonical\" href=\"https:\/\/www.africa-press.net\/benin\/politique\/amnesty-international-benin-plaide-pour-reforme-legislative\" \/>\n<meta property=\"og:locale\" content=\"fr_FR\" \/>\n<meta property=\"og:type\" content=\"article\" \/>\n<meta property=\"og:title\" content=\"Amnesty International B\u00e9nin Plaide Pour R\u00e9forme L\u00e9gislative\" \/>\n<meta property=\"og:description\" content=\"Africa-Press &#8211; Benin. L\u2019e\u0301le\u0301gante salle Topha 1er du Be\u0301nin Royal Ho\u0302tel a re\u0301uni mardi Amnesty International Be\u0301nin et les professionnels des me\u0301dias. Devant micros et came\u0301ras, l\u2019ONG a pre\u0301sente\u0301 une se\u0301rie de documents strate\u0301giques pour infle\u0301chir la le\u0301gislation nationale dans le sens d\u2019une meilleure protection des liberte\u0301s fondamentales. Objectif affiche\u0301: peser de\u0300s maintenant sur les [&hellip;]\" \/>\n<meta property=\"og:url\" content=\"https:\/\/www.africa-press.net\/benin\/politique\/amnesty-international-benin-plaide-pour-reforme-legislative\" \/>\n<meta property=\"og:site_name\" content=\"B\u00e9nin\" \/>\n<meta property=\"article:published_time\" content=\"2025-10-23T20:28:27+00:00\" \/>\n<meta name=\"author\" content=\"cfeditorfr\" \/>\n<meta name=\"twitter:card\" content=\"summary_large_image\" \/>\n<meta name=\"twitter:label1\" content=\"\u00c9crit par\" \/>\n\t<meta name=\"twitter:data1\" content=\"cfeditorfr\" \/>\n\t<meta name=\"twitter:label2\" content=\"Dur\u00e9e de lecture estim\u00e9e\" \/>\n\t<meta name=\"twitter:data2\" content=\"2 minutes\" \/>\n<script type=\"application\/ld+json\" class=\"yoast-schema-graph\">{\"@context\":\"https:\/\/schema.org\",\"@graph\":[{\"@type\":\"Article\",\"@id\":\"https:\/\/www.africa-press.net\/benin\/politique\/amnesty-international-benin-plaide-pour-reforme-legislative#article\",\"isPartOf\":{\"@id\":\"https:\/\/www.africa-press.net\/benin\/politique\/amnesty-international-benin-plaide-pour-reforme-legislative\"},\"author\":{\"name\":\"cfeditorfr\",\"@id\":\"https:\/\/www.africa-press.net\/benin\/#\/schema\/person\/2b1cf3cd81a31e3cd26889ca66d677f1\"},\"headline\":\"Amnesty International B\u00e9nin Plaide Pour R\u00e9forme L\u00e9gislative\",\"datePublished\":\"2025-10-23T20:28:27+00:00\",\"mainEntityOfPage\":{\"@id\":\"https:\/\/www.africa-press.net\/benin\/politique\/amnesty-international-benin-plaide-pour-reforme-legislative\"},\"wordCount\":427,\"commentCount\":0,\"image\":{\"@id\":\"https:\/\/www.africa-press.net\/benin\/politique\/amnesty-international-benin-plaide-pour-reforme-legislative#primaryimage\"},\"thumbnailUrl\":\"https:\/\/static.africa-press.net\/benin\/sites\/46\/2025\/10\/sm_1761240324.871044.jpg\",\"keywords\":[\"Benin\"],\"articleSection\":[\"Politique\",\"Toutes les actualit\u00e9s\"],\"inLanguage\":\"fr-FR\",\"potentialAction\":[{\"@type\":\"CommentAction\",\"name\":\"Comment\",\"target\":[\"https:\/\/www.africa-press.net\/benin\/politique\/amnesty-international-benin-plaide-pour-reforme-legislative#respond\"]}]},{\"@type\":\"WebPage\",\"@id\":\"https:\/\/www.africa-press.net\/benin\/politique\/amnesty-international-benin-plaide-pour-reforme-legislative\",\"url\":\"https:\/\/www.africa-press.net\/benin\/politique\/amnesty-international-benin-plaide-pour-reforme-legislative\",\"name\":\"Amnesty International B\u00e9nin Plaide Pour R\u00e9forme L\u00e9gislative - B\u00e9nin\",\"isPartOf\":{\"@id\":\"https:\/\/www.africa-press.net\/benin\/#website\"},\"primaryImageOfPage\":{\"@id\":\"https:\/\/www.africa-press.net\/benin\/politique\/amnesty-international-benin-plaide-pour-reforme-legislative#primaryimage\"},\"image\":{\"@id\":\"https:\/\/www.africa-press.net\/benin\/politique\/amnesty-international-benin-plaide-pour-reforme-legislative#primaryimage\"},\"thumbnailUrl\":\"https:\/\/static.africa-press.net\/benin\/sites\/46\/2025\/10\/sm_1761240324.871044.jpg\",\"datePublished\":\"2025-10-23T20:28:27+00:00\",\"author\":{\"@id\":\"https:\/\/www.africa-press.net\/benin\/#\/schema\/person\/2b1cf3cd81a31e3cd26889ca66d677f1\"},\"breadcrumb\":{\"@id\":\"https:\/\/www.africa-press.net\/benin\/politique\/amnesty-international-benin-plaide-pour-reforme-legislative#breadcrumb\"},\"inLanguage\":\"fr-FR\",\"potentialAction\":[{\"@type\":\"ReadAction\",\"target\":[\"https:\/\/www.africa-press.net\/benin\/politique\/amnesty-international-benin-plaide-pour-reforme-legislative\"]}]},{\"@type\":\"ImageObject\",\"inLanguage\":\"fr-FR\",\"@id\":\"https:\/\/www.africa-press.net\/benin\/politique\/amnesty-international-benin-plaide-pour-reforme-legislative#primaryimage\",\"url\":\"https:\/\/static.africa-press.net\/benin\/sites\/46\/2025\/10\/sm_1761240324.871044.jpg\",\"contentUrl\":\"https:\/\/static.africa-press.net\/benin\/sites\/46\/2025\/10\/sm_1761240324.871044.jpg\",\"width\":1227,\"height\":624,\"caption\":\"Amnesty International B\u00e9nin Plaide Pour R\u00e9forme L\u00e9gislative\"},{\"@type\":\"BreadcrumbList\",\"@id\":\"https:\/\/www.africa-press.net\/benin\/politique\/amnesty-international-benin-plaide-pour-reforme-legislative#breadcrumb\",\"itemListElement\":[{\"@type\":\"ListItem\",\"position\":1,\"name\":\"Accueil\",\"item\":\"https:\/\/www.africa-press.net\/benin\/\"},{\"@type\":\"ListItem\",\"position\":2,\"name\":\"Amnesty International B\u00e9nin Plaide Pour R\u00e9forme L\u00e9gislative\"}]},{\"@type\":\"WebSite\",\"@id\":\"https:\/\/www.africa-press.net\/benin\/#website\",\"url\":\"https:\/\/www.africa-press.net\/benin\/\",\"name\":\"B\u00e9nin\",\"description\":\"Just another Africa News Agency Sites site\",\"potentialAction\":[{\"@type\":\"SearchAction\",\"target\":{\"@type\":\"EntryPoint\",\"urlTemplate\":\"https:\/\/www.africa-press.net\/benin\/?s={search_term_string}\"},\"query-input\":{\"@type\":\"PropertyValueSpecification\",\"valueRequired\":true,\"valueName\":\"search_term_string\"}}],\"inLanguage\":\"fr-FR\"},{\"@type\":\"Person\",\"@id\":\"https:\/\/www.africa-press.net\/benin\/#\/schema\/person\/2b1cf3cd81a31e3cd26889ca66d677f1\",\"name\":\"cfeditorfr\"}]}<\/script>\n<!-- \/ Yoast SEO Premium plugin. -->","yoast_head_json":{"title":"Amnesty International B\u00e9nin Plaide Pour R\u00e9forme L\u00e9gislative - B\u00e9nin","robots":{"index":"index","follow":"follow","max-snippet":"max-snippet:-1","max-image-preview":"max-image-preview:large","max-video-preview":"max-video-preview:-1"},"canonical":"https:\/\/www.africa-press.net\/benin\/politique\/amnesty-international-benin-plaide-pour-reforme-legislative","og_locale":"fr_FR","og_type":"article","og_title":"Amnesty International B\u00e9nin Plaide Pour R\u00e9forme L\u00e9gislative","og_description":"Africa-Press &#8211; Benin. L\u2019e\u0301le\u0301gante salle Topha 1er du Be\u0301nin Royal Ho\u0302tel a re\u0301uni mardi Amnesty International Be\u0301nin et les professionnels des me\u0301dias. Devant micros et came\u0301ras, l\u2019ONG a pre\u0301sente\u0301 une se\u0301rie de documents strate\u0301giques pour infle\u0301chir la le\u0301gislation nationale dans le sens d\u2019une meilleure protection des liberte\u0301s fondamentales. Objectif affiche\u0301: peser de\u0300s maintenant sur les [&hellip;]","og_url":"https:\/\/www.africa-press.net\/benin\/politique\/amnesty-international-benin-plaide-pour-reforme-legislative","og_site_name":"B\u00e9nin","article_published_time":"2025-10-23T20:28:27+00:00","author":"cfeditorfr","twitter_card":"summary_large_image","twitter_misc":{"\u00c9crit par":"cfeditorfr","Dur\u00e9e de lecture estim\u00e9e":"2 minutes"},"schema":{"@context":"https:\/\/schema.org","@graph":[{"@type":"Article","@id":"https:\/\/www.africa-press.net\/benin\/politique\/amnesty-international-benin-plaide-pour-reforme-legislative#article","isPartOf":{"@id":"https:\/\/www.africa-press.net\/benin\/politique\/amnesty-international-benin-plaide-pour-reforme-legislative"},"author":{"name":"cfeditorfr","@id":"https:\/\/www.africa-press.net\/benin\/#\/schema\/person\/2b1cf3cd81a31e3cd26889ca66d677f1"},"headline":"Amnesty International B\u00e9nin Plaide Pour R\u00e9forme L\u00e9gislative","datePublished":"2025-10-23T20:28:27+00:00","mainEntityOfPage":{"@id":"https:\/\/www.africa-press.net\/benin\/politique\/amnesty-international-benin-plaide-pour-reforme-legislative"},"wordCount":427,"commentCount":0,"image":{"@id":"https:\/\/www.africa-press.net\/benin\/politique\/amnesty-international-benin-plaide-pour-reforme-legislative#primaryimage"},"thumbnailUrl":"https:\/\/static.africa-press.net\/benin\/sites\/46\/2025\/10\/sm_1761240324.871044.jpg","keywords":["Benin"],"articleSection":["Politique","Toutes les actualit\u00e9s"],"inLanguage":"fr-FR","potentialAction":[{"@type":"CommentAction","name":"Comment","target":["https:\/\/www.africa-press.net\/benin\/politique\/amnesty-international-benin-plaide-pour-reforme-legislative#respond"]}]},{"@type":"WebPage","@id":"https:\/\/www.africa-press.net\/benin\/politique\/amnesty-international-benin-plaide-pour-reforme-legislative","url":"https:\/\/www.africa-press.net\/benin\/politique\/amnesty-international-benin-plaide-pour-reforme-legislative","name":"Amnesty International B\u00e9nin Plaide Pour R\u00e9forme L\u00e9gislative - B\u00e9nin","isPartOf":{"@id":"https:\/\/www.africa-press.net\/benin\/#website"},"primaryImageOfPage":{"@id":"https:\/\/www.africa-press.net\/benin\/politique\/amnesty-international-benin-plaide-pour-reforme-legislative#primaryimage"},"image":{"@id":"https:\/\/www.africa-press.net\/benin\/politique\/amnesty-international-benin-plaide-pour-reforme-legislative#primaryimage"},"thumbnailUrl":"https:\/\/static.africa-press.net\/benin\/sites\/46\/2025\/10\/sm_1761240324.871044.jpg","datePublished":"2025-10-23T20:28:27+00:00","author":{"@id":"https:\/\/www.africa-press.net\/benin\/#\/schema\/person\/2b1cf3cd81a31e3cd26889ca66d677f1"},"breadcrumb":{"@id":"https:\/\/www.africa-press.net\/benin\/politique\/amnesty-international-benin-plaide-pour-reforme-legislative#breadcrumb"},"inLanguage":"fr-FR","potentialAction":[{"@type":"ReadAction","target":["https:\/\/www.africa-press.net\/benin\/politique\/amnesty-international-benin-plaide-pour-reforme-legislative"]}]},{"@type":"ImageObject","inLanguage":"fr-FR","@id":"https:\/\/www.africa-press.net\/benin\/politique\/amnesty-international-benin-plaide-pour-reforme-legislative#primaryimage","url":"https:\/\/static.africa-press.net\/benin\/sites\/46\/2025\/10\/sm_1761240324.871044.jpg","contentUrl":"https:\/\/static.africa-press.net\/benin\/sites\/46\/2025\/10\/sm_1761240324.871044.jpg","width":1227,"height":624,"caption":"Amnesty International B\u00e9nin Plaide Pour R\u00e9forme L\u00e9gislative"},{"@type":"BreadcrumbList","@id":"https:\/\/www.africa-press.net\/benin\/politique\/amnesty-international-benin-plaide-pour-reforme-legislative#breadcrumb","itemListElement":[{"@type":"ListItem","position":1,"name":"Accueil","item":"https:\/\/www.africa-press.net\/benin\/"},{"@type":"ListItem","position":2,"name":"Amnesty International B\u00e9nin Plaide Pour R\u00e9forme L\u00e9gislative"}]},{"@type":"WebSite","@id":"https:\/\/www.africa-press.net\/benin\/#website","url":"https:\/\/www.africa-press.net\/benin\/","name":"B\u00e9nin","description":"Just another Africa News Agency Sites site","potentialAction":[{"@type":"SearchAction","target":{"@type":"EntryPoint","urlTemplate":"https:\/\/www.africa-press.net\/benin\/?s={search_term_string}"},"query-input":{"@type":"PropertyValueSpecification","valueRequired":true,"valueName":"search_term_string"}}],"inLanguage":"fr-FR"},{"@type":"Person","@id":"https:\/\/www.africa-press.net\/benin\/#\/schema\/person\/2b1cf3cd81a31e3cd26889ca66d677f1","name":"cfeditorfr"}]}},"_links":{"self":[{"href":"https:\/\/www.africa-press.net\/benin\/wp-json\/wp\/v2\/posts\/49339","targetHints":{"allow":["GET"]}}],"collection":[{"href":"https:\/\/www.africa-press.net\/benin\/wp-json\/wp\/v2\/posts"}],"about":[{"href":"https:\/\/www.africa-press.net\/benin\/wp-json\/wp\/v2\/types\/post"}],"author":[{"embeddable":true,"href":"https:\/\/www.africa-press.net\/benin\/wp-json\/wp\/v2\/users\/82"}],"replies":[{"embeddable":true,"href":"https:\/\/www.africa-press.net\/benin\/wp-json\/wp\/v2\/comments?post=49339"}],"version-history":[{"count":0,"href":"https:\/\/www.africa-press.net\/benin\/wp-json\/wp\/v2\/posts\/49339\/revisions"}],"wp:featuredmedia":[{"embeddable":true,"href":"https:\/\/www.africa-press.net\/benin\/wp-json\/wp\/v2\/media\/49338"}],"wp:attachment":[{"href":"https:\/\/www.africa-press.net\/benin\/wp-json\/wp\/v2\/media?parent=49339"}],"wp:term":[{"taxonomy":"category","embeddable":true,"href":"https:\/\/www.africa-press.net\/benin\/wp-json\/wp\/v2\/categories?post=49339"},{"taxonomy":"post_tag","embeddable":true,"href":"https:\/\/www.africa-press.net\/benin\/wp-json\/wp\/v2\/tags?post=49339"}],"curies":[{"name":"wp","href":"https:\/\/api.w.org\/{rel}","templated":true}]}}