{"id":49341,"date":"2025-10-23T20:28:35","date_gmt":"2025-10-23T20:28:35","guid":{"rendered":"https:\/\/www.africa-press.net\/benin\/politique\/cena-publie-liste-provisoire-des-candidats-2026"},"modified":"2025-10-23T20:28:35","modified_gmt":"2025-10-23T20:28:35","slug":"cena-publie-liste-provisoire-des-candidats-2026","status":"publish","type":"post","link":"https:\/\/www.africa-press.net\/benin\/politique\/cena-publie-liste-provisoire-des-candidats-2026","title":{"rendered":"CENA Publie Liste Provisoire des Candidats 2026"},"content":{"rendered":"<p><span style=\"color: #ff6600\"><strong>Africa-Press &#8211; Benin. <\/strong><\/span>La Commission e\u0301lectorale nationale autonome (CENA) a rendu publique, a\u0300 travers sa de\u0301cision N\u00b0025\/CENA\/PT\/RAP\/DGE\/SP, ce jeudi 23 octobre 2025, la liste provisoire des candidatures valide\u0301es pour l\u2019e\u0301lection pre\u0301sidentielle du 12 avril 2026. Sur cette liste figurent deux duos, tandis que plusieurs candidatures, dont celle du parti Les De\u0301mocrates, ont e\u0301te\u0301 rejete\u0301es pour irre\u0301gularite\u0301 des dossiers de parrainage.<\/p>\n<p>Les De\u0301mocrates absents, le parrainage de Michel Sodjinou invalide\u0301<\/p>\n<p>Les De\u0301mocrates saisissent la Cour constitutionnelle<\/p>\n<p>Apre\u0300s l\u2019examen approfondi des dossiers de candidature par le Conseil e\u0301lectoral, la CENA a publie\u0301 ce jeudi, la liste provisoire des candidats en vue du scrutin pre\u0301sidentiel de 2026. Selon la de\u0301cision de la CENA, \u00ab sont inscrits sur la liste provisoire des candidatures valide\u0301es pour l\u2019e\u0301lection pre\u0301sidentielle d\u2019avril 2026 les duos de candidats suivants, dont les dossiers tels que de\u0301pose\u0301s ont e\u0301te\u0301 juge\u0301s complets et conformes:<\/p>\n<p>Monsieur Kossi Mbue\u0300ke Romuald WADAGNI, candidat a\u0300 la pre\u0301sidence de la Re\u0301publique, et Madame Mariam CHABI TALATA, candidate a\u0300 la vice-pre\u0301sidence de la Re\u0301publique ; puis Monsieur Paul HOUNKPE\u0300, candidat a\u0300 la pre\u0301sidence de la Re\u0301publique, et Monsieur Rock Judicae\u0308l HOUNWANOU, candidat a\u0300 la vice-pre\u0301sidence de la Re\u0301publique. \u00bb<\/p>\n<p>Toujours selon la de\u0301cision signe\u0301e par le pre\u0301sident de la CENA, <b>Sacca Lafia<\/b>, \u00ab sont rejete\u0301es les candidatures des duos suivants, car juge\u0301es irrecevables Monsieur Anatole Jackson Prince OUINSAVI, candidat a\u0300 la pre\u0301sidence de la Re\u0301publique, et Madame Kaossarath Remilekoun Agathe BELLO, candidate a\u0300 la vice-pre\u0301sidence ; Monsieur Vignile\u0301 Renaud Le\u0301andre N\u2019doufou AGBOJO, candidat a\u0300 la pre\u0301sidence de la Re\u0301publique, et Monsieur Jude Bonaventure LODJOU, candidat a\u0300 la vice-pre\u0301sidence ; puis Madame Elisabeth AGBOSSAGA e\u0301pouse JAWAD, candidate a\u0300 la pre\u0301sidence de la Re\u0301publique, et Monsieur Boni Neto GANSARE, candidat a\u0300 la vice-pre\u0301sidence. \u00bb<\/p>\n<p>Ces candidats disposent, selon la CENA, \u00ab d\u2019un de\u0301lai de recours de quarante-huit (48) heures a\u0300 compter de la notification de la pre\u0301sente de\u0301cision, pour saisir la juridiction compe\u0301tente. \u00bb<\/p>\n<p><b>Les De\u0301mocrates absents, le parrainage de Michel Sodjinou invalide\u0301<\/b><\/p>\n<p>L\u2019absence du parti Les De\u0301mocrates de la liste provisoire s\u2019explique par une se\u0301rie de de\u0301cisions judiciaires et administratives concernant le parrainage du de\u0301pute\u0301 Michel Franc\u0327ois Oloutoye\u0301 SODJINOU.<\/p>\n<p>Selon la CENA, \u00ab la de\u0301cision N\u00b0021\/CENA\/PT\/RAP\/DGE\/SP portant invalidation de la fiche de parrainage de\u0301livre\u0301e a\u0300 Monsieur Michel Franc\u0327ois Oloutoye\u0301 SODJINOU, de\u0301pute\u0301 a\u0300 l\u2019Assemble\u0301e nationale, en date du 14 octobre 2025, \u00bb a conduit a\u0300 la remise en cause du dossier du duo concerne\u0301.<\/p>\n<p>En conse\u0301quence, \u00ab la nouvelle fiche de parrainage de\u0301livre\u0301e a\u0300 Monsieur Michel Franc\u0327ois Oloutoye\u0301 SODJINOU, de\u0301pute\u0301 a\u0300 l\u2019Assemble\u0301e nationale, en date du 14 octobre 2025, n\u2019a pas permis de satisfaire aux exigences de comple\u0301tude du dossier de candidature, conforme\u0301ment a\u0300 l\u2019article 41 du Code e\u0301lectoral. \u00bb<\/p>\n<p>Le duo Vignile\u0301 Renaud Le\u0301andre N\u2019doufou AGBOJO \/ Jude Bonaventure LODJOU, pre\u0301sente\u0301 par Les De\u0301mocrates, \u00ab a de\u0301pose\u0301 un dossier comportant un total de vingt-sept (27) fiches de parrainage valides \u00bb, mais \u00ab une fiche de parrainage date\u0301e du 02 septembre 2025 a e\u0301te\u0301 de\u0301clare\u0301e invalide par une de\u0301cision ante\u0301rieure de la CENA \u00bb, rendant leur dossier incomplet.<\/p>\n<p><b>Les De\u0301mocrates saisissent la Cour constitutionnelle<\/b><\/p>\n<p>En re\u0301action, le parti Les De\u0301mocrates a introduit, le 16 octobre 2025, un recours devant la Cour constitutionnelle. Dans leur reque\u0302te, signe\u0301e par Ouassagari Chabi Sika Abdel Kamar, secre\u0301taire administratif du parti, les De\u0301mocrates demandent a\u0300 la Cour de \u00ab constater l\u2019inconstitutionnalite\u0301 de l\u2019ordonnance N\u00b0288\/2025 du 13 octobre 2025 rendue par le Tribunal de premie\u0300re instance de Cotonou \u00bb et de \u00ab dire et juger que ladite ordonnance viole l\u2019article 124 aline\u0301a 3 de la Constitution, le principe de se\u0301curite\u0301 juridique, le principe de le\u0301galite\u0301 en matie\u0300re e\u0301lectorale, le principe de la se\u0301paration des pouvoirs et la hie\u0301rarchie des normes en Re\u0301publique du Be\u0301nin\u00bb.<\/p>\n<p>Les reque\u0301rants estiment que \u00ab le tribunal, en s\u2019immisc\u0327ant dans la gestion interne d\u2019un parti politique, outrepasse les compe\u0301tences de l\u2019autorite\u0301 judiciaire \u00bb. Ils rappellent que selon la jurisprudence EP 21-014, \u00ab les relations entre partis et e\u0301lus e\u0301chappent a\u0300 l\u2019inge\u0301rence des juridictions ordinaires. \u00bb<\/p>\n<p>Les De\u0301mocrates de\u0301noncent une \u00ab violation flagrante de l\u2019article 124 aline\u0301a 3 de la Constitution be\u0301ninoise \u00bb et demandent a\u0300 la Cour constitutionnelle \u00ab d\u2019ordonner l\u2019invalidation de toute conse\u0301quence juridique de\u0301coulant de l\u2019ordonnance incrimine\u0301e \u00bb. La de\u0301cision de\u0301finitive sur la validation ou non de leur candidature devrait de\u0301pendre de la suite re\u0301serve\u0301e a\u0300 ce recours devant la Cour constitutionnelle, avant la publication de la liste de\u0301finitive des candidats a\u0300 la pre\u0301sidentielle de 2026.<\/p>\n<p>L\u2019examen du recours est en cours depuis la matine\u0301e de ce jeudi 23 octobre 2025 et la de\u0301cision est attendue pour 16 heures.<\/p>\n<p><strong>Pour plus d&rsquo;informations et d&rsquo;analyses sur la <span style=\"color: #ff6600\">Benin<\/span>, suivez <span style=\"color: #ff6600\">Africa-Press<span style=\"color: #ff6600\"><\/span><\/strong><\/p>\n","protected":false},"excerpt":{"rendered":"<p>Africa-Press &#8211; Benin. La Commission e\u0301lectorale nationale autonome (CENA) a rendu publique, a\u0300 travers sa de\u0301cision N\u00b0025\/CENA\/PT\/RAP\/DGE\/SP, ce jeudi 23 octobre 2025, la liste provisoire des candidatures valide\u0301es pour l\u2019e\u0301lection pre\u0301sidentielle du 12 avril 2026. Sur cette liste figurent deux duos, tandis que plusieurs candidatures, dont celle du parti Les De\u0301mocrates, ont e\u0301te\u0301 rejete\u0301es pour [&hellip;]<\/p>\n","protected":false},"author":82,"featured_media":49340,"comment_status":"open","ping_status":"closed","sticky":false,"template":"","format":"standard","meta":{"footnotes":""},"categories":[2,10],"tags":[46],"class_list":["post-49341","post","type-post","status-publish","format-standard","has-post-thumbnail","hentry","category-politique","category-toutes-les-actualites","tag-benin-2"],"yoast_head":"<!-- This site is optimized with the Yoast SEO Premium plugin v26.1 (Yoast SEO v27.0) - https:\/\/yoast.com\/product\/yoast-seo-premium-wordpress\/ -->\n<title>CENA Publie Liste Provisoire des Candidats 2026 - B\u00e9nin<\/title>\n<meta name=\"robots\" content=\"index, follow, max-snippet:-1, max-image-preview:large, max-video-preview:-1\" \/>\n<link rel=\"canonical\" href=\"https:\/\/www.africa-press.net\/benin\/politique\/cena-publie-liste-provisoire-des-candidats-2026\" \/>\n<meta property=\"og:locale\" content=\"fr_FR\" \/>\n<meta property=\"og:type\" content=\"article\" \/>\n<meta property=\"og:title\" content=\"CENA Publie Liste Provisoire des Candidats 2026\" \/>\n<meta property=\"og:description\" content=\"Africa-Press &#8211; Benin. La Commission e\u0301lectorale nationale autonome (CENA) a rendu publique, a\u0300 travers sa de\u0301cision N\u00b0025\/CENA\/PT\/RAP\/DGE\/SP, ce jeudi 23 octobre 2025, la liste provisoire des candidatures valide\u0301es pour l\u2019e\u0301lection pre\u0301sidentielle du 12 avril 2026. Sur cette liste figurent deux duos, tandis que plusieurs candidatures, dont celle du parti Les De\u0301mocrates, ont e\u0301te\u0301 rejete\u0301es pour [&hellip;]\" \/>\n<meta property=\"og:url\" content=\"https:\/\/www.africa-press.net\/benin\/politique\/cena-publie-liste-provisoire-des-candidats-2026\" \/>\n<meta property=\"og:site_name\" content=\"B\u00e9nin\" \/>\n<meta property=\"article:published_time\" content=\"2025-10-23T20:28:35+00:00\" \/>\n<meta name=\"author\" content=\"cfeditorfr\" \/>\n<meta name=\"twitter:card\" content=\"summary_large_image\" \/>\n<meta name=\"twitter:label1\" content=\"\u00c9crit par\" \/>\n\t<meta name=\"twitter:data1\" content=\"cfeditorfr\" \/>\n\t<meta name=\"twitter:label2\" content=\"Dur\u00e9e de lecture estim\u00e9e\" \/>\n\t<meta name=\"twitter:data2\" content=\"4 minutes\" \/>\n<script type=\"application\/ld+json\" class=\"yoast-schema-graph\">{\"@context\":\"https:\/\/schema.org\",\"@graph\":[{\"@type\":\"Article\",\"@id\":\"https:\/\/www.africa-press.net\/benin\/politique\/cena-publie-liste-provisoire-des-candidats-2026#article\",\"isPartOf\":{\"@id\":\"https:\/\/www.africa-press.net\/benin\/politique\/cena-publie-liste-provisoire-des-candidats-2026\"},\"author\":{\"name\":\"cfeditorfr\",\"@id\":\"https:\/\/www.africa-press.net\/benin\/#\/schema\/person\/2b1cf3cd81a31e3cd26889ca66d677f1\"},\"headline\":\"CENA Publie Liste Provisoire des Candidats 2026\",\"datePublished\":\"2025-10-23T20:28:35+00:00\",\"mainEntityOfPage\":{\"@id\":\"https:\/\/www.africa-press.net\/benin\/politique\/cena-publie-liste-provisoire-des-candidats-2026\"},\"wordCount\":868,\"commentCount\":0,\"image\":{\"@id\":\"https:\/\/www.africa-press.net\/benin\/politique\/cena-publie-liste-provisoire-des-candidats-2026#primaryimage\"},\"thumbnailUrl\":\"https:\/\/static.africa-press.net\/benin\/sites\/46\/2025\/10\/sm_1761240337.304189.jpg\",\"keywords\":[\"Benin\"],\"articleSection\":[\"Politique\",\"Toutes les actualit\u00e9s\"],\"inLanguage\":\"fr-FR\",\"potentialAction\":[{\"@type\":\"CommentAction\",\"name\":\"Comment\",\"target\":[\"https:\/\/www.africa-press.net\/benin\/politique\/cena-publie-liste-provisoire-des-candidats-2026#respond\"]}]},{\"@type\":\"WebPage\",\"@id\":\"https:\/\/www.africa-press.net\/benin\/politique\/cena-publie-liste-provisoire-des-candidats-2026\",\"url\":\"https:\/\/www.africa-press.net\/benin\/politique\/cena-publie-liste-provisoire-des-candidats-2026\",\"name\":\"CENA Publie Liste Provisoire des Candidats 2026 - B\u00e9nin\",\"isPartOf\":{\"@id\":\"https:\/\/www.africa-press.net\/benin\/#website\"},\"primaryImageOfPage\":{\"@id\":\"https:\/\/www.africa-press.net\/benin\/politique\/cena-publie-liste-provisoire-des-candidats-2026#primaryimage\"},\"image\":{\"@id\":\"https:\/\/www.africa-press.net\/benin\/politique\/cena-publie-liste-provisoire-des-candidats-2026#primaryimage\"},\"thumbnailUrl\":\"https:\/\/static.africa-press.net\/benin\/sites\/46\/2025\/10\/sm_1761240337.304189.jpg\",\"datePublished\":\"2025-10-23T20:28:35+00:00\",\"author\":{\"@id\":\"https:\/\/www.africa-press.net\/benin\/#\/schema\/person\/2b1cf3cd81a31e3cd26889ca66d677f1\"},\"breadcrumb\":{\"@id\":\"https:\/\/www.africa-press.net\/benin\/politique\/cena-publie-liste-provisoire-des-candidats-2026#breadcrumb\"},\"inLanguage\":\"fr-FR\",\"potentialAction\":[{\"@type\":\"ReadAction\",\"target\":[\"https:\/\/www.africa-press.net\/benin\/politique\/cena-publie-liste-provisoire-des-candidats-2026\"]}]},{\"@type\":\"ImageObject\",\"inLanguage\":\"fr-FR\",\"@id\":\"https:\/\/www.africa-press.net\/benin\/politique\/cena-publie-liste-provisoire-des-candidats-2026#primaryimage\",\"url\":\"https:\/\/static.africa-press.net\/benin\/sites\/46\/2025\/10\/sm_1761240337.304189.jpg\",\"contentUrl\":\"https:\/\/static.africa-press.net\/benin\/sites\/46\/2025\/10\/sm_1761240337.304189.jpg\",\"width\":1440,\"height\":944,\"caption\":\"CENA Publie Liste Provisoire des Candidats 2026\"},{\"@type\":\"BreadcrumbList\",\"@id\":\"https:\/\/www.africa-press.net\/benin\/politique\/cena-publie-liste-provisoire-des-candidats-2026#breadcrumb\",\"itemListElement\":[{\"@type\":\"ListItem\",\"position\":1,\"name\":\"Accueil\",\"item\":\"https:\/\/www.africa-press.net\/benin\/\"},{\"@type\":\"ListItem\",\"position\":2,\"name\":\"CENA Publie Liste Provisoire des Candidats 2026\"}]},{\"@type\":\"WebSite\",\"@id\":\"https:\/\/www.africa-press.net\/benin\/#website\",\"url\":\"https:\/\/www.africa-press.net\/benin\/\",\"name\":\"B\u00e9nin\",\"description\":\"Just another Africa News Agency Sites site\",\"potentialAction\":[{\"@type\":\"SearchAction\",\"target\":{\"@type\":\"EntryPoint\",\"urlTemplate\":\"https:\/\/www.africa-press.net\/benin\/?s={search_term_string}\"},\"query-input\":{\"@type\":\"PropertyValueSpecification\",\"valueRequired\":true,\"valueName\":\"search_term_string\"}}],\"inLanguage\":\"fr-FR\"},{\"@type\":\"Person\",\"@id\":\"https:\/\/www.africa-press.net\/benin\/#\/schema\/person\/2b1cf3cd81a31e3cd26889ca66d677f1\",\"name\":\"cfeditorfr\"}]}<\/script>\n<!-- \/ Yoast SEO Premium plugin. -->","yoast_head_json":{"title":"CENA Publie Liste Provisoire des Candidats 2026 - B\u00e9nin","robots":{"index":"index","follow":"follow","max-snippet":"max-snippet:-1","max-image-preview":"max-image-preview:large","max-video-preview":"max-video-preview:-1"},"canonical":"https:\/\/www.africa-press.net\/benin\/politique\/cena-publie-liste-provisoire-des-candidats-2026","og_locale":"fr_FR","og_type":"article","og_title":"CENA Publie Liste Provisoire des Candidats 2026","og_description":"Africa-Press &#8211; Benin. La Commission e\u0301lectorale nationale autonome (CENA) a rendu publique, a\u0300 travers sa de\u0301cision N\u00b0025\/CENA\/PT\/RAP\/DGE\/SP, ce jeudi 23 octobre 2025, la liste provisoire des candidatures valide\u0301es pour l\u2019e\u0301lection pre\u0301sidentielle du 12 avril 2026. Sur cette liste figurent deux duos, tandis que plusieurs candidatures, dont celle du parti Les De\u0301mocrates, ont e\u0301te\u0301 rejete\u0301es pour [&hellip;]","og_url":"https:\/\/www.africa-press.net\/benin\/politique\/cena-publie-liste-provisoire-des-candidats-2026","og_site_name":"B\u00e9nin","article_published_time":"2025-10-23T20:28:35+00:00","author":"cfeditorfr","twitter_card":"summary_large_image","twitter_misc":{"\u00c9crit par":"cfeditorfr","Dur\u00e9e de lecture estim\u00e9e":"4 minutes"},"schema":{"@context":"https:\/\/schema.org","@graph":[{"@type":"Article","@id":"https:\/\/www.africa-press.net\/benin\/politique\/cena-publie-liste-provisoire-des-candidats-2026#article","isPartOf":{"@id":"https:\/\/www.africa-press.net\/benin\/politique\/cena-publie-liste-provisoire-des-candidats-2026"},"author":{"name":"cfeditorfr","@id":"https:\/\/www.africa-press.net\/benin\/#\/schema\/person\/2b1cf3cd81a31e3cd26889ca66d677f1"},"headline":"CENA Publie Liste Provisoire des Candidats 2026","datePublished":"2025-10-23T20:28:35+00:00","mainEntityOfPage":{"@id":"https:\/\/www.africa-press.net\/benin\/politique\/cena-publie-liste-provisoire-des-candidats-2026"},"wordCount":868,"commentCount":0,"image":{"@id":"https:\/\/www.africa-press.net\/benin\/politique\/cena-publie-liste-provisoire-des-candidats-2026#primaryimage"},"thumbnailUrl":"https:\/\/static.africa-press.net\/benin\/sites\/46\/2025\/10\/sm_1761240337.304189.jpg","keywords":["Benin"],"articleSection":["Politique","Toutes les actualit\u00e9s"],"inLanguage":"fr-FR","potentialAction":[{"@type":"CommentAction","name":"Comment","target":["https:\/\/www.africa-press.net\/benin\/politique\/cena-publie-liste-provisoire-des-candidats-2026#respond"]}]},{"@type":"WebPage","@id":"https:\/\/www.africa-press.net\/benin\/politique\/cena-publie-liste-provisoire-des-candidats-2026","url":"https:\/\/www.africa-press.net\/benin\/politique\/cena-publie-liste-provisoire-des-candidats-2026","name":"CENA Publie Liste Provisoire des Candidats 2026 - B\u00e9nin","isPartOf":{"@id":"https:\/\/www.africa-press.net\/benin\/#website"},"primaryImageOfPage":{"@id":"https:\/\/www.africa-press.net\/benin\/politique\/cena-publie-liste-provisoire-des-candidats-2026#primaryimage"},"image":{"@id":"https:\/\/www.africa-press.net\/benin\/politique\/cena-publie-liste-provisoire-des-candidats-2026#primaryimage"},"thumbnailUrl":"https:\/\/static.africa-press.net\/benin\/sites\/46\/2025\/10\/sm_1761240337.304189.jpg","datePublished":"2025-10-23T20:28:35+00:00","author":{"@id":"https:\/\/www.africa-press.net\/benin\/#\/schema\/person\/2b1cf3cd81a31e3cd26889ca66d677f1"},"breadcrumb":{"@id":"https:\/\/www.africa-press.net\/benin\/politique\/cena-publie-liste-provisoire-des-candidats-2026#breadcrumb"},"inLanguage":"fr-FR","potentialAction":[{"@type":"ReadAction","target":["https:\/\/www.africa-press.net\/benin\/politique\/cena-publie-liste-provisoire-des-candidats-2026"]}]},{"@type":"ImageObject","inLanguage":"fr-FR","@id":"https:\/\/www.africa-press.net\/benin\/politique\/cena-publie-liste-provisoire-des-candidats-2026#primaryimage","url":"https:\/\/static.africa-press.net\/benin\/sites\/46\/2025\/10\/sm_1761240337.304189.jpg","contentUrl":"https:\/\/static.africa-press.net\/benin\/sites\/46\/2025\/10\/sm_1761240337.304189.jpg","width":1440,"height":944,"caption":"CENA Publie Liste Provisoire des Candidats 2026"},{"@type":"BreadcrumbList","@id":"https:\/\/www.africa-press.net\/benin\/politique\/cena-publie-liste-provisoire-des-candidats-2026#breadcrumb","itemListElement":[{"@type":"ListItem","position":1,"name":"Accueil","item":"https:\/\/www.africa-press.net\/benin\/"},{"@type":"ListItem","position":2,"name":"CENA Publie Liste Provisoire des Candidats 2026"}]},{"@type":"WebSite","@id":"https:\/\/www.africa-press.net\/benin\/#website","url":"https:\/\/www.africa-press.net\/benin\/","name":"B\u00e9nin","description":"Just another Africa News Agency Sites site","potentialAction":[{"@type":"SearchAction","target":{"@type":"EntryPoint","urlTemplate":"https:\/\/www.africa-press.net\/benin\/?s={search_term_string}"},"query-input":{"@type":"PropertyValueSpecification","valueRequired":true,"valueName":"search_term_string"}}],"inLanguage":"fr-FR"},{"@type":"Person","@id":"https:\/\/www.africa-press.net\/benin\/#\/schema\/person\/2b1cf3cd81a31e3cd26889ca66d677f1","name":"cfeditorfr"}]}},"_links":{"self":[{"href":"https:\/\/www.africa-press.net\/benin\/wp-json\/wp\/v2\/posts\/49341","targetHints":{"allow":["GET"]}}],"collection":[{"href":"https:\/\/www.africa-press.net\/benin\/wp-json\/wp\/v2\/posts"}],"about":[{"href":"https:\/\/www.africa-press.net\/benin\/wp-json\/wp\/v2\/types\/post"}],"author":[{"embeddable":true,"href":"https:\/\/www.africa-press.net\/benin\/wp-json\/wp\/v2\/users\/82"}],"replies":[{"embeddable":true,"href":"https:\/\/www.africa-press.net\/benin\/wp-json\/wp\/v2\/comments?post=49341"}],"version-history":[{"count":0,"href":"https:\/\/www.africa-press.net\/benin\/wp-json\/wp\/v2\/posts\/49341\/revisions"}],"wp:featuredmedia":[{"embeddable":true,"href":"https:\/\/www.africa-press.net\/benin\/wp-json\/wp\/v2\/media\/49340"}],"wp:attachment":[{"href":"https:\/\/www.africa-press.net\/benin\/wp-json\/wp\/v2\/media?parent=49341"}],"wp:term":[{"taxonomy":"category","embeddable":true,"href":"https:\/\/www.africa-press.net\/benin\/wp-json\/wp\/v2\/categories?post=49341"},{"taxonomy":"post_tag","embeddable":true,"href":"https:\/\/www.africa-press.net\/benin\/wp-json\/wp\/v2\/tags?post=49341"}],"curies":[{"name":"wp","href":"https:\/\/api.w.org\/{rel}","templated":true}]}}