{"id":49343,"date":"2025-10-23T20:28:45","date_gmt":"2025-10-23T20:28:45","guid":{"rendered":"https:\/\/www.africa-press.net\/benin\/politique\/affaire-sodjinou-recours-integral-des-democrates"},"modified":"2025-10-23T20:28:45","modified_gmt":"2025-10-23T20:28:45","slug":"affaire-sodjinou-recours-integral-des-democrates","status":"publish","type":"post","link":"https:\/\/www.africa-press.net\/benin\/politique\/affaire-sodjinou-recours-integral-des-democrates","title":{"rendered":"Affaire Sodjinou Recours Int\u00e9gral des D\u00e9mocrates"},"content":{"rendered":"<p><span style=\"color: #ff6600\"><strong>Africa-Press &#8211; Benin. <\/strong><\/span>La pre\u0301sente reque\u0302te est introduite conforme\u0301ment aux articles 114, 117, 118 et 124 de la Constitution be\u0301ninoise. Elle vise a\u0300 faire constater par la Cour constitutionnelle l\u2019inconstitutionnalite\u0301 de l\u2019ordonnance N\u00b0288\/2025 rendue le 13 octobre 2025 par le Tribunal de premie\u0300re instance de Cotonou, en ce qu\u2019elle viole:<\/p>\n<p>L\u2019autorite\u0301 de la chose juge\u0301e des de\u0301cisions de la Cour constitutionnelle ;<\/p>\n<p>Le principe de se\u0301curite\u0301 juridique ;<\/p>\n<p>Le principe de se\u0301paration des pouvoirs ;<\/p>\n<p>Le principe de le\u0301galite\u0301 en matie\u0300re e\u0301lectorale ;<\/p>\n<p>La hie\u0301rarchie des normes juridiques en Re\u0301publique du Be\u0301nin.<\/p>\n<p><b>II. EXPOSE\u0301 DES FAITS<\/b><\/p>\n<p>Le 13 octobre 2025, le Tribunal de premie\u0300re instance de Cotonou a rendu, a\u0300 la reque\u0302te de Monsieur Michel Franc\u0327ois Oloutoye\u0301 SODJINOU, de\u0301pute\u0301 e\u0301lu sous la bannie\u0300re du parti politique Les De\u0301mocrates, une ordonnance a\u0300 pied de reque\u0302te portant le nume\u0301ro 288\/2025.<\/p>\n<p>Par cette ordonnance, le tribunal:<\/p>\n<p>Enjoint au pre\u0301sident du parti Les De\u0301mocrates de restituer au de\u0301pute\u0301 Michel Franc\u0327ois Oloutoye\u0301 SODJINOU son formulaire de parrainage, au motif que ce dernier refuse de parrainer le candidat de\u0301signe\u0301 par son parti ;<\/p>\n<p>Enjoint e\u0301galement a\u0300 la Commission e\u0301lectorale nationale autonome (CENA) d\u2019invalider le premier formulaire et d\u2019en de\u0301livrer un nouveau a\u0300 l\u2019inte\u0301resse\u0301 ;<\/p>\n<p>Ordonne l\u2019exe\u0301cution provisoire de la de\u0301cision nonobstant toute voie de recours.<\/p>\n<p>Cette de\u0301cision a e\u0301te\u0301 rendue sans de\u0301bat contradictoire, en violation du droit e\u0301lectoral en vigueur, et a\u0300 l\u2019encontre de de\u0301cisions ante\u0301rieures de la Cour constitutionnelle sur le me\u0302me sujet.<\/p>\n<p><b>III. MOYENS DU RECOURS<\/b><\/p>\n<p>L\u2019article 124 aline\u0301a 3 de la Constitution be\u0301ninoise dispose sans ambigui\u0308te\u0301: \u00ab Les de\u0301cisions de la Cour constitutionnelle s\u2019imposent aux pouvoirs publics et a\u0300 toutes les autorite\u0301s civiles, militaires et juridictionnelles. \u00bb<\/p>\n<p>Cette disposition confe\u0300re aux de\u0301cisions de la Cour constitutionnelle une autorite\u0301 absolue, y compris dans l\u2019interpre\u0301tation des normes constitutionnelles ou le\u0301gislatives.<\/p>\n<p>Dans sa de\u0301cision DCC 24-040 du 14 mars 2024, la Cour a clairement affirme\u0301 que:<\/p>\n<p>\u00ab Le parti politique est dote\u0301 d\u2019une ligne constitue\u0301e par l\u2019ensemble des re\u0300gles a\u0300 l\u2019effet de conque\u0301rir et d\u2019exercer le pouvoir politique ;<\/p>\n<p>Acte politique grave, destine\u0301 a\u0300 avaliser un candidat a\u0300 la candidature, le parrainage est, non seulement un filtre destine\u0301 a\u0300 re\u0301duire les de\u0301penses e\u0301lectorales, mais a\u0300 permettre aux seuls candidats me\u0301ritants et qualifie\u0301s de briguer le suffrage des e\u0301lecteurs ;<\/p>\n<p>Il contribue a\u0300 l\u2019ave\u0300nement de formations politiques fortes, durables et favorise des de\u0301bats sereins sur la vision et les projets de socie\u0301te\u0301s ;<\/p>\n<p>La ligne du parti doit l\u2019emporter sur les ambitions individuelles ;<\/p>\n<p>Le de\u0301tenteur du pouvoir de parrainer, e\u0301tant d\u2019abord le militant d\u2019un parti politique, il conserve certes sa liberte\u0301, mais ne peut en jouir dans le cadre du parrainage, qu\u2019en conformite\u0301 avec la vision et les valeurs de sa formation politique ; \u00bb<\/p>\n<p>Le de\u0301pute\u0301 ou maire de\u0301tenteur d\u2019un parrainage ne peut en user que dans le respect des valeurs, choix et positionnements de son parti politique.<\/p>\n<p>Cette jurisprudence est de\u0301finitive, obligatoire et irre\u0301vocable. Elle s\u2019impose a\u0300 toutes les juridictions, y compris au juge du Tribunal de premie\u0300re instance de Cotonou, qui ne pouvait donc ni l\u2019ignorer, ni la contredire.<\/p>\n<p>Pourtant, l\u2019ordonnance n\u00b0288\/2025:<\/p>\n<p>Remet en cause cette de\u0301cision de la Cour constitutionnelle, en autorisant un de\u0301pute\u0301 a\u0300 re\u0301cupe\u0301rer et utiliser librement une fiche de parrainage contre la volonte\u0301 de son parti ;<\/p>\n<p>Substitue l\u2019interpre\u0301tation d\u2019un juge ordinaire a\u0300 celle de la Cour constitutionnelle, usurpant ainsi une compe\u0301tence exclusive de cette dernie\u0300re.<\/p>\n<p>Va jusqu\u2019a\u0300 ordonner a\u0300 un parti politique de de\u0301roger a\u0300 ses propres de\u0301cisions internes, contrevenant ainsi e\u0301galement a\u0300 la jurisprudence EP 21-014 du 17 fe\u0301vrier 2021, selon laquelle la Cour ne saurait s\u2019immiscer dans les relations internes entre les partis et leurs e\u0301lus.<\/p>\n<p>Il s\u2019agit donc d\u2019une violation grave, frontale et inacceptable de l\u2019autorite\u0301 de la chose juge\u0301e constitutionnelle, qui:<\/p>\n<p>Affaiblit l\u2019E\u0301tat de droit ;<\/p>\n<p>Cre\u0301e une jurisprudence paralle\u0300le, mettant en pe\u0301ril l\u2019unite\u0301 et la cohe\u0301rence de l\u2019ordre juridique ;<\/p>\n<p>Et sape le fondement me\u0302me de la supre\u0301matie de la Constitution.<\/p>\n<p>L\u2019article 132 stipule expresse\u0301ment que: \u00ab Un de\u0301pute\u0301 ne peut parrainer qu\u2019un candidat membre ou de\u0301signe\u0301 du parti sur la liste duquel il a e\u0301te\u0301 e\u0301lu. \u00bb L\u2019ordonnance attaque\u0301e me\u0301connai\u0302t cette disposition en permettant a\u0300 un de\u0301pute\u0301 de se de\u0301tacher de son parti. Cela constitue une violation manifeste du principe de le\u0301galite\u0301 e\u0301lectorale.<\/p>\n<p>Le principe de se\u0301curite\u0301 juridique impose des normes claires, stables et pre\u0301visibles. En introduisant une exception arbitraire a\u0300 l\u2019encadrement le\u0301gal du parrainage, le tribunal cre\u0301e une inse\u0301curite\u0301 qui nuit a\u0300 la re\u0301gularite\u0301 du processus e\u0301lectoral et a\u0300 la confiance des citoyens.<\/p>\n<p>Le tribunal, en s\u2019immisc\u0327ant dans la gestion interne d\u2019un parti politique, outrepasse les compe\u0301tences de l\u2019autorite\u0301 judiciaire. La jurisprudence EP 21-014 rappelle expresse\u0301ment que les relations entre partis et e\u0301lus e\u0301chappent a\u0300 l\u2019inge\u0301rence des juridictions ordinaires.<\/p>\n<p>La Constitution, au sommet de la hie\u0301rarchie des normes, s\u2019impose a\u0300 toutes les juridictions. En rendant une ordonnance contraire a\u0300 une de\u0301cision constitutionnelle, le tribunal viole le fondement me\u0302me de l\u2019E\u0301tat de droit.<\/p>\n<p><b>IV. DEMANDE<\/b><\/p>\n<p>Par ces motifs, et tous autres a\u0300 de\u0301velopper en cours d\u2019instruction, il est demande\u0301 a\u0300 la Cour constitutionnelle de:<\/p>\n<p>1- Constater l\u2019inconstitutionnalite\u0301 de l\u2019ordonnance N\u00b0288\/2025 du 13 octobre 2025 rendue par le Tribunal de premie\u0300re instance de Cotonou ;<\/p>\n<p>2- Dire et juger que ladite ordonnance viole:<\/p>\n<p>L\u2019article 124 aline\u0301a 3 de la Constitution (autorite\u0301 des de\u0301cisions de la Cour constitutionnelle) ;<\/p>\n<p>Le principe de se\u0301curite\u0301 juridique ;<\/p>\n<p>Le principe de la le\u0301galite\u0301 en matie\u0300re e\u0301lectorale ;<\/p>\n<p>Le principe de la se\u0301paration des pouvoirs ;<\/p>\n<p>La hie\u0301rarchie des normes en Re\u0301publique du Be\u0301nin ;<\/p>\n<p>3- Rappeler que toute autorite\u0301 judiciaire est tenue de respecter la Constitution et les de\u0301cisions de la Cour constitutionnelle ;<\/p>\n<p>4- Ordonner l\u2019invalidation de toute conse\u0301quence juridique de\u0301coulant de l\u2019ordonnance incrimine\u0301e.<\/p>\n<p><strong>Pour plus d&rsquo;informations et d&rsquo;analyses sur la <span style=\"color: #ff6600\">Benin<\/span>, suivez <span style=\"color: #ff6600\">Africa-Press<span style=\"color: #ff6600\"><\/span><\/strong><\/p>\n","protected":false},"excerpt":{"rendered":"<p>Africa-Press &#8211; Benin. La pre\u0301sente reque\u0302te est introduite conforme\u0301ment aux articles 114, 117, 118 et 124 de la Constitution be\u0301ninoise. Elle vise a\u0300 faire constater par la Cour constitutionnelle l\u2019inconstitutionnalite\u0301 de l\u2019ordonnance N\u00b0288\/2025 rendue le 13 octobre 2025 par le Tribunal de premie\u0300re instance de Cotonou, en ce qu\u2019elle viole: L\u2019autorite\u0301 de la chose juge\u0301e [&hellip;]<\/p>\n","protected":false},"author":82,"featured_media":49342,"comment_status":"open","ping_status":"closed","sticky":false,"template":"","format":"standard","meta":{"footnotes":""},"categories":[2,10],"tags":[46],"class_list":["post-49343","post","type-post","status-publish","format-standard","has-post-thumbnail","hentry","category-politique","category-toutes-les-actualites","tag-benin-2"],"yoast_head":"<!-- This site is optimized with the Yoast SEO Premium plugin v26.1 (Yoast SEO v27.0) - https:\/\/yoast.com\/product\/yoast-seo-premium-wordpress\/ -->\n<title>Affaire Sodjinou Recours Int\u00e9gral des D\u00e9mocrates - B\u00e9nin<\/title>\n<meta name=\"robots\" content=\"index, follow, max-snippet:-1, max-image-preview:large, max-video-preview:-1\" \/>\n<link rel=\"canonical\" href=\"https:\/\/www.africa-press.net\/benin\/politique\/affaire-sodjinou-recours-integral-des-democrates\" \/>\n<meta property=\"og:locale\" content=\"fr_FR\" \/>\n<meta property=\"og:type\" content=\"article\" \/>\n<meta property=\"og:title\" content=\"Affaire Sodjinou Recours Int\u00e9gral des D\u00e9mocrates\" \/>\n<meta property=\"og:description\" content=\"Africa-Press &#8211; Benin. La pre\u0301sente reque\u0302te est introduite conforme\u0301ment aux articles 114, 117, 118 et 124 de la Constitution be\u0301ninoise. Elle vise a\u0300 faire constater par la Cour constitutionnelle l\u2019inconstitutionnalite\u0301 de l\u2019ordonnance N\u00b0288\/2025 rendue le 13 octobre 2025 par le Tribunal de premie\u0300re instance de Cotonou, en ce qu\u2019elle viole: L\u2019autorite\u0301 de la chose juge\u0301e [&hellip;]\" \/>\n<meta property=\"og:url\" content=\"https:\/\/www.africa-press.net\/benin\/politique\/affaire-sodjinou-recours-integral-des-democrates\" \/>\n<meta property=\"og:site_name\" content=\"B\u00e9nin\" \/>\n<meta property=\"article:published_time\" content=\"2025-10-23T20:28:45+00:00\" \/>\n<meta name=\"author\" content=\"cfeditorfr\" \/>\n<meta name=\"twitter:card\" content=\"summary_large_image\" \/>\n<meta name=\"twitter:label1\" content=\"\u00c9crit par\" \/>\n\t<meta name=\"twitter:data1\" content=\"cfeditorfr\" \/>\n\t<meta name=\"twitter:label2\" content=\"Dur\u00e9e de lecture estim\u00e9e\" \/>\n\t<meta name=\"twitter:data2\" content=\"5 minutes\" \/>\n<script type=\"application\/ld+json\" class=\"yoast-schema-graph\">{\"@context\":\"https:\/\/schema.org\",\"@graph\":[{\"@type\":\"Article\",\"@id\":\"https:\/\/www.africa-press.net\/benin\/politique\/affaire-sodjinou-recours-integral-des-democrates#article\",\"isPartOf\":{\"@id\":\"https:\/\/www.africa-press.net\/benin\/politique\/affaire-sodjinou-recours-integral-des-democrates\"},\"author\":{\"name\":\"cfeditorfr\",\"@id\":\"https:\/\/www.africa-press.net\/benin\/#\/schema\/person\/2b1cf3cd81a31e3cd26889ca66d677f1\"},\"headline\":\"Affaire Sodjinou Recours Int\u00e9gral des D\u00e9mocrates\",\"datePublished\":\"2025-10-23T20:28:45+00:00\",\"mainEntityOfPage\":{\"@id\":\"https:\/\/www.africa-press.net\/benin\/politique\/affaire-sodjinou-recours-integral-des-democrates\"},\"wordCount\":1099,\"commentCount\":0,\"image\":{\"@id\":\"https:\/\/www.africa-press.net\/benin\/politique\/affaire-sodjinou-recours-integral-des-democrates#primaryimage\"},\"thumbnailUrl\":\"https:\/\/static.africa-press.net\/benin\/sites\/46\/2025\/10\/sm_1761240348.062669.jpg\",\"keywords\":[\"Benin\"],\"articleSection\":[\"Politique\",\"Toutes les actualit\u00e9s\"],\"inLanguage\":\"fr-FR\",\"potentialAction\":[{\"@type\":\"CommentAction\",\"name\":\"Comment\",\"target\":[\"https:\/\/www.africa-press.net\/benin\/politique\/affaire-sodjinou-recours-integral-des-democrates#respond\"]}]},{\"@type\":\"WebPage\",\"@id\":\"https:\/\/www.africa-press.net\/benin\/politique\/affaire-sodjinou-recours-integral-des-democrates\",\"url\":\"https:\/\/www.africa-press.net\/benin\/politique\/affaire-sodjinou-recours-integral-des-democrates\",\"name\":\"Affaire Sodjinou Recours Int\u00e9gral des D\u00e9mocrates - B\u00e9nin\",\"isPartOf\":{\"@id\":\"https:\/\/www.africa-press.net\/benin\/#website\"},\"primaryImageOfPage\":{\"@id\":\"https:\/\/www.africa-press.net\/benin\/politique\/affaire-sodjinou-recours-integral-des-democrates#primaryimage\"},\"image\":{\"@id\":\"https:\/\/www.africa-press.net\/benin\/politique\/affaire-sodjinou-recours-integral-des-democrates#primaryimage\"},\"thumbnailUrl\":\"https:\/\/static.africa-press.net\/benin\/sites\/46\/2025\/10\/sm_1761240348.062669.jpg\",\"datePublished\":\"2025-10-23T20:28:45+00:00\",\"author\":{\"@id\":\"https:\/\/www.africa-press.net\/benin\/#\/schema\/person\/2b1cf3cd81a31e3cd26889ca66d677f1\"},\"breadcrumb\":{\"@id\":\"https:\/\/www.africa-press.net\/benin\/politique\/affaire-sodjinou-recours-integral-des-democrates#breadcrumb\"},\"inLanguage\":\"fr-FR\",\"potentialAction\":[{\"@type\":\"ReadAction\",\"target\":[\"https:\/\/www.africa-press.net\/benin\/politique\/affaire-sodjinou-recours-integral-des-democrates\"]}]},{\"@type\":\"ImageObject\",\"inLanguage\":\"fr-FR\",\"@id\":\"https:\/\/www.africa-press.net\/benin\/politique\/affaire-sodjinou-recours-integral-des-democrates#primaryimage\",\"url\":\"https:\/\/static.africa-press.net\/benin\/sites\/46\/2025\/10\/sm_1761240348.062669.jpg\",\"contentUrl\":\"https:\/\/static.africa-press.net\/benin\/sites\/46\/2025\/10\/sm_1761240348.062669.jpg\",\"width\":1280,\"height\":718,\"caption\":\"Affaire Sodjinou Recours Int\u00e9gral des D\u00e9mocrates\"},{\"@type\":\"BreadcrumbList\",\"@id\":\"https:\/\/www.africa-press.net\/benin\/politique\/affaire-sodjinou-recours-integral-des-democrates#breadcrumb\",\"itemListElement\":[{\"@type\":\"ListItem\",\"position\":1,\"name\":\"Accueil\",\"item\":\"https:\/\/www.africa-press.net\/benin\/\"},{\"@type\":\"ListItem\",\"position\":2,\"name\":\"Affaire Sodjinou Recours Int\u00e9gral des D\u00e9mocrates\"}]},{\"@type\":\"WebSite\",\"@id\":\"https:\/\/www.africa-press.net\/benin\/#website\",\"url\":\"https:\/\/www.africa-press.net\/benin\/\",\"name\":\"B\u00e9nin\",\"description\":\"Just another Africa News Agency Sites site\",\"potentialAction\":[{\"@type\":\"SearchAction\",\"target\":{\"@type\":\"EntryPoint\",\"urlTemplate\":\"https:\/\/www.africa-press.net\/benin\/?s={search_term_string}\"},\"query-input\":{\"@type\":\"PropertyValueSpecification\",\"valueRequired\":true,\"valueName\":\"search_term_string\"}}],\"inLanguage\":\"fr-FR\"},{\"@type\":\"Person\",\"@id\":\"https:\/\/www.africa-press.net\/benin\/#\/schema\/person\/2b1cf3cd81a31e3cd26889ca66d677f1\",\"name\":\"cfeditorfr\"}]}<\/script>\n<!-- \/ Yoast SEO Premium plugin. -->","yoast_head_json":{"title":"Affaire Sodjinou Recours Int\u00e9gral des D\u00e9mocrates - B\u00e9nin","robots":{"index":"index","follow":"follow","max-snippet":"max-snippet:-1","max-image-preview":"max-image-preview:large","max-video-preview":"max-video-preview:-1"},"canonical":"https:\/\/www.africa-press.net\/benin\/politique\/affaire-sodjinou-recours-integral-des-democrates","og_locale":"fr_FR","og_type":"article","og_title":"Affaire Sodjinou Recours Int\u00e9gral des D\u00e9mocrates","og_description":"Africa-Press &#8211; Benin. La pre\u0301sente reque\u0302te est introduite conforme\u0301ment aux articles 114, 117, 118 et 124 de la Constitution be\u0301ninoise. Elle vise a\u0300 faire constater par la Cour constitutionnelle l\u2019inconstitutionnalite\u0301 de l\u2019ordonnance N\u00b0288\/2025 rendue le 13 octobre 2025 par le Tribunal de premie\u0300re instance de Cotonou, en ce qu\u2019elle viole: L\u2019autorite\u0301 de la chose juge\u0301e [&hellip;]","og_url":"https:\/\/www.africa-press.net\/benin\/politique\/affaire-sodjinou-recours-integral-des-democrates","og_site_name":"B\u00e9nin","article_published_time":"2025-10-23T20:28:45+00:00","author":"cfeditorfr","twitter_card":"summary_large_image","twitter_misc":{"\u00c9crit par":"cfeditorfr","Dur\u00e9e de lecture estim\u00e9e":"5 minutes"},"schema":{"@context":"https:\/\/schema.org","@graph":[{"@type":"Article","@id":"https:\/\/www.africa-press.net\/benin\/politique\/affaire-sodjinou-recours-integral-des-democrates#article","isPartOf":{"@id":"https:\/\/www.africa-press.net\/benin\/politique\/affaire-sodjinou-recours-integral-des-democrates"},"author":{"name":"cfeditorfr","@id":"https:\/\/www.africa-press.net\/benin\/#\/schema\/person\/2b1cf3cd81a31e3cd26889ca66d677f1"},"headline":"Affaire Sodjinou Recours Int\u00e9gral des D\u00e9mocrates","datePublished":"2025-10-23T20:28:45+00:00","mainEntityOfPage":{"@id":"https:\/\/www.africa-press.net\/benin\/politique\/affaire-sodjinou-recours-integral-des-democrates"},"wordCount":1099,"commentCount":0,"image":{"@id":"https:\/\/www.africa-press.net\/benin\/politique\/affaire-sodjinou-recours-integral-des-democrates#primaryimage"},"thumbnailUrl":"https:\/\/static.africa-press.net\/benin\/sites\/46\/2025\/10\/sm_1761240348.062669.jpg","keywords":["Benin"],"articleSection":["Politique","Toutes les actualit\u00e9s"],"inLanguage":"fr-FR","potentialAction":[{"@type":"CommentAction","name":"Comment","target":["https:\/\/www.africa-press.net\/benin\/politique\/affaire-sodjinou-recours-integral-des-democrates#respond"]}]},{"@type":"WebPage","@id":"https:\/\/www.africa-press.net\/benin\/politique\/affaire-sodjinou-recours-integral-des-democrates","url":"https:\/\/www.africa-press.net\/benin\/politique\/affaire-sodjinou-recours-integral-des-democrates","name":"Affaire Sodjinou Recours Int\u00e9gral des D\u00e9mocrates - B\u00e9nin","isPartOf":{"@id":"https:\/\/www.africa-press.net\/benin\/#website"},"primaryImageOfPage":{"@id":"https:\/\/www.africa-press.net\/benin\/politique\/affaire-sodjinou-recours-integral-des-democrates#primaryimage"},"image":{"@id":"https:\/\/www.africa-press.net\/benin\/politique\/affaire-sodjinou-recours-integral-des-democrates#primaryimage"},"thumbnailUrl":"https:\/\/static.africa-press.net\/benin\/sites\/46\/2025\/10\/sm_1761240348.062669.jpg","datePublished":"2025-10-23T20:28:45+00:00","author":{"@id":"https:\/\/www.africa-press.net\/benin\/#\/schema\/person\/2b1cf3cd81a31e3cd26889ca66d677f1"},"breadcrumb":{"@id":"https:\/\/www.africa-press.net\/benin\/politique\/affaire-sodjinou-recours-integral-des-democrates#breadcrumb"},"inLanguage":"fr-FR","potentialAction":[{"@type":"ReadAction","target":["https:\/\/www.africa-press.net\/benin\/politique\/affaire-sodjinou-recours-integral-des-democrates"]}]},{"@type":"ImageObject","inLanguage":"fr-FR","@id":"https:\/\/www.africa-press.net\/benin\/politique\/affaire-sodjinou-recours-integral-des-democrates#primaryimage","url":"https:\/\/static.africa-press.net\/benin\/sites\/46\/2025\/10\/sm_1761240348.062669.jpg","contentUrl":"https:\/\/static.africa-press.net\/benin\/sites\/46\/2025\/10\/sm_1761240348.062669.jpg","width":1280,"height":718,"caption":"Affaire Sodjinou Recours Int\u00e9gral des D\u00e9mocrates"},{"@type":"BreadcrumbList","@id":"https:\/\/www.africa-press.net\/benin\/politique\/affaire-sodjinou-recours-integral-des-democrates#breadcrumb","itemListElement":[{"@type":"ListItem","position":1,"name":"Accueil","item":"https:\/\/www.africa-press.net\/benin\/"},{"@type":"ListItem","position":2,"name":"Affaire Sodjinou Recours Int\u00e9gral des D\u00e9mocrates"}]},{"@type":"WebSite","@id":"https:\/\/www.africa-press.net\/benin\/#website","url":"https:\/\/www.africa-press.net\/benin\/","name":"B\u00e9nin","description":"Just another Africa News Agency Sites site","potentialAction":[{"@type":"SearchAction","target":{"@type":"EntryPoint","urlTemplate":"https:\/\/www.africa-press.net\/benin\/?s={search_term_string}"},"query-input":{"@type":"PropertyValueSpecification","valueRequired":true,"valueName":"search_term_string"}}],"inLanguage":"fr-FR"},{"@type":"Person","@id":"https:\/\/www.africa-press.net\/benin\/#\/schema\/person\/2b1cf3cd81a31e3cd26889ca66d677f1","name":"cfeditorfr"}]}},"_links":{"self":[{"href":"https:\/\/www.africa-press.net\/benin\/wp-json\/wp\/v2\/posts\/49343","targetHints":{"allow":["GET"]}}],"collection":[{"href":"https:\/\/www.africa-press.net\/benin\/wp-json\/wp\/v2\/posts"}],"about":[{"href":"https:\/\/www.africa-press.net\/benin\/wp-json\/wp\/v2\/types\/post"}],"author":[{"embeddable":true,"href":"https:\/\/www.africa-press.net\/benin\/wp-json\/wp\/v2\/users\/82"}],"replies":[{"embeddable":true,"href":"https:\/\/www.africa-press.net\/benin\/wp-json\/wp\/v2\/comments?post=49343"}],"version-history":[{"count":0,"href":"https:\/\/www.africa-press.net\/benin\/wp-json\/wp\/v2\/posts\/49343\/revisions"}],"wp:featuredmedia":[{"embeddable":true,"href":"https:\/\/www.africa-press.net\/benin\/wp-json\/wp\/v2\/media\/49342"}],"wp:attachment":[{"href":"https:\/\/www.africa-press.net\/benin\/wp-json\/wp\/v2\/media?parent=49343"}],"wp:term":[{"taxonomy":"category","embeddable":true,"href":"https:\/\/www.africa-press.net\/benin\/wp-json\/wp\/v2\/categories?post=49343"},{"taxonomy":"post_tag","embeddable":true,"href":"https:\/\/www.africa-press.net\/benin\/wp-json\/wp\/v2\/tags?post=49343"}],"curies":[{"name":"wp","href":"https:\/\/api.w.org\/{rel}","templated":true}]}}