{"id":49345,"date":"2025-10-23T20:28:54","date_gmt":"2025-10-23T20:28:54","guid":{"rendered":"https:\/\/www.africa-press.net\/benin\/politique\/recours-du-parti-les-democrates-renvoye-a-16h"},"modified":"2025-10-23T20:28:54","modified_gmt":"2025-10-23T20:28:54","slug":"recours-du-parti-les-democrates-renvoye-a-16h","status":"publish","type":"post","link":"https:\/\/www.africa-press.net\/benin\/politique\/recours-du-parti-les-democrates-renvoye-a-16h","title":{"rendered":"Recours Du Parti Les D\u00e9mocrates Renvoy\u00e9 \u00c0 16h"},"content":{"rendered":"<p><span style=\"color: #ff6600\"><strong>Africa-Press &#8211; Benin. <\/strong><\/span>Ce jeudi 23 octobre 2025, la Cour constitutionnelle a ouvert l\u2019audience relative au recours introduit par le parti Les De\u0301mocrates contre l\u2019annulation du parrainage du de\u0301pute\u0301 Michel Sodjinou.<\/p>\n<p>Apre\u0300s les premie\u0300res observations des parties, la Haute juridiction a de\u0301cide\u0301 de renvoyer l\u2019audience a\u0300 16 heures pour la pre\u0301sentation du rapport.<\/p>\n<p>Cette audience, tre\u0300s attendue, doit permettre a\u0300 la Cour de se prononcer sur la constitutionnalite\u0301 de la de\u0301cision rendue par le tribunal de Cotonou, qui avait ordonne\u0301 la restitution de la fiche de parrainage de Michel Sodjinou et sa possible invalidation.<\/p>\n<p>Une issue favorable au parti d\u2019opposition serait de\u0301terminante pour la poursuite de sa participation au processus e\u0301lectoral en vue de la pre\u0301sidentielle de 2026.<\/p>\n<p><strong>Pour plus d&rsquo;informations et d&rsquo;analyses sur la <span style=\"color: #ff6600\">Benin<\/span>, suivez <span style=\"color: #ff6600\">Africa-Press<span style=\"color: #ff6600\"><\/span><\/strong><\/p>\n","protected":false},"excerpt":{"rendered":"<p>Africa-Press &#8211; Benin. Ce jeudi 23 octobre 2025, la Cour constitutionnelle a ouvert l\u2019audience relative au recours introduit par le parti Les De\u0301mocrates contre l\u2019annulation du parrainage du de\u0301pute\u0301 Michel Sodjinou. Apre\u0300s les premie\u0300res observations des parties, la Haute juridiction a de\u0301cide\u0301 de renvoyer l\u2019audience a\u0300 16 heures pour la pre\u0301sentation du rapport. Cette audience, [&hellip;]<\/p>\n","protected":false},"author":82,"featured_media":49344,"comment_status":"open","ping_status":"closed","sticky":false,"template":"","format":"standard","meta":{"footnotes":""},"categories":[2,10],"tags":[46],"class_list":["post-49345","post","type-post","status-publish","format-standard","has-post-thumbnail","hentry","category-politique","category-toutes-les-actualites","tag-benin-2"],"yoast_head":"<!-- This site is optimized with the Yoast SEO Premium plugin v26.1 (Yoast SEO v27.0) - https:\/\/yoast.com\/product\/yoast-seo-premium-wordpress\/ -->\n<title>Recours Du Parti Les D\u00e9mocrates Renvoy\u00e9 \u00c0 16h - B\u00e9nin<\/title>\n<meta name=\"robots\" content=\"index, follow, max-snippet:-1, max-image-preview:large, max-video-preview:-1\" \/>\n<link rel=\"canonical\" href=\"https:\/\/www.africa-press.net\/benin\/politique\/recours-du-parti-les-democrates-renvoye-a-16h\" \/>\n<meta property=\"og:locale\" content=\"fr_FR\" \/>\n<meta property=\"og:type\" content=\"article\" \/>\n<meta property=\"og:title\" content=\"Recours Du Parti Les D\u00e9mocrates Renvoy\u00e9 \u00c0 16h\" \/>\n<meta property=\"og:description\" content=\"Africa-Press &#8211; Benin. Ce jeudi 23 octobre 2025, la Cour constitutionnelle a ouvert l\u2019audience relative au recours introduit par le parti Les De\u0301mocrates contre l\u2019annulation du parrainage du de\u0301pute\u0301 Michel Sodjinou. Apre\u0300s les premie\u0300res observations des parties, la Haute juridiction a de\u0301cide\u0301 de renvoyer l\u2019audience a\u0300 16 heures pour la pre\u0301sentation du rapport. Cette audience, [&hellip;]\" \/>\n<meta property=\"og:url\" content=\"https:\/\/www.africa-press.net\/benin\/politique\/recours-du-parti-les-democrates-renvoye-a-16h\" \/>\n<meta property=\"og:site_name\" content=\"B\u00e9nin\" \/>\n<meta property=\"article:published_time\" content=\"2025-10-23T20:28:54+00:00\" \/>\n<meta name=\"author\" content=\"cfeditorfr\" \/>\n<meta name=\"twitter:card\" content=\"summary_large_image\" \/>\n<meta name=\"twitter:label1\" content=\"\u00c9crit par\" \/>\n\t<meta name=\"twitter:data1\" content=\"cfeditorfr\" \/>\n\t<meta name=\"twitter:label2\" content=\"Dur\u00e9e de lecture estim\u00e9e\" \/>\n\t<meta name=\"twitter:data2\" content=\"1 minute\" \/>\n<script type=\"application\/ld+json\" class=\"yoast-schema-graph\">{\"@context\":\"https:\/\/schema.org\",\"@graph\":[{\"@type\":\"Article\",\"@id\":\"https:\/\/www.africa-press.net\/benin\/politique\/recours-du-parti-les-democrates-renvoye-a-16h#article\",\"isPartOf\":{\"@id\":\"https:\/\/www.africa-press.net\/benin\/politique\/recours-du-parti-les-democrates-renvoye-a-16h\"},\"author\":{\"name\":\"cfeditorfr\",\"@id\":\"https:\/\/www.africa-press.net\/benin\/#\/schema\/person\/2b1cf3cd81a31e3cd26889ca66d677f1\"},\"headline\":\"Recours Du Parti Les D\u00e9mocrates Renvoy\u00e9 \u00c0 16h\",\"datePublished\":\"2025-10-23T20:28:54+00:00\",\"mainEntityOfPage\":{\"@id\":\"https:\/\/www.africa-press.net\/benin\/politique\/recours-du-parti-les-democrates-renvoye-a-16h\"},\"wordCount\":149,\"commentCount\":0,\"image\":{\"@id\":\"https:\/\/www.africa-press.net\/benin\/politique\/recours-du-parti-les-democrates-renvoye-a-16h#primaryimage\"},\"thumbnailUrl\":\"https:\/\/static.africa-press.net\/benin\/sites\/46\/2025\/10\/sm_1761240358.357391.jpg\",\"keywords\":[\"Benin\"],\"articleSection\":[\"Politique\",\"Toutes les actualit\u00e9s\"],\"inLanguage\":\"fr-FR\",\"potentialAction\":[{\"@type\":\"CommentAction\",\"name\":\"Comment\",\"target\":[\"https:\/\/www.africa-press.net\/benin\/politique\/recours-du-parti-les-democrates-renvoye-a-16h#respond\"]}]},{\"@type\":\"WebPage\",\"@id\":\"https:\/\/www.africa-press.net\/benin\/politique\/recours-du-parti-les-democrates-renvoye-a-16h\",\"url\":\"https:\/\/www.africa-press.net\/benin\/politique\/recours-du-parti-les-democrates-renvoye-a-16h\",\"name\":\"Recours Du Parti Les D\u00e9mocrates Renvoy\u00e9 \u00c0 16h - B\u00e9nin\",\"isPartOf\":{\"@id\":\"https:\/\/www.africa-press.net\/benin\/#website\"},\"primaryImageOfPage\":{\"@id\":\"https:\/\/www.africa-press.net\/benin\/politique\/recours-du-parti-les-democrates-renvoye-a-16h#primaryimage\"},\"image\":{\"@id\":\"https:\/\/www.africa-press.net\/benin\/politique\/recours-du-parti-les-democrates-renvoye-a-16h#primaryimage\"},\"thumbnailUrl\":\"https:\/\/static.africa-press.net\/benin\/sites\/46\/2025\/10\/sm_1761240358.357391.jpg\",\"datePublished\":\"2025-10-23T20:28:54+00:00\",\"author\":{\"@id\":\"https:\/\/www.africa-press.net\/benin\/#\/schema\/person\/2b1cf3cd81a31e3cd26889ca66d677f1\"},\"breadcrumb\":{\"@id\":\"https:\/\/www.africa-press.net\/benin\/politique\/recours-du-parti-les-democrates-renvoye-a-16h#breadcrumb\"},\"inLanguage\":\"fr-FR\",\"potentialAction\":[{\"@type\":\"ReadAction\",\"target\":[\"https:\/\/www.africa-press.net\/benin\/politique\/recours-du-parti-les-democrates-renvoye-a-16h\"]}]},{\"@type\":\"ImageObject\",\"inLanguage\":\"fr-FR\",\"@id\":\"https:\/\/www.africa-press.net\/benin\/politique\/recours-du-parti-les-democrates-renvoye-a-16h#primaryimage\",\"url\":\"https:\/\/static.africa-press.net\/benin\/sites\/46\/2025\/10\/sm_1761240358.357391.jpg\",\"contentUrl\":\"https:\/\/static.africa-press.net\/benin\/sites\/46\/2025\/10\/sm_1761240358.357391.jpg\",\"width\":1200,\"height\":761,\"caption\":\"Recours Du Parti Les D\u00e9mocrates Renvoy\u00e9 \u00c0 16h\"},{\"@type\":\"BreadcrumbList\",\"@id\":\"https:\/\/www.africa-press.net\/benin\/politique\/recours-du-parti-les-democrates-renvoye-a-16h#breadcrumb\",\"itemListElement\":[{\"@type\":\"ListItem\",\"position\":1,\"name\":\"Accueil\",\"item\":\"https:\/\/www.africa-press.net\/benin\/\"},{\"@type\":\"ListItem\",\"position\":2,\"name\":\"Recours Du Parti Les D\u00e9mocrates Renvoy\u00e9 \u00c0 16h\"}]},{\"@type\":\"WebSite\",\"@id\":\"https:\/\/www.africa-press.net\/benin\/#website\",\"url\":\"https:\/\/www.africa-press.net\/benin\/\",\"name\":\"B\u00e9nin\",\"description\":\"Just another Africa News Agency Sites site\",\"potentialAction\":[{\"@type\":\"SearchAction\",\"target\":{\"@type\":\"EntryPoint\",\"urlTemplate\":\"https:\/\/www.africa-press.net\/benin\/?s={search_term_string}\"},\"query-input\":{\"@type\":\"PropertyValueSpecification\",\"valueRequired\":true,\"valueName\":\"search_term_string\"}}],\"inLanguage\":\"fr-FR\"},{\"@type\":\"Person\",\"@id\":\"https:\/\/www.africa-press.net\/benin\/#\/schema\/person\/2b1cf3cd81a31e3cd26889ca66d677f1\",\"name\":\"cfeditorfr\"}]}<\/script>\n<!-- \/ Yoast SEO Premium plugin. -->","yoast_head_json":{"title":"Recours Du Parti Les D\u00e9mocrates Renvoy\u00e9 \u00c0 16h - B\u00e9nin","robots":{"index":"index","follow":"follow","max-snippet":"max-snippet:-1","max-image-preview":"max-image-preview:large","max-video-preview":"max-video-preview:-1"},"canonical":"https:\/\/www.africa-press.net\/benin\/politique\/recours-du-parti-les-democrates-renvoye-a-16h","og_locale":"fr_FR","og_type":"article","og_title":"Recours Du Parti Les D\u00e9mocrates Renvoy\u00e9 \u00c0 16h","og_description":"Africa-Press &#8211; Benin. Ce jeudi 23 octobre 2025, la Cour constitutionnelle a ouvert l\u2019audience relative au recours introduit par le parti Les De\u0301mocrates contre l\u2019annulation du parrainage du de\u0301pute\u0301 Michel Sodjinou. Apre\u0300s les premie\u0300res observations des parties, la Haute juridiction a de\u0301cide\u0301 de renvoyer l\u2019audience a\u0300 16 heures pour la pre\u0301sentation du rapport. Cette audience, [&hellip;]","og_url":"https:\/\/www.africa-press.net\/benin\/politique\/recours-du-parti-les-democrates-renvoye-a-16h","og_site_name":"B\u00e9nin","article_published_time":"2025-10-23T20:28:54+00:00","author":"cfeditorfr","twitter_card":"summary_large_image","twitter_misc":{"\u00c9crit par":"cfeditorfr","Dur\u00e9e de lecture estim\u00e9e":"1 minute"},"schema":{"@context":"https:\/\/schema.org","@graph":[{"@type":"Article","@id":"https:\/\/www.africa-press.net\/benin\/politique\/recours-du-parti-les-democrates-renvoye-a-16h#article","isPartOf":{"@id":"https:\/\/www.africa-press.net\/benin\/politique\/recours-du-parti-les-democrates-renvoye-a-16h"},"author":{"name":"cfeditorfr","@id":"https:\/\/www.africa-press.net\/benin\/#\/schema\/person\/2b1cf3cd81a31e3cd26889ca66d677f1"},"headline":"Recours Du Parti Les D\u00e9mocrates Renvoy\u00e9 \u00c0 16h","datePublished":"2025-10-23T20:28:54+00:00","mainEntityOfPage":{"@id":"https:\/\/www.africa-press.net\/benin\/politique\/recours-du-parti-les-democrates-renvoye-a-16h"},"wordCount":149,"commentCount":0,"image":{"@id":"https:\/\/www.africa-press.net\/benin\/politique\/recours-du-parti-les-democrates-renvoye-a-16h#primaryimage"},"thumbnailUrl":"https:\/\/static.africa-press.net\/benin\/sites\/46\/2025\/10\/sm_1761240358.357391.jpg","keywords":["Benin"],"articleSection":["Politique","Toutes les actualit\u00e9s"],"inLanguage":"fr-FR","potentialAction":[{"@type":"CommentAction","name":"Comment","target":["https:\/\/www.africa-press.net\/benin\/politique\/recours-du-parti-les-democrates-renvoye-a-16h#respond"]}]},{"@type":"WebPage","@id":"https:\/\/www.africa-press.net\/benin\/politique\/recours-du-parti-les-democrates-renvoye-a-16h","url":"https:\/\/www.africa-press.net\/benin\/politique\/recours-du-parti-les-democrates-renvoye-a-16h","name":"Recours Du Parti Les D\u00e9mocrates Renvoy\u00e9 \u00c0 16h - B\u00e9nin","isPartOf":{"@id":"https:\/\/www.africa-press.net\/benin\/#website"},"primaryImageOfPage":{"@id":"https:\/\/www.africa-press.net\/benin\/politique\/recours-du-parti-les-democrates-renvoye-a-16h#primaryimage"},"image":{"@id":"https:\/\/www.africa-press.net\/benin\/politique\/recours-du-parti-les-democrates-renvoye-a-16h#primaryimage"},"thumbnailUrl":"https:\/\/static.africa-press.net\/benin\/sites\/46\/2025\/10\/sm_1761240358.357391.jpg","datePublished":"2025-10-23T20:28:54+00:00","author":{"@id":"https:\/\/www.africa-press.net\/benin\/#\/schema\/person\/2b1cf3cd81a31e3cd26889ca66d677f1"},"breadcrumb":{"@id":"https:\/\/www.africa-press.net\/benin\/politique\/recours-du-parti-les-democrates-renvoye-a-16h#breadcrumb"},"inLanguage":"fr-FR","potentialAction":[{"@type":"ReadAction","target":["https:\/\/www.africa-press.net\/benin\/politique\/recours-du-parti-les-democrates-renvoye-a-16h"]}]},{"@type":"ImageObject","inLanguage":"fr-FR","@id":"https:\/\/www.africa-press.net\/benin\/politique\/recours-du-parti-les-democrates-renvoye-a-16h#primaryimage","url":"https:\/\/static.africa-press.net\/benin\/sites\/46\/2025\/10\/sm_1761240358.357391.jpg","contentUrl":"https:\/\/static.africa-press.net\/benin\/sites\/46\/2025\/10\/sm_1761240358.357391.jpg","width":1200,"height":761,"caption":"Recours Du Parti Les D\u00e9mocrates Renvoy\u00e9 \u00c0 16h"},{"@type":"BreadcrumbList","@id":"https:\/\/www.africa-press.net\/benin\/politique\/recours-du-parti-les-democrates-renvoye-a-16h#breadcrumb","itemListElement":[{"@type":"ListItem","position":1,"name":"Accueil","item":"https:\/\/www.africa-press.net\/benin\/"},{"@type":"ListItem","position":2,"name":"Recours Du Parti Les D\u00e9mocrates Renvoy\u00e9 \u00c0 16h"}]},{"@type":"WebSite","@id":"https:\/\/www.africa-press.net\/benin\/#website","url":"https:\/\/www.africa-press.net\/benin\/","name":"B\u00e9nin","description":"Just another Africa News Agency Sites site","potentialAction":[{"@type":"SearchAction","target":{"@type":"EntryPoint","urlTemplate":"https:\/\/www.africa-press.net\/benin\/?s={search_term_string}"},"query-input":{"@type":"PropertyValueSpecification","valueRequired":true,"valueName":"search_term_string"}}],"inLanguage":"fr-FR"},{"@type":"Person","@id":"https:\/\/www.africa-press.net\/benin\/#\/schema\/person\/2b1cf3cd81a31e3cd26889ca66d677f1","name":"cfeditorfr"}]}},"_links":{"self":[{"href":"https:\/\/www.africa-press.net\/benin\/wp-json\/wp\/v2\/posts\/49345","targetHints":{"allow":["GET"]}}],"collection":[{"href":"https:\/\/www.africa-press.net\/benin\/wp-json\/wp\/v2\/posts"}],"about":[{"href":"https:\/\/www.africa-press.net\/benin\/wp-json\/wp\/v2\/types\/post"}],"author":[{"embeddable":true,"href":"https:\/\/www.africa-press.net\/benin\/wp-json\/wp\/v2\/users\/82"}],"replies":[{"embeddable":true,"href":"https:\/\/www.africa-press.net\/benin\/wp-json\/wp\/v2\/comments?post=49345"}],"version-history":[{"count":0,"href":"https:\/\/www.africa-press.net\/benin\/wp-json\/wp\/v2\/posts\/49345\/revisions"}],"wp:featuredmedia":[{"embeddable":true,"href":"https:\/\/www.africa-press.net\/benin\/wp-json\/wp\/v2\/media\/49344"}],"wp:attachment":[{"href":"https:\/\/www.africa-press.net\/benin\/wp-json\/wp\/v2\/media?parent=49345"}],"wp:term":[{"taxonomy":"category","embeddable":true,"href":"https:\/\/www.africa-press.net\/benin\/wp-json\/wp\/v2\/categories?post=49345"},{"taxonomy":"post_tag","embeddable":true,"href":"https:\/\/www.africa-press.net\/benin\/wp-json\/wp\/v2\/tags?post=49345"}],"curies":[{"name":"wp","href":"https:\/\/api.w.org\/{rel}","templated":true}]}}