{"id":49347,"date":"2025-10-23T20:29:00","date_gmt":"2025-10-23T20:29:00","guid":{"rendered":"https:\/\/www.africa-press.net\/benin\/politique\/affaire-sodjinou-devant-la-cour-constitutionnelle"},"modified":"2025-10-23T20:29:00","modified_gmt":"2025-10-23T20:29:00","slug":"affaire-sodjinou-devant-la-cour-constitutionnelle","status":"publish","type":"post","link":"https:\/\/www.africa-press.net\/benin\/politique\/affaire-sodjinou-devant-la-cour-constitutionnelle","title":{"rendered":"Affaire Sodjinou Devant la Cour Constitutionnelle"},"content":{"rendered":"<p><span style=\"color: #ff6600\"><strong>Africa-Press &#8211; Benin. <\/strong><\/span>Au Be\u0301nin, tous les regards sont tourne\u0301s ce jeudi 23 octobre 2025 vers la Cour constitutionnelle, ou\u0300 s\u2019ouvre l\u2019audience ple\u0301nie\u0300re consacre\u0301e au contentieux entre le de\u0301pute\u0301 Michel Sodjinou et le parti Les De\u0301mocrates, engage\u0301 dans une bataille juridique a\u0300 fort enjeu politique.<\/p>\n<p>Initialement pre\u0301vue pour le lundi 20 octobre, l\u2019audience avait e\u0301te\u0301 reporte\u0301e a\u0300 la demande du parti Les De\u0301mocrates. Le de\u0301pute\u0301 Abdel Kamar Ouassagari, repre\u0301sentant du parti, avait sollicite\u0301 un de\u0301lai supple\u0301mentaire de 72 heures afin de comple\u0301ter les pie\u0300ces du dossier relatif a\u0300 l\u2019annulation du parrainage du de\u0301pute\u0301 Michel Sodjinou.<\/p>\n<p>Le recours introduit par M. Ouassagari vise a\u0300 contester une ordonnance du tribunal de premie\u0300re instance de Cotonou ayant invalide\u0301 la fiche de parrainage de Michel Sodjinou.<\/p>\n<p>Cette de\u0301cision judiciaire a re\u0301duit le nombre de parrainages de\u0301tenus par Les De\u0301mocrates a\u0300 27, soit en dessous du seuil constitutionnel de 28 signatures exige\u0301es pour pre\u0301senter un candidat a\u0300 l\u2019e\u0301lection pre\u0301sidentielle de 2026.<\/p>\n<p>\u00ab Il est essentiel que la Cour nous accorde le temps ne\u0301cessaire pour produire les e\u0301le\u0301ments comple\u0301mentaires de\u0301montrant la validite\u0301 du parrainage de notre colle\u0300gue \u00bb, avait de\u0301clare\u0301 le de\u0301pute\u0301 Ouassagari a\u0300 la sortie de l\u2019audience pre\u0301ce\u0301dente, suspendue lundi.<\/p>\n<p>En acce\u0301dant a\u0300 la reque\u0302te du parti, la Cour constitutionnelle a manifeste\u0301 sa volonte\u0301 de garantir une proce\u0301dure e\u0301quitable et transparente.<\/p>\n<p>L\u2019audience ple\u0301nie\u0300re reprend donc ce jeudi, et le verdict attendu pourrait peser lourd sur la participation du parti Les De\u0301mocrates a\u0300 la pre\u0301sidentielle de 2026.<\/p>\n<p>Paralle\u0300lement, une autre actualite\u0301 retient l\u2019attention: le pre\u0301sident du parti, Boni Yayi, ainsi que le duo de candidats de\u0301signe\u0301s Renaud Agbodjo et Jude Lodjou, sont convoque\u0301s a\u0300 la Direction de la police judiciaire a\u0300 Cotonou. Une proce\u0301dure distincte, d\u2019ordre pe\u0301nal, dont les de\u0301tails n\u2019ont pas encore e\u0301te\u0301 rendus publics.<\/p>\n<p><strong>Pour plus d&rsquo;informations et d&rsquo;analyses sur la <span style=\"color: #ff6600\">Benin<\/span>, suivez <span style=\"color: #ff6600\">Africa-Press<span style=\"color: #ff6600\"><\/span><\/strong><\/p>\n","protected":false},"excerpt":{"rendered":"<p>Africa-Press &#8211; Benin. Au Be\u0301nin, tous les regards sont tourne\u0301s ce jeudi 23 octobre 2025 vers la Cour constitutionnelle, ou\u0300 s\u2019ouvre l\u2019audience ple\u0301nie\u0300re consacre\u0301e au contentieux entre le de\u0301pute\u0301 Michel Sodjinou et le parti Les De\u0301mocrates, engage\u0301 dans une bataille juridique a\u0300 fort enjeu politique. Initialement pre\u0301vue pour le lundi 20 octobre, l\u2019audience avait e\u0301te\u0301 [&hellip;]<\/p>\n","protected":false},"author":82,"featured_media":49346,"comment_status":"open","ping_status":"closed","sticky":false,"template":"","format":"standard","meta":{"footnotes":""},"categories":[2,10],"tags":[46],"class_list":["post-49347","post","type-post","status-publish","format-standard","has-post-thumbnail","hentry","category-politique","category-toutes-les-actualites","tag-benin-2"],"yoast_head":"<!-- This site is optimized with the Yoast SEO Premium plugin v26.1 (Yoast SEO v27.0) - https:\/\/yoast.com\/product\/yoast-seo-premium-wordpress\/ -->\n<title>Affaire Sodjinou Devant la Cour Constitutionnelle - B\u00e9nin<\/title>\n<meta name=\"robots\" content=\"index, follow, max-snippet:-1, max-image-preview:large, max-video-preview:-1\" \/>\n<link rel=\"canonical\" href=\"https:\/\/www.africa-press.net\/benin\/politique\/affaire-sodjinou-devant-la-cour-constitutionnelle\" \/>\n<meta property=\"og:locale\" content=\"fr_FR\" \/>\n<meta property=\"og:type\" content=\"article\" \/>\n<meta property=\"og:title\" content=\"Affaire Sodjinou Devant la Cour Constitutionnelle\" \/>\n<meta property=\"og:description\" content=\"Africa-Press &#8211; Benin. Au Be\u0301nin, tous les regards sont tourne\u0301s ce jeudi 23 octobre 2025 vers la Cour constitutionnelle, ou\u0300 s\u2019ouvre l\u2019audience ple\u0301nie\u0300re consacre\u0301e au contentieux entre le de\u0301pute\u0301 Michel Sodjinou et le parti Les De\u0301mocrates, engage\u0301 dans une bataille juridique a\u0300 fort enjeu politique. Initialement pre\u0301vue pour le lundi 20 octobre, l\u2019audience avait e\u0301te\u0301 [&hellip;]\" \/>\n<meta property=\"og:url\" content=\"https:\/\/www.africa-press.net\/benin\/politique\/affaire-sodjinou-devant-la-cour-constitutionnelle\" \/>\n<meta property=\"og:site_name\" content=\"B\u00e9nin\" \/>\n<meta property=\"article:published_time\" content=\"2025-10-23T20:29:00+00:00\" \/>\n<meta name=\"author\" content=\"cfeditorfr\" \/>\n<meta name=\"twitter:card\" content=\"summary_large_image\" \/>\n<meta name=\"twitter:label1\" content=\"\u00c9crit par\" \/>\n\t<meta name=\"twitter:data1\" content=\"cfeditorfr\" \/>\n\t<meta name=\"twitter:label2\" content=\"Dur\u00e9e de lecture estim\u00e9e\" \/>\n\t<meta name=\"twitter:data2\" content=\"2 minutes\" \/>\n<script type=\"application\/ld+json\" class=\"yoast-schema-graph\">{\"@context\":\"https:\/\/schema.org\",\"@graph\":[{\"@type\":\"Article\",\"@id\":\"https:\/\/www.africa-press.net\/benin\/politique\/affaire-sodjinou-devant-la-cour-constitutionnelle#article\",\"isPartOf\":{\"@id\":\"https:\/\/www.africa-press.net\/benin\/politique\/affaire-sodjinou-devant-la-cour-constitutionnelle\"},\"author\":{\"name\":\"cfeditorfr\",\"@id\":\"https:\/\/www.africa-press.net\/benin\/#\/schema\/person\/2b1cf3cd81a31e3cd26889ca66d677f1\"},\"headline\":\"Affaire Sodjinou Devant la Cour Constitutionnelle\",\"datePublished\":\"2025-10-23T20:29:00+00:00\",\"mainEntityOfPage\":{\"@id\":\"https:\/\/www.africa-press.net\/benin\/politique\/affaire-sodjinou-devant-la-cour-constitutionnelle\"},\"wordCount\":362,\"commentCount\":0,\"image\":{\"@id\":\"https:\/\/www.africa-press.net\/benin\/politique\/affaire-sodjinou-devant-la-cour-constitutionnelle#primaryimage\"},\"thumbnailUrl\":\"https:\/\/static.africa-press.net\/benin\/sites\/46\/2025\/10\/sm_1761240368.968869.jpg\",\"keywords\":[\"Benin\"],\"articleSection\":[\"Politique\",\"Toutes les actualit\u00e9s\"],\"inLanguage\":\"fr-FR\",\"potentialAction\":[{\"@type\":\"CommentAction\",\"name\":\"Comment\",\"target\":[\"https:\/\/www.africa-press.net\/benin\/politique\/affaire-sodjinou-devant-la-cour-constitutionnelle#respond\"]}]},{\"@type\":\"WebPage\",\"@id\":\"https:\/\/www.africa-press.net\/benin\/politique\/affaire-sodjinou-devant-la-cour-constitutionnelle\",\"url\":\"https:\/\/www.africa-press.net\/benin\/politique\/affaire-sodjinou-devant-la-cour-constitutionnelle\",\"name\":\"Affaire Sodjinou Devant la Cour Constitutionnelle - B\u00e9nin\",\"isPartOf\":{\"@id\":\"https:\/\/www.africa-press.net\/benin\/#website\"},\"primaryImageOfPage\":{\"@id\":\"https:\/\/www.africa-press.net\/benin\/politique\/affaire-sodjinou-devant-la-cour-constitutionnelle#primaryimage\"},\"image\":{\"@id\":\"https:\/\/www.africa-press.net\/benin\/politique\/affaire-sodjinou-devant-la-cour-constitutionnelle#primaryimage\"},\"thumbnailUrl\":\"https:\/\/static.africa-press.net\/benin\/sites\/46\/2025\/10\/sm_1761240368.968869.jpg\",\"datePublished\":\"2025-10-23T20:29:00+00:00\",\"author\":{\"@id\":\"https:\/\/www.africa-press.net\/benin\/#\/schema\/person\/2b1cf3cd81a31e3cd26889ca66d677f1\"},\"breadcrumb\":{\"@id\":\"https:\/\/www.africa-press.net\/benin\/politique\/affaire-sodjinou-devant-la-cour-constitutionnelle#breadcrumb\"},\"inLanguage\":\"fr-FR\",\"potentialAction\":[{\"@type\":\"ReadAction\",\"target\":[\"https:\/\/www.africa-press.net\/benin\/politique\/affaire-sodjinou-devant-la-cour-constitutionnelle\"]}]},{\"@type\":\"ImageObject\",\"inLanguage\":\"fr-FR\",\"@id\":\"https:\/\/www.africa-press.net\/benin\/politique\/affaire-sodjinou-devant-la-cour-constitutionnelle#primaryimage\",\"url\":\"https:\/\/static.africa-press.net\/benin\/sites\/46\/2025\/10\/sm_1761240368.968869.jpg\",\"contentUrl\":\"https:\/\/static.africa-press.net\/benin\/sites\/46\/2025\/10\/sm_1761240368.968869.jpg\",\"width\":1280,\"height\":718,\"caption\":\"Affaire Sodjinou Devant la Cour Constitutionnelle\"},{\"@type\":\"BreadcrumbList\",\"@id\":\"https:\/\/www.africa-press.net\/benin\/politique\/affaire-sodjinou-devant-la-cour-constitutionnelle#breadcrumb\",\"itemListElement\":[{\"@type\":\"ListItem\",\"position\":1,\"name\":\"Accueil\",\"item\":\"https:\/\/www.africa-press.net\/benin\/\"},{\"@type\":\"ListItem\",\"position\":2,\"name\":\"Affaire Sodjinou Devant la Cour Constitutionnelle\"}]},{\"@type\":\"WebSite\",\"@id\":\"https:\/\/www.africa-press.net\/benin\/#website\",\"url\":\"https:\/\/www.africa-press.net\/benin\/\",\"name\":\"B\u00e9nin\",\"description\":\"Just another Africa News Agency Sites site\",\"potentialAction\":[{\"@type\":\"SearchAction\",\"target\":{\"@type\":\"EntryPoint\",\"urlTemplate\":\"https:\/\/www.africa-press.net\/benin\/?s={search_term_string}\"},\"query-input\":{\"@type\":\"PropertyValueSpecification\",\"valueRequired\":true,\"valueName\":\"search_term_string\"}}],\"inLanguage\":\"fr-FR\"},{\"@type\":\"Person\",\"@id\":\"https:\/\/www.africa-press.net\/benin\/#\/schema\/person\/2b1cf3cd81a31e3cd26889ca66d677f1\",\"name\":\"cfeditorfr\"}]}<\/script>\n<!-- \/ Yoast SEO Premium plugin. -->","yoast_head_json":{"title":"Affaire Sodjinou Devant la Cour Constitutionnelle - B\u00e9nin","robots":{"index":"index","follow":"follow","max-snippet":"max-snippet:-1","max-image-preview":"max-image-preview:large","max-video-preview":"max-video-preview:-1"},"canonical":"https:\/\/www.africa-press.net\/benin\/politique\/affaire-sodjinou-devant-la-cour-constitutionnelle","og_locale":"fr_FR","og_type":"article","og_title":"Affaire Sodjinou Devant la Cour Constitutionnelle","og_description":"Africa-Press &#8211; Benin. Au Be\u0301nin, tous les regards sont tourne\u0301s ce jeudi 23 octobre 2025 vers la Cour constitutionnelle, ou\u0300 s\u2019ouvre l\u2019audience ple\u0301nie\u0300re consacre\u0301e au contentieux entre le de\u0301pute\u0301 Michel Sodjinou et le parti Les De\u0301mocrates, engage\u0301 dans une bataille juridique a\u0300 fort enjeu politique. Initialement pre\u0301vue pour le lundi 20 octobre, l\u2019audience avait e\u0301te\u0301 [&hellip;]","og_url":"https:\/\/www.africa-press.net\/benin\/politique\/affaire-sodjinou-devant-la-cour-constitutionnelle","og_site_name":"B\u00e9nin","article_published_time":"2025-10-23T20:29:00+00:00","author":"cfeditorfr","twitter_card":"summary_large_image","twitter_misc":{"\u00c9crit par":"cfeditorfr","Dur\u00e9e de lecture estim\u00e9e":"2 minutes"},"schema":{"@context":"https:\/\/schema.org","@graph":[{"@type":"Article","@id":"https:\/\/www.africa-press.net\/benin\/politique\/affaire-sodjinou-devant-la-cour-constitutionnelle#article","isPartOf":{"@id":"https:\/\/www.africa-press.net\/benin\/politique\/affaire-sodjinou-devant-la-cour-constitutionnelle"},"author":{"name":"cfeditorfr","@id":"https:\/\/www.africa-press.net\/benin\/#\/schema\/person\/2b1cf3cd81a31e3cd26889ca66d677f1"},"headline":"Affaire Sodjinou Devant la Cour Constitutionnelle","datePublished":"2025-10-23T20:29:00+00:00","mainEntityOfPage":{"@id":"https:\/\/www.africa-press.net\/benin\/politique\/affaire-sodjinou-devant-la-cour-constitutionnelle"},"wordCount":362,"commentCount":0,"image":{"@id":"https:\/\/www.africa-press.net\/benin\/politique\/affaire-sodjinou-devant-la-cour-constitutionnelle#primaryimage"},"thumbnailUrl":"https:\/\/static.africa-press.net\/benin\/sites\/46\/2025\/10\/sm_1761240368.968869.jpg","keywords":["Benin"],"articleSection":["Politique","Toutes les actualit\u00e9s"],"inLanguage":"fr-FR","potentialAction":[{"@type":"CommentAction","name":"Comment","target":["https:\/\/www.africa-press.net\/benin\/politique\/affaire-sodjinou-devant-la-cour-constitutionnelle#respond"]}]},{"@type":"WebPage","@id":"https:\/\/www.africa-press.net\/benin\/politique\/affaire-sodjinou-devant-la-cour-constitutionnelle","url":"https:\/\/www.africa-press.net\/benin\/politique\/affaire-sodjinou-devant-la-cour-constitutionnelle","name":"Affaire Sodjinou Devant la Cour Constitutionnelle - B\u00e9nin","isPartOf":{"@id":"https:\/\/www.africa-press.net\/benin\/#website"},"primaryImageOfPage":{"@id":"https:\/\/www.africa-press.net\/benin\/politique\/affaire-sodjinou-devant-la-cour-constitutionnelle#primaryimage"},"image":{"@id":"https:\/\/www.africa-press.net\/benin\/politique\/affaire-sodjinou-devant-la-cour-constitutionnelle#primaryimage"},"thumbnailUrl":"https:\/\/static.africa-press.net\/benin\/sites\/46\/2025\/10\/sm_1761240368.968869.jpg","datePublished":"2025-10-23T20:29:00+00:00","author":{"@id":"https:\/\/www.africa-press.net\/benin\/#\/schema\/person\/2b1cf3cd81a31e3cd26889ca66d677f1"},"breadcrumb":{"@id":"https:\/\/www.africa-press.net\/benin\/politique\/affaire-sodjinou-devant-la-cour-constitutionnelle#breadcrumb"},"inLanguage":"fr-FR","potentialAction":[{"@type":"ReadAction","target":["https:\/\/www.africa-press.net\/benin\/politique\/affaire-sodjinou-devant-la-cour-constitutionnelle"]}]},{"@type":"ImageObject","inLanguage":"fr-FR","@id":"https:\/\/www.africa-press.net\/benin\/politique\/affaire-sodjinou-devant-la-cour-constitutionnelle#primaryimage","url":"https:\/\/static.africa-press.net\/benin\/sites\/46\/2025\/10\/sm_1761240368.968869.jpg","contentUrl":"https:\/\/static.africa-press.net\/benin\/sites\/46\/2025\/10\/sm_1761240368.968869.jpg","width":1280,"height":718,"caption":"Affaire Sodjinou Devant la Cour Constitutionnelle"},{"@type":"BreadcrumbList","@id":"https:\/\/www.africa-press.net\/benin\/politique\/affaire-sodjinou-devant-la-cour-constitutionnelle#breadcrumb","itemListElement":[{"@type":"ListItem","position":1,"name":"Accueil","item":"https:\/\/www.africa-press.net\/benin\/"},{"@type":"ListItem","position":2,"name":"Affaire Sodjinou Devant la Cour Constitutionnelle"}]},{"@type":"WebSite","@id":"https:\/\/www.africa-press.net\/benin\/#website","url":"https:\/\/www.africa-press.net\/benin\/","name":"B\u00e9nin","description":"Just another Africa News Agency Sites site","potentialAction":[{"@type":"SearchAction","target":{"@type":"EntryPoint","urlTemplate":"https:\/\/www.africa-press.net\/benin\/?s={search_term_string}"},"query-input":{"@type":"PropertyValueSpecification","valueRequired":true,"valueName":"search_term_string"}}],"inLanguage":"fr-FR"},{"@type":"Person","@id":"https:\/\/www.africa-press.net\/benin\/#\/schema\/person\/2b1cf3cd81a31e3cd26889ca66d677f1","name":"cfeditorfr"}]}},"_links":{"self":[{"href":"https:\/\/www.africa-press.net\/benin\/wp-json\/wp\/v2\/posts\/49347","targetHints":{"allow":["GET"]}}],"collection":[{"href":"https:\/\/www.africa-press.net\/benin\/wp-json\/wp\/v2\/posts"}],"about":[{"href":"https:\/\/www.africa-press.net\/benin\/wp-json\/wp\/v2\/types\/post"}],"author":[{"embeddable":true,"href":"https:\/\/www.africa-press.net\/benin\/wp-json\/wp\/v2\/users\/82"}],"replies":[{"embeddable":true,"href":"https:\/\/www.africa-press.net\/benin\/wp-json\/wp\/v2\/comments?post=49347"}],"version-history":[{"count":0,"href":"https:\/\/www.africa-press.net\/benin\/wp-json\/wp\/v2\/posts\/49347\/revisions"}],"wp:featuredmedia":[{"embeddable":true,"href":"https:\/\/www.africa-press.net\/benin\/wp-json\/wp\/v2\/media\/49346"}],"wp:attachment":[{"href":"https:\/\/www.africa-press.net\/benin\/wp-json\/wp\/v2\/media?parent=49347"}],"wp:term":[{"taxonomy":"category","embeddable":true,"href":"https:\/\/www.africa-press.net\/benin\/wp-json\/wp\/v2\/categories?post=49347"},{"taxonomy":"post_tag","embeddable":true,"href":"https:\/\/www.africa-press.net\/benin\/wp-json\/wp\/v2\/tags?post=49347"}],"curies":[{"name":"wp","href":"https:\/\/api.w.org\/{rel}","templated":true}]}}