{"id":49349,"date":"2025-10-23T20:29:15","date_gmt":"2025-10-23T20:29:15","guid":{"rendered":"https:\/\/www.africa-press.net\/benin\/politique\/elections-generales-2026-appel-de-leglise-catholique"},"modified":"2025-10-23T20:29:15","modified_gmt":"2025-10-23T20:29:15","slug":"elections-generales-2026-appel-de-leglise-catholique","status":"publish","type":"post","link":"https:\/\/www.africa-press.net\/benin\/politique\/elections-generales-2026-appel-de-leglise-catholique","title":{"rendered":"\u00c9lections G\u00e9n\u00e9rales 2026: Appel de l&rsquo;\u00c9glise Catholique"},"content":{"rendered":"<p><span style=\"color: #ff6600\"><strong>Africa-Press &#8211; Benin. <\/strong><\/span>La Confe\u0301rence e\u0301piscopale du Be\u0301nin (CEB) a lance\u0301, mercredi 22 octobre 2025, un appel fort a\u0300 l\u2019endroit de la classe politique et de l\u2019ensemble des citoyens. A\u0300 travers le communique\u0301 final de sa session ple\u0301nie\u0300re tenue a\u0300 Porto-Novo, les e\u0301ve\u0302ques be\u0301ninois exhortent a\u0300 l\u2019organisation d\u2019e\u0301lections ge\u0301ne\u0301rales \u00ab libres, transparentes et inclusives \u00bb, dans un climat de paix et de responsabilite\u0301.<\/p>\n<p>Re\u0301unis sous la pre\u0301sidence de Mgr Roger Houngbe\u0301dji, archeve\u0302que de Cotonou et pre\u0301sident de la CEB, les pre\u0301lats ont insiste\u0301 sur la ne\u0301cessite\u0301 pour chaque acteur du processus e\u0301lectoral \u2014 institutions, partis politiques, socie\u0301te\u0301 civile et citoyens \u2014 de privile\u0301gier l\u2019inte\u0301re\u0302t supe\u0301rieur de la Nation.<\/p>\n<p>\u00ab Ces e\u0301che\u0301ances doivent e\u0302tre pour nous tous une occasion de prouver notre maturite\u0301 de\u0301mocratique et notre amour pour le Be\u0301nin \u00bb, ont-ils de\u0301clare\u0301, tout en soulignant l\u2019importance du dialogue, de la tole\u0301rance et du respect des lois re\u0301publicaines.<\/p>\n<p>Les e\u0301ve\u0302ques encouragent par ailleurs les fide\u0300les catholiques et l\u2019ensemble des croyants a\u0300 intensifier la prie\u0300re pour la paix, la justice et la ve\u0301rite\u0301 tout au long du processus e\u0301lectoral. Ils re\u0301affirment leur engagement a\u0300 jouer un ro\u0302le de veille morale et spirituelle, afin de pre\u0301server la cohe\u0301sion sociale et la stabilite\u0301 du pays.<\/p>\n<p>Cet appel intervient a\u0300 un moment charnie\u0300re pour le Be\u0301nin, alors que le pays s\u2019appre\u0302te a\u0300 vivre une e\u0301tape politique majeure. L\u2019E\u0301glise catholique, fide\u0300le a\u0300 sa mission de gardienne des valeurs e\u0301thiques et de la paix sociale, rappelle que la ve\u0301ritable victoire d\u2019une e\u0301lection se mesure non pas a\u0300 la conque\u0302te du pouvoir, mais a\u0300 la solidite\u0301 de la de\u0301mocratie et a\u0300 la dignite\u0301 du peuple.<\/p>\n<p><strong>Pour plus d&rsquo;informations et d&rsquo;analyses sur la <span style=\"color: #ff6600\">Benin<\/span>, suivez <span style=\"color: #ff6600\">Africa-Press<span style=\"color: #ff6600\"><\/span><\/strong><\/p>\n","protected":false},"excerpt":{"rendered":"<p>Africa-Press &#8211; Benin. La Confe\u0301rence e\u0301piscopale du Be\u0301nin (CEB) a lance\u0301, mercredi 22 octobre 2025, un appel fort a\u0300 l\u2019endroit de la classe politique et de l\u2019ensemble des citoyens. A\u0300 travers le communique\u0301 final de sa session ple\u0301nie\u0300re tenue a\u0300 Porto-Novo, les e\u0301ve\u0302ques be\u0301ninois exhortent a\u0300 l\u2019organisation d\u2019e\u0301lections ge\u0301ne\u0301rales \u00ab libres, transparentes et inclusives \u00bb, [&hellip;]<\/p>\n","protected":false},"author":82,"featured_media":49348,"comment_status":"open","ping_status":"closed","sticky":false,"template":"","format":"standard","meta":{"footnotes":""},"categories":[2,10],"tags":[46],"class_list":["post-49349","post","type-post","status-publish","format-standard","has-post-thumbnail","hentry","category-politique","category-toutes-les-actualites","tag-benin-2"],"yoast_head":"<!-- This site is optimized with the Yoast SEO Premium plugin v26.1 (Yoast SEO v27.0) - https:\/\/yoast.com\/product\/yoast-seo-premium-wordpress\/ -->\n<title>\u00c9lections G\u00e9n\u00e9rales 2026: Appel de l&#039;\u00c9glise Catholique - B\u00e9nin<\/title>\n<meta name=\"robots\" content=\"index, follow, max-snippet:-1, max-image-preview:large, max-video-preview:-1\" \/>\n<link rel=\"canonical\" href=\"https:\/\/www.africa-press.net\/benin\/politique\/elections-generales-2026-appel-de-leglise-catholique\" \/>\n<meta property=\"og:locale\" content=\"fr_FR\" \/>\n<meta property=\"og:type\" content=\"article\" \/>\n<meta property=\"og:title\" content=\"\u00c9lections G\u00e9n\u00e9rales 2026: Appel de l&#039;\u00c9glise Catholique\" \/>\n<meta property=\"og:description\" content=\"Africa-Press &#8211; Benin. La Confe\u0301rence e\u0301piscopale du Be\u0301nin (CEB) a lance\u0301, mercredi 22 octobre 2025, un appel fort a\u0300 l\u2019endroit de la classe politique et de l\u2019ensemble des citoyens. A\u0300 travers le communique\u0301 final de sa session ple\u0301nie\u0300re tenue a\u0300 Porto-Novo, les e\u0301ve\u0302ques be\u0301ninois exhortent a\u0300 l\u2019organisation d\u2019e\u0301lections ge\u0301ne\u0301rales \u00ab libres, transparentes et inclusives \u00bb, [&hellip;]\" \/>\n<meta property=\"og:url\" content=\"https:\/\/www.africa-press.net\/benin\/politique\/elections-generales-2026-appel-de-leglise-catholique\" \/>\n<meta property=\"og:site_name\" content=\"B\u00e9nin\" \/>\n<meta property=\"article:published_time\" content=\"2025-10-23T20:29:15+00:00\" \/>\n<meta name=\"author\" content=\"cfeditorfr\" \/>\n<meta name=\"twitter:card\" content=\"summary_large_image\" \/>\n<meta name=\"twitter:label1\" content=\"\u00c9crit par\" \/>\n\t<meta name=\"twitter:data1\" content=\"cfeditorfr\" \/>\n\t<meta name=\"twitter:label2\" content=\"Dur\u00e9e de lecture estim\u00e9e\" \/>\n\t<meta name=\"twitter:data2\" content=\"2 minutes\" \/>\n<script type=\"application\/ld+json\" class=\"yoast-schema-graph\">{\"@context\":\"https:\/\/schema.org\",\"@graph\":[{\"@type\":\"Article\",\"@id\":\"https:\/\/www.africa-press.net\/benin\/politique\/elections-generales-2026-appel-de-leglise-catholique#article\",\"isPartOf\":{\"@id\":\"https:\/\/www.africa-press.net\/benin\/politique\/elections-generales-2026-appel-de-leglise-catholique\"},\"author\":{\"name\":\"cfeditorfr\",\"@id\":\"https:\/\/www.africa-press.net\/benin\/#\/schema\/person\/2b1cf3cd81a31e3cd26889ca66d677f1\"},\"headline\":\"\u00c9lections G\u00e9n\u00e9rales 2026: Appel de l&rsquo;\u00c9glise Catholique\",\"datePublished\":\"2025-10-23T20:29:15+00:00\",\"mainEntityOfPage\":{\"@id\":\"https:\/\/www.africa-press.net\/benin\/politique\/elections-generales-2026-appel-de-leglise-catholique\"},\"wordCount\":343,\"commentCount\":0,\"image\":{\"@id\":\"https:\/\/www.africa-press.net\/benin\/politique\/elections-generales-2026-appel-de-leglise-catholique#primaryimage\"},\"thumbnailUrl\":\"https:\/\/static.africa-press.net\/benin\/sites\/46\/2025\/10\/sm_1761240379.64956.jpg\",\"keywords\":[\"Benin\"],\"articleSection\":[\"Politique\",\"Toutes les actualit\u00e9s\"],\"inLanguage\":\"fr-FR\",\"potentialAction\":[{\"@type\":\"CommentAction\",\"name\":\"Comment\",\"target\":[\"https:\/\/www.africa-press.net\/benin\/politique\/elections-generales-2026-appel-de-leglise-catholique#respond\"]}]},{\"@type\":\"WebPage\",\"@id\":\"https:\/\/www.africa-press.net\/benin\/politique\/elections-generales-2026-appel-de-leglise-catholique\",\"url\":\"https:\/\/www.africa-press.net\/benin\/politique\/elections-generales-2026-appel-de-leglise-catholique\",\"name\":\"\u00c9lections G\u00e9n\u00e9rales 2026: Appel de l'\u00c9glise Catholique - B\u00e9nin\",\"isPartOf\":{\"@id\":\"https:\/\/www.africa-press.net\/benin\/#website\"},\"primaryImageOfPage\":{\"@id\":\"https:\/\/www.africa-press.net\/benin\/politique\/elections-generales-2026-appel-de-leglise-catholique#primaryimage\"},\"image\":{\"@id\":\"https:\/\/www.africa-press.net\/benin\/politique\/elections-generales-2026-appel-de-leglise-catholique#primaryimage\"},\"thumbnailUrl\":\"https:\/\/static.africa-press.net\/benin\/sites\/46\/2025\/10\/sm_1761240379.64956.jpg\",\"datePublished\":\"2025-10-23T20:29:15+00:00\",\"author\":{\"@id\":\"https:\/\/www.africa-press.net\/benin\/#\/schema\/person\/2b1cf3cd81a31e3cd26889ca66d677f1\"},\"breadcrumb\":{\"@id\":\"https:\/\/www.africa-press.net\/benin\/politique\/elections-generales-2026-appel-de-leglise-catholique#breadcrumb\"},\"inLanguage\":\"fr-FR\",\"potentialAction\":[{\"@type\":\"ReadAction\",\"target\":[\"https:\/\/www.africa-press.net\/benin\/politique\/elections-generales-2026-appel-de-leglise-catholique\"]}]},{\"@type\":\"ImageObject\",\"inLanguage\":\"fr-FR\",\"@id\":\"https:\/\/www.africa-press.net\/benin\/politique\/elections-generales-2026-appel-de-leglise-catholique#primaryimage\",\"url\":\"https:\/\/static.africa-press.net\/benin\/sites\/46\/2025\/10\/sm_1761240379.64956.jpg\",\"contentUrl\":\"https:\/\/static.africa-press.net\/benin\/sites\/46\/2025\/10\/sm_1761240379.64956.jpg\",\"width\":1280,\"height\":720,\"caption\":\"\u00c9lections G\u00e9n\u00e9rales 2026: Appel de l'\u00c9glise Catholique\"},{\"@type\":\"BreadcrumbList\",\"@id\":\"https:\/\/www.africa-press.net\/benin\/politique\/elections-generales-2026-appel-de-leglise-catholique#breadcrumb\",\"itemListElement\":[{\"@type\":\"ListItem\",\"position\":1,\"name\":\"Accueil\",\"item\":\"https:\/\/www.africa-press.net\/benin\/\"},{\"@type\":\"ListItem\",\"position\":2,\"name\":\"\u00c9lections G\u00e9n\u00e9rales 2026: Appel de l&rsquo;\u00c9glise Catholique\"}]},{\"@type\":\"WebSite\",\"@id\":\"https:\/\/www.africa-press.net\/benin\/#website\",\"url\":\"https:\/\/www.africa-press.net\/benin\/\",\"name\":\"B\u00e9nin\",\"description\":\"Just another Africa News Agency Sites site\",\"potentialAction\":[{\"@type\":\"SearchAction\",\"target\":{\"@type\":\"EntryPoint\",\"urlTemplate\":\"https:\/\/www.africa-press.net\/benin\/?s={search_term_string}\"},\"query-input\":{\"@type\":\"PropertyValueSpecification\",\"valueRequired\":true,\"valueName\":\"search_term_string\"}}],\"inLanguage\":\"fr-FR\"},{\"@type\":\"Person\",\"@id\":\"https:\/\/www.africa-press.net\/benin\/#\/schema\/person\/2b1cf3cd81a31e3cd26889ca66d677f1\",\"name\":\"cfeditorfr\"}]}<\/script>\n<!-- \/ Yoast SEO Premium plugin. -->","yoast_head_json":{"title":"\u00c9lections G\u00e9n\u00e9rales 2026: Appel de l'\u00c9glise Catholique - B\u00e9nin","robots":{"index":"index","follow":"follow","max-snippet":"max-snippet:-1","max-image-preview":"max-image-preview:large","max-video-preview":"max-video-preview:-1"},"canonical":"https:\/\/www.africa-press.net\/benin\/politique\/elections-generales-2026-appel-de-leglise-catholique","og_locale":"fr_FR","og_type":"article","og_title":"\u00c9lections G\u00e9n\u00e9rales 2026: Appel de l'\u00c9glise Catholique","og_description":"Africa-Press &#8211; Benin. La Confe\u0301rence e\u0301piscopale du Be\u0301nin (CEB) a lance\u0301, mercredi 22 octobre 2025, un appel fort a\u0300 l\u2019endroit de la classe politique et de l\u2019ensemble des citoyens. A\u0300 travers le communique\u0301 final de sa session ple\u0301nie\u0300re tenue a\u0300 Porto-Novo, les e\u0301ve\u0302ques be\u0301ninois exhortent a\u0300 l\u2019organisation d\u2019e\u0301lections ge\u0301ne\u0301rales \u00ab libres, transparentes et inclusives \u00bb, [&hellip;]","og_url":"https:\/\/www.africa-press.net\/benin\/politique\/elections-generales-2026-appel-de-leglise-catholique","og_site_name":"B\u00e9nin","article_published_time":"2025-10-23T20:29:15+00:00","author":"cfeditorfr","twitter_card":"summary_large_image","twitter_misc":{"\u00c9crit par":"cfeditorfr","Dur\u00e9e de lecture estim\u00e9e":"2 minutes"},"schema":{"@context":"https:\/\/schema.org","@graph":[{"@type":"Article","@id":"https:\/\/www.africa-press.net\/benin\/politique\/elections-generales-2026-appel-de-leglise-catholique#article","isPartOf":{"@id":"https:\/\/www.africa-press.net\/benin\/politique\/elections-generales-2026-appel-de-leglise-catholique"},"author":{"name":"cfeditorfr","@id":"https:\/\/www.africa-press.net\/benin\/#\/schema\/person\/2b1cf3cd81a31e3cd26889ca66d677f1"},"headline":"\u00c9lections G\u00e9n\u00e9rales 2026: Appel de l&rsquo;\u00c9glise Catholique","datePublished":"2025-10-23T20:29:15+00:00","mainEntityOfPage":{"@id":"https:\/\/www.africa-press.net\/benin\/politique\/elections-generales-2026-appel-de-leglise-catholique"},"wordCount":343,"commentCount":0,"image":{"@id":"https:\/\/www.africa-press.net\/benin\/politique\/elections-generales-2026-appel-de-leglise-catholique#primaryimage"},"thumbnailUrl":"https:\/\/static.africa-press.net\/benin\/sites\/46\/2025\/10\/sm_1761240379.64956.jpg","keywords":["Benin"],"articleSection":["Politique","Toutes les actualit\u00e9s"],"inLanguage":"fr-FR","potentialAction":[{"@type":"CommentAction","name":"Comment","target":["https:\/\/www.africa-press.net\/benin\/politique\/elections-generales-2026-appel-de-leglise-catholique#respond"]}]},{"@type":"WebPage","@id":"https:\/\/www.africa-press.net\/benin\/politique\/elections-generales-2026-appel-de-leglise-catholique","url":"https:\/\/www.africa-press.net\/benin\/politique\/elections-generales-2026-appel-de-leglise-catholique","name":"\u00c9lections G\u00e9n\u00e9rales 2026: Appel de l'\u00c9glise Catholique - B\u00e9nin","isPartOf":{"@id":"https:\/\/www.africa-press.net\/benin\/#website"},"primaryImageOfPage":{"@id":"https:\/\/www.africa-press.net\/benin\/politique\/elections-generales-2026-appel-de-leglise-catholique#primaryimage"},"image":{"@id":"https:\/\/www.africa-press.net\/benin\/politique\/elections-generales-2026-appel-de-leglise-catholique#primaryimage"},"thumbnailUrl":"https:\/\/static.africa-press.net\/benin\/sites\/46\/2025\/10\/sm_1761240379.64956.jpg","datePublished":"2025-10-23T20:29:15+00:00","author":{"@id":"https:\/\/www.africa-press.net\/benin\/#\/schema\/person\/2b1cf3cd81a31e3cd26889ca66d677f1"},"breadcrumb":{"@id":"https:\/\/www.africa-press.net\/benin\/politique\/elections-generales-2026-appel-de-leglise-catholique#breadcrumb"},"inLanguage":"fr-FR","potentialAction":[{"@type":"ReadAction","target":["https:\/\/www.africa-press.net\/benin\/politique\/elections-generales-2026-appel-de-leglise-catholique"]}]},{"@type":"ImageObject","inLanguage":"fr-FR","@id":"https:\/\/www.africa-press.net\/benin\/politique\/elections-generales-2026-appel-de-leglise-catholique#primaryimage","url":"https:\/\/static.africa-press.net\/benin\/sites\/46\/2025\/10\/sm_1761240379.64956.jpg","contentUrl":"https:\/\/static.africa-press.net\/benin\/sites\/46\/2025\/10\/sm_1761240379.64956.jpg","width":1280,"height":720,"caption":"\u00c9lections G\u00e9n\u00e9rales 2026: Appel de l'\u00c9glise Catholique"},{"@type":"BreadcrumbList","@id":"https:\/\/www.africa-press.net\/benin\/politique\/elections-generales-2026-appel-de-leglise-catholique#breadcrumb","itemListElement":[{"@type":"ListItem","position":1,"name":"Accueil","item":"https:\/\/www.africa-press.net\/benin\/"},{"@type":"ListItem","position":2,"name":"\u00c9lections G\u00e9n\u00e9rales 2026: Appel de l&rsquo;\u00c9glise Catholique"}]},{"@type":"WebSite","@id":"https:\/\/www.africa-press.net\/benin\/#website","url":"https:\/\/www.africa-press.net\/benin\/","name":"B\u00e9nin","description":"Just another Africa News Agency Sites site","potentialAction":[{"@type":"SearchAction","target":{"@type":"EntryPoint","urlTemplate":"https:\/\/www.africa-press.net\/benin\/?s={search_term_string}"},"query-input":{"@type":"PropertyValueSpecification","valueRequired":true,"valueName":"search_term_string"}}],"inLanguage":"fr-FR"},{"@type":"Person","@id":"https:\/\/www.africa-press.net\/benin\/#\/schema\/person\/2b1cf3cd81a31e3cd26889ca66d677f1","name":"cfeditorfr"}]}},"_links":{"self":[{"href":"https:\/\/www.africa-press.net\/benin\/wp-json\/wp\/v2\/posts\/49349","targetHints":{"allow":["GET"]}}],"collection":[{"href":"https:\/\/www.africa-press.net\/benin\/wp-json\/wp\/v2\/posts"}],"about":[{"href":"https:\/\/www.africa-press.net\/benin\/wp-json\/wp\/v2\/types\/post"}],"author":[{"embeddable":true,"href":"https:\/\/www.africa-press.net\/benin\/wp-json\/wp\/v2\/users\/82"}],"replies":[{"embeddable":true,"href":"https:\/\/www.africa-press.net\/benin\/wp-json\/wp\/v2\/comments?post=49349"}],"version-history":[{"count":0,"href":"https:\/\/www.africa-press.net\/benin\/wp-json\/wp\/v2\/posts\/49349\/revisions"}],"wp:featuredmedia":[{"embeddable":true,"href":"https:\/\/www.africa-press.net\/benin\/wp-json\/wp\/v2\/media\/49348"}],"wp:attachment":[{"href":"https:\/\/www.africa-press.net\/benin\/wp-json\/wp\/v2\/media?parent=49349"}],"wp:term":[{"taxonomy":"category","embeddable":true,"href":"https:\/\/www.africa-press.net\/benin\/wp-json\/wp\/v2\/categories?post=49349"},{"taxonomy":"post_tag","embeddable":true,"href":"https:\/\/www.africa-press.net\/benin\/wp-json\/wp\/v2\/tags?post=49349"}],"curies":[{"name":"wp","href":"https:\/\/api.w.org\/{rel}","templated":true}]}}