{"id":51605,"date":"2025-12-15T23:34:56","date_gmt":"2025-12-15T23:34:56","guid":{"rendered":"https:\/\/www.africa-press.net\/benin\/politique\/coup-detat-au-benin-et-manque-de-reperes-africains"},"modified":"2025-12-16T01:02:00","modified_gmt":"2025-12-16T01:02:00","slug":"coup-detat-au-benin-et-manque-de-reperes-africains","status":"publish","type":"post","link":"https:\/\/www.africa-press.net\/benin\/dossiers\/coup-detat-au-benin-et-manque-de-reperes-africains","title":{"rendered":"Coup D&rsquo;\u00c9tat Au B\u00e9nin Et Manque De Rep\u00e8res Africains"},"content":{"rendered":"<p><span class=\"ap-article-header-tag\"> <strong>Africa-Press &#8211; Benin. <\/strong> <\/span>Les comptes les plus actifs en soutien aux mutins provenaient de profils lie\u0301s aux pays de l\u2019AES. Une partie de l\u2019intox ayant circule\u0301 dans les jours suivants est ne\u0301e la\u0300. Cette hostilite\u0301 re\u0301pe\u0301te\u0301e traduit un agacement face aux performances du Be\u0301nin. Dans des E\u0301tats ou\u0300 l\u2019espace civique est verrouille\u0301 et ou\u0300 les institutions sont fragiles, la trajectoire be\u0301ninoise devient un contre-exemple embarrassant. D\u2019ou\u0300 des tentatives re\u0301currentes de semer le doute ou l\u2019instabilite\u0301. Les progre\u0300s re\u0301alise\u0301s irritent certains re\u0301gimes voisins, qui y voient une comparaison de\u0301favorable. Cette pression exte\u0301rieure n\u2019est pas nouvelle, mais ce dimanche de de\u0301cembre 2025 a montre\u0301 qu\u2019elle reste active et organise\u0301e. \u00bb Le Potentiel<\/p>\n<p>Qui en veut a\u0300 Patrice Talon? Ou pluto\u0302t qui en veut au Be\u0301nin et a\u0300 sa de\u0301mocratie? Car, pour nous c \u0301est le Be\u0301nin, c \u0301est sa de\u0301mocratie, intelligemment acquise depuis 35 ans, ce sont ses institutions mises en place et respecte\u0301es par tous, c \u0301est l \u0301alternance re\u0301ussie au sommet de l \u0301e\u0301tat, qui sont vise\u0301s. En effet, pendant que partout en Afrique francophone, surtout au de\u0301but des anne\u0301es 90, encourage\u0301s par ce qu \u0301on avait de\u0301signe\u0301 par le vent de l \u0301est, apre\u0300s la chute du mur de Berlin, des remous politiques avaient vu le jour c\u0327a\u0300 et la\u0300 sur le continent noir. Les diffe\u0301rents peuples cherchaient a\u0300 se de\u0301barrasser de leurs re\u0301gimes de dictature, installe\u0301s pour la plupart, depuis le de\u0301but des anne\u0301es 60, voire 70. Ce fut alors a\u0300 cette e\u0301poque que les Be\u0301ninois qui avaient aussi leur dictateur, de\u0301cide\u0300rent de s \u0301en de\u0301barrasser. Mathieu Ke\u0301re\u0301kou, puisque c \u0301est de lui qu \u0301il s \u0301agissait, arrive\u0301 au pouvoir a\u0300 la faveur d \u0301un coup d \u0301e\u0301tat militaire le 26 octobre 1972, re\u0301gnait alors d \u0301une main de fer sur la re\u0301publique du Be\u0301nin. Des assises nationales, les premie\u0300res en Afrique, organise\u0301es du 19 au 28 fe\u0301vrier 1990, furent un succe\u0300s. Mathieu Ke\u0301re\u0301kou s \u0301excusa aupre\u0300s de son peuple pour tout le mal qu \u0301il lui aurait cause\u0301 pendant ses anne\u0301es au pouvoir et laissa faire la de\u0301mocratie.<\/p>\n<p>Tandis que pendant ce temps, au Togo, E\u0301yade\u0301ma Gnassingbe\u0301 lanc\u0327ait ses tueurs aux trousses de son opposition. Des opposants togolais qui, s \u0301ils ne sont pas en de\u0301tention, s \u0301ils n \u0301ont pas e\u0301te\u0301 tue\u0301s ou pousse\u0301s a\u0300 l \u0301exil, 35 apre\u0300s, courent toujours. Avec Patrice Talon le Be\u0301nin est a\u0300 son quatrie\u0300me pre\u0301sident depuis le de\u0301but de la de\u0301mocratisation de ce pays. Et c \u0301est justement a\u0300 cette de\u0301mocratie et a\u0300 ses institutions, patiemment mises sur pied et qui ont eu le me\u0301rite d \u0301avoir re\u0301siste\u0301, pendant plus de trois de\u0301cennies, a\u0300 toutes les tentations dans un voisinage hostile, que nous avions pense\u0301 en apprenant la stupide nouvelle de la non moins stupide tentative de coup d \u0301e\u0301tat ce dimanche 7 de\u0301cembre 2025. Non, le Be\u0301nin, malgre\u0301 tous les proble\u0300mes politiques qui peuvent y avoir cours aujourd \u0301hui, malgre\u0301 les erreurs, abus ou de\u0301rive autoritaire e\u0301ventuels qu \u0301on pourrait reprocher a\u0300 Patrice Talon, n \u0301a pas besoin d \u0301une prise de pouvoir par la force. La de\u0301mocratie be\u0301ninoise et toutes les institutions y affe\u0301rentes de\u0301passent de loin la personne de Patrice Talon. Ce dernier partira, mais la de\u0301mocratie et les institutions resteront, et c \u0301est l \u0301essentiel qu \u0301il faut sauver. Pourquoi chercher a\u0300 renverser un pre\u0301sident de\u0301mocratiquement e\u0301lu, qui n \u0301est aujourd \u0301hui que la partie visible d \u0301un mode\u0300le de\u0301mocratique re\u0301ussi qui fait la fierte\u0301 de l \u0301Afrique et de la sous-re\u0301gion, et qui partira du pouvoir dans quatre mois?<\/p>\n<p>Et c \u0301est justement la\u0300 ou\u0300 semble se trouver la ou les causes de cette stupidite\u0301 qui a consiste\u0301 a\u0300 vouloir plonger ce pays fre\u0300re et voisin dans l \u0301incertitude. \u00ab Les progre\u0300s re\u0301alise\u0301s irritent certains re\u0301gimes voisins, qui y voient une comparaison de\u0301favorable. \u00bb Nous ne devons pas perdre de vue l \u0301importance de ces deux petites phrases du de\u0301but de notre texte, tire\u0301es du journal be\u0301ninois Le Potentiel. Nous avons au Togo, comme tout le monde le sait, un re\u0301gime politique qui n \u0301est plus a\u0300 de\u0301crire, ni a\u0300 pre\u0301senter. Et il est tout le contraire de ce qui se passe a\u0300 l \u0301est au Be\u0301nin voisin, socio-politiquement parlant. La dictature familiale pure et dure, de pe\u0300re en fils de 60 ans contre la de\u0301mocratie avec alternance re\u0301ussie au sommet de l \u0301e\u0301tat depuis 35 ans. Il y a aussi les trois pays suppose\u0301s re\u0301volutionnaires et panafricanistes du Sahel qui se font appeler les pays de l \u0301Alliance des E\u0301tats du Sahel (AES), le Burkina-Faso, le Mali et Le Niger. Entre les dirigeants de ces trois pays sahe\u0301liens et Patrice Talon, ce n \u0301est pas la lune de miel a\u0300 cause de stupides conside\u0301rations ide\u0301ologiques et d \u0301appartenance au camp russe ou occidental.<\/p>\n<p>Il y a aussi et surtout les re\u0301seaux sociaux ou\u0300 tout le monde presque semble e\u0302tre devenu politologue et spe\u0301cialiste du panafricanisme que chacun interpre\u0300te a\u0300 sa fac\u0327on. Et cet emballement inconditionnel, a\u0300 tort ou a\u0300 raison, de certains Togolais et Africains pour les pays de l \u0301AES et le suppose\u0301 panafricanisme a pour conse\u0301quence directe que des chefs d \u0301e\u0301tats comme Alassane Ouattara et Patrice Talon, entre autres, ayant encore des liens privile\u0301gie\u0301s avec la France, soient traite\u0301s de parias. Tout c\u0327a ajoute\u0301 a\u0300 la fourberie et a\u0300 la duplicite\u0301 du re\u0301gime togolais, qui veut e\u0302tre a\u0300 toutes les sauces et de\u0301tourner l \u0301attention sur la dramatique situation politique togolaise dont il est responsable, donne un cocktail explosif qui peut conduire a\u0300 ce qui est arrive\u0301 a\u0300 Cotonou il y a une semaine.<\/p>\n<p>Quant au chef des mutins, le leutenant-colonel Pascal Tigri, on apprend par Jeune Afrique qu \u0301il aurait pris la fuite et se serait re\u0301fugie\u0301 au Togo. Selon la me\u0302me source d \u0301information Pascal Tigri se trouverait dans le quartier Lome\u0301 2, dans l \u0301entourage direct du pouvoir togolais. Notre pays a-t-il quelque chose a\u0300 voir dans cette tentative de coup d \u0301e\u0301tat au Be\u0301nin, surtout que Faure Gnassingbe\u0301 et ses collaborateurs n \u0301ont ni envoye\u0301 des troupes dans le cadre de la CEDEAO comme l \u0301ont fait le Nigeria, la Co\u0302te d \u0301Ivoire et la Sierra Leone, ni condamne\u0301 la tentative de putsch? Pour beaucoup d \u0301observateurs, le ro\u0302le ambigu de Faure Gnassingbe\u0301 dans la sous-re\u0301gion, surtout dans ses relations avec les trois pays de l \u0301AES, avec la France et en me\u0302me temps avec la Russie interroge. En tout cas les autorite\u0301s be\u0301ninoises auraient e\u0301mis un mandat d \u0301arre\u0302t international contre le chef putschiste Tigri et attendent du re\u0301gime togolais qu \u0301il re\u0301agisse. Faure Gnassingbe\u0301 et son entourage vont-ils satisfaire a\u0300 la demande du re\u0301gime be\u0301ninois, ou sont-ils pre\u0302ts a\u0300 risquer une brouille avec nos voisins de l \u0301est? Les jours prochains nous situeront.<\/p>\n<p>Samari Tchadjobo<\/p>\n<p>Allemagne<\/p>\n<p class=\"ap-article-footer-note\">Retrouvez plus d\u2019actualit\u00e9s et d\u2019analyses sur <span class=\"ap-highlight-country\">Benin<\/span> sur le site <span class=\"ap-highlight-brand\">Africa Press<\/span><\/p>\n","protected":false},"excerpt":{"rendered":"<p>Africa-Press &#8211; Benin. Les comptes les plus actifs en soutien aux mutins provenaient de profils lie\u0301s aux pays de l\u2019AES. Une partie de l\u2019intox ayant circule\u0301 dans les jours suivants est ne\u0301e la\u0300. Cette hostilite\u0301 re\u0301pe\u0301te\u0301e traduit un agacement face aux performances du Be\u0301nin. Dans des E\u0301tats ou\u0300 l\u2019espace civique est verrouille\u0301 et ou\u0300 les [&hellip;]<\/p>\n","protected":false},"author":82,"featured_media":51604,"comment_status":"open","ping_status":"closed","sticky":false,"template":"","format":"standard","meta":{"footnotes":""},"categories":[7,10],"tags":[37,45,771],"class_list":["post-51605","post","type-post","status-publish","format-standard","has-post-thumbnail","hentry","category-dossiers","category-toutes-les-actualites","tag-afrique","tag-benin","tag-coup-detat-2"],"yoast_head":"<!-- This site is optimized with the Yoast SEO Premium plugin v26.1 (Yoast SEO v27.0) - https:\/\/yoast.com\/product\/yoast-seo-premium-wordpress\/ -->\n<title>Coup D&#039;\u00c9tat Au B\u00e9nin Et Manque De Rep\u00e8res Africains - B\u00e9nin<\/title>\n<meta name=\"description\" content=\"-article-header-tag&quot;&gt; Africa-Press - Benin. Les comptes les plus actifs en so ...\" \/>\n<meta name=\"robots\" content=\"index, follow, max-snippet:-1, max-image-preview:large, max-video-preview:-1\" \/>\n<link rel=\"canonical\" href=\"https:\/\/www.africa-press.net\/benin\/dossiers\/coup-detat-au-benin-et-manque-de-reperes-africains\" \/>\n<meta property=\"og:locale\" content=\"fr_FR\" \/>\n<meta property=\"og:type\" content=\"article\" \/>\n<meta property=\"og:title\" content=\"Coup D&#039;\u00c9tat Au B\u00e9nin Et Manque De Rep\u00e8res Africains\" \/>\n<meta property=\"og:description\" content=\"-article-header-tag&quot;&gt; Africa-Press - Benin. Les comptes les plus actifs en so ...\" \/>\n<meta property=\"og:url\" content=\"https:\/\/www.africa-press.net\/benin\/dossiers\/coup-detat-au-benin-et-manque-de-reperes-africains\" \/>\n<meta property=\"og:site_name\" content=\"B\u00e9nin\" \/>\n<meta property=\"article:published_time\" content=\"2025-12-15T23:34:56+00:00\" \/>\n<meta property=\"article:modified_time\" content=\"2025-12-16T01:02:00+00:00\" \/>\n<meta property=\"og:image\" content=\"https:\/\/static.africa-press.net\/benin\/sites\/46\/2025\/12\/sm_1765843021.462213.jpg\" \/>\n\t<meta property=\"og:image:width\" content=\"720\" \/>\n\t<meta property=\"og:image:height\" content=\"411\" \/>\n\t<meta property=\"og:image:type\" content=\"image\/jpeg\" \/>\n<meta name=\"author\" content=\"cfeditorfr\" \/>\n<meta name=\"twitter:card\" content=\"summary_large_image\" \/>\n<meta name=\"twitter:label1\" content=\"\u00c9crit par\" \/>\n\t<meta name=\"twitter:data1\" content=\"cfeditorfr\" \/>\n\t<meta name=\"twitter:label2\" content=\"Dur\u00e9e de lecture estim\u00e9e\" \/>\n\t<meta name=\"twitter:data2\" content=\"6 minutes\" \/>\n<script type=\"application\/ld+json\" class=\"yoast-schema-graph\">{\"@context\":\"https:\/\/schema.org\",\"@graph\":[{\"@type\":\"Article\",\"@id\":\"https:\/\/www.africa-press.net\/benin\/dossiers\/coup-detat-au-benin-et-manque-de-reperes-africains#article\",\"isPartOf\":{\"@id\":\"https:\/\/www.africa-press.net\/benin\/dossiers\/coup-detat-au-benin-et-manque-de-reperes-africains\"},\"author\":{\"name\":\"cfeditorfr\",\"@id\":\"https:\/\/www.africa-press.net\/benin\/#\/schema\/person\/2b1cf3cd81a31e3cd26889ca66d677f1\"},\"headline\":\"Coup D&rsquo;\u00c9tat Au B\u00e9nin Et Manque De Rep\u00e8res Africains\",\"datePublished\":\"2025-12-15T23:34:56+00:00\",\"dateModified\":\"2025-12-16T01:02:00+00:00\",\"mainEntityOfPage\":{\"@id\":\"https:\/\/www.africa-press.net\/benin\/dossiers\/coup-detat-au-benin-et-manque-de-reperes-africains\"},\"wordCount\":1283,\"commentCount\":0,\"image\":{\"@id\":\"https:\/\/www.africa-press.net\/benin\/dossiers\/coup-detat-au-benin-et-manque-de-reperes-africains#primaryimage\"},\"thumbnailUrl\":\"https:\/\/static.africa-press.net\/benin\/sites\/46\/2025\/12\/sm_1765843021.462213.jpg\",\"keywords\":[\"Afrique\",\"B\u00e9nin\",\"coup d'\u00e9tat\"],\"articleSection\":[\"Dossiers\",\"Toutes les actualit\u00e9s\"],\"inLanguage\":\"fr-FR\",\"potentialAction\":[{\"@type\":\"CommentAction\",\"name\":\"Comment\",\"target\":[\"https:\/\/www.africa-press.net\/benin\/dossiers\/coup-detat-au-benin-et-manque-de-reperes-africains#respond\"]}]},{\"@type\":\"WebPage\",\"@id\":\"https:\/\/www.africa-press.net\/benin\/dossiers\/coup-detat-au-benin-et-manque-de-reperes-africains\",\"url\":\"https:\/\/www.africa-press.net\/benin\/dossiers\/coup-detat-au-benin-et-manque-de-reperes-africains\",\"name\":\"Coup D'\u00c9tat Au B\u00e9nin Et Manque De Rep\u00e8res Africains - B\u00e9nin\",\"isPartOf\":{\"@id\":\"https:\/\/www.africa-press.net\/benin\/#website\"},\"primaryImageOfPage\":{\"@id\":\"https:\/\/www.africa-press.net\/benin\/dossiers\/coup-detat-au-benin-et-manque-de-reperes-africains#primaryimage\"},\"image\":{\"@id\":\"https:\/\/www.africa-press.net\/benin\/dossiers\/coup-detat-au-benin-et-manque-de-reperes-africains#primaryimage\"},\"thumbnailUrl\":\"https:\/\/static.africa-press.net\/benin\/sites\/46\/2025\/12\/sm_1765843021.462213.jpg\",\"datePublished\":\"2025-12-15T23:34:56+00:00\",\"dateModified\":\"2025-12-16T01:02:00+00:00\",\"author\":{\"@id\":\"https:\/\/www.africa-press.net\/benin\/#\/schema\/person\/2b1cf3cd81a31e3cd26889ca66d677f1\"},\"description\":\"-article-header-tag\\\"> Africa-Press - Benin. Les comptes les plus actifs en so ...\",\"breadcrumb\":{\"@id\":\"https:\/\/www.africa-press.net\/benin\/dossiers\/coup-detat-au-benin-et-manque-de-reperes-africains#breadcrumb\"},\"inLanguage\":\"fr-FR\",\"potentialAction\":[{\"@type\":\"ReadAction\",\"target\":[\"https:\/\/www.africa-press.net\/benin\/dossiers\/coup-detat-au-benin-et-manque-de-reperes-africains\"]}]},{\"@type\":\"ImageObject\",\"inLanguage\":\"fr-FR\",\"@id\":\"https:\/\/www.africa-press.net\/benin\/dossiers\/coup-detat-au-benin-et-manque-de-reperes-africains#primaryimage\",\"url\":\"https:\/\/static.africa-press.net\/benin\/sites\/46\/2025\/12\/sm_1765843021.462213.jpg\",\"contentUrl\":\"https:\/\/static.africa-press.net\/benin\/sites\/46\/2025\/12\/sm_1765843021.462213.jpg\",\"width\":720,\"height\":411,\"caption\":\"Coup D'\u00c9tat Au B\u00e9nin Et Manque De Rep\u00e8res Africains\"},{\"@type\":\"BreadcrumbList\",\"@id\":\"https:\/\/www.africa-press.net\/benin\/dossiers\/coup-detat-au-benin-et-manque-de-reperes-africains#breadcrumb\",\"itemListElement\":[{\"@type\":\"ListItem\",\"position\":1,\"name\":\"Accueil\",\"item\":\"https:\/\/www.africa-press.net\/benin\/\"},{\"@type\":\"ListItem\",\"position\":2,\"name\":\"Coup D&#8217;\u00c9tat Au B\u00e9nin Et Manque De Rep\u00e8res Africains\"}]},{\"@type\":\"WebSite\",\"@id\":\"https:\/\/www.africa-press.net\/benin\/#website\",\"url\":\"https:\/\/www.africa-press.net\/benin\/\",\"name\":\"B\u00e9nin\",\"description\":\"Just another Africa News Agency Sites site\",\"potentialAction\":[{\"@type\":\"SearchAction\",\"target\":{\"@type\":\"EntryPoint\",\"urlTemplate\":\"https:\/\/www.africa-press.net\/benin\/?s={search_term_string}\"},\"query-input\":{\"@type\":\"PropertyValueSpecification\",\"valueRequired\":true,\"valueName\":\"search_term_string\"}}],\"inLanguage\":\"fr-FR\"},{\"@type\":\"Person\",\"@id\":\"https:\/\/www.africa-press.net\/benin\/#\/schema\/person\/2b1cf3cd81a31e3cd26889ca66d677f1\",\"name\":\"cfeditorfr\"}]}<\/script>\n<!-- \/ Yoast SEO Premium plugin. -->","yoast_head_json":{"title":"Coup D'\u00c9tat Au B\u00e9nin Et Manque De Rep\u00e8res Africains - B\u00e9nin","description":"-article-header-tag\"> Africa-Press - Benin. Les comptes les plus actifs en so ...","robots":{"index":"index","follow":"follow","max-snippet":"max-snippet:-1","max-image-preview":"max-image-preview:large","max-video-preview":"max-video-preview:-1"},"canonical":"https:\/\/www.africa-press.net\/benin\/dossiers\/coup-detat-au-benin-et-manque-de-reperes-africains","og_locale":"fr_FR","og_type":"article","og_title":"Coup D'\u00c9tat Au B\u00e9nin Et Manque De Rep\u00e8res Africains","og_description":"-article-header-tag\"> Africa-Press - Benin. Les comptes les plus actifs en so ...","og_url":"https:\/\/www.africa-press.net\/benin\/dossiers\/coup-detat-au-benin-et-manque-de-reperes-africains","og_site_name":"B\u00e9nin","article_published_time":"2025-12-15T23:34:56+00:00","article_modified_time":"2025-12-16T01:02:00+00:00","og_image":[{"width":720,"height":411,"url":"https:\/\/static.africa-press.net\/benin\/sites\/46\/2025\/12\/sm_1765843021.462213.jpg","type":"image\/jpeg"}],"author":"cfeditorfr","twitter_card":"summary_large_image","twitter_misc":{"\u00c9crit par":"cfeditorfr","Dur\u00e9e de lecture estim\u00e9e":"6 minutes"},"schema":{"@context":"https:\/\/schema.org","@graph":[{"@type":"Article","@id":"https:\/\/www.africa-press.net\/benin\/dossiers\/coup-detat-au-benin-et-manque-de-reperes-africains#article","isPartOf":{"@id":"https:\/\/www.africa-press.net\/benin\/dossiers\/coup-detat-au-benin-et-manque-de-reperes-africains"},"author":{"name":"cfeditorfr","@id":"https:\/\/www.africa-press.net\/benin\/#\/schema\/person\/2b1cf3cd81a31e3cd26889ca66d677f1"},"headline":"Coup D&rsquo;\u00c9tat Au B\u00e9nin Et Manque De Rep\u00e8res Africains","datePublished":"2025-12-15T23:34:56+00:00","dateModified":"2025-12-16T01:02:00+00:00","mainEntityOfPage":{"@id":"https:\/\/www.africa-press.net\/benin\/dossiers\/coup-detat-au-benin-et-manque-de-reperes-africains"},"wordCount":1283,"commentCount":0,"image":{"@id":"https:\/\/www.africa-press.net\/benin\/dossiers\/coup-detat-au-benin-et-manque-de-reperes-africains#primaryimage"},"thumbnailUrl":"https:\/\/static.africa-press.net\/benin\/sites\/46\/2025\/12\/sm_1765843021.462213.jpg","keywords":["Afrique","B\u00e9nin","coup d'\u00e9tat"],"articleSection":["Dossiers","Toutes les actualit\u00e9s"],"inLanguage":"fr-FR","potentialAction":[{"@type":"CommentAction","name":"Comment","target":["https:\/\/www.africa-press.net\/benin\/dossiers\/coup-detat-au-benin-et-manque-de-reperes-africains#respond"]}]},{"@type":"WebPage","@id":"https:\/\/www.africa-press.net\/benin\/dossiers\/coup-detat-au-benin-et-manque-de-reperes-africains","url":"https:\/\/www.africa-press.net\/benin\/dossiers\/coup-detat-au-benin-et-manque-de-reperes-africains","name":"Coup D'\u00c9tat Au B\u00e9nin Et Manque De Rep\u00e8res Africains - B\u00e9nin","isPartOf":{"@id":"https:\/\/www.africa-press.net\/benin\/#website"},"primaryImageOfPage":{"@id":"https:\/\/www.africa-press.net\/benin\/dossiers\/coup-detat-au-benin-et-manque-de-reperes-africains#primaryimage"},"image":{"@id":"https:\/\/www.africa-press.net\/benin\/dossiers\/coup-detat-au-benin-et-manque-de-reperes-africains#primaryimage"},"thumbnailUrl":"https:\/\/static.africa-press.net\/benin\/sites\/46\/2025\/12\/sm_1765843021.462213.jpg","datePublished":"2025-12-15T23:34:56+00:00","dateModified":"2025-12-16T01:02:00+00:00","author":{"@id":"https:\/\/www.africa-press.net\/benin\/#\/schema\/person\/2b1cf3cd81a31e3cd26889ca66d677f1"},"description":"-article-header-tag\"> Africa-Press - Benin. Les comptes les plus actifs en so ...","breadcrumb":{"@id":"https:\/\/www.africa-press.net\/benin\/dossiers\/coup-detat-au-benin-et-manque-de-reperes-africains#breadcrumb"},"inLanguage":"fr-FR","potentialAction":[{"@type":"ReadAction","target":["https:\/\/www.africa-press.net\/benin\/dossiers\/coup-detat-au-benin-et-manque-de-reperes-africains"]}]},{"@type":"ImageObject","inLanguage":"fr-FR","@id":"https:\/\/www.africa-press.net\/benin\/dossiers\/coup-detat-au-benin-et-manque-de-reperes-africains#primaryimage","url":"https:\/\/static.africa-press.net\/benin\/sites\/46\/2025\/12\/sm_1765843021.462213.jpg","contentUrl":"https:\/\/static.africa-press.net\/benin\/sites\/46\/2025\/12\/sm_1765843021.462213.jpg","width":720,"height":411,"caption":"Coup D'\u00c9tat Au B\u00e9nin Et Manque De Rep\u00e8res Africains"},{"@type":"BreadcrumbList","@id":"https:\/\/www.africa-press.net\/benin\/dossiers\/coup-detat-au-benin-et-manque-de-reperes-africains#breadcrumb","itemListElement":[{"@type":"ListItem","position":1,"name":"Accueil","item":"https:\/\/www.africa-press.net\/benin\/"},{"@type":"ListItem","position":2,"name":"Coup D&#8217;\u00c9tat Au B\u00e9nin Et Manque De Rep\u00e8res Africains"}]},{"@type":"WebSite","@id":"https:\/\/www.africa-press.net\/benin\/#website","url":"https:\/\/www.africa-press.net\/benin\/","name":"B\u00e9nin","description":"Just another Africa News Agency Sites site","potentialAction":[{"@type":"SearchAction","target":{"@type":"EntryPoint","urlTemplate":"https:\/\/www.africa-press.net\/benin\/?s={search_term_string}"},"query-input":{"@type":"PropertyValueSpecification","valueRequired":true,"valueName":"search_term_string"}}],"inLanguage":"fr-FR"},{"@type":"Person","@id":"https:\/\/www.africa-press.net\/benin\/#\/schema\/person\/2b1cf3cd81a31e3cd26889ca66d677f1","name":"cfeditorfr"}]}},"_links":{"self":[{"href":"https:\/\/www.africa-press.net\/benin\/wp-json\/wp\/v2\/posts\/51605","targetHints":{"allow":["GET"]}}],"collection":[{"href":"https:\/\/www.africa-press.net\/benin\/wp-json\/wp\/v2\/posts"}],"about":[{"href":"https:\/\/www.africa-press.net\/benin\/wp-json\/wp\/v2\/types\/post"}],"author":[{"embeddable":true,"href":"https:\/\/www.africa-press.net\/benin\/wp-json\/wp\/v2\/users\/82"}],"replies":[{"embeddable":true,"href":"https:\/\/www.africa-press.net\/benin\/wp-json\/wp\/v2\/comments?post=51605"}],"version-history":[{"count":0,"href":"https:\/\/www.africa-press.net\/benin\/wp-json\/wp\/v2\/posts\/51605\/revisions"}],"wp:featuredmedia":[{"embeddable":true,"href":"https:\/\/www.africa-press.net\/benin\/wp-json\/wp\/v2\/media\/51604"}],"wp:attachment":[{"href":"https:\/\/www.africa-press.net\/benin\/wp-json\/wp\/v2\/media?parent=51605"}],"wp:term":[{"taxonomy":"category","embeddable":true,"href":"https:\/\/www.africa-press.net\/benin\/wp-json\/wp\/v2\/categories?post=51605"},{"taxonomy":"post_tag","embeddable":true,"href":"https:\/\/www.africa-press.net\/benin\/wp-json\/wp\/v2\/tags?post=51605"}],"curies":[{"name":"wp","href":"https:\/\/api.w.org\/{rel}","templated":true}]}}