{"id":52783,"date":"2026-01-22T18:11:29","date_gmt":"2026-01-22T18:11:29","guid":{"rendered":"https:\/\/www.africa-press.net\/benin\/politique\/vodun-days-2026-succes-salue-par-le-gouvernement"},"modified":"2026-01-22T18:48:00","modified_gmt":"2026-01-22T18:48:00","slug":"vodun-days-2026-succes-salue-par-le-gouvernement","status":"publish","type":"post","link":"https:\/\/www.africa-press.net\/benin\/culture-et-art\/vodun-days-2026-succes-salue-par-le-gouvernement","title":{"rendered":"Vodun Days 2026: Succ\u00e8s Salu\u00e9 par le Gouvernement"},"content":{"rendered":"<p><span class=\"ap-article-header-tag\"> <strong>Africa-Press &#8211; Benin. <\/strong> <\/span>Le gouvernement be\u0301ninois a dresse\u0301 un bilan positif de l\u2019e\u0301dition 2026 du festival Vodun Days, saluant l\u2019organisation, la participation et l\u2019impact culturel de cette manifestation, qui s\u2019est tenue re\u0301cemment a\u0300 Ouidah.<\/p>\n<p>Dans une de\u0301claration faite en marge du conseil des ministres du mercredi 21 janvier, le porte parole du gouvernement, Le\u0301andre Wilfried Houngbedji a estime\u0301 que \u00ab beaucoup a e\u0301te\u0301 accompli et que l\u2019e\u0301dition 2026 a surpasse\u0301 celle de l\u2019anne\u0301e dernie\u0300re \u00bb en termes de pre\u0301paration, de contenu et d\u2019affluence.<\/p>\n<p>Le gouvernement a particulie\u0300rement souligne\u0301 l\u2019importance de cet e\u0301ve\u0301nement dans la valorisation de la culture be\u0301ninoise, ainsi que son ro\u0302le dans la promotion du tourisme culturel durable. A\u0300 cet e\u0301gard, Vodun Days est perc\u0327u comme un outil strate\u0301gique de rayonnement international, contribuant a\u0300 renforcer l\u2019attractivite\u0301 du Be\u0301nin en tant que destination culturelle.<\/p>\n<p>Les retombe\u0301es e\u0301conomiques directes et indirectes du festival ont e\u0301galement e\u0301te\u0301 mises en avant par les autorite\u0301s, notamment en ce qui concerne l\u2019ho\u0302tellerie, la restauration, l\u2019artisanat et les services lie\u0301s a\u0300 l\u2019e\u0301ve\u0301nementiel. Le gouvernement a salue\u0301 l\u2019engagement des acteurs locaux et des partenaires institutionnels, qui ont travaille\u0301 a\u0300 la re\u0301ussite de cette manifestation.<\/p>\n<p>Selon les responsables, l\u2019e\u0301dition 2026 refle\u0300te une mai\u0302trise accrue des aspects logistiques et organisationnels, traduisant une expe\u0301rience accumule\u0301e et une ame\u0301lioration continue dans la gestion des grands e\u0301ve\u0301nements culturels.<\/p>\n<p class=\"ap-article-footer-note\">Retrouvez plus d\u2019actualit\u00e9s et d\u2019analyses sur <span class=\"ap-highlight-country\">Benin<\/span> sur le site <span class=\"ap-highlight-brand\">Africa Press<\/span><\/p>\n","protected":false},"excerpt":{"rendered":"<p>Africa-Press &#8211; Benin. Le gouvernement be\u0301ninois a dresse\u0301 un bilan positif de l\u2019e\u0301dition 2026 du festival Vodun Days, saluant l\u2019organisation, la participation et l\u2019impact culturel de cette manifestation, qui s\u2019est tenue re\u0301cemment a\u0300 Ouidah. Dans une de\u0301claration faite en marge du conseil des ministres du mercredi 21 janvier, le porte parole du gouvernement, Le\u0301andre Wilfried [&hellip;]<\/p>\n","protected":false},"author":82,"featured_media":52782,"comment_status":"open","ping_status":"closed","sticky":false,"template":"","format":"standard","meta":{"footnotes":""},"categories":[21,5,10],"tags":[45],"class_list":["post-52783","post","type-post","status-publish","format-standard","has-post-thumbnail","hentry","category-communaute","category-culture-et-art","category-toutes-les-actualites","tag-benin"],"yoast_head":"<!-- This site is optimized with the Yoast SEO Premium plugin v26.1 (Yoast SEO v27.0) - https:\/\/yoast.com\/product\/yoast-seo-premium-wordpress\/ -->\n<title>Vodun Days 2026: Succ\u00e8s Salu\u00e9 par le Gouvernement - B\u00e9nin<\/title>\n<meta name=\"description\" content=\"-article-header-tag&quot;&gt; Africa-Press - Benin. Le gouvernement be\u0301ninois a dress ...\" \/>\n<meta name=\"robots\" content=\"index, follow, max-snippet:-1, max-image-preview:large, max-video-preview:-1\" \/>\n<link rel=\"canonical\" href=\"https:\/\/www.africa-press.net\/benin\/culture-et-art\/vodun-days-2026-succes-salue-par-le-gouvernement\" \/>\n<meta property=\"og:locale\" content=\"fr_FR\" \/>\n<meta property=\"og:type\" content=\"article\" \/>\n<meta property=\"og:title\" content=\"Vodun Days 2026: Succ\u00e8s Salu\u00e9 par le Gouvernement\" \/>\n<meta property=\"og:description\" content=\"-article-header-tag&quot;&gt; Africa-Press - Benin. Le gouvernement be\u0301ninois a dress ...\" \/>\n<meta property=\"og:url\" content=\"https:\/\/www.africa-press.net\/benin\/culture-et-art\/vodun-days-2026-succes-salue-par-le-gouvernement\" \/>\n<meta property=\"og:site_name\" content=\"B\u00e9nin\" \/>\n<meta property=\"article:published_time\" content=\"2026-01-22T18:11:29+00:00\" \/>\n<meta property=\"article:modified_time\" content=\"2026-01-22T18:48:00+00:00\" \/>\n<meta property=\"og:image\" content=\"https:\/\/static.africa-press.net\/benin\/sites\/46\/2026\/01\/sm_1769107142.695762.jpg\" \/>\n\t<meta property=\"og:image:width\" content=\"1300\" \/>\n\t<meta property=\"og:image:height\" content=\"728\" \/>\n\t<meta property=\"og:image:type\" content=\"image\/jpeg\" \/>\n<meta name=\"author\" content=\"cfeditorfr\" \/>\n<meta name=\"twitter:card\" content=\"summary_large_image\" \/>\n<meta name=\"twitter:label1\" content=\"\u00c9crit par\" \/>\n\t<meta name=\"twitter:data1\" content=\"cfeditorfr\" \/>\n\t<meta name=\"twitter:label2\" content=\"Dur\u00e9e de lecture estim\u00e9e\" \/>\n\t<meta name=\"twitter:data2\" content=\"2 minutes\" \/>\n<script type=\"application\/ld+json\" class=\"yoast-schema-graph\">{\"@context\":\"https:\/\/schema.org\",\"@graph\":[{\"@type\":\"Article\",\"@id\":\"https:\/\/www.africa-press.net\/benin\/culture-et-art\/vodun-days-2026-succes-salue-par-le-gouvernement#article\",\"isPartOf\":{\"@id\":\"https:\/\/www.africa-press.net\/benin\/culture-et-art\/vodun-days-2026-succes-salue-par-le-gouvernement\"},\"author\":{\"name\":\"cfeditorfr\",\"@id\":\"https:\/\/www.africa-press.net\/benin\/#\/schema\/person\/2b1cf3cd81a31e3cd26889ca66d677f1\"},\"headline\":\"Vodun Days 2026: Succ\u00e8s Salu\u00e9 par le Gouvernement\",\"datePublished\":\"2026-01-22T18:11:29+00:00\",\"dateModified\":\"2026-01-22T18:48:00+00:00\",\"mainEntityOfPage\":{\"@id\":\"https:\/\/www.africa-press.net\/benin\/culture-et-art\/vodun-days-2026-succes-salue-par-le-gouvernement\"},\"wordCount\":285,\"commentCount\":0,\"image\":{\"@id\":\"https:\/\/www.africa-press.net\/benin\/culture-et-art\/vodun-days-2026-succes-salue-par-le-gouvernement#primaryimage\"},\"thumbnailUrl\":\"https:\/\/static.africa-press.net\/benin\/sites\/46\/2026\/01\/sm_1769107142.695762.jpg\",\"keywords\":[\"B\u00e9nin\"],\"articleSection\":[\"Communaut\u00e9\",\"Culture et Art\",\"Toutes les actualit\u00e9s\"],\"inLanguage\":\"fr-FR\",\"potentialAction\":[{\"@type\":\"CommentAction\",\"name\":\"Comment\",\"target\":[\"https:\/\/www.africa-press.net\/benin\/culture-et-art\/vodun-days-2026-succes-salue-par-le-gouvernement#respond\"]}]},{\"@type\":\"WebPage\",\"@id\":\"https:\/\/www.africa-press.net\/benin\/culture-et-art\/vodun-days-2026-succes-salue-par-le-gouvernement\",\"url\":\"https:\/\/www.africa-press.net\/benin\/culture-et-art\/vodun-days-2026-succes-salue-par-le-gouvernement\",\"name\":\"Vodun Days 2026: Succ\u00e8s Salu\u00e9 par le Gouvernement - B\u00e9nin\",\"isPartOf\":{\"@id\":\"https:\/\/www.africa-press.net\/benin\/#website\"},\"primaryImageOfPage\":{\"@id\":\"https:\/\/www.africa-press.net\/benin\/culture-et-art\/vodun-days-2026-succes-salue-par-le-gouvernement#primaryimage\"},\"image\":{\"@id\":\"https:\/\/www.africa-press.net\/benin\/culture-et-art\/vodun-days-2026-succes-salue-par-le-gouvernement#primaryimage\"},\"thumbnailUrl\":\"https:\/\/static.africa-press.net\/benin\/sites\/46\/2026\/01\/sm_1769107142.695762.jpg\",\"datePublished\":\"2026-01-22T18:11:29+00:00\",\"dateModified\":\"2026-01-22T18:48:00+00:00\",\"author\":{\"@id\":\"https:\/\/www.africa-press.net\/benin\/#\/schema\/person\/2b1cf3cd81a31e3cd26889ca66d677f1\"},\"description\":\"-article-header-tag\\\"> Africa-Press - Benin. Le gouvernement be\u0301ninois a dress ...\",\"breadcrumb\":{\"@id\":\"https:\/\/www.africa-press.net\/benin\/culture-et-art\/vodun-days-2026-succes-salue-par-le-gouvernement#breadcrumb\"},\"inLanguage\":\"fr-FR\",\"potentialAction\":[{\"@type\":\"ReadAction\",\"target\":[\"https:\/\/www.africa-press.net\/benin\/culture-et-art\/vodun-days-2026-succes-salue-par-le-gouvernement\"]}]},{\"@type\":\"ImageObject\",\"inLanguage\":\"fr-FR\",\"@id\":\"https:\/\/www.africa-press.net\/benin\/culture-et-art\/vodun-days-2026-succes-salue-par-le-gouvernement#primaryimage\",\"url\":\"https:\/\/static.africa-press.net\/benin\/sites\/46\/2026\/01\/sm_1769107142.695762.jpg\",\"contentUrl\":\"https:\/\/static.africa-press.net\/benin\/sites\/46\/2026\/01\/sm_1769107142.695762.jpg\",\"width\":1300,\"height\":728,\"caption\":\"Vodun Days 2026: Succ\u00e8s Salu\u00e9 par le Gouvernement\"},{\"@type\":\"BreadcrumbList\",\"@id\":\"https:\/\/www.africa-press.net\/benin\/culture-et-art\/vodun-days-2026-succes-salue-par-le-gouvernement#breadcrumb\",\"itemListElement\":[{\"@type\":\"ListItem\",\"position\":1,\"name\":\"Accueil\",\"item\":\"https:\/\/www.africa-press.net\/benin\/\"},{\"@type\":\"ListItem\",\"position\":2,\"name\":\"Vodun Days 2026: Succ\u00e8s Salu\u00e9 par le Gouvernement\"}]},{\"@type\":\"WebSite\",\"@id\":\"https:\/\/www.africa-press.net\/benin\/#website\",\"url\":\"https:\/\/www.africa-press.net\/benin\/\",\"name\":\"B\u00e9nin\",\"description\":\"Just another Africa News Agency Sites site\",\"potentialAction\":[{\"@type\":\"SearchAction\",\"target\":{\"@type\":\"EntryPoint\",\"urlTemplate\":\"https:\/\/www.africa-press.net\/benin\/?s={search_term_string}\"},\"query-input\":{\"@type\":\"PropertyValueSpecification\",\"valueRequired\":true,\"valueName\":\"search_term_string\"}}],\"inLanguage\":\"fr-FR\"},{\"@type\":\"Person\",\"@id\":\"https:\/\/www.africa-press.net\/benin\/#\/schema\/person\/2b1cf3cd81a31e3cd26889ca66d677f1\",\"name\":\"cfeditorfr\"}]}<\/script>\n<!-- \/ Yoast SEO Premium plugin. -->","yoast_head_json":{"title":"Vodun Days 2026: Succ\u00e8s Salu\u00e9 par le Gouvernement - B\u00e9nin","description":"-article-header-tag\"> Africa-Press - Benin. Le gouvernement be\u0301ninois a dress ...","robots":{"index":"index","follow":"follow","max-snippet":"max-snippet:-1","max-image-preview":"max-image-preview:large","max-video-preview":"max-video-preview:-1"},"canonical":"https:\/\/www.africa-press.net\/benin\/culture-et-art\/vodun-days-2026-succes-salue-par-le-gouvernement","og_locale":"fr_FR","og_type":"article","og_title":"Vodun Days 2026: Succ\u00e8s Salu\u00e9 par le Gouvernement","og_description":"-article-header-tag\"> Africa-Press - Benin. Le gouvernement be\u0301ninois a dress ...","og_url":"https:\/\/www.africa-press.net\/benin\/culture-et-art\/vodun-days-2026-succes-salue-par-le-gouvernement","og_site_name":"B\u00e9nin","article_published_time":"2026-01-22T18:11:29+00:00","article_modified_time":"2026-01-22T18:48:00+00:00","og_image":[{"width":1300,"height":728,"url":"https:\/\/static.africa-press.net\/benin\/sites\/46\/2026\/01\/sm_1769107142.695762.jpg","type":"image\/jpeg"}],"author":"cfeditorfr","twitter_card":"summary_large_image","twitter_misc":{"\u00c9crit par":"cfeditorfr","Dur\u00e9e de lecture estim\u00e9e":"2 minutes"},"schema":{"@context":"https:\/\/schema.org","@graph":[{"@type":"Article","@id":"https:\/\/www.africa-press.net\/benin\/culture-et-art\/vodun-days-2026-succes-salue-par-le-gouvernement#article","isPartOf":{"@id":"https:\/\/www.africa-press.net\/benin\/culture-et-art\/vodun-days-2026-succes-salue-par-le-gouvernement"},"author":{"name":"cfeditorfr","@id":"https:\/\/www.africa-press.net\/benin\/#\/schema\/person\/2b1cf3cd81a31e3cd26889ca66d677f1"},"headline":"Vodun Days 2026: Succ\u00e8s Salu\u00e9 par le Gouvernement","datePublished":"2026-01-22T18:11:29+00:00","dateModified":"2026-01-22T18:48:00+00:00","mainEntityOfPage":{"@id":"https:\/\/www.africa-press.net\/benin\/culture-et-art\/vodun-days-2026-succes-salue-par-le-gouvernement"},"wordCount":285,"commentCount":0,"image":{"@id":"https:\/\/www.africa-press.net\/benin\/culture-et-art\/vodun-days-2026-succes-salue-par-le-gouvernement#primaryimage"},"thumbnailUrl":"https:\/\/static.africa-press.net\/benin\/sites\/46\/2026\/01\/sm_1769107142.695762.jpg","keywords":["B\u00e9nin"],"articleSection":["Communaut\u00e9","Culture et Art","Toutes les actualit\u00e9s"],"inLanguage":"fr-FR","potentialAction":[{"@type":"CommentAction","name":"Comment","target":["https:\/\/www.africa-press.net\/benin\/culture-et-art\/vodun-days-2026-succes-salue-par-le-gouvernement#respond"]}]},{"@type":"WebPage","@id":"https:\/\/www.africa-press.net\/benin\/culture-et-art\/vodun-days-2026-succes-salue-par-le-gouvernement","url":"https:\/\/www.africa-press.net\/benin\/culture-et-art\/vodun-days-2026-succes-salue-par-le-gouvernement","name":"Vodun Days 2026: Succ\u00e8s Salu\u00e9 par le Gouvernement - B\u00e9nin","isPartOf":{"@id":"https:\/\/www.africa-press.net\/benin\/#website"},"primaryImageOfPage":{"@id":"https:\/\/www.africa-press.net\/benin\/culture-et-art\/vodun-days-2026-succes-salue-par-le-gouvernement#primaryimage"},"image":{"@id":"https:\/\/www.africa-press.net\/benin\/culture-et-art\/vodun-days-2026-succes-salue-par-le-gouvernement#primaryimage"},"thumbnailUrl":"https:\/\/static.africa-press.net\/benin\/sites\/46\/2026\/01\/sm_1769107142.695762.jpg","datePublished":"2026-01-22T18:11:29+00:00","dateModified":"2026-01-22T18:48:00+00:00","author":{"@id":"https:\/\/www.africa-press.net\/benin\/#\/schema\/person\/2b1cf3cd81a31e3cd26889ca66d677f1"},"description":"-article-header-tag\"> Africa-Press - Benin. Le gouvernement be\u0301ninois a dress ...","breadcrumb":{"@id":"https:\/\/www.africa-press.net\/benin\/culture-et-art\/vodun-days-2026-succes-salue-par-le-gouvernement#breadcrumb"},"inLanguage":"fr-FR","potentialAction":[{"@type":"ReadAction","target":["https:\/\/www.africa-press.net\/benin\/culture-et-art\/vodun-days-2026-succes-salue-par-le-gouvernement"]}]},{"@type":"ImageObject","inLanguage":"fr-FR","@id":"https:\/\/www.africa-press.net\/benin\/culture-et-art\/vodun-days-2026-succes-salue-par-le-gouvernement#primaryimage","url":"https:\/\/static.africa-press.net\/benin\/sites\/46\/2026\/01\/sm_1769107142.695762.jpg","contentUrl":"https:\/\/static.africa-press.net\/benin\/sites\/46\/2026\/01\/sm_1769107142.695762.jpg","width":1300,"height":728,"caption":"Vodun Days 2026: Succ\u00e8s Salu\u00e9 par le Gouvernement"},{"@type":"BreadcrumbList","@id":"https:\/\/www.africa-press.net\/benin\/culture-et-art\/vodun-days-2026-succes-salue-par-le-gouvernement#breadcrumb","itemListElement":[{"@type":"ListItem","position":1,"name":"Accueil","item":"https:\/\/www.africa-press.net\/benin\/"},{"@type":"ListItem","position":2,"name":"Vodun Days 2026: Succ\u00e8s Salu\u00e9 par le Gouvernement"}]},{"@type":"WebSite","@id":"https:\/\/www.africa-press.net\/benin\/#website","url":"https:\/\/www.africa-press.net\/benin\/","name":"B\u00e9nin","description":"Just another Africa News Agency Sites site","potentialAction":[{"@type":"SearchAction","target":{"@type":"EntryPoint","urlTemplate":"https:\/\/www.africa-press.net\/benin\/?s={search_term_string}"},"query-input":{"@type":"PropertyValueSpecification","valueRequired":true,"valueName":"search_term_string"}}],"inLanguage":"fr-FR"},{"@type":"Person","@id":"https:\/\/www.africa-press.net\/benin\/#\/schema\/person\/2b1cf3cd81a31e3cd26889ca66d677f1","name":"cfeditorfr"}]}},"_links":{"self":[{"href":"https:\/\/www.africa-press.net\/benin\/wp-json\/wp\/v2\/posts\/52783","targetHints":{"allow":["GET"]}}],"collection":[{"href":"https:\/\/www.africa-press.net\/benin\/wp-json\/wp\/v2\/posts"}],"about":[{"href":"https:\/\/www.africa-press.net\/benin\/wp-json\/wp\/v2\/types\/post"}],"author":[{"embeddable":true,"href":"https:\/\/www.africa-press.net\/benin\/wp-json\/wp\/v2\/users\/82"}],"replies":[{"embeddable":true,"href":"https:\/\/www.africa-press.net\/benin\/wp-json\/wp\/v2\/comments?post=52783"}],"version-history":[{"count":0,"href":"https:\/\/www.africa-press.net\/benin\/wp-json\/wp\/v2\/posts\/52783\/revisions"}],"wp:featuredmedia":[{"embeddable":true,"href":"https:\/\/www.africa-press.net\/benin\/wp-json\/wp\/v2\/media\/52782"}],"wp:attachment":[{"href":"https:\/\/www.africa-press.net\/benin\/wp-json\/wp\/v2\/media?parent=52783"}],"wp:term":[{"taxonomy":"category","embeddable":true,"href":"https:\/\/www.africa-press.net\/benin\/wp-json\/wp\/v2\/categories?post=52783"},{"taxonomy":"post_tag","embeddable":true,"href":"https:\/\/www.africa-press.net\/benin\/wp-json\/wp\/v2\/tags?post=52783"}],"curies":[{"name":"wp","href":"https:\/\/api.w.org\/{rel}","templated":true}]}}