{"id":52839,"date":"2026-01-23T17:24:55","date_gmt":"2026-01-23T17:24:55","guid":{"rendered":"https:\/\/www.africa-press.net\/benin\/politique\/portrait-du-prochain-president-du-benin-selon-les-religieux"},"modified":"2026-01-23T18:11:56","modified_gmt":"2026-01-23T18:11:56","slug":"portrait-du-prochain-president-du-benin-selon-les-religieux","status":"publish","type":"post","link":"https:\/\/www.africa-press.net\/benin\/politique\/portrait-du-prochain-president-du-benin-selon-les-religieux","title":{"rendered":"Portrait Du Prochain Pr\u00e9sident Du B\u00e9nin Selon Les Religieux"},"content":{"rendered":"<p><span class=\"ap-article-header-tag\"> <strong>Africa-Press &#8211; Benin. <\/strong> <\/span>Le Cadre de concertation des confessions religieuses (CCCR) a publie\u0301 une liste de 14 crite\u0300res de\u0301finissant le profil souhaite\u0301 pour le futur pre\u0301sident de la Re\u0301publique du Be\u0301nin, dans le contexte de la prochaine e\u0301lection pre\u0301sidentielle pre\u0301vue en avril 2026.<\/p>\n<p>Ce cadre, regroupant des responsa\u00adbles de diverses confessions religieuses, a e\u0301labore\u0301 ce portrait-robot comme une contribution a\u0300 la re\u0301flexion nationale sur les qualite\u0301s que devrait re\u0301unir le chef de l\u2019E\u0301tat a\u0300 l\u2019issue du scrutin.<\/p>\n<p>Parmi les e\u0301le\u0301ments mis en avant par le CCCR figurent des valeurs morales, e\u0301thiques et spirituelles, ainsi que des compe\u0301tences de gestion et de leadership juge\u0301es essentielles pour assurer la cohe\u0301sion sociale, la stabilite\u0301 institutionnelle et le de\u0301veloppement du pays: ces traits incluent, entre autres, l\u2019inte\u0301grite\u0301 personnelle, le respect de la dignite\u0301 humaine, la capacite\u0301 a\u0300 rassembler, l\u2019engagement pour la paix, la tole\u0301rance religieuse et la compre\u0301hension des enjeux nationaux et internationaux.<\/p>\n<p>Le CCCR insiste e\u0301galement sur l\u2019importance du respect de la Constitution et des institutions de\u0301mocratiques, ainsi que sur la ne\u0301cessite\u0301 qu\u2019un futur pre\u0301sident soit perc\u0327u comme un garant de l\u2019unite\u0301 nationale et de la se\u0301re\u0301nite\u0301 sociale dans un contexte politique marque\u0301 par des transitions importantes apre\u0300s les e\u0301lections ge\u0301ne\u0301rales de 2026.<\/p>\n<p>Ce portrait-robot intervient dans un climat ou\u0300 plusieurs acteurs de la socie\u0301te\u0301 civile plaident pour une pre\u0301sidentielle apaise\u0301e et centre\u0301e sur la cohe\u0301sion sociale.<\/p>\n<p class=\"ap-article-footer-note\">Retrouvez plus d\u2019actualit\u00e9s et d\u2019analyses sur <span class=\"ap-highlight-country\">Benin<\/span> sur le site <span class=\"ap-highlight-brand\">Africa Press<\/span><\/p>\n","protected":false},"excerpt":{"rendered":"<p>Africa-Press &#8211; Benin. Le Cadre de concertation des confessions religieuses (CCCR) a publie\u0301 une liste de 14 crite\u0300res de\u0301finissant le profil souhaite\u0301 pour le futur pre\u0301sident de la Re\u0301publique du Be\u0301nin, dans le contexte de la prochaine e\u0301lection pre\u0301sidentielle pre\u0301vue en avril 2026. Ce cadre, regroupant des responsa\u00adbles de diverses confessions religieuses, a e\u0301labore\u0301 ce [&hellip;]<\/p>\n","protected":false},"author":82,"featured_media":52838,"comment_status":"open","ping_status":"closed","sticky":false,"template":"","format":"standard","meta":{"footnotes":""},"categories":[7,2,20,10],"tags":[45],"class_list":["post-52839","post","type-post","status-publish","format-standard","has-post-thumbnail","hentry","category-dossiers","category-politique","category-top-nouvelles","category-toutes-les-actualites","tag-benin"],"yoast_head":"<!-- This site is optimized with the Yoast SEO Premium plugin v26.1 (Yoast SEO v27.0) - https:\/\/yoast.com\/product\/yoast-seo-premium-wordpress\/ -->\n<title>Portrait Du Prochain Pr\u00e9sident Du B\u00e9nin Selon Les Religieux - B\u00e9nin<\/title>\n<meta name=\"description\" content=\"-article-header-tag&quot;&gt; Africa-Press - Benin. Le Cadre de concertation des conf ...\" \/>\n<meta name=\"robots\" content=\"index, follow, max-snippet:-1, max-image-preview:large, max-video-preview:-1\" \/>\n<link rel=\"canonical\" href=\"https:\/\/www.africa-press.net\/benin\/politique\/portrait-du-prochain-president-du-benin-selon-les-religieux\" \/>\n<meta property=\"og:locale\" content=\"fr_FR\" \/>\n<meta property=\"og:type\" content=\"article\" \/>\n<meta property=\"og:title\" content=\"Portrait Du Prochain Pr\u00e9sident Du B\u00e9nin Selon Les Religieux\" \/>\n<meta property=\"og:description\" content=\"-article-header-tag&quot;&gt; Africa-Press - Benin. Le Cadre de concertation des conf ...\" \/>\n<meta property=\"og:url\" content=\"https:\/\/www.africa-press.net\/benin\/politique\/portrait-du-prochain-president-du-benin-selon-les-religieux\" \/>\n<meta property=\"og:site_name\" content=\"B\u00e9nin\" \/>\n<meta property=\"article:published_time\" content=\"2026-01-23T17:24:55+00:00\" \/>\n<meta property=\"article:modified_time\" content=\"2026-01-23T18:11:56+00:00\" \/>\n<meta property=\"og:image\" content=\"https:\/\/static.africa-press.net\/benin\/sites\/46\/2026\/01\/sm_1769191486.415818.jpg\" \/>\n\t<meta property=\"og:image:width\" content=\"1278\" \/>\n\t<meta property=\"og:image:height\" content=\"678\" \/>\n\t<meta property=\"og:image:type\" content=\"image\/jpeg\" \/>\n<meta name=\"author\" content=\"cfeditorfr\" \/>\n<meta name=\"twitter:card\" content=\"summary_large_image\" \/>\n<meta name=\"twitter:label1\" content=\"\u00c9crit par\" \/>\n\t<meta name=\"twitter:data1\" content=\"cfeditorfr\" \/>\n\t<meta name=\"twitter:label2\" content=\"Dur\u00e9e de lecture estim\u00e9e\" \/>\n\t<meta name=\"twitter:data2\" content=\"2 minutes\" \/>\n<script type=\"application\/ld+json\" class=\"yoast-schema-graph\">{\"@context\":\"https:\/\/schema.org\",\"@graph\":[{\"@type\":\"Article\",\"@id\":\"https:\/\/www.africa-press.net\/benin\/politique\/portrait-du-prochain-president-du-benin-selon-les-religieux#article\",\"isPartOf\":{\"@id\":\"https:\/\/www.africa-press.net\/benin\/politique\/portrait-du-prochain-president-du-benin-selon-les-religieux\"},\"author\":{\"name\":\"cfeditorfr\",\"@id\":\"https:\/\/www.africa-press.net\/benin\/#\/schema\/person\/2b1cf3cd81a31e3cd26889ca66d677f1\"},\"headline\":\"Portrait Du Prochain Pr\u00e9sident Du B\u00e9nin Selon Les Religieux\",\"datePublished\":\"2026-01-23T17:24:55+00:00\",\"dateModified\":\"2026-01-23T18:11:56+00:00\",\"mainEntityOfPage\":{\"@id\":\"https:\/\/www.africa-press.net\/benin\/politique\/portrait-du-prochain-president-du-benin-selon-les-religieux\"},\"wordCount\":294,\"commentCount\":0,\"image\":{\"@id\":\"https:\/\/www.africa-press.net\/benin\/politique\/portrait-du-prochain-president-du-benin-selon-les-religieux#primaryimage\"},\"thumbnailUrl\":\"https:\/\/static.africa-press.net\/benin\/sites\/46\/2026\/01\/sm_1769191486.415818.jpg\",\"keywords\":[\"B\u00e9nin\"],\"articleSection\":[\"Dossiers\",\"Politique\",\"Top Nouvelles\",\"Toutes les actualit\u00e9s\"],\"inLanguage\":\"fr-FR\",\"potentialAction\":[{\"@type\":\"CommentAction\",\"name\":\"Comment\",\"target\":[\"https:\/\/www.africa-press.net\/benin\/politique\/portrait-du-prochain-president-du-benin-selon-les-religieux#respond\"]}]},{\"@type\":\"WebPage\",\"@id\":\"https:\/\/www.africa-press.net\/benin\/politique\/portrait-du-prochain-president-du-benin-selon-les-religieux\",\"url\":\"https:\/\/www.africa-press.net\/benin\/politique\/portrait-du-prochain-president-du-benin-selon-les-religieux\",\"name\":\"Portrait Du Prochain Pr\u00e9sident Du B\u00e9nin Selon Les Religieux - B\u00e9nin\",\"isPartOf\":{\"@id\":\"https:\/\/www.africa-press.net\/benin\/#website\"},\"primaryImageOfPage\":{\"@id\":\"https:\/\/www.africa-press.net\/benin\/politique\/portrait-du-prochain-president-du-benin-selon-les-religieux#primaryimage\"},\"image\":{\"@id\":\"https:\/\/www.africa-press.net\/benin\/politique\/portrait-du-prochain-president-du-benin-selon-les-religieux#primaryimage\"},\"thumbnailUrl\":\"https:\/\/static.africa-press.net\/benin\/sites\/46\/2026\/01\/sm_1769191486.415818.jpg\",\"datePublished\":\"2026-01-23T17:24:55+00:00\",\"dateModified\":\"2026-01-23T18:11:56+00:00\",\"author\":{\"@id\":\"https:\/\/www.africa-press.net\/benin\/#\/schema\/person\/2b1cf3cd81a31e3cd26889ca66d677f1\"},\"description\":\"-article-header-tag\\\"> Africa-Press - Benin. Le Cadre de concertation des conf ...\",\"breadcrumb\":{\"@id\":\"https:\/\/www.africa-press.net\/benin\/politique\/portrait-du-prochain-president-du-benin-selon-les-religieux#breadcrumb\"},\"inLanguage\":\"fr-FR\",\"potentialAction\":[{\"@type\":\"ReadAction\",\"target\":[\"https:\/\/www.africa-press.net\/benin\/politique\/portrait-du-prochain-president-du-benin-selon-les-religieux\"]}]},{\"@type\":\"ImageObject\",\"inLanguage\":\"fr-FR\",\"@id\":\"https:\/\/www.africa-press.net\/benin\/politique\/portrait-du-prochain-president-du-benin-selon-les-religieux#primaryimage\",\"url\":\"https:\/\/static.africa-press.net\/benin\/sites\/46\/2026\/01\/sm_1769191486.415818.jpg\",\"contentUrl\":\"https:\/\/static.africa-press.net\/benin\/sites\/46\/2026\/01\/sm_1769191486.415818.jpg\",\"width\":1278,\"height\":678,\"caption\":\"Portrait Du Prochain Pr\u00e9sident Du B\u00e9nin Selon Les Religieux\"},{\"@type\":\"BreadcrumbList\",\"@id\":\"https:\/\/www.africa-press.net\/benin\/politique\/portrait-du-prochain-president-du-benin-selon-les-religieux#breadcrumb\",\"itemListElement\":[{\"@type\":\"ListItem\",\"position\":1,\"name\":\"Accueil\",\"item\":\"https:\/\/www.africa-press.net\/benin\/\"},{\"@type\":\"ListItem\",\"position\":2,\"name\":\"Portrait Du Prochain Pr\u00e9sident Du B\u00e9nin Selon Les Religieux\"}]},{\"@type\":\"WebSite\",\"@id\":\"https:\/\/www.africa-press.net\/benin\/#website\",\"url\":\"https:\/\/www.africa-press.net\/benin\/\",\"name\":\"B\u00e9nin\",\"description\":\"Just another Africa News Agency Sites site\",\"potentialAction\":[{\"@type\":\"SearchAction\",\"target\":{\"@type\":\"EntryPoint\",\"urlTemplate\":\"https:\/\/www.africa-press.net\/benin\/?s={search_term_string}\"},\"query-input\":{\"@type\":\"PropertyValueSpecification\",\"valueRequired\":true,\"valueName\":\"search_term_string\"}}],\"inLanguage\":\"fr-FR\"},{\"@type\":\"Person\",\"@id\":\"https:\/\/www.africa-press.net\/benin\/#\/schema\/person\/2b1cf3cd81a31e3cd26889ca66d677f1\",\"name\":\"cfeditorfr\"}]}<\/script>\n<!-- \/ Yoast SEO Premium plugin. -->","yoast_head_json":{"title":"Portrait Du Prochain Pr\u00e9sident Du B\u00e9nin Selon Les Religieux - B\u00e9nin","description":"-article-header-tag\"> Africa-Press - Benin. Le Cadre de concertation des conf ...","robots":{"index":"index","follow":"follow","max-snippet":"max-snippet:-1","max-image-preview":"max-image-preview:large","max-video-preview":"max-video-preview:-1"},"canonical":"https:\/\/www.africa-press.net\/benin\/politique\/portrait-du-prochain-president-du-benin-selon-les-religieux","og_locale":"fr_FR","og_type":"article","og_title":"Portrait Du Prochain Pr\u00e9sident Du B\u00e9nin Selon Les Religieux","og_description":"-article-header-tag\"> Africa-Press - Benin. Le Cadre de concertation des conf ...","og_url":"https:\/\/www.africa-press.net\/benin\/politique\/portrait-du-prochain-president-du-benin-selon-les-religieux","og_site_name":"B\u00e9nin","article_published_time":"2026-01-23T17:24:55+00:00","article_modified_time":"2026-01-23T18:11:56+00:00","og_image":[{"width":1278,"height":678,"url":"https:\/\/static.africa-press.net\/benin\/sites\/46\/2026\/01\/sm_1769191486.415818.jpg","type":"image\/jpeg"}],"author":"cfeditorfr","twitter_card":"summary_large_image","twitter_misc":{"\u00c9crit par":"cfeditorfr","Dur\u00e9e de lecture estim\u00e9e":"2 minutes"},"schema":{"@context":"https:\/\/schema.org","@graph":[{"@type":"Article","@id":"https:\/\/www.africa-press.net\/benin\/politique\/portrait-du-prochain-president-du-benin-selon-les-religieux#article","isPartOf":{"@id":"https:\/\/www.africa-press.net\/benin\/politique\/portrait-du-prochain-president-du-benin-selon-les-religieux"},"author":{"name":"cfeditorfr","@id":"https:\/\/www.africa-press.net\/benin\/#\/schema\/person\/2b1cf3cd81a31e3cd26889ca66d677f1"},"headline":"Portrait Du Prochain Pr\u00e9sident Du B\u00e9nin Selon Les Religieux","datePublished":"2026-01-23T17:24:55+00:00","dateModified":"2026-01-23T18:11:56+00:00","mainEntityOfPage":{"@id":"https:\/\/www.africa-press.net\/benin\/politique\/portrait-du-prochain-president-du-benin-selon-les-religieux"},"wordCount":294,"commentCount":0,"image":{"@id":"https:\/\/www.africa-press.net\/benin\/politique\/portrait-du-prochain-president-du-benin-selon-les-religieux#primaryimage"},"thumbnailUrl":"https:\/\/static.africa-press.net\/benin\/sites\/46\/2026\/01\/sm_1769191486.415818.jpg","keywords":["B\u00e9nin"],"articleSection":["Dossiers","Politique","Top Nouvelles","Toutes les actualit\u00e9s"],"inLanguage":"fr-FR","potentialAction":[{"@type":"CommentAction","name":"Comment","target":["https:\/\/www.africa-press.net\/benin\/politique\/portrait-du-prochain-president-du-benin-selon-les-religieux#respond"]}]},{"@type":"WebPage","@id":"https:\/\/www.africa-press.net\/benin\/politique\/portrait-du-prochain-president-du-benin-selon-les-religieux","url":"https:\/\/www.africa-press.net\/benin\/politique\/portrait-du-prochain-president-du-benin-selon-les-religieux","name":"Portrait Du Prochain Pr\u00e9sident Du B\u00e9nin Selon Les Religieux - B\u00e9nin","isPartOf":{"@id":"https:\/\/www.africa-press.net\/benin\/#website"},"primaryImageOfPage":{"@id":"https:\/\/www.africa-press.net\/benin\/politique\/portrait-du-prochain-president-du-benin-selon-les-religieux#primaryimage"},"image":{"@id":"https:\/\/www.africa-press.net\/benin\/politique\/portrait-du-prochain-president-du-benin-selon-les-religieux#primaryimage"},"thumbnailUrl":"https:\/\/static.africa-press.net\/benin\/sites\/46\/2026\/01\/sm_1769191486.415818.jpg","datePublished":"2026-01-23T17:24:55+00:00","dateModified":"2026-01-23T18:11:56+00:00","author":{"@id":"https:\/\/www.africa-press.net\/benin\/#\/schema\/person\/2b1cf3cd81a31e3cd26889ca66d677f1"},"description":"-article-header-tag\"> Africa-Press - Benin. Le Cadre de concertation des conf ...","breadcrumb":{"@id":"https:\/\/www.africa-press.net\/benin\/politique\/portrait-du-prochain-president-du-benin-selon-les-religieux#breadcrumb"},"inLanguage":"fr-FR","potentialAction":[{"@type":"ReadAction","target":["https:\/\/www.africa-press.net\/benin\/politique\/portrait-du-prochain-president-du-benin-selon-les-religieux"]}]},{"@type":"ImageObject","inLanguage":"fr-FR","@id":"https:\/\/www.africa-press.net\/benin\/politique\/portrait-du-prochain-president-du-benin-selon-les-religieux#primaryimage","url":"https:\/\/static.africa-press.net\/benin\/sites\/46\/2026\/01\/sm_1769191486.415818.jpg","contentUrl":"https:\/\/static.africa-press.net\/benin\/sites\/46\/2026\/01\/sm_1769191486.415818.jpg","width":1278,"height":678,"caption":"Portrait Du Prochain Pr\u00e9sident Du B\u00e9nin Selon Les Religieux"},{"@type":"BreadcrumbList","@id":"https:\/\/www.africa-press.net\/benin\/politique\/portrait-du-prochain-president-du-benin-selon-les-religieux#breadcrumb","itemListElement":[{"@type":"ListItem","position":1,"name":"Accueil","item":"https:\/\/www.africa-press.net\/benin\/"},{"@type":"ListItem","position":2,"name":"Portrait Du Prochain Pr\u00e9sident Du B\u00e9nin Selon Les Religieux"}]},{"@type":"WebSite","@id":"https:\/\/www.africa-press.net\/benin\/#website","url":"https:\/\/www.africa-press.net\/benin\/","name":"B\u00e9nin","description":"Just another Africa News Agency Sites site","potentialAction":[{"@type":"SearchAction","target":{"@type":"EntryPoint","urlTemplate":"https:\/\/www.africa-press.net\/benin\/?s={search_term_string}"},"query-input":{"@type":"PropertyValueSpecification","valueRequired":true,"valueName":"search_term_string"}}],"inLanguage":"fr-FR"},{"@type":"Person","@id":"https:\/\/www.africa-press.net\/benin\/#\/schema\/person\/2b1cf3cd81a31e3cd26889ca66d677f1","name":"cfeditorfr"}]}},"_links":{"self":[{"href":"https:\/\/www.africa-press.net\/benin\/wp-json\/wp\/v2\/posts\/52839","targetHints":{"allow":["GET"]}}],"collection":[{"href":"https:\/\/www.africa-press.net\/benin\/wp-json\/wp\/v2\/posts"}],"about":[{"href":"https:\/\/www.africa-press.net\/benin\/wp-json\/wp\/v2\/types\/post"}],"author":[{"embeddable":true,"href":"https:\/\/www.africa-press.net\/benin\/wp-json\/wp\/v2\/users\/82"}],"replies":[{"embeddable":true,"href":"https:\/\/www.africa-press.net\/benin\/wp-json\/wp\/v2\/comments?post=52839"}],"version-history":[{"count":0,"href":"https:\/\/www.africa-press.net\/benin\/wp-json\/wp\/v2\/posts\/52839\/revisions"}],"wp:featuredmedia":[{"embeddable":true,"href":"https:\/\/www.africa-press.net\/benin\/wp-json\/wp\/v2\/media\/52838"}],"wp:attachment":[{"href":"https:\/\/www.africa-press.net\/benin\/wp-json\/wp\/v2\/media?parent=52839"}],"wp:term":[{"taxonomy":"category","embeddable":true,"href":"https:\/\/www.africa-press.net\/benin\/wp-json\/wp\/v2\/categories?post=52839"},{"taxonomy":"post_tag","embeddable":true,"href":"https:\/\/www.africa-press.net\/benin\/wp-json\/wp\/v2\/tags?post=52839"}],"curies":[{"name":"wp","href":"https:\/\/api.w.org\/{rel}","templated":true}]}}