{"id":53036,"date":"2026-01-29T18:35:58","date_gmt":"2026-01-29T18:35:58","guid":{"rendered":"https:\/\/www.africa-press.net\/benin\/politique\/anip-lancement-enrolement-enfants-sans-acte-de-naissance"},"modified":"2026-01-29T23:51:37","modified_gmt":"2026-01-29T23:51:37","slug":"anip-lancement-enrolement-enfants-sans-acte-de-naissance","status":"publish","type":"post","link":"https:\/\/www.africa-press.net\/benin\/toutes-les-actualites\/anip-lancement-enrolement-enfants-sans-acte-de-naissance","title":{"rendered":"ANIP Lancement Enr\u00f4lement Enfants Sans Acte De Naissance"},"content":{"rendered":"<p><span class=\"ap-article-header-tag\"> <strong>Africa-Press &#8211; Benin. <\/strong> <\/span>Le Be\u0301nin franchit une nouvelle e\u0301tape dans la garantie du droit a\u0300 l\u2019identite\u0301 avec une initiative de l\u2019Agence nationale d\u2019identification des personnes (ANIP) visant a\u0300 enro\u0302ler les enfants qui n\u2019ont jamais e\u0301te\u0301 de\u0301clare\u0301s a\u0300 l\u2019e\u0301tat civil.<\/p>\n<p>Cette information a e\u0301te\u0301 rendue publique ce jeudi 29 janvier 2026 a\u0300 travers les canaux digitaux de l\u2019ANIP.<\/p>\n<p>Selon l\u2019agence, les enfants a\u0302ge\u0301s de 0 a\u0300 13 ans de\u0301pourvus de tout acte de naissance pourront de\u0301sormais e\u0302tre enregistre\u0301s dans les registres officiels sur la base d\u2019un te\u0301moignage, ouvrant ainsi la voie a\u0300 la de\u0301livrance d\u2019un acte d\u2019e\u0301tat civil se\u0301curise\u0301.<\/p>\n<p>Ce dispositif fait partie d\u2019un mouvement plus large de modernisation de l\u2019e\u0301tat civil au Be\u0301nin, porte\u0301 par l\u2019ANIP depuis plusieurs anne\u0301es. La loi n\u00b0 2017-08, qui a cre\u0301e\u0301 l\u2019agence et encadre\u0301 l\u2019identification des personnes physiques, a servi de fondement a\u0300 diverses ope\u0301rations d\u2019enregistrement et de de\u0301livrance de documents d\u2019identite\u0301.<\/p>\n<p>La re\u0301forme et la nume\u0301risation des services d\u2019e\u0301tat civil ont de\u0301ja\u0300 permis d\u2019importants progre\u0300s: en 2025, l\u2019ANIP a de\u0301livre\u0301 10,5 millions de documents d\u2019e\u0301tat civil et d\u2019identite\u0301, avec pre\u0300s de 75 % des de\u0301marches effectue\u0301es en ligne ou a\u0300 distance, desservant environ 4 millions de citoyens.<\/p>\n<p>L\u2019enregistrement des enfants sans acte de naissance re\u0301pond a\u0300 un enjeu a\u0300 la fois social et juridique majeur. Sans reconnaissance officielle a\u0300 la naissance, un enfant reste invisible aux yeux de l\u2019E\u0301tat et se trouve souvent prive\u0301 d\u2019acce\u0300s a\u0300 des services essentiels comme l\u2019e\u0301ducation, les soins de sante\u0301 ou la protection sociale. De ce point de vue, ce volet d\u2019enro\u0302lement renforce l\u2019inclusion et la protection des plus jeunes.<\/p>\n<p>L\u2019initiative s\u2019inscrit e\u0301galement dans une dynamique internationale, qui place l\u2019identite\u0301 juridique et l\u2019acte de naissance en particulier au centre des droits fondamentaux des enfants, comme en soulignent des partenaires comme l\u2019UNICEF dans des rapports re\u0301cents sur la modernisation des syste\u0300mes d\u2019e\u0301tat civil.<\/p>\n<p>L\u2019ANIP indique que ce processus contribuera a\u0300 \u00ab rapprocher l\u2019E\u0301tat des familles \u00bb et a\u0300 garantir que \u00ab chaque enfant puisse be\u0301ne\u0301ficier d\u2019une existence le\u0301gale reconnue \u00bb, refle\u0301tant une approche qui me\u0302le innovation nume\u0301rique et justice sociale pour corriger une situation historique de \u00ab sans-papiers \u00bb dans les registres officiels.<\/p>\n<p class=\"ap-article-footer-note\">Retrouvez plus d\u2019actualit\u00e9s et d\u2019analyses sur <span class=\"ap-highlight-country\">Benin<\/span> sur le site <span class=\"ap-highlight-brand\">Africa Press<\/span><\/p>\n","protected":false},"excerpt":{"rendered":"<p>Africa-Press &#8211; Benin. Le Be\u0301nin franchit une nouvelle e\u0301tape dans la garantie du droit a\u0300 l\u2019identite\u0301 avec une initiative de l\u2019Agence nationale d\u2019identification des personnes (ANIP) visant a\u0300 enro\u0302ler les enfants qui n\u2019ont jamais e\u0301te\u0301 de\u0301clare\u0301s a\u0300 l\u2019e\u0301tat civil. Cette information a e\u0301te\u0301 rendue publique ce jeudi 29 janvier 2026 a\u0300 travers les canaux digitaux [&hellip;]<\/p>\n","protected":false},"author":82,"featured_media":53035,"comment_status":"open","ping_status":"closed","sticky":false,"template":"","format":"standard","meta":{"footnotes":""},"categories":[21,10],"tags":[45],"class_list":["post-53036","post","type-post","status-publish","format-standard","has-post-thumbnail","hentry","category-communaute","category-toutes-les-actualites","tag-benin"],"yoast_head":"<!-- This site is optimized with the Yoast SEO Premium plugin v26.1 (Yoast SEO v27.0) - https:\/\/yoast.com\/product\/yoast-seo-premium-wordpress\/ -->\n<title>ANIP Lancement Enr\u00f4lement Enfants Sans Acte De Naissance - B\u00e9nin<\/title>\n<meta name=\"description\" content=\"-article-header-tag&quot;&gt; Africa-Press - Benin. Le Be\u0301nin franchit une nouvelle e ...\" \/>\n<meta name=\"robots\" content=\"index, follow, max-snippet:-1, max-image-preview:large, max-video-preview:-1\" \/>\n<link rel=\"canonical\" href=\"https:\/\/www.africa-press.net\/benin\/toutes-les-actualites\/anip-lancement-enrolement-enfants-sans-acte-de-naissance\" \/>\n<meta property=\"og:locale\" content=\"fr_FR\" \/>\n<meta property=\"og:type\" content=\"article\" \/>\n<meta property=\"og:title\" content=\"ANIP Lancement Enr\u00f4lement Enfants Sans Acte De Naissance\" \/>\n<meta property=\"og:description\" content=\"-article-header-tag&quot;&gt; Africa-Press - Benin. Le Be\u0301nin franchit une nouvelle e ...\" \/>\n<meta property=\"og:url\" content=\"https:\/\/www.africa-press.net\/benin\/toutes-les-actualites\/anip-lancement-enrolement-enfants-sans-acte-de-naissance\" \/>\n<meta property=\"og:site_name\" content=\"B\u00e9nin\" \/>\n<meta property=\"article:published_time\" content=\"2026-01-29T18:35:58+00:00\" \/>\n<meta property=\"article:modified_time\" content=\"2026-01-29T23:51:37+00:00\" \/>\n<meta property=\"og:image\" content=\"https:\/\/static.africa-press.net\/benin\/sites\/46\/2026\/01\/sm_1769714818.222217.jpg\" \/>\n\t<meta property=\"og:image:width\" content=\"1724\" \/>\n\t<meta property=\"og:image:height\" content=\"675\" \/>\n\t<meta property=\"og:image:type\" content=\"image\/jpeg\" \/>\n<meta name=\"author\" content=\"cfeditorfr\" \/>\n<meta name=\"twitter:card\" content=\"summary_large_image\" \/>\n<meta name=\"twitter:label1\" content=\"\u00c9crit par\" \/>\n\t<meta name=\"twitter:data1\" content=\"cfeditorfr\" \/>\n\t<meta name=\"twitter:label2\" content=\"Dur\u00e9e de lecture estim\u00e9e\" \/>\n\t<meta name=\"twitter:data2\" content=\"2 minutes\" \/>\n<script type=\"application\/ld+json\" class=\"yoast-schema-graph\">{\"@context\":\"https:\/\/schema.org\",\"@graph\":[{\"@type\":\"Article\",\"@id\":\"https:\/\/www.africa-press.net\/benin\/toutes-les-actualites\/anip-lancement-enrolement-enfants-sans-acte-de-naissance#article\",\"isPartOf\":{\"@id\":\"https:\/\/www.africa-press.net\/benin\/toutes-les-actualites\/anip-lancement-enrolement-enfants-sans-acte-de-naissance\"},\"author\":{\"name\":\"cfeditorfr\",\"@id\":\"https:\/\/www.africa-press.net\/benin\/#\/schema\/person\/2b1cf3cd81a31e3cd26889ca66d677f1\"},\"headline\":\"ANIP Lancement Enr\u00f4lement Enfants Sans Acte De Naissance\",\"datePublished\":\"2026-01-29T18:35:58+00:00\",\"dateModified\":\"2026-01-29T23:51:37+00:00\",\"mainEntityOfPage\":{\"@id\":\"https:\/\/www.africa-press.net\/benin\/toutes-les-actualites\/anip-lancement-enrolement-enfants-sans-acte-de-naissance\"},\"wordCount\":449,\"commentCount\":0,\"image\":{\"@id\":\"https:\/\/www.africa-press.net\/benin\/toutes-les-actualites\/anip-lancement-enrolement-enfants-sans-acte-de-naissance#primaryimage\"},\"thumbnailUrl\":\"https:\/\/static.africa-press.net\/benin\/sites\/46\/2026\/01\/sm_1769714818.222217.jpg\",\"keywords\":[\"B\u00e9nin\"],\"articleSection\":[\"Communaut\u00e9\",\"Toutes les actualit\u00e9s\"],\"inLanguage\":\"fr-FR\",\"potentialAction\":[{\"@type\":\"CommentAction\",\"name\":\"Comment\",\"target\":[\"https:\/\/www.africa-press.net\/benin\/toutes-les-actualites\/anip-lancement-enrolement-enfants-sans-acte-de-naissance#respond\"]}]},{\"@type\":\"WebPage\",\"@id\":\"https:\/\/www.africa-press.net\/benin\/toutes-les-actualites\/anip-lancement-enrolement-enfants-sans-acte-de-naissance\",\"url\":\"https:\/\/www.africa-press.net\/benin\/toutes-les-actualites\/anip-lancement-enrolement-enfants-sans-acte-de-naissance\",\"name\":\"ANIP Lancement Enr\u00f4lement Enfants Sans Acte De Naissance - B\u00e9nin\",\"isPartOf\":{\"@id\":\"https:\/\/www.africa-press.net\/benin\/#website\"},\"primaryImageOfPage\":{\"@id\":\"https:\/\/www.africa-press.net\/benin\/toutes-les-actualites\/anip-lancement-enrolement-enfants-sans-acte-de-naissance#primaryimage\"},\"image\":{\"@id\":\"https:\/\/www.africa-press.net\/benin\/toutes-les-actualites\/anip-lancement-enrolement-enfants-sans-acte-de-naissance#primaryimage\"},\"thumbnailUrl\":\"https:\/\/static.africa-press.net\/benin\/sites\/46\/2026\/01\/sm_1769714818.222217.jpg\",\"datePublished\":\"2026-01-29T18:35:58+00:00\",\"dateModified\":\"2026-01-29T23:51:37+00:00\",\"author\":{\"@id\":\"https:\/\/www.africa-press.net\/benin\/#\/schema\/person\/2b1cf3cd81a31e3cd26889ca66d677f1\"},\"description\":\"-article-header-tag\\\"> Africa-Press - Benin. Le Be\u0301nin franchit une nouvelle e ...\",\"breadcrumb\":{\"@id\":\"https:\/\/www.africa-press.net\/benin\/toutes-les-actualites\/anip-lancement-enrolement-enfants-sans-acte-de-naissance#breadcrumb\"},\"inLanguage\":\"fr-FR\",\"potentialAction\":[{\"@type\":\"ReadAction\",\"target\":[\"https:\/\/www.africa-press.net\/benin\/toutes-les-actualites\/anip-lancement-enrolement-enfants-sans-acte-de-naissance\"]}]},{\"@type\":\"ImageObject\",\"inLanguage\":\"fr-FR\",\"@id\":\"https:\/\/www.africa-press.net\/benin\/toutes-les-actualites\/anip-lancement-enrolement-enfants-sans-acte-de-naissance#primaryimage\",\"url\":\"https:\/\/static.africa-press.net\/benin\/sites\/46\/2026\/01\/sm_1769714818.222217.jpg\",\"contentUrl\":\"https:\/\/static.africa-press.net\/benin\/sites\/46\/2026\/01\/sm_1769714818.222217.jpg\",\"width\":1724,\"height\":675,\"caption\":\"ANIP Lancement Enr\u00f4lement Enfants Sans Acte De Naissance\"},{\"@type\":\"BreadcrumbList\",\"@id\":\"https:\/\/www.africa-press.net\/benin\/toutes-les-actualites\/anip-lancement-enrolement-enfants-sans-acte-de-naissance#breadcrumb\",\"itemListElement\":[{\"@type\":\"ListItem\",\"position\":1,\"name\":\"Accueil\",\"item\":\"https:\/\/www.africa-press.net\/benin\/\"},{\"@type\":\"ListItem\",\"position\":2,\"name\":\"ANIP Lancement Enr\u00f4lement Enfants Sans Acte De Naissance\"}]},{\"@type\":\"WebSite\",\"@id\":\"https:\/\/www.africa-press.net\/benin\/#website\",\"url\":\"https:\/\/www.africa-press.net\/benin\/\",\"name\":\"B\u00e9nin\",\"description\":\"Just another Africa News Agency Sites site\",\"potentialAction\":[{\"@type\":\"SearchAction\",\"target\":{\"@type\":\"EntryPoint\",\"urlTemplate\":\"https:\/\/www.africa-press.net\/benin\/?s={search_term_string}\"},\"query-input\":{\"@type\":\"PropertyValueSpecification\",\"valueRequired\":true,\"valueName\":\"search_term_string\"}}],\"inLanguage\":\"fr-FR\"},{\"@type\":\"Person\",\"@id\":\"https:\/\/www.africa-press.net\/benin\/#\/schema\/person\/2b1cf3cd81a31e3cd26889ca66d677f1\",\"name\":\"cfeditorfr\"}]}<\/script>\n<!-- \/ Yoast SEO Premium plugin. -->","yoast_head_json":{"title":"ANIP Lancement Enr\u00f4lement Enfants Sans Acte De Naissance - B\u00e9nin","description":"-article-header-tag\"> Africa-Press - Benin. Le Be\u0301nin franchit une nouvelle e ...","robots":{"index":"index","follow":"follow","max-snippet":"max-snippet:-1","max-image-preview":"max-image-preview:large","max-video-preview":"max-video-preview:-1"},"canonical":"https:\/\/www.africa-press.net\/benin\/toutes-les-actualites\/anip-lancement-enrolement-enfants-sans-acte-de-naissance","og_locale":"fr_FR","og_type":"article","og_title":"ANIP Lancement Enr\u00f4lement Enfants Sans Acte De Naissance","og_description":"-article-header-tag\"> Africa-Press - Benin. Le Be\u0301nin franchit une nouvelle e ...","og_url":"https:\/\/www.africa-press.net\/benin\/toutes-les-actualites\/anip-lancement-enrolement-enfants-sans-acte-de-naissance","og_site_name":"B\u00e9nin","article_published_time":"2026-01-29T18:35:58+00:00","article_modified_time":"2026-01-29T23:51:37+00:00","og_image":[{"width":1724,"height":675,"url":"https:\/\/static.africa-press.net\/benin\/sites\/46\/2026\/01\/sm_1769714818.222217.jpg","type":"image\/jpeg"}],"author":"cfeditorfr","twitter_card":"summary_large_image","twitter_misc":{"\u00c9crit par":"cfeditorfr","Dur\u00e9e de lecture estim\u00e9e":"2 minutes"},"schema":{"@context":"https:\/\/schema.org","@graph":[{"@type":"Article","@id":"https:\/\/www.africa-press.net\/benin\/toutes-les-actualites\/anip-lancement-enrolement-enfants-sans-acte-de-naissance#article","isPartOf":{"@id":"https:\/\/www.africa-press.net\/benin\/toutes-les-actualites\/anip-lancement-enrolement-enfants-sans-acte-de-naissance"},"author":{"name":"cfeditorfr","@id":"https:\/\/www.africa-press.net\/benin\/#\/schema\/person\/2b1cf3cd81a31e3cd26889ca66d677f1"},"headline":"ANIP Lancement Enr\u00f4lement Enfants Sans Acte De Naissance","datePublished":"2026-01-29T18:35:58+00:00","dateModified":"2026-01-29T23:51:37+00:00","mainEntityOfPage":{"@id":"https:\/\/www.africa-press.net\/benin\/toutes-les-actualites\/anip-lancement-enrolement-enfants-sans-acte-de-naissance"},"wordCount":449,"commentCount":0,"image":{"@id":"https:\/\/www.africa-press.net\/benin\/toutes-les-actualites\/anip-lancement-enrolement-enfants-sans-acte-de-naissance#primaryimage"},"thumbnailUrl":"https:\/\/static.africa-press.net\/benin\/sites\/46\/2026\/01\/sm_1769714818.222217.jpg","keywords":["B\u00e9nin"],"articleSection":["Communaut\u00e9","Toutes les actualit\u00e9s"],"inLanguage":"fr-FR","potentialAction":[{"@type":"CommentAction","name":"Comment","target":["https:\/\/www.africa-press.net\/benin\/toutes-les-actualites\/anip-lancement-enrolement-enfants-sans-acte-de-naissance#respond"]}]},{"@type":"WebPage","@id":"https:\/\/www.africa-press.net\/benin\/toutes-les-actualites\/anip-lancement-enrolement-enfants-sans-acte-de-naissance","url":"https:\/\/www.africa-press.net\/benin\/toutes-les-actualites\/anip-lancement-enrolement-enfants-sans-acte-de-naissance","name":"ANIP Lancement Enr\u00f4lement Enfants Sans Acte De Naissance - B\u00e9nin","isPartOf":{"@id":"https:\/\/www.africa-press.net\/benin\/#website"},"primaryImageOfPage":{"@id":"https:\/\/www.africa-press.net\/benin\/toutes-les-actualites\/anip-lancement-enrolement-enfants-sans-acte-de-naissance#primaryimage"},"image":{"@id":"https:\/\/www.africa-press.net\/benin\/toutes-les-actualites\/anip-lancement-enrolement-enfants-sans-acte-de-naissance#primaryimage"},"thumbnailUrl":"https:\/\/static.africa-press.net\/benin\/sites\/46\/2026\/01\/sm_1769714818.222217.jpg","datePublished":"2026-01-29T18:35:58+00:00","dateModified":"2026-01-29T23:51:37+00:00","author":{"@id":"https:\/\/www.africa-press.net\/benin\/#\/schema\/person\/2b1cf3cd81a31e3cd26889ca66d677f1"},"description":"-article-header-tag\"> Africa-Press - Benin. Le Be\u0301nin franchit une nouvelle e ...","breadcrumb":{"@id":"https:\/\/www.africa-press.net\/benin\/toutes-les-actualites\/anip-lancement-enrolement-enfants-sans-acte-de-naissance#breadcrumb"},"inLanguage":"fr-FR","potentialAction":[{"@type":"ReadAction","target":["https:\/\/www.africa-press.net\/benin\/toutes-les-actualites\/anip-lancement-enrolement-enfants-sans-acte-de-naissance"]}]},{"@type":"ImageObject","inLanguage":"fr-FR","@id":"https:\/\/www.africa-press.net\/benin\/toutes-les-actualites\/anip-lancement-enrolement-enfants-sans-acte-de-naissance#primaryimage","url":"https:\/\/static.africa-press.net\/benin\/sites\/46\/2026\/01\/sm_1769714818.222217.jpg","contentUrl":"https:\/\/static.africa-press.net\/benin\/sites\/46\/2026\/01\/sm_1769714818.222217.jpg","width":1724,"height":675,"caption":"ANIP Lancement Enr\u00f4lement Enfants Sans Acte De Naissance"},{"@type":"BreadcrumbList","@id":"https:\/\/www.africa-press.net\/benin\/toutes-les-actualites\/anip-lancement-enrolement-enfants-sans-acte-de-naissance#breadcrumb","itemListElement":[{"@type":"ListItem","position":1,"name":"Accueil","item":"https:\/\/www.africa-press.net\/benin\/"},{"@type":"ListItem","position":2,"name":"ANIP Lancement Enr\u00f4lement Enfants Sans Acte De Naissance"}]},{"@type":"WebSite","@id":"https:\/\/www.africa-press.net\/benin\/#website","url":"https:\/\/www.africa-press.net\/benin\/","name":"B\u00e9nin","description":"Just another Africa News Agency Sites site","potentialAction":[{"@type":"SearchAction","target":{"@type":"EntryPoint","urlTemplate":"https:\/\/www.africa-press.net\/benin\/?s={search_term_string}"},"query-input":{"@type":"PropertyValueSpecification","valueRequired":true,"valueName":"search_term_string"}}],"inLanguage":"fr-FR"},{"@type":"Person","@id":"https:\/\/www.africa-press.net\/benin\/#\/schema\/person\/2b1cf3cd81a31e3cd26889ca66d677f1","name":"cfeditorfr"}]}},"_links":{"self":[{"href":"https:\/\/www.africa-press.net\/benin\/wp-json\/wp\/v2\/posts\/53036","targetHints":{"allow":["GET"]}}],"collection":[{"href":"https:\/\/www.africa-press.net\/benin\/wp-json\/wp\/v2\/posts"}],"about":[{"href":"https:\/\/www.africa-press.net\/benin\/wp-json\/wp\/v2\/types\/post"}],"author":[{"embeddable":true,"href":"https:\/\/www.africa-press.net\/benin\/wp-json\/wp\/v2\/users\/82"}],"replies":[{"embeddable":true,"href":"https:\/\/www.africa-press.net\/benin\/wp-json\/wp\/v2\/comments?post=53036"}],"version-history":[{"count":0,"href":"https:\/\/www.africa-press.net\/benin\/wp-json\/wp\/v2\/posts\/53036\/revisions"}],"wp:featuredmedia":[{"embeddable":true,"href":"https:\/\/www.africa-press.net\/benin\/wp-json\/wp\/v2\/media\/53035"}],"wp:attachment":[{"href":"https:\/\/www.africa-press.net\/benin\/wp-json\/wp\/v2\/media?parent=53036"}],"wp:term":[{"taxonomy":"category","embeddable":true,"href":"https:\/\/www.africa-press.net\/benin\/wp-json\/wp\/v2\/categories?post=53036"},{"taxonomy":"post_tag","embeddable":true,"href":"https:\/\/www.africa-press.net\/benin\/wp-json\/wp\/v2\/tags?post=53036"}],"curies":[{"name":"wp","href":"https:\/\/api.w.org\/{rel}","templated":true}]}}