{"id":53700,"date":"2026-02-10T17:50:38","date_gmt":"2026-02-10T17:50:38","guid":{"rendered":"https:\/\/www.africa-press.net\/benin\/politique\/homme-electrocute-en-coupant-un-arbre-a-bohicon"},"modified":"2026-02-10T18:25:40","modified_gmt":"2026-02-10T18:25:40","slug":"homme-electrocute-en-coupant-un-arbre-a-bohicon","status":"publish","type":"post","link":"https:\/\/www.africa-press.net\/benin\/toutes-les-actualites\/homme-electrocute-en-coupant-un-arbre-a-bohicon","title":{"rendered":"Homme \u00e9lectrocut\u00e9 en coupant un arbre \u00e0 Bohicon"},"content":{"rendered":"<p><span class=\"ap-article-header-tag\"> <strong>Africa-Press &#8211; Benin. <\/strong> <\/span>Un drame est survenu le lundi 9 fe\u0301vrier 2026 dans le quartier Zakpo Adame\u0300 Ahito, a\u0300 Bohicon, de\u0301partement du Zou.<\/p>\n<p>Un homme a perdu la vie apre\u0300s avoir e\u0301te\u0301 e\u0301lectrocute\u0301 alors qu\u2019il proce\u0301dait a\u0300 la coupe d\u2019un arbre a\u0300 proximite\u0301 de lignes e\u0301lectriques.<\/p>\n<p>Selon les informations recueillies, la victime, a\u0302ge\u0301e d\u2019environ 38 ans, e\u0301tait engage\u0301e dans l\u2019abattage d\u2019un arbre lorsque l\u2019un des branchages serait entre\u0301 en contact avec des ca\u0302bles e\u0301lectriques sous tension appartenant au re\u0301seau de la Socie\u0301te\u0301 be\u0301ninoise d\u2019e\u0301nergie e\u0301lectrique (SBEE).<\/p>\n<p>Le choc e\u0301lectrique lui a e\u0301te\u0301 fatal.<\/p>\n<p>Alerte\u0301s, les e\u0301le\u0301ments de la Police re\u0301publicaine et les services de secours se sont rapidement rendus sur les lieux pour effectuer les constats d\u2019usage.<\/p>\n<p>Les autorite\u0301s rappellent re\u0301gulie\u0300rement la ne\u0301cessite\u0301 de respecter les distances de se\u0301curite\u0301 et de solliciter, au besoin, l\u2019assistance des services compe\u0301tents avant toute intervention pre\u0300s des lignes a\u0300 haute tension de la SBEE.<\/p>\n<p class=\"ap-article-footer-note\">Retrouvez plus d\u2019actualit\u00e9s et d\u2019analyses sur <span class=\"ap-highlight-country\">Benin<\/span> sur le site <span class=\"ap-highlight-brand\">Africa Press<\/span><\/p>\n","protected":false},"excerpt":{"rendered":"<p>Africa-Press &#8211; Benin. Un drame est survenu le lundi 9 fe\u0301vrier 2026 dans le quartier Zakpo Adame\u0300 Ahito, a\u0300 Bohicon, de\u0301partement du Zou. Un homme a perdu la vie apre\u0300s avoir e\u0301te\u0301 e\u0301lectrocute\u0301 alors qu\u2019il proce\u0301dait a\u0300 la coupe d\u2019un arbre a\u0300 proximite\u0301 de lignes e\u0301lectriques. Selon les informations recueillies, la victime, a\u0302ge\u0301e d\u2019environ 38 [&hellip;]<\/p>\n","protected":false},"author":82,"featured_media":53699,"comment_status":"open","ping_status":"closed","sticky":false,"template":"","format":"standard","meta":{"footnotes":""},"categories":[21,10],"tags":[45],"class_list":["post-53700","post","type-post","status-publish","format-standard","has-post-thumbnail","hentry","category-communaute","category-toutes-les-actualites","tag-benin"],"yoast_head":"<!-- This site is optimized with the Yoast SEO Premium plugin v26.1 (Yoast SEO v27.0) - https:\/\/yoast.com\/product\/yoast-seo-premium-wordpress\/ -->\n<title>Homme \u00e9lectrocut\u00e9 en coupant un arbre \u00e0 Bohicon - B\u00e9nin<\/title>\n<meta name=\"description\" content=\"-article-header-tag&quot;&gt; Africa-Press - Benin. Un drame est survenu le lundi 9 f ...\" \/>\n<meta name=\"robots\" content=\"index, follow, max-snippet:-1, max-image-preview:large, max-video-preview:-1\" \/>\n<link rel=\"canonical\" href=\"https:\/\/www.africa-press.net\/benin\/toutes-les-actualites\/homme-electrocute-en-coupant-un-arbre-a-bohicon\" \/>\n<meta property=\"og:locale\" content=\"fr_FR\" \/>\n<meta property=\"og:type\" content=\"article\" \/>\n<meta property=\"og:title\" content=\"Homme \u00e9lectrocut\u00e9 en coupant un arbre \u00e0 Bohicon\" \/>\n<meta property=\"og:description\" content=\"-article-header-tag&quot;&gt; Africa-Press - Benin. Un drame est survenu le lundi 9 f ...\" \/>\n<meta property=\"og:url\" content=\"https:\/\/www.africa-press.net\/benin\/toutes-les-actualites\/homme-electrocute-en-coupant-un-arbre-a-bohicon\" \/>\n<meta property=\"og:site_name\" content=\"B\u00e9nin\" \/>\n<meta property=\"article:published_time\" content=\"2026-02-10T17:50:38+00:00\" \/>\n<meta property=\"article:modified_time\" content=\"2026-02-10T18:25:40+00:00\" \/>\n<meta property=\"og:image\" content=\"https:\/\/static.africa-press.net\/benin\/sites\/46\/2026\/02\/sm_1770747698.336817.jpg\" \/>\n\t<meta property=\"og:image:width\" content=\"1258\" \/>\n\t<meta property=\"og:image:height\" content=\"678\" \/>\n\t<meta property=\"og:image:type\" content=\"image\/jpeg\" \/>\n<meta name=\"author\" content=\"cfeditorfr\" \/>\n<meta name=\"twitter:card\" content=\"summary_large_image\" \/>\n<meta name=\"twitter:label1\" content=\"\u00c9crit par\" \/>\n\t<meta name=\"twitter:data1\" content=\"cfeditorfr\" \/>\n\t<meta name=\"twitter:label2\" content=\"Dur\u00e9e de lecture estim\u00e9e\" \/>\n\t<meta name=\"twitter:data2\" content=\"1 minute\" \/>\n<script type=\"application\/ld+json\" class=\"yoast-schema-graph\">{\"@context\":\"https:\/\/schema.org\",\"@graph\":[{\"@type\":\"Article\",\"@id\":\"https:\/\/www.africa-press.net\/benin\/toutes-les-actualites\/homme-electrocute-en-coupant-un-arbre-a-bohicon#article\",\"isPartOf\":{\"@id\":\"https:\/\/www.africa-press.net\/benin\/toutes-les-actualites\/homme-electrocute-en-coupant-un-arbre-a-bohicon\"},\"author\":{\"name\":\"cfeditorfr\",\"@id\":\"https:\/\/www.africa-press.net\/benin\/#\/schema\/person\/2b1cf3cd81a31e3cd26889ca66d677f1\"},\"headline\":\"Homme \u00e9lectrocut\u00e9 en coupant un arbre \u00e0 Bohicon\",\"datePublished\":\"2026-02-10T17:50:38+00:00\",\"dateModified\":\"2026-02-10T18:25:40+00:00\",\"mainEntityOfPage\":{\"@id\":\"https:\/\/www.africa-press.net\/benin\/toutes-les-actualites\/homme-electrocute-en-coupant-un-arbre-a-bohicon\"},\"wordCount\":209,\"commentCount\":0,\"image\":{\"@id\":\"https:\/\/www.africa-press.net\/benin\/toutes-les-actualites\/homme-electrocute-en-coupant-un-arbre-a-bohicon#primaryimage\"},\"thumbnailUrl\":\"https:\/\/static.africa-press.net\/benin\/sites\/46\/2026\/02\/sm_1770747698.336817.jpg\",\"keywords\":[\"B\u00e9nin\"],\"articleSection\":[\"Communaut\u00e9\",\"Toutes les actualit\u00e9s\"],\"inLanguage\":\"fr-FR\",\"potentialAction\":[{\"@type\":\"CommentAction\",\"name\":\"Comment\",\"target\":[\"https:\/\/www.africa-press.net\/benin\/toutes-les-actualites\/homme-electrocute-en-coupant-un-arbre-a-bohicon#respond\"]}]},{\"@type\":\"WebPage\",\"@id\":\"https:\/\/www.africa-press.net\/benin\/toutes-les-actualites\/homme-electrocute-en-coupant-un-arbre-a-bohicon\",\"url\":\"https:\/\/www.africa-press.net\/benin\/toutes-les-actualites\/homme-electrocute-en-coupant-un-arbre-a-bohicon\",\"name\":\"Homme \u00e9lectrocut\u00e9 en coupant un arbre \u00e0 Bohicon - B\u00e9nin\",\"isPartOf\":{\"@id\":\"https:\/\/www.africa-press.net\/benin\/#website\"},\"primaryImageOfPage\":{\"@id\":\"https:\/\/www.africa-press.net\/benin\/toutes-les-actualites\/homme-electrocute-en-coupant-un-arbre-a-bohicon#primaryimage\"},\"image\":{\"@id\":\"https:\/\/www.africa-press.net\/benin\/toutes-les-actualites\/homme-electrocute-en-coupant-un-arbre-a-bohicon#primaryimage\"},\"thumbnailUrl\":\"https:\/\/static.africa-press.net\/benin\/sites\/46\/2026\/02\/sm_1770747698.336817.jpg\",\"datePublished\":\"2026-02-10T17:50:38+00:00\",\"dateModified\":\"2026-02-10T18:25:40+00:00\",\"author\":{\"@id\":\"https:\/\/www.africa-press.net\/benin\/#\/schema\/person\/2b1cf3cd81a31e3cd26889ca66d677f1\"},\"description\":\"-article-header-tag\\\"> Africa-Press - Benin. Un drame est survenu le lundi 9 f ...\",\"breadcrumb\":{\"@id\":\"https:\/\/www.africa-press.net\/benin\/toutes-les-actualites\/homme-electrocute-en-coupant-un-arbre-a-bohicon#breadcrumb\"},\"inLanguage\":\"fr-FR\",\"potentialAction\":[{\"@type\":\"ReadAction\",\"target\":[\"https:\/\/www.africa-press.net\/benin\/toutes-les-actualites\/homme-electrocute-en-coupant-un-arbre-a-bohicon\"]}]},{\"@type\":\"ImageObject\",\"inLanguage\":\"fr-FR\",\"@id\":\"https:\/\/www.africa-press.net\/benin\/toutes-les-actualites\/homme-electrocute-en-coupant-un-arbre-a-bohicon#primaryimage\",\"url\":\"https:\/\/static.africa-press.net\/benin\/sites\/46\/2026\/02\/sm_1770747698.336817.jpg\",\"contentUrl\":\"https:\/\/static.africa-press.net\/benin\/sites\/46\/2026\/02\/sm_1770747698.336817.jpg\",\"width\":1258,\"height\":678,\"caption\":\"Homme \u00e9lectrocut\u00e9 en coupant un arbre \u00e0 Bohicon\"},{\"@type\":\"BreadcrumbList\",\"@id\":\"https:\/\/www.africa-press.net\/benin\/toutes-les-actualites\/homme-electrocute-en-coupant-un-arbre-a-bohicon#breadcrumb\",\"itemListElement\":[{\"@type\":\"ListItem\",\"position\":1,\"name\":\"Accueil\",\"item\":\"https:\/\/www.africa-press.net\/benin\/\"},{\"@type\":\"ListItem\",\"position\":2,\"name\":\"Homme \u00e9lectrocut\u00e9 en coupant un arbre \u00e0 Bohicon\"}]},{\"@type\":\"WebSite\",\"@id\":\"https:\/\/www.africa-press.net\/benin\/#website\",\"url\":\"https:\/\/www.africa-press.net\/benin\/\",\"name\":\"B\u00e9nin\",\"description\":\"Just another Africa News Agency Sites site\",\"potentialAction\":[{\"@type\":\"SearchAction\",\"target\":{\"@type\":\"EntryPoint\",\"urlTemplate\":\"https:\/\/www.africa-press.net\/benin\/?s={search_term_string}\"},\"query-input\":{\"@type\":\"PropertyValueSpecification\",\"valueRequired\":true,\"valueName\":\"search_term_string\"}}],\"inLanguage\":\"fr-FR\"},{\"@type\":\"Person\",\"@id\":\"https:\/\/www.africa-press.net\/benin\/#\/schema\/person\/2b1cf3cd81a31e3cd26889ca66d677f1\",\"name\":\"cfeditorfr\"}]}<\/script>\n<!-- \/ Yoast SEO Premium plugin. -->","yoast_head_json":{"title":"Homme \u00e9lectrocut\u00e9 en coupant un arbre \u00e0 Bohicon - B\u00e9nin","description":"-article-header-tag\"> Africa-Press - Benin. Un drame est survenu le lundi 9 f ...","robots":{"index":"index","follow":"follow","max-snippet":"max-snippet:-1","max-image-preview":"max-image-preview:large","max-video-preview":"max-video-preview:-1"},"canonical":"https:\/\/www.africa-press.net\/benin\/toutes-les-actualites\/homme-electrocute-en-coupant-un-arbre-a-bohicon","og_locale":"fr_FR","og_type":"article","og_title":"Homme \u00e9lectrocut\u00e9 en coupant un arbre \u00e0 Bohicon","og_description":"-article-header-tag\"> Africa-Press - Benin. Un drame est survenu le lundi 9 f ...","og_url":"https:\/\/www.africa-press.net\/benin\/toutes-les-actualites\/homme-electrocute-en-coupant-un-arbre-a-bohicon","og_site_name":"B\u00e9nin","article_published_time":"2026-02-10T17:50:38+00:00","article_modified_time":"2026-02-10T18:25:40+00:00","og_image":[{"width":1258,"height":678,"url":"https:\/\/static.africa-press.net\/benin\/sites\/46\/2026\/02\/sm_1770747698.336817.jpg","type":"image\/jpeg"}],"author":"cfeditorfr","twitter_card":"summary_large_image","twitter_misc":{"\u00c9crit par":"cfeditorfr","Dur\u00e9e de lecture estim\u00e9e":"1 minute"},"schema":{"@context":"https:\/\/schema.org","@graph":[{"@type":"Article","@id":"https:\/\/www.africa-press.net\/benin\/toutes-les-actualites\/homme-electrocute-en-coupant-un-arbre-a-bohicon#article","isPartOf":{"@id":"https:\/\/www.africa-press.net\/benin\/toutes-les-actualites\/homme-electrocute-en-coupant-un-arbre-a-bohicon"},"author":{"name":"cfeditorfr","@id":"https:\/\/www.africa-press.net\/benin\/#\/schema\/person\/2b1cf3cd81a31e3cd26889ca66d677f1"},"headline":"Homme \u00e9lectrocut\u00e9 en coupant un arbre \u00e0 Bohicon","datePublished":"2026-02-10T17:50:38+00:00","dateModified":"2026-02-10T18:25:40+00:00","mainEntityOfPage":{"@id":"https:\/\/www.africa-press.net\/benin\/toutes-les-actualites\/homme-electrocute-en-coupant-un-arbre-a-bohicon"},"wordCount":209,"commentCount":0,"image":{"@id":"https:\/\/www.africa-press.net\/benin\/toutes-les-actualites\/homme-electrocute-en-coupant-un-arbre-a-bohicon#primaryimage"},"thumbnailUrl":"https:\/\/static.africa-press.net\/benin\/sites\/46\/2026\/02\/sm_1770747698.336817.jpg","keywords":["B\u00e9nin"],"articleSection":["Communaut\u00e9","Toutes les actualit\u00e9s"],"inLanguage":"fr-FR","potentialAction":[{"@type":"CommentAction","name":"Comment","target":["https:\/\/www.africa-press.net\/benin\/toutes-les-actualites\/homme-electrocute-en-coupant-un-arbre-a-bohicon#respond"]}]},{"@type":"WebPage","@id":"https:\/\/www.africa-press.net\/benin\/toutes-les-actualites\/homme-electrocute-en-coupant-un-arbre-a-bohicon","url":"https:\/\/www.africa-press.net\/benin\/toutes-les-actualites\/homme-electrocute-en-coupant-un-arbre-a-bohicon","name":"Homme \u00e9lectrocut\u00e9 en coupant un arbre \u00e0 Bohicon - B\u00e9nin","isPartOf":{"@id":"https:\/\/www.africa-press.net\/benin\/#website"},"primaryImageOfPage":{"@id":"https:\/\/www.africa-press.net\/benin\/toutes-les-actualites\/homme-electrocute-en-coupant-un-arbre-a-bohicon#primaryimage"},"image":{"@id":"https:\/\/www.africa-press.net\/benin\/toutes-les-actualites\/homme-electrocute-en-coupant-un-arbre-a-bohicon#primaryimage"},"thumbnailUrl":"https:\/\/static.africa-press.net\/benin\/sites\/46\/2026\/02\/sm_1770747698.336817.jpg","datePublished":"2026-02-10T17:50:38+00:00","dateModified":"2026-02-10T18:25:40+00:00","author":{"@id":"https:\/\/www.africa-press.net\/benin\/#\/schema\/person\/2b1cf3cd81a31e3cd26889ca66d677f1"},"description":"-article-header-tag\"> Africa-Press - Benin. Un drame est survenu le lundi 9 f ...","breadcrumb":{"@id":"https:\/\/www.africa-press.net\/benin\/toutes-les-actualites\/homme-electrocute-en-coupant-un-arbre-a-bohicon#breadcrumb"},"inLanguage":"fr-FR","potentialAction":[{"@type":"ReadAction","target":["https:\/\/www.africa-press.net\/benin\/toutes-les-actualites\/homme-electrocute-en-coupant-un-arbre-a-bohicon"]}]},{"@type":"ImageObject","inLanguage":"fr-FR","@id":"https:\/\/www.africa-press.net\/benin\/toutes-les-actualites\/homme-electrocute-en-coupant-un-arbre-a-bohicon#primaryimage","url":"https:\/\/static.africa-press.net\/benin\/sites\/46\/2026\/02\/sm_1770747698.336817.jpg","contentUrl":"https:\/\/static.africa-press.net\/benin\/sites\/46\/2026\/02\/sm_1770747698.336817.jpg","width":1258,"height":678,"caption":"Homme \u00e9lectrocut\u00e9 en coupant un arbre \u00e0 Bohicon"},{"@type":"BreadcrumbList","@id":"https:\/\/www.africa-press.net\/benin\/toutes-les-actualites\/homme-electrocute-en-coupant-un-arbre-a-bohicon#breadcrumb","itemListElement":[{"@type":"ListItem","position":1,"name":"Accueil","item":"https:\/\/www.africa-press.net\/benin\/"},{"@type":"ListItem","position":2,"name":"Homme \u00e9lectrocut\u00e9 en coupant un arbre \u00e0 Bohicon"}]},{"@type":"WebSite","@id":"https:\/\/www.africa-press.net\/benin\/#website","url":"https:\/\/www.africa-press.net\/benin\/","name":"B\u00e9nin","description":"Just another Africa News Agency Sites site","potentialAction":[{"@type":"SearchAction","target":{"@type":"EntryPoint","urlTemplate":"https:\/\/www.africa-press.net\/benin\/?s={search_term_string}"},"query-input":{"@type":"PropertyValueSpecification","valueRequired":true,"valueName":"search_term_string"}}],"inLanguage":"fr-FR"},{"@type":"Person","@id":"https:\/\/www.africa-press.net\/benin\/#\/schema\/person\/2b1cf3cd81a31e3cd26889ca66d677f1","name":"cfeditorfr"}]}},"_links":{"self":[{"href":"https:\/\/www.africa-press.net\/benin\/wp-json\/wp\/v2\/posts\/53700","targetHints":{"allow":["GET"]}}],"collection":[{"href":"https:\/\/www.africa-press.net\/benin\/wp-json\/wp\/v2\/posts"}],"about":[{"href":"https:\/\/www.africa-press.net\/benin\/wp-json\/wp\/v2\/types\/post"}],"author":[{"embeddable":true,"href":"https:\/\/www.africa-press.net\/benin\/wp-json\/wp\/v2\/users\/82"}],"replies":[{"embeddable":true,"href":"https:\/\/www.africa-press.net\/benin\/wp-json\/wp\/v2\/comments?post=53700"}],"version-history":[{"count":0,"href":"https:\/\/www.africa-press.net\/benin\/wp-json\/wp\/v2\/posts\/53700\/revisions"}],"wp:featuredmedia":[{"embeddable":true,"href":"https:\/\/www.africa-press.net\/benin\/wp-json\/wp\/v2\/media\/53699"}],"wp:attachment":[{"href":"https:\/\/www.africa-press.net\/benin\/wp-json\/wp\/v2\/media?parent=53700"}],"wp:term":[{"taxonomy":"category","embeddable":true,"href":"https:\/\/www.africa-press.net\/benin\/wp-json\/wp\/v2\/categories?post=53700"},{"taxonomy":"post_tag","embeddable":true,"href":"https:\/\/www.africa-press.net\/benin\/wp-json\/wp\/v2\/tags?post=53700"}],"curies":[{"name":"wp","href":"https:\/\/api.w.org\/{rel}","templated":true}]}}