{"id":54075,"date":"2026-02-18T19:42:38","date_gmt":"2026-02-18T19:42:38","guid":{"rendered":"https:\/\/www.africa-press.net\/benin\/politique\/bertin-koovi-suspendu-jusquen-2029-par-le-br"},"modified":"2026-02-18T20:29:46","modified_gmt":"2026-02-18T20:29:46","slug":"bertin-koovi-suspendu-jusquen-2029-par-le-br","status":"publish","type":"post","link":"https:\/\/www.africa-press.net\/benin\/politique\/bertin-koovi-suspendu-jusquen-2029-par-le-br","title":{"rendered":"Bertin Koovi Suspendu Jusqu&rsquo;en 2029 Par Le BR"},"content":{"rendered":"<p><span class=\"ap-article-header-tag\"> <strong>Africa-Press &#8211; Benin. <\/strong> <\/span>Le <b>Bloc Re\u0301publicain (BR)<\/b> a de\u0301cide\u0301 de maintenir la suspension de l\u2019un de ses militants influents, <b>Bertin Koovi<\/b>, a\u0300 la suite d\u2019une publication juge\u0301e contraire aux re\u0300gles internes du parti. La de\u0301cision, ente\u0301rine\u0301e le 7 fe\u0301vrier 2026 par le Bureau exe\u0301cutif national, pre\u0301voit une suspension d\u2019un an ainsi qu\u2019une ine\u0301ligibilite\u0301 a\u0300 toute fonction de responsabilite\u0301 jusqu\u2019en fe\u0301vrier 2029.<\/p>\n<p><b>SOMMAIRE<\/b><\/p>\n<p>Entre regrets et loyaute\u0301 affiche\u0301e<\/p>\n<p>Enjeux politiques et conse\u0301quences<\/p>\n<p>Tout de\u0301marre le 4 fe\u0301vrier 2026, lorsque le Secre\u0301tariat exe\u0301cutif national du BR examine une publication attribue\u0301e a\u0300 Bertin Koovi, diffuse\u0301e sur les re\u0301seaux sociaux. Selon le communique\u0301 officiel, le texte contenait des prises de position personnelles et des orientations politiques exprime\u0301es \u00ab sans mandat \u00bb, en violation du devoir de re\u0301serve impose\u0301 aux cadres et militants.<\/p>\n<p>Dans un contexte politique marque\u0301 par les pre\u0301paratifs des prochaines e\u0301che\u0301ances e\u0301lectorales, la direction du parti a estime\u0301 que ces de\u0301clarations portaient atteinte a\u0300 la discipline interne et a\u0300 la cohe\u0301rence strate\u0301gique de la formation. Re\u0301uni en session extraordinaire sur proposition du Secre\u0301tariat exe\u0301cutif, le Bureau exe\u0301cutif national a valide\u0301 la double sanction de la <b>suspension de toutes les activite\u0301s du parti pour une dure\u0301e d\u2019un an<\/b>, soit jusqu\u2019au 7 fe\u0301vrier 2027 et l\u2019<b>Ine\u0301ligibilite\u0301 a\u0300 tout poste de responsabilite\u0301 interne pour trois ans<\/b>, soit jusqu\u2019en fe\u0301vrier 2029. Une de\u0301cision applicable avec effet imme\u0301diat.<\/p>\n<p><b>Entre regrets et loyaute\u0301 affiche\u0301e<\/b><\/p>\n<p>De son co\u0302te\u0301, Bertin Koovi a explique\u0301 que son message visait a\u0300 relayer \u00ab la frustration profonde des militants de base \u00bb, sans intention de de\u0301fiance ni de trahison envers le parti ou le chef de l\u2019E\u0301tat, <b>Patrice Talon<\/b>. De\u0300s l\u2019annonce de la sanction, le 5 fe\u0301vrier 2026, Bertin Koovi a diffuse\u0301 un message audio et e\u0301crit pour re\u0301agir publiquement. Il y reconnai\u0302t d\u2019e\u0301ventuelles maladresses et pre\u0301sente ses excuses a\u0300 la direction du parti, notamment a\u0300 son pre\u0301sident, <b>Abdoulaye Bio Tchane\u0301<\/b>, ainsi qu\u2019au pre\u0301sident Patrice Talon. \u00ab Si des erreurs ont e\u0301te\u0301 commises, elles ne l\u2019ont jamais e\u0301te\u0301 par esprit de de\u0301fiance ou de trahison \u00bb, a-t-il de\u0301clare\u0301, en re\u0301affirmant son attachement au BR: \u00ab Le BR vit en moi, et je vis dans le BR. \u00bb<\/p>\n<p>Malgre\u0301 cette tentative d\u2019apaisement, la direction du parti a maintenu l\u2019inte\u0301gralite\u0301 des mesures disciplinaires.<\/p>\n<p>Docteur en e\u0301conomie et figure politique connue a\u0300 Cotonou, Bertin Koovi s\u2019est d\u2019abord illustre\u0301 dans l\u2019opposition avant de rallier la majorite\u0301 pre\u0301sidentielle. Ancien pre\u0301sident de l\u2019Alliance Iroko (dissoute en 2021), il rejoint le Bloc Re\u0301publicain la me\u0302me anne\u0301e, apre\u0300s avoir e\u0301te\u0301 blanchi par la justice dans un dossier qui avait suscite\u0301 la controverse.<\/p>\n<p>Au sein du BR, il occupait notamment le poste de conseiller a\u0300 la strate\u0301gie. Militant actif et parfois critique sur certaines orientations internes, il s\u2019e\u0301tait impose\u0301 comme une voix influente aupre\u0300s des militants de base.<\/p>\n<p><b>Enjeux politiques et conse\u0301quences<\/b><\/p>\n<p>La sanction intervient donc dans un climat de repositionnements politiques et de tensions internes au sein de la majorite\u0301. Pour le Bloc Re\u0301publicain, formation cle\u0301 soutenant l\u2019action du pre\u0301sident Talon, il s\u2019agit avant tout de pre\u0301server l\u2019unite\u0301, la discipline et la lisibilite\u0301 strate\u0301gique a\u0300 l\u2019approche des e\u0301che\u0301ances e\u0301lectorales.<\/p>\n<p>En rendant Bertin Koovi ine\u0301ligible a\u0300 toute responsabilite\u0301 interne jusqu\u2019en 2029, le parti veut clairement affirme\u0301 a\u0300 qui doute encore quue la liberte\u0301 d\u2019expression des militants reste encadre\u0301e par les re\u0300gles de fonctionnement et la hie\u0301rarchie de\u0301cisionnelle.<\/p>\n<p class=\"ap-article-footer-note\">Retrouvez plus d\u2019actualit\u00e9s et d\u2019analyses sur <span class=\"ap-highlight-country\">Benin<\/span> sur le site <span class=\"ap-highlight-brand\">Africa Press<\/span><\/p>\n","protected":false},"excerpt":{"rendered":"<p>Africa-Press &#8211; Benin. Le Bloc Re\u0301publicain (BR) a de\u0301cide\u0301 de maintenir la suspension de l\u2019un de ses militants influents, Bertin Koovi, a\u0300 la suite d\u2019une publication juge\u0301e contraire aux re\u0300gles internes du parti. La de\u0301cision, ente\u0301rine\u0301e le 7 fe\u0301vrier 2026 par le Bureau exe\u0301cutif national, pre\u0301voit une suspension d\u2019un an ainsi qu\u2019une ine\u0301ligibilite\u0301 a\u0300 toute [&hellip;]<\/p>\n","protected":false},"author":82,"featured_media":54074,"comment_status":"open","ping_status":"closed","sticky":false,"template":"","format":"standard","meta":{"footnotes":""},"categories":[2,10],"tags":[45],"class_list":["post-54075","post","type-post","status-publish","format-standard","has-post-thumbnail","hentry","category-politique","category-toutes-les-actualites","tag-benin"],"yoast_head":"<!-- This site is optimized with the Yoast SEO Premium plugin v26.1 (Yoast SEO v27.0) - https:\/\/yoast.com\/product\/yoast-seo-premium-wordpress\/ -->\n<title>Bertin Koovi Suspendu Jusqu&#039;en 2029 Par Le BR - B\u00e9nin<\/title>\n<meta name=\"description\" content=\"-article-header-tag&quot;&gt; Africa-Press - Benin. Le Bloc Re\u0301publicain (BR) ...\" \/>\n<meta name=\"robots\" content=\"index, follow, max-snippet:-1, max-image-preview:large, max-video-preview:-1\" \/>\n<link rel=\"canonical\" href=\"https:\/\/www.africa-press.net\/benin\/politique\/bertin-koovi-suspendu-jusquen-2029-par-le-br\" \/>\n<meta property=\"og:locale\" content=\"fr_FR\" \/>\n<meta property=\"og:type\" content=\"article\" \/>\n<meta property=\"og:title\" content=\"Bertin Koovi Suspendu Jusqu&#039;en 2029 Par Le BR\" \/>\n<meta property=\"og:description\" content=\"-article-header-tag&quot;&gt; Africa-Press - Benin. Le Bloc Re\u0301publicain (BR) ...\" \/>\n<meta property=\"og:url\" content=\"https:\/\/www.africa-press.net\/benin\/politique\/bertin-koovi-suspendu-jusquen-2029-par-le-br\" \/>\n<meta property=\"og:site_name\" content=\"B\u00e9nin\" \/>\n<meta property=\"article:published_time\" content=\"2026-02-18T19:42:38+00:00\" \/>\n<meta property=\"article:modified_time\" content=\"2026-02-18T20:29:46+00:00\" \/>\n<meta property=\"og:image\" content=\"https:\/\/static.africa-press.net\/benin\/sites\/46\/2026\/02\/sm_1771446164.690572.jpg\" \/>\n\t<meta property=\"og:image:width\" content=\"1500\" \/>\n\t<meta property=\"og:image:height\" content=\"800\" \/>\n\t<meta property=\"og:image:type\" content=\"image\/jpeg\" \/>\n<meta name=\"author\" content=\"cfeditorfr\" \/>\n<meta name=\"twitter:card\" content=\"summary_large_image\" \/>\n<meta name=\"twitter:label1\" content=\"\u00c9crit par\" \/>\n\t<meta name=\"twitter:data1\" content=\"cfeditorfr\" \/>\n\t<meta name=\"twitter:label2\" content=\"Dur\u00e9e de lecture estim\u00e9e\" \/>\n\t<meta name=\"twitter:data2\" content=\"4 minutes\" \/>\n<script type=\"application\/ld+json\" class=\"yoast-schema-graph\">{\"@context\":\"https:\/\/schema.org\",\"@graph\":[{\"@type\":\"Article\",\"@id\":\"https:\/\/www.africa-press.net\/benin\/politique\/bertin-koovi-suspendu-jusquen-2029-par-le-br#article\",\"isPartOf\":{\"@id\":\"https:\/\/www.africa-press.net\/benin\/politique\/bertin-koovi-suspendu-jusquen-2029-par-le-br\"},\"author\":{\"name\":\"cfeditorfr\",\"@id\":\"https:\/\/www.africa-press.net\/benin\/#\/schema\/person\/2b1cf3cd81a31e3cd26889ca66d677f1\"},\"headline\":\"Bertin Koovi Suspendu Jusqu&rsquo;en 2029 Par Le BR\",\"datePublished\":\"2026-02-18T19:42:38+00:00\",\"dateModified\":\"2026-02-18T20:29:46+00:00\",\"mainEntityOfPage\":{\"@id\":\"https:\/\/www.africa-press.net\/benin\/politique\/bertin-koovi-suspendu-jusquen-2029-par-le-br\"},\"wordCount\":658,\"commentCount\":0,\"image\":{\"@id\":\"https:\/\/www.africa-press.net\/benin\/politique\/bertin-koovi-suspendu-jusquen-2029-par-le-br#primaryimage\"},\"thumbnailUrl\":\"https:\/\/static.africa-press.net\/benin\/sites\/46\/2026\/02\/sm_1771446164.690572.jpg\",\"keywords\":[\"B\u00e9nin\"],\"articleSection\":[\"Politique\",\"Toutes les actualit\u00e9s\"],\"inLanguage\":\"fr-FR\",\"potentialAction\":[{\"@type\":\"CommentAction\",\"name\":\"Comment\",\"target\":[\"https:\/\/www.africa-press.net\/benin\/politique\/bertin-koovi-suspendu-jusquen-2029-par-le-br#respond\"]}]},{\"@type\":\"WebPage\",\"@id\":\"https:\/\/www.africa-press.net\/benin\/politique\/bertin-koovi-suspendu-jusquen-2029-par-le-br\",\"url\":\"https:\/\/www.africa-press.net\/benin\/politique\/bertin-koovi-suspendu-jusquen-2029-par-le-br\",\"name\":\"Bertin Koovi Suspendu Jusqu'en 2029 Par Le BR - B\u00e9nin\",\"isPartOf\":{\"@id\":\"https:\/\/www.africa-press.net\/benin\/#website\"},\"primaryImageOfPage\":{\"@id\":\"https:\/\/www.africa-press.net\/benin\/politique\/bertin-koovi-suspendu-jusquen-2029-par-le-br#primaryimage\"},\"image\":{\"@id\":\"https:\/\/www.africa-press.net\/benin\/politique\/bertin-koovi-suspendu-jusquen-2029-par-le-br#primaryimage\"},\"thumbnailUrl\":\"https:\/\/static.africa-press.net\/benin\/sites\/46\/2026\/02\/sm_1771446164.690572.jpg\",\"datePublished\":\"2026-02-18T19:42:38+00:00\",\"dateModified\":\"2026-02-18T20:29:46+00:00\",\"author\":{\"@id\":\"https:\/\/www.africa-press.net\/benin\/#\/schema\/person\/2b1cf3cd81a31e3cd26889ca66d677f1\"},\"description\":\"-article-header-tag\\\"> Africa-Press - Benin. Le Bloc Re\u0301publicain (BR) ...\",\"breadcrumb\":{\"@id\":\"https:\/\/www.africa-press.net\/benin\/politique\/bertin-koovi-suspendu-jusquen-2029-par-le-br#breadcrumb\"},\"inLanguage\":\"fr-FR\",\"potentialAction\":[{\"@type\":\"ReadAction\",\"target\":[\"https:\/\/www.africa-press.net\/benin\/politique\/bertin-koovi-suspendu-jusquen-2029-par-le-br\"]}]},{\"@type\":\"ImageObject\",\"inLanguage\":\"fr-FR\",\"@id\":\"https:\/\/www.africa-press.net\/benin\/politique\/bertin-koovi-suspendu-jusquen-2029-par-le-br#primaryimage\",\"url\":\"https:\/\/static.africa-press.net\/benin\/sites\/46\/2026\/02\/sm_1771446164.690572.jpg\",\"contentUrl\":\"https:\/\/static.africa-press.net\/benin\/sites\/46\/2026\/02\/sm_1771446164.690572.jpg\",\"width\":1500,\"height\":800,\"caption\":\"Bertin Koovi Suspendu Jusqu'en 2029 Par Le BR\"},{\"@type\":\"BreadcrumbList\",\"@id\":\"https:\/\/www.africa-press.net\/benin\/politique\/bertin-koovi-suspendu-jusquen-2029-par-le-br#breadcrumb\",\"itemListElement\":[{\"@type\":\"ListItem\",\"position\":1,\"name\":\"Accueil\",\"item\":\"https:\/\/www.africa-press.net\/benin\/\"},{\"@type\":\"ListItem\",\"position\":2,\"name\":\"Bertin Koovi Suspendu Jusqu&#8217;en 2029 Par Le BR\"}]},{\"@type\":\"WebSite\",\"@id\":\"https:\/\/www.africa-press.net\/benin\/#website\",\"url\":\"https:\/\/www.africa-press.net\/benin\/\",\"name\":\"B\u00e9nin\",\"description\":\"Just another Africa News Agency Sites site\",\"potentialAction\":[{\"@type\":\"SearchAction\",\"target\":{\"@type\":\"EntryPoint\",\"urlTemplate\":\"https:\/\/www.africa-press.net\/benin\/?s={search_term_string}\"},\"query-input\":{\"@type\":\"PropertyValueSpecification\",\"valueRequired\":true,\"valueName\":\"search_term_string\"}}],\"inLanguage\":\"fr-FR\"},{\"@type\":\"Person\",\"@id\":\"https:\/\/www.africa-press.net\/benin\/#\/schema\/person\/2b1cf3cd81a31e3cd26889ca66d677f1\",\"name\":\"cfeditorfr\"}]}<\/script>\n<!-- \/ Yoast SEO Premium plugin. -->","yoast_head_json":{"title":"Bertin Koovi Suspendu Jusqu'en 2029 Par Le BR - B\u00e9nin","description":"-article-header-tag\"> Africa-Press - Benin. Le Bloc Re\u0301publicain (BR) ...","robots":{"index":"index","follow":"follow","max-snippet":"max-snippet:-1","max-image-preview":"max-image-preview:large","max-video-preview":"max-video-preview:-1"},"canonical":"https:\/\/www.africa-press.net\/benin\/politique\/bertin-koovi-suspendu-jusquen-2029-par-le-br","og_locale":"fr_FR","og_type":"article","og_title":"Bertin Koovi Suspendu Jusqu'en 2029 Par Le BR","og_description":"-article-header-tag\"> Africa-Press - Benin. Le Bloc Re\u0301publicain (BR) ...","og_url":"https:\/\/www.africa-press.net\/benin\/politique\/bertin-koovi-suspendu-jusquen-2029-par-le-br","og_site_name":"B\u00e9nin","article_published_time":"2026-02-18T19:42:38+00:00","article_modified_time":"2026-02-18T20:29:46+00:00","og_image":[{"width":1500,"height":800,"url":"https:\/\/static.africa-press.net\/benin\/sites\/46\/2026\/02\/sm_1771446164.690572.jpg","type":"image\/jpeg"}],"author":"cfeditorfr","twitter_card":"summary_large_image","twitter_misc":{"\u00c9crit par":"cfeditorfr","Dur\u00e9e de lecture estim\u00e9e":"4 minutes"},"schema":{"@context":"https:\/\/schema.org","@graph":[{"@type":"Article","@id":"https:\/\/www.africa-press.net\/benin\/politique\/bertin-koovi-suspendu-jusquen-2029-par-le-br#article","isPartOf":{"@id":"https:\/\/www.africa-press.net\/benin\/politique\/bertin-koovi-suspendu-jusquen-2029-par-le-br"},"author":{"name":"cfeditorfr","@id":"https:\/\/www.africa-press.net\/benin\/#\/schema\/person\/2b1cf3cd81a31e3cd26889ca66d677f1"},"headline":"Bertin Koovi Suspendu Jusqu&rsquo;en 2029 Par Le BR","datePublished":"2026-02-18T19:42:38+00:00","dateModified":"2026-02-18T20:29:46+00:00","mainEntityOfPage":{"@id":"https:\/\/www.africa-press.net\/benin\/politique\/bertin-koovi-suspendu-jusquen-2029-par-le-br"},"wordCount":658,"commentCount":0,"image":{"@id":"https:\/\/www.africa-press.net\/benin\/politique\/bertin-koovi-suspendu-jusquen-2029-par-le-br#primaryimage"},"thumbnailUrl":"https:\/\/static.africa-press.net\/benin\/sites\/46\/2026\/02\/sm_1771446164.690572.jpg","keywords":["B\u00e9nin"],"articleSection":["Politique","Toutes les actualit\u00e9s"],"inLanguage":"fr-FR","potentialAction":[{"@type":"CommentAction","name":"Comment","target":["https:\/\/www.africa-press.net\/benin\/politique\/bertin-koovi-suspendu-jusquen-2029-par-le-br#respond"]}]},{"@type":"WebPage","@id":"https:\/\/www.africa-press.net\/benin\/politique\/bertin-koovi-suspendu-jusquen-2029-par-le-br","url":"https:\/\/www.africa-press.net\/benin\/politique\/bertin-koovi-suspendu-jusquen-2029-par-le-br","name":"Bertin Koovi Suspendu Jusqu'en 2029 Par Le BR - B\u00e9nin","isPartOf":{"@id":"https:\/\/www.africa-press.net\/benin\/#website"},"primaryImageOfPage":{"@id":"https:\/\/www.africa-press.net\/benin\/politique\/bertin-koovi-suspendu-jusquen-2029-par-le-br#primaryimage"},"image":{"@id":"https:\/\/www.africa-press.net\/benin\/politique\/bertin-koovi-suspendu-jusquen-2029-par-le-br#primaryimage"},"thumbnailUrl":"https:\/\/static.africa-press.net\/benin\/sites\/46\/2026\/02\/sm_1771446164.690572.jpg","datePublished":"2026-02-18T19:42:38+00:00","dateModified":"2026-02-18T20:29:46+00:00","author":{"@id":"https:\/\/www.africa-press.net\/benin\/#\/schema\/person\/2b1cf3cd81a31e3cd26889ca66d677f1"},"description":"-article-header-tag\"> Africa-Press - Benin. Le Bloc Re\u0301publicain (BR) ...","breadcrumb":{"@id":"https:\/\/www.africa-press.net\/benin\/politique\/bertin-koovi-suspendu-jusquen-2029-par-le-br#breadcrumb"},"inLanguage":"fr-FR","potentialAction":[{"@type":"ReadAction","target":["https:\/\/www.africa-press.net\/benin\/politique\/bertin-koovi-suspendu-jusquen-2029-par-le-br"]}]},{"@type":"ImageObject","inLanguage":"fr-FR","@id":"https:\/\/www.africa-press.net\/benin\/politique\/bertin-koovi-suspendu-jusquen-2029-par-le-br#primaryimage","url":"https:\/\/static.africa-press.net\/benin\/sites\/46\/2026\/02\/sm_1771446164.690572.jpg","contentUrl":"https:\/\/static.africa-press.net\/benin\/sites\/46\/2026\/02\/sm_1771446164.690572.jpg","width":1500,"height":800,"caption":"Bertin Koovi Suspendu Jusqu'en 2029 Par Le BR"},{"@type":"BreadcrumbList","@id":"https:\/\/www.africa-press.net\/benin\/politique\/bertin-koovi-suspendu-jusquen-2029-par-le-br#breadcrumb","itemListElement":[{"@type":"ListItem","position":1,"name":"Accueil","item":"https:\/\/www.africa-press.net\/benin\/"},{"@type":"ListItem","position":2,"name":"Bertin Koovi Suspendu Jusqu&#8217;en 2029 Par Le BR"}]},{"@type":"WebSite","@id":"https:\/\/www.africa-press.net\/benin\/#website","url":"https:\/\/www.africa-press.net\/benin\/","name":"B\u00e9nin","description":"Just another Africa News Agency Sites site","potentialAction":[{"@type":"SearchAction","target":{"@type":"EntryPoint","urlTemplate":"https:\/\/www.africa-press.net\/benin\/?s={search_term_string}"},"query-input":{"@type":"PropertyValueSpecification","valueRequired":true,"valueName":"search_term_string"}}],"inLanguage":"fr-FR"},{"@type":"Person","@id":"https:\/\/www.africa-press.net\/benin\/#\/schema\/person\/2b1cf3cd81a31e3cd26889ca66d677f1","name":"cfeditorfr"}]}},"_links":{"self":[{"href":"https:\/\/www.africa-press.net\/benin\/wp-json\/wp\/v2\/posts\/54075","targetHints":{"allow":["GET"]}}],"collection":[{"href":"https:\/\/www.africa-press.net\/benin\/wp-json\/wp\/v2\/posts"}],"about":[{"href":"https:\/\/www.africa-press.net\/benin\/wp-json\/wp\/v2\/types\/post"}],"author":[{"embeddable":true,"href":"https:\/\/www.africa-press.net\/benin\/wp-json\/wp\/v2\/users\/82"}],"replies":[{"embeddable":true,"href":"https:\/\/www.africa-press.net\/benin\/wp-json\/wp\/v2\/comments?post=54075"}],"version-history":[{"count":0,"href":"https:\/\/www.africa-press.net\/benin\/wp-json\/wp\/v2\/posts\/54075\/revisions"}],"wp:featuredmedia":[{"embeddable":true,"href":"https:\/\/www.africa-press.net\/benin\/wp-json\/wp\/v2\/media\/54074"}],"wp:attachment":[{"href":"https:\/\/www.africa-press.net\/benin\/wp-json\/wp\/v2\/media?parent=54075"}],"wp:term":[{"taxonomy":"category","embeddable":true,"href":"https:\/\/www.africa-press.net\/benin\/wp-json\/wp\/v2\/categories?post=54075"},{"taxonomy":"post_tag","embeddable":true,"href":"https:\/\/www.africa-press.net\/benin\/wp-json\/wp\/v2\/tags?post=54075"}],"curies":[{"name":"wp","href":"https:\/\/api.w.org\/{rel}","templated":true}]}}