{"id":54584,"date":"2026-03-13T21:06:38","date_gmt":"2026-03-13T21:06:38","guid":{"rendered":"https:\/\/www.africa-press.net\/benin\/politique\/promotions-annoncees-dans-larmee-et-la-police-au-benin"},"modified":"2026-03-13T22:20:28","modified_gmt":"2026-03-13T22:20:28","slug":"promotions-annoncees-dans-larmee-et-la-police-au-benin","status":"publish","type":"post","link":"https:\/\/www.africa-press.net\/benin\/politique\/promotions-annoncees-dans-larmee-et-la-police-au-benin","title":{"rendered":"Promotions Annonc\u00e9es Dans L&rsquo;Arm\u00e9e Et La Police Au B\u00e9nin"},"content":{"rendered":"<p><span class=\"ap-article-header-tag\"> <strong>Africa-Press &#8211; Benin. <\/strong> <\/span>Le gouvernement be\u0301ninois a adopte\u0301 plusieurs de\u0301crets portant promotions et avancements dans certains corps de l\u2019administration. La liste des agents concerne\u0301s n\u2019a toutefois pas encore e\u0301te\u0301 rendue publique.<\/p>\n<p>Le gouvernement be\u0301ninois a adopte\u0301 de nouvelles mesures concernant la carrie\u0300re de plusieurs agents de l\u2019E\u0301tat. Re\u0301uni en Conseil des ministres le mercredi 11 mars 2026, l\u2019exe\u0301cutif a valide\u0301 plusieurs de\u0301crets portant promotions et avancements dans diffe\u0301rents corps de l\u2019administration.<\/p>\n<p>Ces de\u0301crets, pris par le pre\u0301sident de la Re\u0301publique, Patrice Talon, concernent notamment des officiers des Forces arme\u0301es be\u0301ninoises et de la Police re\u0301publicaine.<\/p>\n<p>Selon le compte rendu du Conseil des ministres, il s\u2019agit de nominations ou de promotions aux grades supe\u0301rieurs de certains officiers au titre de l\u2019anne\u0301e 2026.<\/p>\n<p>D\u2019autres mesures ont e\u0301galement e\u0301te\u0301 adopte\u0301es dans les corps techniques de l\u2019E\u0301tat. Le gouvernement a ainsi de\u0301cide\u0301 de l\u2019avancement des inspecteurs des Douanes ainsi que celui des inspecteurs des Eaux, Fore\u0302ts et Chasse, toujours au titre de l\u2019anne\u0301e 2026.<\/p>\n<p>Pour l\u2019instant, la liste des agents concerne\u0301s par ces promotions et avancements n\u2019a pas encore e\u0301te\u0301 rendue publique.<\/p>\n<p class=\"ap-article-footer-note\">Retrouvez plus d\u2019actualit\u00e9s et d\u2019analyses sur <span class=\"ap-highlight-country\">Benin<\/span> sur le site <span class=\"ap-highlight-brand\">Africa Press<\/span><\/p>\n","protected":false},"excerpt":{"rendered":"<p>Africa-Press &#8211; Benin. Le gouvernement be\u0301ninois a adopte\u0301 plusieurs de\u0301crets portant promotions et avancements dans certains corps de l\u2019administration. La liste des agents concerne\u0301s n\u2019a toutefois pas encore e\u0301te\u0301 rendue publique. Le gouvernement be\u0301ninois a adopte\u0301 de nouvelles mesures concernant la carrie\u0300re de plusieurs agents de l\u2019E\u0301tat. Re\u0301uni en Conseil des ministres le mercredi 11 [&hellip;]<\/p>\n","protected":false},"author":82,"featured_media":54583,"comment_status":"open","ping_status":"closed","sticky":false,"template":"","format":"standard","meta":{"footnotes":""},"categories":[2,10],"tags":[45],"class_list":["post-54584","post","type-post","status-publish","format-standard","has-post-thumbnail","hentry","category-politique","category-toutes-les-actualites","tag-benin"],"yoast_head":"<!-- This site is optimized with the Yoast SEO Premium plugin v26.1 (Yoast SEO v27.0) - https:\/\/yoast.com\/product\/yoast-seo-premium-wordpress\/ -->\n<title>Promotions Annonc\u00e9es Dans L&#039;Arm\u00e9e Et La Police Au B\u00e9nin - B\u00e9nin<\/title>\n<meta name=\"description\" content=\"-article-header-tag&quot;&gt; Africa-Press - Benin. Le gouvernement be\u0301ninois a adopt ...\" \/>\n<meta name=\"robots\" content=\"index, follow, max-snippet:-1, max-image-preview:large, max-video-preview:-1\" \/>\n<link rel=\"canonical\" href=\"https:\/\/www.africa-press.net\/benin\/politique\/promotions-annoncees-dans-larmee-et-la-police-au-benin\" \/>\n<meta property=\"og:locale\" content=\"fr_FR\" \/>\n<meta property=\"og:type\" content=\"article\" \/>\n<meta property=\"og:title\" content=\"Promotions Annonc\u00e9es Dans L&#039;Arm\u00e9e Et La Police Au B\u00e9nin\" \/>\n<meta property=\"og:description\" content=\"-article-header-tag&quot;&gt; Africa-Press - Benin. Le gouvernement be\u0301ninois a adopt ...\" \/>\n<meta property=\"og:url\" content=\"https:\/\/www.africa-press.net\/benin\/politique\/promotions-annoncees-dans-larmee-et-la-police-au-benin\" \/>\n<meta property=\"og:site_name\" content=\"B\u00e9nin\" \/>\n<meta property=\"article:published_time\" content=\"2026-03-13T21:06:38+00:00\" \/>\n<meta property=\"article:modified_time\" content=\"2026-03-13T22:20:28+00:00\" \/>\n<meta property=\"og:image\" content=\"https:\/\/static.africa-press.net\/benin\/sites\/46\/2026\/03\/sm_1773439278.356665.jpg\" \/>\n\t<meta property=\"og:image:width\" content=\"1600\" \/>\n\t<meta property=\"og:image:height\" content=\"1066\" \/>\n\t<meta property=\"og:image:type\" content=\"image\/jpeg\" \/>\n<meta name=\"author\" content=\"cfeditorfr\" \/>\n<meta name=\"twitter:card\" content=\"summary_large_image\" \/>\n<meta name=\"twitter:label1\" content=\"\u00c9crit par\" \/>\n\t<meta name=\"twitter:data1\" content=\"cfeditorfr\" \/>\n\t<meta name=\"twitter:label2\" content=\"Dur\u00e9e de lecture estim\u00e9e\" \/>\n\t<meta name=\"twitter:data2\" content=\"2 minutes\" \/>\n<script type=\"application\/ld+json\" class=\"yoast-schema-graph\">{\"@context\":\"https:\/\/schema.org\",\"@graph\":[{\"@type\":\"Article\",\"@id\":\"https:\/\/www.africa-press.net\/benin\/politique\/promotions-annoncees-dans-larmee-et-la-police-au-benin#article\",\"isPartOf\":{\"@id\":\"https:\/\/www.africa-press.net\/benin\/politique\/promotions-annoncees-dans-larmee-et-la-police-au-benin\"},\"author\":{\"name\":\"cfeditorfr\",\"@id\":\"https:\/\/www.africa-press.net\/benin\/#\/schema\/person\/2b1cf3cd81a31e3cd26889ca66d677f1\"},\"headline\":\"Promotions Annonc\u00e9es Dans L&rsquo;Arm\u00e9e Et La Police Au B\u00e9nin\",\"datePublished\":\"2026-03-13T21:06:38+00:00\",\"dateModified\":\"2026-03-13T22:20:28+00:00\",\"mainEntityOfPage\":{\"@id\":\"https:\/\/www.africa-press.net\/benin\/politique\/promotions-annoncees-dans-larmee-et-la-police-au-benin\"},\"wordCount\":243,\"commentCount\":0,\"image\":{\"@id\":\"https:\/\/www.africa-press.net\/benin\/politique\/promotions-annoncees-dans-larmee-et-la-police-au-benin#primaryimage\"},\"thumbnailUrl\":\"https:\/\/static.africa-press.net\/benin\/sites\/46\/2026\/03\/sm_1773439278.356665.jpg\",\"keywords\":[\"B\u00e9nin\"],\"articleSection\":[\"Politique\",\"Toutes les actualit\u00e9s\"],\"inLanguage\":\"fr-FR\",\"potentialAction\":[{\"@type\":\"CommentAction\",\"name\":\"Comment\",\"target\":[\"https:\/\/www.africa-press.net\/benin\/politique\/promotions-annoncees-dans-larmee-et-la-police-au-benin#respond\"]}]},{\"@type\":\"WebPage\",\"@id\":\"https:\/\/www.africa-press.net\/benin\/politique\/promotions-annoncees-dans-larmee-et-la-police-au-benin\",\"url\":\"https:\/\/www.africa-press.net\/benin\/politique\/promotions-annoncees-dans-larmee-et-la-police-au-benin\",\"name\":\"Promotions Annonc\u00e9es Dans L'Arm\u00e9e Et La Police Au B\u00e9nin - B\u00e9nin\",\"isPartOf\":{\"@id\":\"https:\/\/www.africa-press.net\/benin\/#website\"},\"primaryImageOfPage\":{\"@id\":\"https:\/\/www.africa-press.net\/benin\/politique\/promotions-annoncees-dans-larmee-et-la-police-au-benin#primaryimage\"},\"image\":{\"@id\":\"https:\/\/www.africa-press.net\/benin\/politique\/promotions-annoncees-dans-larmee-et-la-police-au-benin#primaryimage\"},\"thumbnailUrl\":\"https:\/\/static.africa-press.net\/benin\/sites\/46\/2026\/03\/sm_1773439278.356665.jpg\",\"datePublished\":\"2026-03-13T21:06:38+00:00\",\"dateModified\":\"2026-03-13T22:20:28+00:00\",\"author\":{\"@id\":\"https:\/\/www.africa-press.net\/benin\/#\/schema\/person\/2b1cf3cd81a31e3cd26889ca66d677f1\"},\"description\":\"-article-header-tag\\\"> Africa-Press - Benin. Le gouvernement be\u0301ninois a adopt ...\",\"breadcrumb\":{\"@id\":\"https:\/\/www.africa-press.net\/benin\/politique\/promotions-annoncees-dans-larmee-et-la-police-au-benin#breadcrumb\"},\"inLanguage\":\"fr-FR\",\"potentialAction\":[{\"@type\":\"ReadAction\",\"target\":[\"https:\/\/www.africa-press.net\/benin\/politique\/promotions-annoncees-dans-larmee-et-la-police-au-benin\"]}]},{\"@type\":\"ImageObject\",\"inLanguage\":\"fr-FR\",\"@id\":\"https:\/\/www.africa-press.net\/benin\/politique\/promotions-annoncees-dans-larmee-et-la-police-au-benin#primaryimage\",\"url\":\"https:\/\/static.africa-press.net\/benin\/sites\/46\/2026\/03\/sm_1773439278.356665.jpg\",\"contentUrl\":\"https:\/\/static.africa-press.net\/benin\/sites\/46\/2026\/03\/sm_1773439278.356665.jpg\",\"width\":1600,\"height\":1066,\"caption\":\"Promotions Annonc\u00e9es Dans L'Arm\u00e9e Et La Police Au B\u00e9nin\"},{\"@type\":\"BreadcrumbList\",\"@id\":\"https:\/\/www.africa-press.net\/benin\/politique\/promotions-annoncees-dans-larmee-et-la-police-au-benin#breadcrumb\",\"itemListElement\":[{\"@type\":\"ListItem\",\"position\":1,\"name\":\"Accueil\",\"item\":\"https:\/\/www.africa-press.net\/benin\/\"},{\"@type\":\"ListItem\",\"position\":2,\"name\":\"Promotions Annonc\u00e9es Dans L&#8217;Arm\u00e9e Et La Police Au B\u00e9nin\"}]},{\"@type\":\"WebSite\",\"@id\":\"https:\/\/www.africa-press.net\/benin\/#website\",\"url\":\"https:\/\/www.africa-press.net\/benin\/\",\"name\":\"B\u00e9nin\",\"description\":\"Just another Africa News Agency Sites site\",\"potentialAction\":[{\"@type\":\"SearchAction\",\"target\":{\"@type\":\"EntryPoint\",\"urlTemplate\":\"https:\/\/www.africa-press.net\/benin\/?s={search_term_string}\"},\"query-input\":{\"@type\":\"PropertyValueSpecification\",\"valueRequired\":true,\"valueName\":\"search_term_string\"}}],\"inLanguage\":\"fr-FR\"},{\"@type\":\"Person\",\"@id\":\"https:\/\/www.africa-press.net\/benin\/#\/schema\/person\/2b1cf3cd81a31e3cd26889ca66d677f1\",\"name\":\"cfeditorfr\"}]}<\/script>\n<!-- \/ Yoast SEO Premium plugin. -->","yoast_head_json":{"title":"Promotions Annonc\u00e9es Dans L'Arm\u00e9e Et La Police Au B\u00e9nin - B\u00e9nin","description":"-article-header-tag\"> Africa-Press - Benin. Le gouvernement be\u0301ninois a adopt ...","robots":{"index":"index","follow":"follow","max-snippet":"max-snippet:-1","max-image-preview":"max-image-preview:large","max-video-preview":"max-video-preview:-1"},"canonical":"https:\/\/www.africa-press.net\/benin\/politique\/promotions-annoncees-dans-larmee-et-la-police-au-benin","og_locale":"fr_FR","og_type":"article","og_title":"Promotions Annonc\u00e9es Dans L'Arm\u00e9e Et La Police Au B\u00e9nin","og_description":"-article-header-tag\"> Africa-Press - Benin. Le gouvernement be\u0301ninois a adopt ...","og_url":"https:\/\/www.africa-press.net\/benin\/politique\/promotions-annoncees-dans-larmee-et-la-police-au-benin","og_site_name":"B\u00e9nin","article_published_time":"2026-03-13T21:06:38+00:00","article_modified_time":"2026-03-13T22:20:28+00:00","og_image":[{"width":1600,"height":1066,"url":"https:\/\/static.africa-press.net\/benin\/sites\/46\/2026\/03\/sm_1773439278.356665.jpg","type":"image\/jpeg"}],"author":"cfeditorfr","twitter_card":"summary_large_image","twitter_misc":{"\u00c9crit par":"cfeditorfr","Dur\u00e9e de lecture estim\u00e9e":"2 minutes"},"schema":{"@context":"https:\/\/schema.org","@graph":[{"@type":"Article","@id":"https:\/\/www.africa-press.net\/benin\/politique\/promotions-annoncees-dans-larmee-et-la-police-au-benin#article","isPartOf":{"@id":"https:\/\/www.africa-press.net\/benin\/politique\/promotions-annoncees-dans-larmee-et-la-police-au-benin"},"author":{"name":"cfeditorfr","@id":"https:\/\/www.africa-press.net\/benin\/#\/schema\/person\/2b1cf3cd81a31e3cd26889ca66d677f1"},"headline":"Promotions Annonc\u00e9es Dans L&rsquo;Arm\u00e9e Et La Police Au B\u00e9nin","datePublished":"2026-03-13T21:06:38+00:00","dateModified":"2026-03-13T22:20:28+00:00","mainEntityOfPage":{"@id":"https:\/\/www.africa-press.net\/benin\/politique\/promotions-annoncees-dans-larmee-et-la-police-au-benin"},"wordCount":243,"commentCount":0,"image":{"@id":"https:\/\/www.africa-press.net\/benin\/politique\/promotions-annoncees-dans-larmee-et-la-police-au-benin#primaryimage"},"thumbnailUrl":"https:\/\/static.africa-press.net\/benin\/sites\/46\/2026\/03\/sm_1773439278.356665.jpg","keywords":["B\u00e9nin"],"articleSection":["Politique","Toutes les actualit\u00e9s"],"inLanguage":"fr-FR","potentialAction":[{"@type":"CommentAction","name":"Comment","target":["https:\/\/www.africa-press.net\/benin\/politique\/promotions-annoncees-dans-larmee-et-la-police-au-benin#respond"]}]},{"@type":"WebPage","@id":"https:\/\/www.africa-press.net\/benin\/politique\/promotions-annoncees-dans-larmee-et-la-police-au-benin","url":"https:\/\/www.africa-press.net\/benin\/politique\/promotions-annoncees-dans-larmee-et-la-police-au-benin","name":"Promotions Annonc\u00e9es Dans L'Arm\u00e9e Et La Police Au B\u00e9nin - B\u00e9nin","isPartOf":{"@id":"https:\/\/www.africa-press.net\/benin\/#website"},"primaryImageOfPage":{"@id":"https:\/\/www.africa-press.net\/benin\/politique\/promotions-annoncees-dans-larmee-et-la-police-au-benin#primaryimage"},"image":{"@id":"https:\/\/www.africa-press.net\/benin\/politique\/promotions-annoncees-dans-larmee-et-la-police-au-benin#primaryimage"},"thumbnailUrl":"https:\/\/static.africa-press.net\/benin\/sites\/46\/2026\/03\/sm_1773439278.356665.jpg","datePublished":"2026-03-13T21:06:38+00:00","dateModified":"2026-03-13T22:20:28+00:00","author":{"@id":"https:\/\/www.africa-press.net\/benin\/#\/schema\/person\/2b1cf3cd81a31e3cd26889ca66d677f1"},"description":"-article-header-tag\"> Africa-Press - Benin. Le gouvernement be\u0301ninois a adopt ...","breadcrumb":{"@id":"https:\/\/www.africa-press.net\/benin\/politique\/promotions-annoncees-dans-larmee-et-la-police-au-benin#breadcrumb"},"inLanguage":"fr-FR","potentialAction":[{"@type":"ReadAction","target":["https:\/\/www.africa-press.net\/benin\/politique\/promotions-annoncees-dans-larmee-et-la-police-au-benin"]}]},{"@type":"ImageObject","inLanguage":"fr-FR","@id":"https:\/\/www.africa-press.net\/benin\/politique\/promotions-annoncees-dans-larmee-et-la-police-au-benin#primaryimage","url":"https:\/\/static.africa-press.net\/benin\/sites\/46\/2026\/03\/sm_1773439278.356665.jpg","contentUrl":"https:\/\/static.africa-press.net\/benin\/sites\/46\/2026\/03\/sm_1773439278.356665.jpg","width":1600,"height":1066,"caption":"Promotions Annonc\u00e9es Dans L'Arm\u00e9e Et La Police Au B\u00e9nin"},{"@type":"BreadcrumbList","@id":"https:\/\/www.africa-press.net\/benin\/politique\/promotions-annoncees-dans-larmee-et-la-police-au-benin#breadcrumb","itemListElement":[{"@type":"ListItem","position":1,"name":"Accueil","item":"https:\/\/www.africa-press.net\/benin\/"},{"@type":"ListItem","position":2,"name":"Promotions Annonc\u00e9es Dans L&#8217;Arm\u00e9e Et La Police Au B\u00e9nin"}]},{"@type":"WebSite","@id":"https:\/\/www.africa-press.net\/benin\/#website","url":"https:\/\/www.africa-press.net\/benin\/","name":"B\u00e9nin","description":"Just another Africa News Agency Sites site","potentialAction":[{"@type":"SearchAction","target":{"@type":"EntryPoint","urlTemplate":"https:\/\/www.africa-press.net\/benin\/?s={search_term_string}"},"query-input":{"@type":"PropertyValueSpecification","valueRequired":true,"valueName":"search_term_string"}}],"inLanguage":"fr-FR"},{"@type":"Person","@id":"https:\/\/www.africa-press.net\/benin\/#\/schema\/person\/2b1cf3cd81a31e3cd26889ca66d677f1","name":"cfeditorfr"}]}},"_links":{"self":[{"href":"https:\/\/www.africa-press.net\/benin\/wp-json\/wp\/v2\/posts\/54584","targetHints":{"allow":["GET"]}}],"collection":[{"href":"https:\/\/www.africa-press.net\/benin\/wp-json\/wp\/v2\/posts"}],"about":[{"href":"https:\/\/www.africa-press.net\/benin\/wp-json\/wp\/v2\/types\/post"}],"author":[{"embeddable":true,"href":"https:\/\/www.africa-press.net\/benin\/wp-json\/wp\/v2\/users\/82"}],"replies":[{"embeddable":true,"href":"https:\/\/www.africa-press.net\/benin\/wp-json\/wp\/v2\/comments?post=54584"}],"version-history":[{"count":0,"href":"https:\/\/www.africa-press.net\/benin\/wp-json\/wp\/v2\/posts\/54584\/revisions"}],"wp:featuredmedia":[{"embeddable":true,"href":"https:\/\/www.africa-press.net\/benin\/wp-json\/wp\/v2\/media\/54583"}],"wp:attachment":[{"href":"https:\/\/www.africa-press.net\/benin\/wp-json\/wp\/v2\/media?parent=54584"}],"wp:term":[{"taxonomy":"category","embeddable":true,"href":"https:\/\/www.africa-press.net\/benin\/wp-json\/wp\/v2\/categories?post=54584"},{"taxonomy":"post_tag","embeddable":true,"href":"https:\/\/www.africa-press.net\/benin\/wp-json\/wp\/v2\/tags?post=54584"}],"curies":[{"name":"wp","href":"https:\/\/api.w.org\/{rel}","templated":true}]}}