{"id":54586,"date":"2026-03-13T21:06:59","date_gmt":"2026-03-13T21:06:59","guid":{"rendered":"https:\/\/www.africa-press.net\/benin\/politique\/rencontre-strategique-arrec-cedeao-wapp-ministres"},"modified":"2026-03-13T22:20:52","modified_gmt":"2026-03-13T22:20:52","slug":"rencontre-strategique-arrec-cedeao-wapp-ministres","status":"publish","type":"post","link":"https:\/\/www.africa-press.net\/benin\/politique\/rencontre-strategique-arrec-cedeao-wapp-ministres","title":{"rendered":"Rencontre Strat\u00e9gique ARREC CEDEAO WAPP Ministres"},"content":{"rendered":"<p><span class=\"ap-article-header-tag\"> <strong>Africa-Press &#8211; Benin. <\/strong> <\/span>Sur invitation de l\u2019ARREC, le pre\u0301sident de la Cour de Justice de la CEDEAO, Ricardo Cla\u0301udio Monteiro Gonc\u0327alves, a effectue\u0301 une visite de travail a\u0300 Cotonou dans l\u2019apre\u0300s midi du 9 et le 10 mars 2026. Au cours de cette mission, il a rencontre\u0301 les repre\u0301sentants de l\u2019Autorite\u0301 Re\u0301gionale de Re\u0301gulation du Secteur de l\u2019E\u0301lectricite\u0301 (ARREC), du West African Power Pool (WAPP), ainsi que les ministres be\u0301ninois de l\u2019E\u0301nergie, Jose\u0301 Didier Tonato, de la Justice et de la Le\u0301gislation, Yvon Detchenou, et des Affaires e\u0301trange\u0300res et de la Coope\u0301ration, Shegun Bakari.<\/p>\n<p>Cette rencontre visait a\u0300 renforcer le dialogue institutionnel et juridique autour du marche\u0301 re\u0301gional de l\u2019e\u0301lectricite\u0301 en Afrique de l\u2019Ouest, et a\u0300 permettre a\u0300 la Cour de mieux comprendre le fonctionnement ope\u0301rationnel du Centre d\u2019Information et de Coordination (CIC) du WAPP, ve\u0301ritable \u00ab tour de contro\u0302le \u00bb des flux e\u0301nerge\u0301tiques re\u0301gionaux.<\/p>\n<p>C\u2019e\u0301tait donc l\u2019occasion pour le pre\u0301sident de l\u2019ARREC, Laurent Tossou, de rappeler l\u2019engagement de toutes les parties pour soutenir les re\u0301formes du marche\u0301 re\u0301gional de l\u2019e\u0301lectricite\u0301. \u00ab Le marche\u0301 re\u0301gional de l\u2019e\u0301lectricite\u0301 est un outil formidable d\u2019inte\u0301gration et de de\u0301veloppement. Nous mettons tout en \u0153uvre pour que les populations be\u0301ne\u0301ficient d\u2019un acce\u0300s fiable et durable a\u0300 l\u2019e\u0301lectricite\u0301 \u00bb, a-t-il affirme\u0301.<\/p>\n<p>Il a aussi plaide\u0301 pour que la Cour de Justice de la CEDEAO, le Parlement re\u0301gional et l\u2019Autorite\u0301 de la Concurrence de la CEDEAO accompagnent le processus afin de garantir la le\u0301galite\u0301 et la transparence des ope\u0301rations.<\/p>\n<p>Pour sa part, le ministre de l\u2019E\u0301nergie, Jose\u0301 Didier Tonato, a insiste\u0301 sur l\u2019importance strate\u0301gique du secteur. \u00ab L\u2019e\u0301lectricite\u0301 est essentielle pour le de\u0301veloppement. Le Be\u0301nin entend renforcer sa souverainete\u0301 e\u0301nerge\u0301tique tout en collaborant avec ses voisins. L\u2019inte\u0301gration re\u0301gionale est un levier central pour le de\u0301veloppement e\u0301conomique \u00bb, a-t-il de\u0301clare\u0301.<\/p>\n<p>Le secre\u0301taire ge\u0301ne\u0301ral du WAPP, Abdoulaye Dia, a pre\u0301sente\u0301 les avance\u0301es du syste\u0300me e\u0301lectrique ouest-africain et les perspectives de de\u0301veloppement. \u00ab Le WAPP supervise la construction et l\u2019exploitation des re\u0301seaux e\u0301lectriques re\u0301gionaux et veille a\u0300 la synchronisation des syste\u0300mes entre les pays. Nous pre\u0301parons la mise en place d\u2019un marche\u0301 compe\u0301titif ou\u0300 l\u2019e\u0301nergie pourra e\u0302tre achete\u0301e et vendue via un syste\u0300me optimise\u0301 garantissant transparence et se\u0301curite\u0301 \u00bb, a-t-il explique\u0301.<\/p>\n<p>Il a e\u0301galement rappele\u0301 les programmes de renforcement des capacite\u0301s et de promotion de la participation des femmes dans le secteur de l\u2019e\u0301nergie, ainsi que les initiatives scientifiques et techniques pour assurer la fiabilite\u0301 des infrastructures. \u00ab Il nous reste le segment qui relie le Nigeria et la moitie\u0301 du Be\u0301nin. Depuis 2005, nous tentons cette interconnexion. Le 8 novembre dernier, un test de quatre heures a e\u0301te\u0301 re\u0301ussi. Apre\u0300s les e\u0301lections au Be\u0301nin, nous pre\u0301voyons un test de 48 heures et, d\u2019ici fin juin, une synchronisation permanente \u00bb, a-t-il pre\u0301cise\u0301.<\/p>\n<p>Ousmane Diallo, repre\u0301sentant la Cour de Justice de la CEDEAO, est revenu sur le ro\u0302le de l\u2019institution dans ce dispositif re\u0301gional. \u00ab La Cour n\u2019est pas la\u0300 pour concurrencer le WAPP ou l\u2019ARREC, mais pour garantir que le marche\u0301 fonctionne selon les re\u0300gles et en harmonie avec l\u2019architecture juridique de la CEDEAO. Cette intervention vise e\u0301galement a\u0300 rassurer les investisseurs et a\u0300 soutenir le de\u0301veloppement d\u2019un marche\u0301 compe\u0301titif et se\u0301curise\u0301 \u00bb, a-t-il confie\u0301.<\/p>\n<p>Cette rencontre a\u0300 Cotonou marque ainsi une e\u0301tape cle\u0301 dans la consolidation du marche\u0301 re\u0301gional de l\u2019e\u0301lectricite\u0301 en Afrique de l\u2019Ouest, alliant coope\u0301ration technique, cadre juridique et engagement politique des E\u0301tats membres.<\/p>\n<p class=\"ap-article-footer-note\">Retrouvez plus d\u2019actualit\u00e9s et d\u2019analyses sur <span class=\"ap-highlight-country\">Benin<\/span> sur le site <span class=\"ap-highlight-brand\">Africa Press<\/span><\/p>\n","protected":false},"excerpt":{"rendered":"<p>Africa-Press &#8211; Benin. Sur invitation de l\u2019ARREC, le pre\u0301sident de la Cour de Justice de la CEDEAO, Ricardo Cla\u0301udio Monteiro Gonc\u0327alves, a effectue\u0301 une visite de travail a\u0300 Cotonou dans l\u2019apre\u0300s midi du 9 et le 10 mars 2026. Au cours de cette mission, il a rencontre\u0301 les repre\u0301sentants de l\u2019Autorite\u0301 Re\u0301gionale de Re\u0301gulation du [&hellip;]<\/p>\n","protected":false},"author":82,"featured_media":54585,"comment_status":"open","ping_status":"closed","sticky":false,"template":"","format":"standard","meta":{"footnotes":""},"categories":[2,10],"tags":[45],"class_list":["post-54586","post","type-post","status-publish","format-standard","has-post-thumbnail","hentry","category-politique","category-toutes-les-actualites","tag-benin"],"yoast_head":"<!-- This site is optimized with the Yoast SEO Premium plugin v26.1 (Yoast SEO v27.0) - https:\/\/yoast.com\/product\/yoast-seo-premium-wordpress\/ -->\n<title>Rencontre Strat\u00e9gique ARREC CEDEAO WAPP Ministres - B\u00e9nin<\/title>\n<meta name=\"description\" content=\"-article-header-tag&quot;&gt; Africa-Press - Benin. Sur invitation de l\u2019ARREC, le pre ...\" \/>\n<meta name=\"robots\" content=\"index, follow, max-snippet:-1, max-image-preview:large, max-video-preview:-1\" \/>\n<link rel=\"canonical\" href=\"https:\/\/www.africa-press.net\/benin\/politique\/rencontre-strategique-arrec-cedeao-wapp-ministres\" \/>\n<meta property=\"og:locale\" content=\"fr_FR\" \/>\n<meta property=\"og:type\" content=\"article\" \/>\n<meta property=\"og:title\" content=\"Rencontre Strat\u00e9gique ARREC CEDEAO WAPP Ministres\" \/>\n<meta property=\"og:description\" content=\"-article-header-tag&quot;&gt; Africa-Press - Benin. Sur invitation de l\u2019ARREC, le pre ...\" \/>\n<meta property=\"og:url\" content=\"https:\/\/www.africa-press.net\/benin\/politique\/rencontre-strategique-arrec-cedeao-wapp-ministres\" \/>\n<meta property=\"og:site_name\" content=\"B\u00e9nin\" \/>\n<meta property=\"article:published_time\" content=\"2026-03-13T21:06:59+00:00\" \/>\n<meta property=\"article:modified_time\" content=\"2026-03-13T22:20:52+00:00\" \/>\n<meta property=\"og:image\" content=\"https:\/\/static.africa-press.net\/benin\/sites\/46\/2026\/03\/sm_1773439293.543127.jpg\" \/>\n\t<meta property=\"og:image:width\" content=\"1500\" \/>\n\t<meta property=\"og:image:height\" content=\"692\" \/>\n\t<meta property=\"og:image:type\" content=\"image\/jpeg\" \/>\n<meta name=\"author\" content=\"cfeditorfr\" \/>\n<meta name=\"twitter:card\" content=\"summary_large_image\" \/>\n<meta name=\"twitter:label1\" content=\"\u00c9crit par\" \/>\n\t<meta name=\"twitter:data1\" content=\"cfeditorfr\" \/>\n\t<meta name=\"twitter:label2\" content=\"Dur\u00e9e de lecture estim\u00e9e\" \/>\n\t<meta name=\"twitter:data2\" content=\"4 minutes\" \/>\n<script type=\"application\/ld+json\" class=\"yoast-schema-graph\">{\"@context\":\"https:\/\/schema.org\",\"@graph\":[{\"@type\":\"Article\",\"@id\":\"https:\/\/www.africa-press.net\/benin\/politique\/rencontre-strategique-arrec-cedeao-wapp-ministres#article\",\"isPartOf\":{\"@id\":\"https:\/\/www.africa-press.net\/benin\/politique\/rencontre-strategique-arrec-cedeao-wapp-ministres\"},\"author\":{\"name\":\"cfeditorfr\",\"@id\":\"https:\/\/www.africa-press.net\/benin\/#\/schema\/person\/2b1cf3cd81a31e3cd26889ca66d677f1\"},\"headline\":\"Rencontre Strat\u00e9gique ARREC CEDEAO WAPP Ministres\",\"datePublished\":\"2026-03-13T21:06:59+00:00\",\"dateModified\":\"2026-03-13T22:20:52+00:00\",\"mainEntityOfPage\":{\"@id\":\"https:\/\/www.africa-press.net\/benin\/politique\/rencontre-strategique-arrec-cedeao-wapp-ministres\"},\"wordCount\":688,\"commentCount\":0,\"image\":{\"@id\":\"https:\/\/www.africa-press.net\/benin\/politique\/rencontre-strategique-arrec-cedeao-wapp-ministres#primaryimage\"},\"thumbnailUrl\":\"https:\/\/static.africa-press.net\/benin\/sites\/46\/2026\/03\/sm_1773439293.543127.jpg\",\"keywords\":[\"B\u00e9nin\"],\"articleSection\":[\"Politique\",\"Toutes les actualit\u00e9s\"],\"inLanguage\":\"fr-FR\",\"potentialAction\":[{\"@type\":\"CommentAction\",\"name\":\"Comment\",\"target\":[\"https:\/\/www.africa-press.net\/benin\/politique\/rencontre-strategique-arrec-cedeao-wapp-ministres#respond\"]}]},{\"@type\":\"WebPage\",\"@id\":\"https:\/\/www.africa-press.net\/benin\/politique\/rencontre-strategique-arrec-cedeao-wapp-ministres\",\"url\":\"https:\/\/www.africa-press.net\/benin\/politique\/rencontre-strategique-arrec-cedeao-wapp-ministres\",\"name\":\"Rencontre Strat\u00e9gique ARREC CEDEAO WAPP Ministres - B\u00e9nin\",\"isPartOf\":{\"@id\":\"https:\/\/www.africa-press.net\/benin\/#website\"},\"primaryImageOfPage\":{\"@id\":\"https:\/\/www.africa-press.net\/benin\/politique\/rencontre-strategique-arrec-cedeao-wapp-ministres#primaryimage\"},\"image\":{\"@id\":\"https:\/\/www.africa-press.net\/benin\/politique\/rencontre-strategique-arrec-cedeao-wapp-ministres#primaryimage\"},\"thumbnailUrl\":\"https:\/\/static.africa-press.net\/benin\/sites\/46\/2026\/03\/sm_1773439293.543127.jpg\",\"datePublished\":\"2026-03-13T21:06:59+00:00\",\"dateModified\":\"2026-03-13T22:20:52+00:00\",\"author\":{\"@id\":\"https:\/\/www.africa-press.net\/benin\/#\/schema\/person\/2b1cf3cd81a31e3cd26889ca66d677f1\"},\"description\":\"-article-header-tag\\\"> Africa-Press - Benin. Sur invitation de l\u2019ARREC, le pre ...\",\"breadcrumb\":{\"@id\":\"https:\/\/www.africa-press.net\/benin\/politique\/rencontre-strategique-arrec-cedeao-wapp-ministres#breadcrumb\"},\"inLanguage\":\"fr-FR\",\"potentialAction\":[{\"@type\":\"ReadAction\",\"target\":[\"https:\/\/www.africa-press.net\/benin\/politique\/rencontre-strategique-arrec-cedeao-wapp-ministres\"]}]},{\"@type\":\"ImageObject\",\"inLanguage\":\"fr-FR\",\"@id\":\"https:\/\/www.africa-press.net\/benin\/politique\/rencontre-strategique-arrec-cedeao-wapp-ministres#primaryimage\",\"url\":\"https:\/\/static.africa-press.net\/benin\/sites\/46\/2026\/03\/sm_1773439293.543127.jpg\",\"contentUrl\":\"https:\/\/static.africa-press.net\/benin\/sites\/46\/2026\/03\/sm_1773439293.543127.jpg\",\"width\":1500,\"height\":692,\"caption\":\"Rencontre Strat\u00e9gique ARREC CEDEAO WAPP Ministres\"},{\"@type\":\"BreadcrumbList\",\"@id\":\"https:\/\/www.africa-press.net\/benin\/politique\/rencontre-strategique-arrec-cedeao-wapp-ministres#breadcrumb\",\"itemListElement\":[{\"@type\":\"ListItem\",\"position\":1,\"name\":\"Accueil\",\"item\":\"https:\/\/www.africa-press.net\/benin\/\"},{\"@type\":\"ListItem\",\"position\":2,\"name\":\"Rencontre Strat\u00e9gique ARREC CEDEAO WAPP Ministres\"}]},{\"@type\":\"WebSite\",\"@id\":\"https:\/\/www.africa-press.net\/benin\/#website\",\"url\":\"https:\/\/www.africa-press.net\/benin\/\",\"name\":\"B\u00e9nin\",\"description\":\"Just another Africa News Agency Sites site\",\"potentialAction\":[{\"@type\":\"SearchAction\",\"target\":{\"@type\":\"EntryPoint\",\"urlTemplate\":\"https:\/\/www.africa-press.net\/benin\/?s={search_term_string}\"},\"query-input\":{\"@type\":\"PropertyValueSpecification\",\"valueRequired\":true,\"valueName\":\"search_term_string\"}}],\"inLanguage\":\"fr-FR\"},{\"@type\":\"Person\",\"@id\":\"https:\/\/www.africa-press.net\/benin\/#\/schema\/person\/2b1cf3cd81a31e3cd26889ca66d677f1\",\"name\":\"cfeditorfr\"}]}<\/script>\n<!-- \/ Yoast SEO Premium plugin. -->","yoast_head_json":{"title":"Rencontre Strat\u00e9gique ARREC CEDEAO WAPP Ministres - B\u00e9nin","description":"-article-header-tag\"> Africa-Press - Benin. Sur invitation de l\u2019ARREC, le pre ...","robots":{"index":"index","follow":"follow","max-snippet":"max-snippet:-1","max-image-preview":"max-image-preview:large","max-video-preview":"max-video-preview:-1"},"canonical":"https:\/\/www.africa-press.net\/benin\/politique\/rencontre-strategique-arrec-cedeao-wapp-ministres","og_locale":"fr_FR","og_type":"article","og_title":"Rencontre Strat\u00e9gique ARREC CEDEAO WAPP Ministres","og_description":"-article-header-tag\"> Africa-Press - Benin. Sur invitation de l\u2019ARREC, le pre ...","og_url":"https:\/\/www.africa-press.net\/benin\/politique\/rencontre-strategique-arrec-cedeao-wapp-ministres","og_site_name":"B\u00e9nin","article_published_time":"2026-03-13T21:06:59+00:00","article_modified_time":"2026-03-13T22:20:52+00:00","og_image":[{"width":1500,"height":692,"url":"https:\/\/static.africa-press.net\/benin\/sites\/46\/2026\/03\/sm_1773439293.543127.jpg","type":"image\/jpeg"}],"author":"cfeditorfr","twitter_card":"summary_large_image","twitter_misc":{"\u00c9crit par":"cfeditorfr","Dur\u00e9e de lecture estim\u00e9e":"4 minutes"},"schema":{"@context":"https:\/\/schema.org","@graph":[{"@type":"Article","@id":"https:\/\/www.africa-press.net\/benin\/politique\/rencontre-strategique-arrec-cedeao-wapp-ministres#article","isPartOf":{"@id":"https:\/\/www.africa-press.net\/benin\/politique\/rencontre-strategique-arrec-cedeao-wapp-ministres"},"author":{"name":"cfeditorfr","@id":"https:\/\/www.africa-press.net\/benin\/#\/schema\/person\/2b1cf3cd81a31e3cd26889ca66d677f1"},"headline":"Rencontre Strat\u00e9gique ARREC CEDEAO WAPP Ministres","datePublished":"2026-03-13T21:06:59+00:00","dateModified":"2026-03-13T22:20:52+00:00","mainEntityOfPage":{"@id":"https:\/\/www.africa-press.net\/benin\/politique\/rencontre-strategique-arrec-cedeao-wapp-ministres"},"wordCount":688,"commentCount":0,"image":{"@id":"https:\/\/www.africa-press.net\/benin\/politique\/rencontre-strategique-arrec-cedeao-wapp-ministres#primaryimage"},"thumbnailUrl":"https:\/\/static.africa-press.net\/benin\/sites\/46\/2026\/03\/sm_1773439293.543127.jpg","keywords":["B\u00e9nin"],"articleSection":["Politique","Toutes les actualit\u00e9s"],"inLanguage":"fr-FR","potentialAction":[{"@type":"CommentAction","name":"Comment","target":["https:\/\/www.africa-press.net\/benin\/politique\/rencontre-strategique-arrec-cedeao-wapp-ministres#respond"]}]},{"@type":"WebPage","@id":"https:\/\/www.africa-press.net\/benin\/politique\/rencontre-strategique-arrec-cedeao-wapp-ministres","url":"https:\/\/www.africa-press.net\/benin\/politique\/rencontre-strategique-arrec-cedeao-wapp-ministres","name":"Rencontre Strat\u00e9gique ARREC CEDEAO WAPP Ministres - B\u00e9nin","isPartOf":{"@id":"https:\/\/www.africa-press.net\/benin\/#website"},"primaryImageOfPage":{"@id":"https:\/\/www.africa-press.net\/benin\/politique\/rencontre-strategique-arrec-cedeao-wapp-ministres#primaryimage"},"image":{"@id":"https:\/\/www.africa-press.net\/benin\/politique\/rencontre-strategique-arrec-cedeao-wapp-ministres#primaryimage"},"thumbnailUrl":"https:\/\/static.africa-press.net\/benin\/sites\/46\/2026\/03\/sm_1773439293.543127.jpg","datePublished":"2026-03-13T21:06:59+00:00","dateModified":"2026-03-13T22:20:52+00:00","author":{"@id":"https:\/\/www.africa-press.net\/benin\/#\/schema\/person\/2b1cf3cd81a31e3cd26889ca66d677f1"},"description":"-article-header-tag\"> Africa-Press - Benin. Sur invitation de l\u2019ARREC, le pre ...","breadcrumb":{"@id":"https:\/\/www.africa-press.net\/benin\/politique\/rencontre-strategique-arrec-cedeao-wapp-ministres#breadcrumb"},"inLanguage":"fr-FR","potentialAction":[{"@type":"ReadAction","target":["https:\/\/www.africa-press.net\/benin\/politique\/rencontre-strategique-arrec-cedeao-wapp-ministres"]}]},{"@type":"ImageObject","inLanguage":"fr-FR","@id":"https:\/\/www.africa-press.net\/benin\/politique\/rencontre-strategique-arrec-cedeao-wapp-ministres#primaryimage","url":"https:\/\/static.africa-press.net\/benin\/sites\/46\/2026\/03\/sm_1773439293.543127.jpg","contentUrl":"https:\/\/static.africa-press.net\/benin\/sites\/46\/2026\/03\/sm_1773439293.543127.jpg","width":1500,"height":692,"caption":"Rencontre Strat\u00e9gique ARREC CEDEAO WAPP Ministres"},{"@type":"BreadcrumbList","@id":"https:\/\/www.africa-press.net\/benin\/politique\/rencontre-strategique-arrec-cedeao-wapp-ministres#breadcrumb","itemListElement":[{"@type":"ListItem","position":1,"name":"Accueil","item":"https:\/\/www.africa-press.net\/benin\/"},{"@type":"ListItem","position":2,"name":"Rencontre Strat\u00e9gique ARREC CEDEAO WAPP Ministres"}]},{"@type":"WebSite","@id":"https:\/\/www.africa-press.net\/benin\/#website","url":"https:\/\/www.africa-press.net\/benin\/","name":"B\u00e9nin","description":"Just another Africa News Agency Sites site","potentialAction":[{"@type":"SearchAction","target":{"@type":"EntryPoint","urlTemplate":"https:\/\/www.africa-press.net\/benin\/?s={search_term_string}"},"query-input":{"@type":"PropertyValueSpecification","valueRequired":true,"valueName":"search_term_string"}}],"inLanguage":"fr-FR"},{"@type":"Person","@id":"https:\/\/www.africa-press.net\/benin\/#\/schema\/person\/2b1cf3cd81a31e3cd26889ca66d677f1","name":"cfeditorfr"}]}},"_links":{"self":[{"href":"https:\/\/www.africa-press.net\/benin\/wp-json\/wp\/v2\/posts\/54586","targetHints":{"allow":["GET"]}}],"collection":[{"href":"https:\/\/www.africa-press.net\/benin\/wp-json\/wp\/v2\/posts"}],"about":[{"href":"https:\/\/www.africa-press.net\/benin\/wp-json\/wp\/v2\/types\/post"}],"author":[{"embeddable":true,"href":"https:\/\/www.africa-press.net\/benin\/wp-json\/wp\/v2\/users\/82"}],"replies":[{"embeddable":true,"href":"https:\/\/www.africa-press.net\/benin\/wp-json\/wp\/v2\/comments?post=54586"}],"version-history":[{"count":0,"href":"https:\/\/www.africa-press.net\/benin\/wp-json\/wp\/v2\/posts\/54586\/revisions"}],"wp:featuredmedia":[{"embeddable":true,"href":"https:\/\/www.africa-press.net\/benin\/wp-json\/wp\/v2\/media\/54585"}],"wp:attachment":[{"href":"https:\/\/www.africa-press.net\/benin\/wp-json\/wp\/v2\/media?parent=54586"}],"wp:term":[{"taxonomy":"category","embeddable":true,"href":"https:\/\/www.africa-press.net\/benin\/wp-json\/wp\/v2\/categories?post=54586"},{"taxonomy":"post_tag","embeddable":true,"href":"https:\/\/www.africa-press.net\/benin\/wp-json\/wp\/v2\/tags?post=54586"}],"curies":[{"name":"wp","href":"https:\/\/api.w.org\/{rel}","templated":true}]}}