{"id":54588,"date":"2026-03-13T21:07:11","date_gmt":"2026-03-13T21:07:11","guid":{"rendered":"https:\/\/www.africa-press.net\/benin\/politique\/presidentielle-2026-au-benin-participation-active-des-democrates"},"modified":"2026-03-13T22:21:16","modified_gmt":"2026-03-13T22:21:16","slug":"presidentielle-2026-au-benin-participation-active-des-democrates","status":"publish","type":"post","link":"https:\/\/www.africa-press.net\/benin\/politique\/presidentielle-2026-au-benin-participation-active-des-democrates","title":{"rendered":"Pre\u0301sidentielle 2026 Au Be\u0301nin: Participation Active Des De\u0301mocrates"},"content":{"rendered":"<p><span class=\"ap-article-header-tag\"> <strong>Africa-Press &#8211; Benin. <\/strong> <\/span>Re\u0301unie ce vendredi, la Coordination nationale du parti Les De\u0301mocrates a de\u0301cide\u0301 de s\u2019impliquer activement dans la campagne e\u0301lectorale en vue de la pre\u0301sidentielle du 12 avril 2026. Le parti entend ainsi prendre part au de\u0301bat politique autour de ce scrutin.<\/p>\n<p>Le parti d\u2019opposition Les De\u0301mocrates a de\u0301cide\u0301 de s\u2019engager dans la campagne e\u0301lectorale pour l\u2019e\u0301lection pre\u0301sidentielle pre\u0301vue le 12 avril 2026 au Be\u0301nin. La de\u0301cision a e\u0301te\u0301 prise a\u0300 l\u2019issue d\u2019une re\u0301union de la Coordination nationale tenue ce jour.<\/p>\n<p>Selon les responsables du parti, cette orientation vise a\u0300 permettre a\u0300 la formation politique de participer activement aux e\u0301changes politiques qui marqueront cette pe\u0301riode e\u0301lectorale et de mobiliser ses militants sur le terrain.<\/p>\n<p>Cette annonce intervient dans un contexte particulier pour le parti, marque\u0301 par une transition a\u0300 sa te\u0302te. Apre\u0300s la de\u0301mission de l\u2019ancien pre\u0301sident du parti, l\u2019inte\u0301rim a\u0300 la pre\u0301sidence est de\u0301sormais assure\u0301 par le premier vice-pre\u0301sident, E\u0301ric Hounde\u0301te\u0301.<\/p>\n<p>Pour cette e\u0301lection pre\u0301sidentielle, deux duos de candidats sont en lice. Il s\u2019agit du tandem de la mouvance pre\u0301sidentielle forme\u0301 par le ministre de l\u2019E\u0301conomie et des Finances Romuald Wadagni et la vice-pre\u0301sidente Mariam Chabi Talata.<\/p>\n<p>De son co\u0302te\u0301, le parti Force Cauris pour un Be\u0301nin E\u0301mergent participe e\u0301galement au scrutin avec le duo Paul Hounkpe\u0300 \u2013 Judicae\u0308l Hounwanou.<\/p>\n<p>Selon le calendrier e\u0301lectoral, la campagne officielle doit de\u0301buter le 27 mars 2026 sur l\u2019ensemble du territoire national.<\/p>\n<p>Pour rappel, le parti Les De\u0301mocrates ne prendra pas part directement a\u0300 l\u2019e\u0301lection pre\u0301sidentielle du 12 avril 2026. La formation politique n\u2019a pas pu pre\u0301senter de candidat, faute d\u2019avoir obtenu le nombre de parrainages requis.<\/p>\n<p class=\"ap-article-footer-note\">Retrouvez plus d\u2019actualit\u00e9s et d\u2019analyses sur <span class=\"ap-highlight-country\">Benin<\/span> sur le site <span class=\"ap-highlight-brand\">Africa Press<\/span><\/p>\n","protected":false},"excerpt":{"rendered":"<p>Africa-Press &#8211; Benin. Re\u0301unie ce vendredi, la Coordination nationale du parti Les De\u0301mocrates a de\u0301cide\u0301 de s\u2019impliquer activement dans la campagne e\u0301lectorale en vue de la pre\u0301sidentielle du 12 avril 2026. Le parti entend ainsi prendre part au de\u0301bat politique autour de ce scrutin. Le parti d\u2019opposition Les De\u0301mocrates a de\u0301cide\u0301 de s\u2019engager dans la [&hellip;]<\/p>\n","protected":false},"author":82,"featured_media":54587,"comment_status":"open","ping_status":"closed","sticky":false,"template":"","format":"standard","meta":{"footnotes":""},"categories":[2,10],"tags":[45],"class_list":["post-54588","post","type-post","status-publish","format-standard","has-post-thumbnail","hentry","category-politique","category-toutes-les-actualites","tag-benin"],"yoast_head":"<!-- This site is optimized with the Yoast SEO Premium plugin v26.1 (Yoast SEO v27.0) - https:\/\/yoast.com\/product\/yoast-seo-premium-wordpress\/ -->\n<title>Pre\u0301sidentielle 2026 Au Be\u0301nin: Participation Active Des De\u0301mocrates - B\u00e9nin<\/title>\n<meta name=\"description\" content=\"-article-header-tag&quot;&gt; Africa-Press - Benin. Re\u0301unie ce vendredi, la Coordinat ...\" \/>\n<meta name=\"robots\" content=\"index, follow, max-snippet:-1, max-image-preview:large, max-video-preview:-1\" \/>\n<link rel=\"canonical\" href=\"https:\/\/www.africa-press.net\/benin\/politique\/presidentielle-2026-au-benin-participation-active-des-democrates\" \/>\n<meta property=\"og:locale\" content=\"fr_FR\" \/>\n<meta property=\"og:type\" content=\"article\" \/>\n<meta property=\"og:title\" content=\"Pre\u0301sidentielle 2026 Au Be\u0301nin: Participation Active Des De\u0301mocrates\" \/>\n<meta property=\"og:description\" content=\"-article-header-tag&quot;&gt; Africa-Press - Benin. Re\u0301unie ce vendredi, la Coordinat ...\" \/>\n<meta property=\"og:url\" content=\"https:\/\/www.africa-press.net\/benin\/politique\/presidentielle-2026-au-benin-participation-active-des-democrates\" \/>\n<meta property=\"og:site_name\" content=\"B\u00e9nin\" \/>\n<meta property=\"article:published_time\" content=\"2026-03-13T21:07:11+00:00\" \/>\n<meta property=\"article:modified_time\" content=\"2026-03-13T22:21:16+00:00\" \/>\n<meta property=\"og:image\" content=\"https:\/\/static.africa-press.net\/benin\/sites\/46\/2026\/03\/sm_1773439308.495889.jpg\" \/>\n\t<meta property=\"og:image:width\" content=\"866\" \/>\n\t<meta property=\"og:image:height\" content=\"566\" \/>\n\t<meta property=\"og:image:type\" content=\"image\/jpeg\" \/>\n<meta name=\"author\" content=\"cfeditorfr\" \/>\n<meta name=\"twitter:card\" content=\"summary_large_image\" \/>\n<meta name=\"twitter:label1\" content=\"\u00c9crit par\" \/>\n\t<meta name=\"twitter:data1\" content=\"cfeditorfr\" \/>\n\t<meta name=\"twitter:label2\" content=\"Dur\u00e9e de lecture estim\u00e9e\" \/>\n\t<meta name=\"twitter:data2\" content=\"2 minutes\" \/>\n<script type=\"application\/ld+json\" class=\"yoast-schema-graph\">{\"@context\":\"https:\/\/schema.org\",\"@graph\":[{\"@type\":\"Article\",\"@id\":\"https:\/\/www.africa-press.net\/benin\/politique\/presidentielle-2026-au-benin-participation-active-des-democrates#article\",\"isPartOf\":{\"@id\":\"https:\/\/www.africa-press.net\/benin\/politique\/presidentielle-2026-au-benin-participation-active-des-democrates\"},\"author\":{\"name\":\"cfeditorfr\",\"@id\":\"https:\/\/www.africa-press.net\/benin\/#\/schema\/person\/2b1cf3cd81a31e3cd26889ca66d677f1\"},\"headline\":\"Pre\u0301sidentielle 2026 Au Be\u0301nin: Participation Active Des De\u0301mocrates\",\"datePublished\":\"2026-03-13T21:07:11+00:00\",\"dateModified\":\"2026-03-13T22:21:16+00:00\",\"mainEntityOfPage\":{\"@id\":\"https:\/\/www.africa-press.net\/benin\/politique\/presidentielle-2026-au-benin-participation-active-des-democrates\"},\"wordCount\":341,\"commentCount\":0,\"image\":{\"@id\":\"https:\/\/www.africa-press.net\/benin\/politique\/presidentielle-2026-au-benin-participation-active-des-democrates#primaryimage\"},\"thumbnailUrl\":\"https:\/\/static.africa-press.net\/benin\/sites\/46\/2026\/03\/sm_1773439308.495889.jpg\",\"keywords\":[\"B\u00e9nin\"],\"articleSection\":[\"Politique\",\"Toutes les actualit\u00e9s\"],\"inLanguage\":\"fr-FR\",\"potentialAction\":[{\"@type\":\"CommentAction\",\"name\":\"Comment\",\"target\":[\"https:\/\/www.africa-press.net\/benin\/politique\/presidentielle-2026-au-benin-participation-active-des-democrates#respond\"]}]},{\"@type\":\"WebPage\",\"@id\":\"https:\/\/www.africa-press.net\/benin\/politique\/presidentielle-2026-au-benin-participation-active-des-democrates\",\"url\":\"https:\/\/www.africa-press.net\/benin\/politique\/presidentielle-2026-au-benin-participation-active-des-democrates\",\"name\":\"Pre\u0301sidentielle 2026 Au Be\u0301nin: Participation Active Des De\u0301mocrates - B\u00e9nin\",\"isPartOf\":{\"@id\":\"https:\/\/www.africa-press.net\/benin\/#website\"},\"primaryImageOfPage\":{\"@id\":\"https:\/\/www.africa-press.net\/benin\/politique\/presidentielle-2026-au-benin-participation-active-des-democrates#primaryimage\"},\"image\":{\"@id\":\"https:\/\/www.africa-press.net\/benin\/politique\/presidentielle-2026-au-benin-participation-active-des-democrates#primaryimage\"},\"thumbnailUrl\":\"https:\/\/static.africa-press.net\/benin\/sites\/46\/2026\/03\/sm_1773439308.495889.jpg\",\"datePublished\":\"2026-03-13T21:07:11+00:00\",\"dateModified\":\"2026-03-13T22:21:16+00:00\",\"author\":{\"@id\":\"https:\/\/www.africa-press.net\/benin\/#\/schema\/person\/2b1cf3cd81a31e3cd26889ca66d677f1\"},\"description\":\"-article-header-tag\\\"> Africa-Press - Benin. Re\u0301unie ce vendredi, la Coordinat ...\",\"breadcrumb\":{\"@id\":\"https:\/\/www.africa-press.net\/benin\/politique\/presidentielle-2026-au-benin-participation-active-des-democrates#breadcrumb\"},\"inLanguage\":\"fr-FR\",\"potentialAction\":[{\"@type\":\"ReadAction\",\"target\":[\"https:\/\/www.africa-press.net\/benin\/politique\/presidentielle-2026-au-benin-participation-active-des-democrates\"]}]},{\"@type\":\"ImageObject\",\"inLanguage\":\"fr-FR\",\"@id\":\"https:\/\/www.africa-press.net\/benin\/politique\/presidentielle-2026-au-benin-participation-active-des-democrates#primaryimage\",\"url\":\"https:\/\/static.africa-press.net\/benin\/sites\/46\/2026\/03\/sm_1773439308.495889.jpg\",\"contentUrl\":\"https:\/\/static.africa-press.net\/benin\/sites\/46\/2026\/03\/sm_1773439308.495889.jpg\",\"width\":866,\"height\":566,\"caption\":\"Pre\u0301sidentielle 2026 Au Be\u0301nin: Participation Active Des De\u0301mocrates\"},{\"@type\":\"BreadcrumbList\",\"@id\":\"https:\/\/www.africa-press.net\/benin\/politique\/presidentielle-2026-au-benin-participation-active-des-democrates#breadcrumb\",\"itemListElement\":[{\"@type\":\"ListItem\",\"position\":1,\"name\":\"Accueil\",\"item\":\"https:\/\/www.africa-press.net\/benin\/\"},{\"@type\":\"ListItem\",\"position\":2,\"name\":\"Pre\u0301sidentielle 2026 Au Be\u0301nin: Participation Active Des De\u0301mocrates\"}]},{\"@type\":\"WebSite\",\"@id\":\"https:\/\/www.africa-press.net\/benin\/#website\",\"url\":\"https:\/\/www.africa-press.net\/benin\/\",\"name\":\"B\u00e9nin\",\"description\":\"Just another Africa News Agency Sites site\",\"potentialAction\":[{\"@type\":\"SearchAction\",\"target\":{\"@type\":\"EntryPoint\",\"urlTemplate\":\"https:\/\/www.africa-press.net\/benin\/?s={search_term_string}\"},\"query-input\":{\"@type\":\"PropertyValueSpecification\",\"valueRequired\":true,\"valueName\":\"search_term_string\"}}],\"inLanguage\":\"fr-FR\"},{\"@type\":\"Person\",\"@id\":\"https:\/\/www.africa-press.net\/benin\/#\/schema\/person\/2b1cf3cd81a31e3cd26889ca66d677f1\",\"name\":\"cfeditorfr\"}]}<\/script>\n<!-- \/ Yoast SEO Premium plugin. -->","yoast_head_json":{"title":"Pre\u0301sidentielle 2026 Au Be\u0301nin: Participation Active Des De\u0301mocrates - B\u00e9nin","description":"-article-header-tag\"> Africa-Press - Benin. Re\u0301unie ce vendredi, la Coordinat ...","robots":{"index":"index","follow":"follow","max-snippet":"max-snippet:-1","max-image-preview":"max-image-preview:large","max-video-preview":"max-video-preview:-1"},"canonical":"https:\/\/www.africa-press.net\/benin\/politique\/presidentielle-2026-au-benin-participation-active-des-democrates","og_locale":"fr_FR","og_type":"article","og_title":"Pre\u0301sidentielle 2026 Au Be\u0301nin: Participation Active Des De\u0301mocrates","og_description":"-article-header-tag\"> Africa-Press - Benin. Re\u0301unie ce vendredi, la Coordinat ...","og_url":"https:\/\/www.africa-press.net\/benin\/politique\/presidentielle-2026-au-benin-participation-active-des-democrates","og_site_name":"B\u00e9nin","article_published_time":"2026-03-13T21:07:11+00:00","article_modified_time":"2026-03-13T22:21:16+00:00","og_image":[{"width":866,"height":566,"url":"https:\/\/static.africa-press.net\/benin\/sites\/46\/2026\/03\/sm_1773439308.495889.jpg","type":"image\/jpeg"}],"author":"cfeditorfr","twitter_card":"summary_large_image","twitter_misc":{"\u00c9crit par":"cfeditorfr","Dur\u00e9e de lecture estim\u00e9e":"2 minutes"},"schema":{"@context":"https:\/\/schema.org","@graph":[{"@type":"Article","@id":"https:\/\/www.africa-press.net\/benin\/politique\/presidentielle-2026-au-benin-participation-active-des-democrates#article","isPartOf":{"@id":"https:\/\/www.africa-press.net\/benin\/politique\/presidentielle-2026-au-benin-participation-active-des-democrates"},"author":{"name":"cfeditorfr","@id":"https:\/\/www.africa-press.net\/benin\/#\/schema\/person\/2b1cf3cd81a31e3cd26889ca66d677f1"},"headline":"Pre\u0301sidentielle 2026 Au Be\u0301nin: Participation Active Des De\u0301mocrates","datePublished":"2026-03-13T21:07:11+00:00","dateModified":"2026-03-13T22:21:16+00:00","mainEntityOfPage":{"@id":"https:\/\/www.africa-press.net\/benin\/politique\/presidentielle-2026-au-benin-participation-active-des-democrates"},"wordCount":341,"commentCount":0,"image":{"@id":"https:\/\/www.africa-press.net\/benin\/politique\/presidentielle-2026-au-benin-participation-active-des-democrates#primaryimage"},"thumbnailUrl":"https:\/\/static.africa-press.net\/benin\/sites\/46\/2026\/03\/sm_1773439308.495889.jpg","keywords":["B\u00e9nin"],"articleSection":["Politique","Toutes les actualit\u00e9s"],"inLanguage":"fr-FR","potentialAction":[{"@type":"CommentAction","name":"Comment","target":["https:\/\/www.africa-press.net\/benin\/politique\/presidentielle-2026-au-benin-participation-active-des-democrates#respond"]}]},{"@type":"WebPage","@id":"https:\/\/www.africa-press.net\/benin\/politique\/presidentielle-2026-au-benin-participation-active-des-democrates","url":"https:\/\/www.africa-press.net\/benin\/politique\/presidentielle-2026-au-benin-participation-active-des-democrates","name":"Pre\u0301sidentielle 2026 Au Be\u0301nin: Participation Active Des De\u0301mocrates - B\u00e9nin","isPartOf":{"@id":"https:\/\/www.africa-press.net\/benin\/#website"},"primaryImageOfPage":{"@id":"https:\/\/www.africa-press.net\/benin\/politique\/presidentielle-2026-au-benin-participation-active-des-democrates#primaryimage"},"image":{"@id":"https:\/\/www.africa-press.net\/benin\/politique\/presidentielle-2026-au-benin-participation-active-des-democrates#primaryimage"},"thumbnailUrl":"https:\/\/static.africa-press.net\/benin\/sites\/46\/2026\/03\/sm_1773439308.495889.jpg","datePublished":"2026-03-13T21:07:11+00:00","dateModified":"2026-03-13T22:21:16+00:00","author":{"@id":"https:\/\/www.africa-press.net\/benin\/#\/schema\/person\/2b1cf3cd81a31e3cd26889ca66d677f1"},"description":"-article-header-tag\"> Africa-Press - Benin. Re\u0301unie ce vendredi, la Coordinat ...","breadcrumb":{"@id":"https:\/\/www.africa-press.net\/benin\/politique\/presidentielle-2026-au-benin-participation-active-des-democrates#breadcrumb"},"inLanguage":"fr-FR","potentialAction":[{"@type":"ReadAction","target":["https:\/\/www.africa-press.net\/benin\/politique\/presidentielle-2026-au-benin-participation-active-des-democrates"]}]},{"@type":"ImageObject","inLanguage":"fr-FR","@id":"https:\/\/www.africa-press.net\/benin\/politique\/presidentielle-2026-au-benin-participation-active-des-democrates#primaryimage","url":"https:\/\/static.africa-press.net\/benin\/sites\/46\/2026\/03\/sm_1773439308.495889.jpg","contentUrl":"https:\/\/static.africa-press.net\/benin\/sites\/46\/2026\/03\/sm_1773439308.495889.jpg","width":866,"height":566,"caption":"Pre\u0301sidentielle 2026 Au Be\u0301nin: Participation Active Des De\u0301mocrates"},{"@type":"BreadcrumbList","@id":"https:\/\/www.africa-press.net\/benin\/politique\/presidentielle-2026-au-benin-participation-active-des-democrates#breadcrumb","itemListElement":[{"@type":"ListItem","position":1,"name":"Accueil","item":"https:\/\/www.africa-press.net\/benin\/"},{"@type":"ListItem","position":2,"name":"Pre\u0301sidentielle 2026 Au Be\u0301nin: Participation Active Des De\u0301mocrates"}]},{"@type":"WebSite","@id":"https:\/\/www.africa-press.net\/benin\/#website","url":"https:\/\/www.africa-press.net\/benin\/","name":"B\u00e9nin","description":"Just another Africa News Agency Sites site","potentialAction":[{"@type":"SearchAction","target":{"@type":"EntryPoint","urlTemplate":"https:\/\/www.africa-press.net\/benin\/?s={search_term_string}"},"query-input":{"@type":"PropertyValueSpecification","valueRequired":true,"valueName":"search_term_string"}}],"inLanguage":"fr-FR"},{"@type":"Person","@id":"https:\/\/www.africa-press.net\/benin\/#\/schema\/person\/2b1cf3cd81a31e3cd26889ca66d677f1","name":"cfeditorfr"}]}},"_links":{"self":[{"href":"https:\/\/www.africa-press.net\/benin\/wp-json\/wp\/v2\/posts\/54588","targetHints":{"allow":["GET"]}}],"collection":[{"href":"https:\/\/www.africa-press.net\/benin\/wp-json\/wp\/v2\/posts"}],"about":[{"href":"https:\/\/www.africa-press.net\/benin\/wp-json\/wp\/v2\/types\/post"}],"author":[{"embeddable":true,"href":"https:\/\/www.africa-press.net\/benin\/wp-json\/wp\/v2\/users\/82"}],"replies":[{"embeddable":true,"href":"https:\/\/www.africa-press.net\/benin\/wp-json\/wp\/v2\/comments?post=54588"}],"version-history":[{"count":0,"href":"https:\/\/www.africa-press.net\/benin\/wp-json\/wp\/v2\/posts\/54588\/revisions"}],"wp:featuredmedia":[{"embeddable":true,"href":"https:\/\/www.africa-press.net\/benin\/wp-json\/wp\/v2\/media\/54587"}],"wp:attachment":[{"href":"https:\/\/www.africa-press.net\/benin\/wp-json\/wp\/v2\/media?parent=54588"}],"wp:term":[{"taxonomy":"category","embeddable":true,"href":"https:\/\/www.africa-press.net\/benin\/wp-json\/wp\/v2\/categories?post=54588"},{"taxonomy":"post_tag","embeddable":true,"href":"https:\/\/www.africa-press.net\/benin\/wp-json\/wp\/v2\/tags?post=54588"}],"curies":[{"name":"wp","href":"https:\/\/api.w.org\/{rel}","templated":true}]}}