{"id":54590,"date":"2026-03-13T21:07:23","date_gmt":"2026-03-13T21:07:23","guid":{"rendered":"https:\/\/www.africa-press.net\/benin\/politique\/presidentielle-2026-echanges-de-la-plateforme-bus-avec-etudiants"},"modified":"2026-03-13T22:21:38","modified_gmt":"2026-03-13T22:21:38","slug":"presidentielle-2026-echanges-de-la-plateforme-bus-avec-etudiants","status":"publish","type":"post","link":"https:\/\/www.africa-press.net\/benin\/politique\/presidentielle-2026-echanges-de-la-plateforme-bus-avec-etudiants","title":{"rendered":"Pr\u00e9sidentielle 2026 \u00c9changes de la plateforme BUS avec \u00e9tudiants"},"content":{"rendered":"<p><span class=\"ap-article-header-tag\"> <strong>Africa-Press &#8211; Benin. <\/strong> <\/span>Le Coordonnateur national de la plateforme Be\u0301nin Uni et Solidaire (BUS) a rec\u0327u ce vendredi matin les dirigeants de trois organisations e\u0301tudiantes. Une rencontre consacre\u0301e a\u0300 la pre\u0301sentation des objectifs de la plateforme et a\u0300 la mobilisation de la jeunesse estudiantine autour de la candidature de Romuald Wadagni et Mariam Chabi Talata en vue de la pre\u0301sidentielle d\u2019avril 2026.<\/p>\n<p>La plateforme Be\u0301nin Uni et Solidaire (BUS) poursuit son travail d\u2019ancrage aupre\u0300s des diffe\u0301rentes composantes de la socie\u0301te\u0301. Ce vendredi matin, son Coordonnateur national, Christian Yenoussi, a accueilli une de\u0301le\u0301gation de responsables des principaux syndicats e\u0301tudiants de l\u2019Universite\u0301 d\u2019Abomey-Calavi.. La rencontre a re\u0301uni Malius Gbegnon, pre\u0301sident de l\u2019Union Nationale des E\u0301tudiants du Be\u0301nin (UNEB), Olade\u0301le\u0301 Yenou, dirigeant de l\u2019Union Nationale des Scolaires et E\u0301tudiants du Be\u0301nin (UNSEB), ainsi que Christian Fiacre Avoce\u0300s, secre\u0301taire ge\u0301ne\u0301ral de la Fe\u0301de\u0301ration Nationale des E\u0301tudiants du Be\u0301nin (FNEB).<\/p>\n<p>Au c\u0153ur des e\u0301changes: la pre\u0301sentation de la mission et des ambitions de la plateforme Be\u0301nin Uni et Solidaire, qui cherche a\u0300 renforcer sa pre\u0301sence sur le terrain et a\u0300 mobiliser diffe\u0301rents acteurs autour de ses initiatives. A\u0300 l\u2019issue des discussions, les repre\u0301sentants e\u0301tudiants ont manifeste\u0301 leur disponibilite\u0301 a\u0300 accompagner les responsables de la plateforme dans leurs actions de sensibilisation, notamment aupre\u0300s de la communaute\u0301 estudiantine. Selon eux, une part importante des e\u0301tudiants be\u0301ninois n\u2019a encore jamais participe\u0301 a\u0300 un scrutin, d\u2019ou\u0300 l\u2019importance d\u2019encourager leur implication dans la vie citoyenne.<\/p>\n<p>Cette de\u0301marche vise notamment a\u0300 renforcer la mobilisation de la jeunesse estudiantine autour de la candidature de Romuald Wadagni et Mariam Chabi Talata en vue de la pre\u0301sidentielle d\u2019avril 2026. Avec cette nouvelle dynamique de collaboration avec les organisations e\u0301tudiantes, la plateforme BUS entend consolider davantage sa pre\u0301sence et son influence au sein de la jeunesse be\u0301ninoise.<\/p>\n<p class=\"ap-article-footer-note\">Retrouvez plus d\u2019actualit\u00e9s et d\u2019analyses sur <span class=\"ap-highlight-country\">Benin<\/span> sur le site <span class=\"ap-highlight-brand\">Africa Press<\/span><\/p>\n","protected":false},"excerpt":{"rendered":"<p>Africa-Press &#8211; Benin. Le Coordonnateur national de la plateforme Be\u0301nin Uni et Solidaire (BUS) a rec\u0327u ce vendredi matin les dirigeants de trois organisations e\u0301tudiantes. Une rencontre consacre\u0301e a\u0300 la pre\u0301sentation des objectifs de la plateforme et a\u0300 la mobilisation de la jeunesse estudiantine autour de la candidature de Romuald Wadagni et Mariam Chabi Talata [&hellip;]<\/p>\n","protected":false},"author":82,"featured_media":54589,"comment_status":"open","ping_status":"closed","sticky":false,"template":"","format":"standard","meta":{"footnotes":""},"categories":[2,10],"tags":[45],"class_list":["post-54590","post","type-post","status-publish","format-standard","has-post-thumbnail","hentry","category-politique","category-toutes-les-actualites","tag-benin"],"yoast_head":"<!-- This site is optimized with the Yoast SEO Premium plugin v26.1 (Yoast SEO v27.0) - https:\/\/yoast.com\/product\/yoast-seo-premium-wordpress\/ -->\n<title>Pr\u00e9sidentielle 2026 \u00c9changes de la plateforme BUS avec \u00e9tudiants - B\u00e9nin<\/title>\n<meta name=\"description\" content=\"-article-header-tag&quot;&gt; Africa-Press - Benin. Le Coordonnateur national de la p ...\" \/>\n<meta name=\"robots\" content=\"index, follow, max-snippet:-1, max-image-preview:large, max-video-preview:-1\" \/>\n<link rel=\"canonical\" href=\"https:\/\/www.africa-press.net\/benin\/politique\/presidentielle-2026-echanges-de-la-plateforme-bus-avec-etudiants\" \/>\n<meta property=\"og:locale\" content=\"fr_FR\" \/>\n<meta property=\"og:type\" content=\"article\" \/>\n<meta property=\"og:title\" content=\"Pr\u00e9sidentielle 2026 \u00c9changes de la plateforme BUS avec \u00e9tudiants\" \/>\n<meta property=\"og:description\" content=\"-article-header-tag&quot;&gt; Africa-Press - Benin. Le Coordonnateur national de la p ...\" \/>\n<meta property=\"og:url\" content=\"https:\/\/www.africa-press.net\/benin\/politique\/presidentielle-2026-echanges-de-la-plateforme-bus-avec-etudiants\" \/>\n<meta property=\"og:site_name\" content=\"B\u00e9nin\" \/>\n<meta property=\"article:published_time\" content=\"2026-03-13T21:07:23+00:00\" \/>\n<meta property=\"article:modified_time\" content=\"2026-03-13T22:21:38+00:00\" \/>\n<meta property=\"og:image\" content=\"https:\/\/static.africa-press.net\/benin\/sites\/46\/2026\/03\/sm_1773439323.826869.jpg\" \/>\n\t<meta property=\"og:image:width\" content=\"1280\" \/>\n\t<meta property=\"og:image:height\" content=\"854\" \/>\n\t<meta property=\"og:image:type\" content=\"image\/jpeg\" \/>\n<meta name=\"author\" content=\"cfeditorfr\" \/>\n<meta name=\"twitter:card\" content=\"summary_large_image\" \/>\n<meta name=\"twitter:label1\" content=\"\u00c9crit par\" \/>\n\t<meta name=\"twitter:data1\" content=\"cfeditorfr\" \/>\n\t<meta name=\"twitter:label2\" content=\"Dur\u00e9e de lecture estim\u00e9e\" \/>\n\t<meta name=\"twitter:data2\" content=\"2 minutes\" \/>\n<script type=\"application\/ld+json\" class=\"yoast-schema-graph\">{\"@context\":\"https:\/\/schema.org\",\"@graph\":[{\"@type\":\"Article\",\"@id\":\"https:\/\/www.africa-press.net\/benin\/politique\/presidentielle-2026-echanges-de-la-plateforme-bus-avec-etudiants#article\",\"isPartOf\":{\"@id\":\"https:\/\/www.africa-press.net\/benin\/politique\/presidentielle-2026-echanges-de-la-plateforme-bus-avec-etudiants\"},\"author\":{\"name\":\"cfeditorfr\",\"@id\":\"https:\/\/www.africa-press.net\/benin\/#\/schema\/person\/2b1cf3cd81a31e3cd26889ca66d677f1\"},\"headline\":\"Pr\u00e9sidentielle 2026 \u00c9changes de la plateforme BUS avec \u00e9tudiants\",\"datePublished\":\"2026-03-13T21:07:23+00:00\",\"dateModified\":\"2026-03-13T22:21:38+00:00\",\"mainEntityOfPage\":{\"@id\":\"https:\/\/www.africa-press.net\/benin\/politique\/presidentielle-2026-echanges-de-la-plateforme-bus-avec-etudiants\"},\"wordCount\":370,\"commentCount\":0,\"image\":{\"@id\":\"https:\/\/www.africa-press.net\/benin\/politique\/presidentielle-2026-echanges-de-la-plateforme-bus-avec-etudiants#primaryimage\"},\"thumbnailUrl\":\"https:\/\/static.africa-press.net\/benin\/sites\/46\/2026\/03\/sm_1773439323.826869.jpg\",\"keywords\":[\"B\u00e9nin\"],\"articleSection\":[\"Politique\",\"Toutes les actualit\u00e9s\"],\"inLanguage\":\"fr-FR\",\"potentialAction\":[{\"@type\":\"CommentAction\",\"name\":\"Comment\",\"target\":[\"https:\/\/www.africa-press.net\/benin\/politique\/presidentielle-2026-echanges-de-la-plateforme-bus-avec-etudiants#respond\"]}]},{\"@type\":\"WebPage\",\"@id\":\"https:\/\/www.africa-press.net\/benin\/politique\/presidentielle-2026-echanges-de-la-plateforme-bus-avec-etudiants\",\"url\":\"https:\/\/www.africa-press.net\/benin\/politique\/presidentielle-2026-echanges-de-la-plateforme-bus-avec-etudiants\",\"name\":\"Pr\u00e9sidentielle 2026 \u00c9changes de la plateforme BUS avec \u00e9tudiants - B\u00e9nin\",\"isPartOf\":{\"@id\":\"https:\/\/www.africa-press.net\/benin\/#website\"},\"primaryImageOfPage\":{\"@id\":\"https:\/\/www.africa-press.net\/benin\/politique\/presidentielle-2026-echanges-de-la-plateforme-bus-avec-etudiants#primaryimage\"},\"image\":{\"@id\":\"https:\/\/www.africa-press.net\/benin\/politique\/presidentielle-2026-echanges-de-la-plateforme-bus-avec-etudiants#primaryimage\"},\"thumbnailUrl\":\"https:\/\/static.africa-press.net\/benin\/sites\/46\/2026\/03\/sm_1773439323.826869.jpg\",\"datePublished\":\"2026-03-13T21:07:23+00:00\",\"dateModified\":\"2026-03-13T22:21:38+00:00\",\"author\":{\"@id\":\"https:\/\/www.africa-press.net\/benin\/#\/schema\/person\/2b1cf3cd81a31e3cd26889ca66d677f1\"},\"description\":\"-article-header-tag\\\"> Africa-Press - Benin. Le Coordonnateur national de la p ...\",\"breadcrumb\":{\"@id\":\"https:\/\/www.africa-press.net\/benin\/politique\/presidentielle-2026-echanges-de-la-plateforme-bus-avec-etudiants#breadcrumb\"},\"inLanguage\":\"fr-FR\",\"potentialAction\":[{\"@type\":\"ReadAction\",\"target\":[\"https:\/\/www.africa-press.net\/benin\/politique\/presidentielle-2026-echanges-de-la-plateforme-bus-avec-etudiants\"]}]},{\"@type\":\"ImageObject\",\"inLanguage\":\"fr-FR\",\"@id\":\"https:\/\/www.africa-press.net\/benin\/politique\/presidentielle-2026-echanges-de-la-plateforme-bus-avec-etudiants#primaryimage\",\"url\":\"https:\/\/static.africa-press.net\/benin\/sites\/46\/2026\/03\/sm_1773439323.826869.jpg\",\"contentUrl\":\"https:\/\/static.africa-press.net\/benin\/sites\/46\/2026\/03\/sm_1773439323.826869.jpg\",\"width\":1280,\"height\":854,\"caption\":\"Pr\u00e9sidentielle 2026 \u00c9changes de la plateforme BUS avec \u00e9tudiants\"},{\"@type\":\"BreadcrumbList\",\"@id\":\"https:\/\/www.africa-press.net\/benin\/politique\/presidentielle-2026-echanges-de-la-plateforme-bus-avec-etudiants#breadcrumb\",\"itemListElement\":[{\"@type\":\"ListItem\",\"position\":1,\"name\":\"Accueil\",\"item\":\"https:\/\/www.africa-press.net\/benin\/\"},{\"@type\":\"ListItem\",\"position\":2,\"name\":\"Pr\u00e9sidentielle 2026 \u00c9changes de la plateforme BUS avec \u00e9tudiants\"}]},{\"@type\":\"WebSite\",\"@id\":\"https:\/\/www.africa-press.net\/benin\/#website\",\"url\":\"https:\/\/www.africa-press.net\/benin\/\",\"name\":\"B\u00e9nin\",\"description\":\"Just another Africa News Agency Sites site\",\"potentialAction\":[{\"@type\":\"SearchAction\",\"target\":{\"@type\":\"EntryPoint\",\"urlTemplate\":\"https:\/\/www.africa-press.net\/benin\/?s={search_term_string}\"},\"query-input\":{\"@type\":\"PropertyValueSpecification\",\"valueRequired\":true,\"valueName\":\"search_term_string\"}}],\"inLanguage\":\"fr-FR\"},{\"@type\":\"Person\",\"@id\":\"https:\/\/www.africa-press.net\/benin\/#\/schema\/person\/2b1cf3cd81a31e3cd26889ca66d677f1\",\"name\":\"cfeditorfr\"}]}<\/script>\n<!-- \/ Yoast SEO Premium plugin. -->","yoast_head_json":{"title":"Pr\u00e9sidentielle 2026 \u00c9changes de la plateforme BUS avec \u00e9tudiants - B\u00e9nin","description":"-article-header-tag\"> Africa-Press - Benin. Le Coordonnateur national de la p ...","robots":{"index":"index","follow":"follow","max-snippet":"max-snippet:-1","max-image-preview":"max-image-preview:large","max-video-preview":"max-video-preview:-1"},"canonical":"https:\/\/www.africa-press.net\/benin\/politique\/presidentielle-2026-echanges-de-la-plateforme-bus-avec-etudiants","og_locale":"fr_FR","og_type":"article","og_title":"Pr\u00e9sidentielle 2026 \u00c9changes de la plateforme BUS avec \u00e9tudiants","og_description":"-article-header-tag\"> Africa-Press - Benin. Le Coordonnateur national de la p ...","og_url":"https:\/\/www.africa-press.net\/benin\/politique\/presidentielle-2026-echanges-de-la-plateforme-bus-avec-etudiants","og_site_name":"B\u00e9nin","article_published_time":"2026-03-13T21:07:23+00:00","article_modified_time":"2026-03-13T22:21:38+00:00","og_image":[{"width":1280,"height":854,"url":"https:\/\/static.africa-press.net\/benin\/sites\/46\/2026\/03\/sm_1773439323.826869.jpg","type":"image\/jpeg"}],"author":"cfeditorfr","twitter_card":"summary_large_image","twitter_misc":{"\u00c9crit par":"cfeditorfr","Dur\u00e9e de lecture estim\u00e9e":"2 minutes"},"schema":{"@context":"https:\/\/schema.org","@graph":[{"@type":"Article","@id":"https:\/\/www.africa-press.net\/benin\/politique\/presidentielle-2026-echanges-de-la-plateforme-bus-avec-etudiants#article","isPartOf":{"@id":"https:\/\/www.africa-press.net\/benin\/politique\/presidentielle-2026-echanges-de-la-plateforme-bus-avec-etudiants"},"author":{"name":"cfeditorfr","@id":"https:\/\/www.africa-press.net\/benin\/#\/schema\/person\/2b1cf3cd81a31e3cd26889ca66d677f1"},"headline":"Pr\u00e9sidentielle 2026 \u00c9changes de la plateforme BUS avec \u00e9tudiants","datePublished":"2026-03-13T21:07:23+00:00","dateModified":"2026-03-13T22:21:38+00:00","mainEntityOfPage":{"@id":"https:\/\/www.africa-press.net\/benin\/politique\/presidentielle-2026-echanges-de-la-plateforme-bus-avec-etudiants"},"wordCount":370,"commentCount":0,"image":{"@id":"https:\/\/www.africa-press.net\/benin\/politique\/presidentielle-2026-echanges-de-la-plateforme-bus-avec-etudiants#primaryimage"},"thumbnailUrl":"https:\/\/static.africa-press.net\/benin\/sites\/46\/2026\/03\/sm_1773439323.826869.jpg","keywords":["B\u00e9nin"],"articleSection":["Politique","Toutes les actualit\u00e9s"],"inLanguage":"fr-FR","potentialAction":[{"@type":"CommentAction","name":"Comment","target":["https:\/\/www.africa-press.net\/benin\/politique\/presidentielle-2026-echanges-de-la-plateforme-bus-avec-etudiants#respond"]}]},{"@type":"WebPage","@id":"https:\/\/www.africa-press.net\/benin\/politique\/presidentielle-2026-echanges-de-la-plateforme-bus-avec-etudiants","url":"https:\/\/www.africa-press.net\/benin\/politique\/presidentielle-2026-echanges-de-la-plateforme-bus-avec-etudiants","name":"Pr\u00e9sidentielle 2026 \u00c9changes de la plateforme BUS avec \u00e9tudiants - B\u00e9nin","isPartOf":{"@id":"https:\/\/www.africa-press.net\/benin\/#website"},"primaryImageOfPage":{"@id":"https:\/\/www.africa-press.net\/benin\/politique\/presidentielle-2026-echanges-de-la-plateforme-bus-avec-etudiants#primaryimage"},"image":{"@id":"https:\/\/www.africa-press.net\/benin\/politique\/presidentielle-2026-echanges-de-la-plateforme-bus-avec-etudiants#primaryimage"},"thumbnailUrl":"https:\/\/static.africa-press.net\/benin\/sites\/46\/2026\/03\/sm_1773439323.826869.jpg","datePublished":"2026-03-13T21:07:23+00:00","dateModified":"2026-03-13T22:21:38+00:00","author":{"@id":"https:\/\/www.africa-press.net\/benin\/#\/schema\/person\/2b1cf3cd81a31e3cd26889ca66d677f1"},"description":"-article-header-tag\"> Africa-Press - Benin. Le Coordonnateur national de la p ...","breadcrumb":{"@id":"https:\/\/www.africa-press.net\/benin\/politique\/presidentielle-2026-echanges-de-la-plateforme-bus-avec-etudiants#breadcrumb"},"inLanguage":"fr-FR","potentialAction":[{"@type":"ReadAction","target":["https:\/\/www.africa-press.net\/benin\/politique\/presidentielle-2026-echanges-de-la-plateforme-bus-avec-etudiants"]}]},{"@type":"ImageObject","inLanguage":"fr-FR","@id":"https:\/\/www.africa-press.net\/benin\/politique\/presidentielle-2026-echanges-de-la-plateforme-bus-avec-etudiants#primaryimage","url":"https:\/\/static.africa-press.net\/benin\/sites\/46\/2026\/03\/sm_1773439323.826869.jpg","contentUrl":"https:\/\/static.africa-press.net\/benin\/sites\/46\/2026\/03\/sm_1773439323.826869.jpg","width":1280,"height":854,"caption":"Pr\u00e9sidentielle 2026 \u00c9changes de la plateforme BUS avec \u00e9tudiants"},{"@type":"BreadcrumbList","@id":"https:\/\/www.africa-press.net\/benin\/politique\/presidentielle-2026-echanges-de-la-plateforme-bus-avec-etudiants#breadcrumb","itemListElement":[{"@type":"ListItem","position":1,"name":"Accueil","item":"https:\/\/www.africa-press.net\/benin\/"},{"@type":"ListItem","position":2,"name":"Pr\u00e9sidentielle 2026 \u00c9changes de la plateforme BUS avec \u00e9tudiants"}]},{"@type":"WebSite","@id":"https:\/\/www.africa-press.net\/benin\/#website","url":"https:\/\/www.africa-press.net\/benin\/","name":"B\u00e9nin","description":"Just another Africa News Agency Sites site","potentialAction":[{"@type":"SearchAction","target":{"@type":"EntryPoint","urlTemplate":"https:\/\/www.africa-press.net\/benin\/?s={search_term_string}"},"query-input":{"@type":"PropertyValueSpecification","valueRequired":true,"valueName":"search_term_string"}}],"inLanguage":"fr-FR"},{"@type":"Person","@id":"https:\/\/www.africa-press.net\/benin\/#\/schema\/person\/2b1cf3cd81a31e3cd26889ca66d677f1","name":"cfeditorfr"}]}},"_links":{"self":[{"href":"https:\/\/www.africa-press.net\/benin\/wp-json\/wp\/v2\/posts\/54590","targetHints":{"allow":["GET"]}}],"collection":[{"href":"https:\/\/www.africa-press.net\/benin\/wp-json\/wp\/v2\/posts"}],"about":[{"href":"https:\/\/www.africa-press.net\/benin\/wp-json\/wp\/v2\/types\/post"}],"author":[{"embeddable":true,"href":"https:\/\/www.africa-press.net\/benin\/wp-json\/wp\/v2\/users\/82"}],"replies":[{"embeddable":true,"href":"https:\/\/www.africa-press.net\/benin\/wp-json\/wp\/v2\/comments?post=54590"}],"version-history":[{"count":0,"href":"https:\/\/www.africa-press.net\/benin\/wp-json\/wp\/v2\/posts\/54590\/revisions"}],"wp:featuredmedia":[{"embeddable":true,"href":"https:\/\/www.africa-press.net\/benin\/wp-json\/wp\/v2\/media\/54589"}],"wp:attachment":[{"href":"https:\/\/www.africa-press.net\/benin\/wp-json\/wp\/v2\/media?parent=54590"}],"wp:term":[{"taxonomy":"category","embeddable":true,"href":"https:\/\/www.africa-press.net\/benin\/wp-json\/wp\/v2\/categories?post=54590"},{"taxonomy":"post_tag","embeddable":true,"href":"https:\/\/www.africa-press.net\/benin\/wp-json\/wp\/v2\/tags?post=54590"}],"curies":[{"name":"wp","href":"https:\/\/api.w.org\/{rel}","templated":true}]}}