{"id":54595,"date":"2026-03-13T21:08:06","date_gmt":"2026-03-13T21:08:06","guid":{"rendered":"https:\/\/www.africa-press.net\/benin\/politique\/dialogue-renforce-sur-lelectricite-avec-cedeao-et-wapp"},"modified":"2026-03-13T22:22:20","modified_gmt":"2026-03-13T22:22:20","slug":"dialogue-renforce-sur-lelectricite-avec-cedeao-et-wapp","status":"publish","type":"post","link":"https:\/\/www.africa-press.net\/benin\/politique\/dialogue-renforce-sur-lelectricite-avec-cedeao-et-wapp","title":{"rendered":"Dialogue Renforc\u00e9 sur l&rsquo;\u00c9lectricit\u00e9 avec CEDEAO et WAPP"},"content":{"rendered":"<p><span class=\"ap-article-header-tag\"> <strong>Africa-Press &#8211; Benin. <\/strong> <\/span>Le pre\u0301sident de la Cour de Justice de la CEDEAO, Ricardo Cla\u0301udio Monteiro Gonc\u0327alves, a effectue\u0301 le lundi 9 mars 2026 une visite de travail au sie\u0300ge du West African Power Pool (WAPP) au Be\u0301nin. Organise\u0301e par l\u2019Autorite\u0301 de Re\u0301gulation Re\u0301gionale du secteur de l\u2019E\u0301lectricite\u0301 de la CEDEAO (ARREC), cette rencontre visait a\u0300 renforcer la coope\u0301ration institutionnelle et juridique autour du de\u0301veloppement du marche\u0301 re\u0301gional de l\u2019e\u0301lectricite\u0301 en Afrique de l\u2019Ouest.<\/p>\n<p><b>SOMMAIRE<\/b><\/p>\n<p>Des re\u0301formes en pre\u0301paration pour le marche\u0301 re\u0301gional<\/p>\n<p>Afin de permettre au pre\u0301sident de la Cour de Justice de la CEDEAO, Ricardo Cla\u0301udio Monteiro Gonc\u0327alves, de mieux appre\u0301hender le fonctionnement ope\u0301rationnel du Centre d\u2019Information et de Coordination (CIC) du West African Power Pool (WAPP), le pre\u0301sident de l\u2019Autorite\u0301 de Re\u0301gulation Re\u0301gionale du secteur de l\u2019E\u0301lectricite\u0301 de la CEDEAO (ARREC), Laurent Tossou, l\u2019a invite\u0301 en de\u0301but de semaine au Be\u0301nin pour qu\u2019il touche du doigt, le processus re\u0301alise\u0301 et les installations mises en place dans le cadre du grand marche\u0301 de l\u2019e\u0301lectricite\u0301 en Afrique de l\u2019Ouest.<\/p>\n<p>Pour le pre\u0301sident de l\u2019ARREC, le de\u0301veloppement progressif du Marche\u0301 Re\u0301gional de l\u2019E\u0301lectricite\u0301 constitue aujourd\u2019hui l\u2019un des piliers fondamentaux de l\u2019inte\u0301gration e\u0301conomique de l\u2019Afrique de l\u2019Ouest. \u201cA\u0300 travers l\u2019interconnexion des re\u0301seaux nationaux, l\u2019intensification des e\u0301changes transfrontaliers d\u2019e\u0301lectricite\u0301 et l\u2019adoption de re\u0300gles communes de marche\u0301, nos E\u0301tats membres ont engage\u0301 une transformation profonde de leurs syste\u0300mes e\u0301lectriques\u201d, a-t-il de\u0301clare\u0301.<\/p>\n<p>Il soutient que la Cour de Justice de la CEDEAO occupe pour sa part une place centrale dans cette architecture en tant qu\u2019organe juridictionnel communautaire et instance d\u2019appel des de\u0301cisions re\u0301glementaires. Car, explique Laurent Tossou, \u201cl\u2019e\u0301volution rapide du marche\u0301 re\u0301gional de l\u2019e\u0301lectricite\u0301 et la complexite\u0301 croissante des de\u0301cisions techniques et re\u0301glementaires rendent aujourd\u2019hui indispensable un dialogue e\u0301troit entre les institutions judiciaires et les institutions techniques et re\u0301glementaires\u201d.<\/p>\n<p>Le pre\u0301sident de l\u2019ARREC est convaincu que ce dialogue institutionnel contribuera a\u0300 renforcer la se\u0301curite\u0301 juridique du Marche\u0301 Re\u0301gional de l\u2019E\u0301lectricite\u0301 et a\u0300 consolider la cre\u0301dibilite\u0301 du cadre re\u0301glementaire re\u0301gional.<\/p>\n<p><b>Des re\u0301formes en pre\u0301paration pour le marche\u0301 re\u0301gional<\/b><\/p>\n<p>Laurent Tossou a e\u0301galement souligne\u0301 que cette visite s\u2019inscrit dans une de\u0301marche pe\u0301dagogique visant a\u0300 mieux faire comprendre aux institutions communautaires les enjeux du marche\u0301 re\u0301gional de l\u2019e\u0301lectricite\u0301, dans un contexte de re\u0301formes en pre\u0301paration. Parmi les changements envisage\u0301s figure notamment la se\u0301paration du WAPP en deux entite\u0301s distinctes.<\/p>\n<p>\u201cLes deux re\u0301formes majeures sont la se\u0301paration du WAPP en deux parties, il faut cre\u0301er la structure charge\u0301e de la gestion du marche\u0301 qu\u2019on appelle le syste\u0300me market open&#8230;. et ensuite restructurer le WAPP qui va rester dans la mission de planification de construction et de de\u0301veloppement des infrastructures. La deuxie\u0300me re\u0301forme, c\u2019est celle de l\u2019ARREC elle-me\u0302me qui a e\u0301te\u0301 cre\u0301e\u0301e en tant qu\u2019institution spe\u0301cialise\u0301e mais qui jusque-la\u0300 fonctionne sous la responsabilite\u0301 et la tutelle du commissaire a\u0300 l\u2019e\u0301nergie et aux mines \u00bb.<\/p>\n<p>Il rappelle que les institutions qui approuvent l\u2019ensemble des re\u0301formes sont le parlement et la Cour de justice. \u201cDonc, nous avons souhaite\u0301 que les pre\u0301sidents de ces institutions viennent pour faire une immersion au sein du WAPP de fac\u0327on a\u0300 comprendre ce qu\u2019est le marche\u0301 de l\u2019e\u0301lectricite\u0301, comment c\u0327a fonctionne avant que nous ne puissions soumettre les diffe\u0301rents documents pour enclencher le processus de re\u0301formes a\u0300 leurs re\u0301alisations\u201d, a pre\u0301cise\u0301 Laurent Tossou.<\/p>\n<p>Selon le pre\u0301sident de la Cour de justice de la CEDEAO, le Juge Ricardo Cla\u0301udio Monteiro Gonc\u0327alves, cette visite a permis de mieux comprendre les enjeux lie\u0301s au fonctionnement du marche\u0301 re\u0301gional de l\u2019e\u0301lectricite\u0301. Il a reconnu que l\u2019inte\u0301gration e\u0301nerge\u0301tique constitue un pilier fondamental pour la communaute\u0301 ouest-africaine et pour l\u2019ame\u0301lioration des conditions de vie des populations.<\/p>\n<p>\u201cLe marche\u0301 de l\u2019e\u0301lectricite\u0301 est un des piliers fondamentaux dans le secteur de l\u2019inte\u0301gration. Dans notre cas, on est totalement ouvert a\u0300 collaborer avec ces deux institutions\u201d, a-t-il rassure\u0301.<\/p>\n<p>Le Secre\u0301taire ge\u0301ne\u0301ral du West African Power Pool (WAPP) Abdoulaye Dia a, pour sa part, re\u0301affirme\u0301 l\u2019engagement de son institution a\u0300 accompagner la mise en \u0153uvre des re\u0301formes annonce\u0301es. \u201cNous continuerons de travailler avec l\u2019ARREC pour mettre en place le marche\u0301 et nous espe\u0301rons que ce soit l\u2019une des solutions aux proble\u0300mes que nos pays rencontrent en matie\u0300re de fourniture, d\u2019acce\u0300s et de cou\u0302t de l\u2019e\u0301lectricite\u0301\u201d.<\/p>\n<p>Pre\u0301sent a\u0300 cette se\u0301ance de travail, le repre\u0301sentant du Parlement de la CEDEAO, Kamel Ouassagari, a annonce\u0301 que l\u2019ARREC et le WAPP pourraient e\u0302tre invite\u0301s a\u0300 pre\u0301senter ces re\u0301formes lors de la prochaine session parlementaire pre\u0301vue en mai 2026. A l\u2019en croire, cette e\u0301tape pourrait permettre d\u2019obtenir l\u2019accompagnement institutionnel ne\u0301cessaire a\u0300 la mise en \u0153uvre du processus.<\/p>\n<p>Notons que cette visite a permis au pre\u0301sident de la Cour et sa de\u0301le\u0301gation de voir le fonctionnement du Centre d\u2019information et de coordination (CIC) et d\u2019avoir e\u0301galement une visite guide\u0301e de la salle de contro\u0302le et de la salle du Marche\u0301 du CIC.<\/p>\n<p>A\u0300 travers cette initiative, l\u2019ARREC entend renforcer la collaboration entre les diffe\u0301rentes institutions de la CEDEAO afin de consolider la gouvernance du marche\u0301 re\u0301gional de l\u2019e\u0301lectricite\u0301 et d\u2019acce\u0301le\u0301rer l\u2019inte\u0301gration e\u0301nerge\u0301tique en Afrique de l\u2019Ouest.<\/p>\n<p class=\"ap-article-footer-note\">Retrouvez plus d\u2019actualit\u00e9s et d\u2019analyses sur <span class=\"ap-highlight-country\">Benin<\/span> sur le site <span class=\"ap-highlight-brand\">Africa Press<\/span><\/p>\n","protected":false},"excerpt":{"rendered":"<p>Africa-Press &#8211; Benin. Le pre\u0301sident de la Cour de Justice de la CEDEAO, Ricardo Cla\u0301udio Monteiro Gonc\u0327alves, a effectue\u0301 le lundi 9 mars 2026 une visite de travail au sie\u0300ge du West African Power Pool (WAPP) au Be\u0301nin. Organise\u0301e par l\u2019Autorite\u0301 de Re\u0301gulation Re\u0301gionale du secteur de l\u2019E\u0301lectricite\u0301 de la CEDEAO (ARREC), cette rencontre visait [&hellip;]<\/p>\n","protected":false},"author":82,"featured_media":54594,"comment_status":"open","ping_status":"closed","sticky":false,"template":"","format":"standard","meta":{"footnotes":""},"categories":[21,2,10],"tags":[45],"class_list":["post-54595","post","type-post","status-publish","format-standard","has-post-thumbnail","hentry","category-communaute","category-politique","category-toutes-les-actualites","tag-benin"],"yoast_head":"<!-- This site is optimized with the Yoast SEO Premium plugin v26.1 (Yoast SEO v27.0) - https:\/\/yoast.com\/product\/yoast-seo-premium-wordpress\/ -->\n<title>Dialogue Renforc\u00e9 sur l&#039;\u00c9lectricit\u00e9 avec CEDEAO et WAPP - B\u00e9nin<\/title>\n<meta name=\"description\" content=\"-article-header-tag&quot;&gt; Africa-Press - Benin. Le pre\u0301sident de la Cour de Justi ...\" \/>\n<meta name=\"robots\" content=\"index, follow, max-snippet:-1, max-image-preview:large, max-video-preview:-1\" \/>\n<link rel=\"canonical\" href=\"https:\/\/www.africa-press.net\/benin\/politique\/dialogue-renforce-sur-lelectricite-avec-cedeao-et-wapp\" \/>\n<meta property=\"og:locale\" content=\"fr_FR\" \/>\n<meta property=\"og:type\" content=\"article\" \/>\n<meta property=\"og:title\" content=\"Dialogue Renforc\u00e9 sur l&#039;\u00c9lectricit\u00e9 avec CEDEAO et WAPP\" \/>\n<meta property=\"og:description\" content=\"-article-header-tag&quot;&gt; Africa-Press - Benin. Le pre\u0301sident de la Cour de Justi ...\" \/>\n<meta property=\"og:url\" content=\"https:\/\/www.africa-press.net\/benin\/politique\/dialogue-renforce-sur-lelectricite-avec-cedeao-et-wapp\" \/>\n<meta property=\"og:site_name\" content=\"B\u00e9nin\" \/>\n<meta property=\"article:published_time\" content=\"2026-03-13T21:08:06+00:00\" \/>\n<meta property=\"article:modified_time\" content=\"2026-03-13T22:22:20+00:00\" \/>\n<meta property=\"og:image\" content=\"https:\/\/static.africa-press.net\/benin\/sites\/46\/2026\/03\/sm_1773439378.856439.jpg\" \/>\n\t<meta property=\"og:image:width\" content=\"1377\" \/>\n\t<meta property=\"og:image:height\" content=\"648\" \/>\n\t<meta property=\"og:image:type\" content=\"image\/jpeg\" \/>\n<meta name=\"author\" content=\"cfeditorfr\" \/>\n<meta name=\"twitter:card\" content=\"summary_large_image\" \/>\n<meta name=\"twitter:label1\" content=\"\u00c9crit par\" \/>\n\t<meta name=\"twitter:data1\" content=\"cfeditorfr\" \/>\n\t<meta name=\"twitter:label2\" content=\"Dur\u00e9e de lecture estim\u00e9e\" \/>\n\t<meta name=\"twitter:data2\" content=\"5 minutes\" \/>\n<script type=\"application\/ld+json\" class=\"yoast-schema-graph\">{\"@context\":\"https:\/\/schema.org\",\"@graph\":[{\"@type\":\"Article\",\"@id\":\"https:\/\/www.africa-press.net\/benin\/politique\/dialogue-renforce-sur-lelectricite-avec-cedeao-et-wapp#article\",\"isPartOf\":{\"@id\":\"https:\/\/www.africa-press.net\/benin\/politique\/dialogue-renforce-sur-lelectricite-avec-cedeao-et-wapp\"},\"author\":{\"name\":\"cfeditorfr\",\"@id\":\"https:\/\/www.africa-press.net\/benin\/#\/schema\/person\/2b1cf3cd81a31e3cd26889ca66d677f1\"},\"headline\":\"Dialogue Renforc\u00e9 sur l&rsquo;\u00c9lectricit\u00e9 avec CEDEAO et WAPP\",\"datePublished\":\"2026-03-13T21:08:06+00:00\",\"dateModified\":\"2026-03-13T22:22:20+00:00\",\"mainEntityOfPage\":{\"@id\":\"https:\/\/www.africa-press.net\/benin\/politique\/dialogue-renforce-sur-lelectricite-avec-cedeao-et-wapp\"},\"wordCount\":1048,\"commentCount\":0,\"image\":{\"@id\":\"https:\/\/www.africa-press.net\/benin\/politique\/dialogue-renforce-sur-lelectricite-avec-cedeao-et-wapp#primaryimage\"},\"thumbnailUrl\":\"https:\/\/static.africa-press.net\/benin\/sites\/46\/2026\/03\/sm_1773439378.856439.jpg\",\"keywords\":[\"B\u00e9nin\"],\"articleSection\":[\"Communaut\u00e9\",\"Politique\",\"Toutes les actualit\u00e9s\"],\"inLanguage\":\"fr-FR\",\"potentialAction\":[{\"@type\":\"CommentAction\",\"name\":\"Comment\",\"target\":[\"https:\/\/www.africa-press.net\/benin\/politique\/dialogue-renforce-sur-lelectricite-avec-cedeao-et-wapp#respond\"]}]},{\"@type\":\"WebPage\",\"@id\":\"https:\/\/www.africa-press.net\/benin\/politique\/dialogue-renforce-sur-lelectricite-avec-cedeao-et-wapp\",\"url\":\"https:\/\/www.africa-press.net\/benin\/politique\/dialogue-renforce-sur-lelectricite-avec-cedeao-et-wapp\",\"name\":\"Dialogue Renforc\u00e9 sur l'\u00c9lectricit\u00e9 avec CEDEAO et WAPP - B\u00e9nin\",\"isPartOf\":{\"@id\":\"https:\/\/www.africa-press.net\/benin\/#website\"},\"primaryImageOfPage\":{\"@id\":\"https:\/\/www.africa-press.net\/benin\/politique\/dialogue-renforce-sur-lelectricite-avec-cedeao-et-wapp#primaryimage\"},\"image\":{\"@id\":\"https:\/\/www.africa-press.net\/benin\/politique\/dialogue-renforce-sur-lelectricite-avec-cedeao-et-wapp#primaryimage\"},\"thumbnailUrl\":\"https:\/\/static.africa-press.net\/benin\/sites\/46\/2026\/03\/sm_1773439378.856439.jpg\",\"datePublished\":\"2026-03-13T21:08:06+00:00\",\"dateModified\":\"2026-03-13T22:22:20+00:00\",\"author\":{\"@id\":\"https:\/\/www.africa-press.net\/benin\/#\/schema\/person\/2b1cf3cd81a31e3cd26889ca66d677f1\"},\"description\":\"-article-header-tag\\\"> Africa-Press - Benin. Le pre\u0301sident de la Cour de Justi ...\",\"breadcrumb\":{\"@id\":\"https:\/\/www.africa-press.net\/benin\/politique\/dialogue-renforce-sur-lelectricite-avec-cedeao-et-wapp#breadcrumb\"},\"inLanguage\":\"fr-FR\",\"potentialAction\":[{\"@type\":\"ReadAction\",\"target\":[\"https:\/\/www.africa-press.net\/benin\/politique\/dialogue-renforce-sur-lelectricite-avec-cedeao-et-wapp\"]}]},{\"@type\":\"ImageObject\",\"inLanguage\":\"fr-FR\",\"@id\":\"https:\/\/www.africa-press.net\/benin\/politique\/dialogue-renforce-sur-lelectricite-avec-cedeao-et-wapp#primaryimage\",\"url\":\"https:\/\/static.africa-press.net\/benin\/sites\/46\/2026\/03\/sm_1773439378.856439.jpg\",\"contentUrl\":\"https:\/\/static.africa-press.net\/benin\/sites\/46\/2026\/03\/sm_1773439378.856439.jpg\",\"width\":1377,\"height\":648,\"caption\":\"Dialogue Renforc\u00e9 sur l'\u00c9lectricit\u00e9 avec CEDEAO et WAPP\"},{\"@type\":\"BreadcrumbList\",\"@id\":\"https:\/\/www.africa-press.net\/benin\/politique\/dialogue-renforce-sur-lelectricite-avec-cedeao-et-wapp#breadcrumb\",\"itemListElement\":[{\"@type\":\"ListItem\",\"position\":1,\"name\":\"Accueil\",\"item\":\"https:\/\/www.africa-press.net\/benin\/\"},{\"@type\":\"ListItem\",\"position\":2,\"name\":\"Dialogue Renforc\u00e9 sur l&#8217;\u00c9lectricit\u00e9 avec CEDEAO et WAPP\"}]},{\"@type\":\"WebSite\",\"@id\":\"https:\/\/www.africa-press.net\/benin\/#website\",\"url\":\"https:\/\/www.africa-press.net\/benin\/\",\"name\":\"B\u00e9nin\",\"description\":\"Just another Africa News Agency Sites site\",\"potentialAction\":[{\"@type\":\"SearchAction\",\"target\":{\"@type\":\"EntryPoint\",\"urlTemplate\":\"https:\/\/www.africa-press.net\/benin\/?s={search_term_string}\"},\"query-input\":{\"@type\":\"PropertyValueSpecification\",\"valueRequired\":true,\"valueName\":\"search_term_string\"}}],\"inLanguage\":\"fr-FR\"},{\"@type\":\"Person\",\"@id\":\"https:\/\/www.africa-press.net\/benin\/#\/schema\/person\/2b1cf3cd81a31e3cd26889ca66d677f1\",\"name\":\"cfeditorfr\"}]}<\/script>\n<!-- \/ Yoast SEO Premium plugin. -->","yoast_head_json":{"title":"Dialogue Renforc\u00e9 sur l'\u00c9lectricit\u00e9 avec CEDEAO et WAPP - B\u00e9nin","description":"-article-header-tag\"> Africa-Press - Benin. Le pre\u0301sident de la Cour de Justi ...","robots":{"index":"index","follow":"follow","max-snippet":"max-snippet:-1","max-image-preview":"max-image-preview:large","max-video-preview":"max-video-preview:-1"},"canonical":"https:\/\/www.africa-press.net\/benin\/politique\/dialogue-renforce-sur-lelectricite-avec-cedeao-et-wapp","og_locale":"fr_FR","og_type":"article","og_title":"Dialogue Renforc\u00e9 sur l'\u00c9lectricit\u00e9 avec CEDEAO et WAPP","og_description":"-article-header-tag\"> Africa-Press - Benin. Le pre\u0301sident de la Cour de Justi ...","og_url":"https:\/\/www.africa-press.net\/benin\/politique\/dialogue-renforce-sur-lelectricite-avec-cedeao-et-wapp","og_site_name":"B\u00e9nin","article_published_time":"2026-03-13T21:08:06+00:00","article_modified_time":"2026-03-13T22:22:20+00:00","og_image":[{"width":1377,"height":648,"url":"https:\/\/static.africa-press.net\/benin\/sites\/46\/2026\/03\/sm_1773439378.856439.jpg","type":"image\/jpeg"}],"author":"cfeditorfr","twitter_card":"summary_large_image","twitter_misc":{"\u00c9crit par":"cfeditorfr","Dur\u00e9e de lecture estim\u00e9e":"5 minutes"},"schema":{"@context":"https:\/\/schema.org","@graph":[{"@type":"Article","@id":"https:\/\/www.africa-press.net\/benin\/politique\/dialogue-renforce-sur-lelectricite-avec-cedeao-et-wapp#article","isPartOf":{"@id":"https:\/\/www.africa-press.net\/benin\/politique\/dialogue-renforce-sur-lelectricite-avec-cedeao-et-wapp"},"author":{"name":"cfeditorfr","@id":"https:\/\/www.africa-press.net\/benin\/#\/schema\/person\/2b1cf3cd81a31e3cd26889ca66d677f1"},"headline":"Dialogue Renforc\u00e9 sur l&rsquo;\u00c9lectricit\u00e9 avec CEDEAO et WAPP","datePublished":"2026-03-13T21:08:06+00:00","dateModified":"2026-03-13T22:22:20+00:00","mainEntityOfPage":{"@id":"https:\/\/www.africa-press.net\/benin\/politique\/dialogue-renforce-sur-lelectricite-avec-cedeao-et-wapp"},"wordCount":1048,"commentCount":0,"image":{"@id":"https:\/\/www.africa-press.net\/benin\/politique\/dialogue-renforce-sur-lelectricite-avec-cedeao-et-wapp#primaryimage"},"thumbnailUrl":"https:\/\/static.africa-press.net\/benin\/sites\/46\/2026\/03\/sm_1773439378.856439.jpg","keywords":["B\u00e9nin"],"articleSection":["Communaut\u00e9","Politique","Toutes les actualit\u00e9s"],"inLanguage":"fr-FR","potentialAction":[{"@type":"CommentAction","name":"Comment","target":["https:\/\/www.africa-press.net\/benin\/politique\/dialogue-renforce-sur-lelectricite-avec-cedeao-et-wapp#respond"]}]},{"@type":"WebPage","@id":"https:\/\/www.africa-press.net\/benin\/politique\/dialogue-renforce-sur-lelectricite-avec-cedeao-et-wapp","url":"https:\/\/www.africa-press.net\/benin\/politique\/dialogue-renforce-sur-lelectricite-avec-cedeao-et-wapp","name":"Dialogue Renforc\u00e9 sur l'\u00c9lectricit\u00e9 avec CEDEAO et WAPP - B\u00e9nin","isPartOf":{"@id":"https:\/\/www.africa-press.net\/benin\/#website"},"primaryImageOfPage":{"@id":"https:\/\/www.africa-press.net\/benin\/politique\/dialogue-renforce-sur-lelectricite-avec-cedeao-et-wapp#primaryimage"},"image":{"@id":"https:\/\/www.africa-press.net\/benin\/politique\/dialogue-renforce-sur-lelectricite-avec-cedeao-et-wapp#primaryimage"},"thumbnailUrl":"https:\/\/static.africa-press.net\/benin\/sites\/46\/2026\/03\/sm_1773439378.856439.jpg","datePublished":"2026-03-13T21:08:06+00:00","dateModified":"2026-03-13T22:22:20+00:00","author":{"@id":"https:\/\/www.africa-press.net\/benin\/#\/schema\/person\/2b1cf3cd81a31e3cd26889ca66d677f1"},"description":"-article-header-tag\"> Africa-Press - Benin. Le pre\u0301sident de la Cour de Justi ...","breadcrumb":{"@id":"https:\/\/www.africa-press.net\/benin\/politique\/dialogue-renforce-sur-lelectricite-avec-cedeao-et-wapp#breadcrumb"},"inLanguage":"fr-FR","potentialAction":[{"@type":"ReadAction","target":["https:\/\/www.africa-press.net\/benin\/politique\/dialogue-renforce-sur-lelectricite-avec-cedeao-et-wapp"]}]},{"@type":"ImageObject","inLanguage":"fr-FR","@id":"https:\/\/www.africa-press.net\/benin\/politique\/dialogue-renforce-sur-lelectricite-avec-cedeao-et-wapp#primaryimage","url":"https:\/\/static.africa-press.net\/benin\/sites\/46\/2026\/03\/sm_1773439378.856439.jpg","contentUrl":"https:\/\/static.africa-press.net\/benin\/sites\/46\/2026\/03\/sm_1773439378.856439.jpg","width":1377,"height":648,"caption":"Dialogue Renforc\u00e9 sur l'\u00c9lectricit\u00e9 avec CEDEAO et WAPP"},{"@type":"BreadcrumbList","@id":"https:\/\/www.africa-press.net\/benin\/politique\/dialogue-renforce-sur-lelectricite-avec-cedeao-et-wapp#breadcrumb","itemListElement":[{"@type":"ListItem","position":1,"name":"Accueil","item":"https:\/\/www.africa-press.net\/benin\/"},{"@type":"ListItem","position":2,"name":"Dialogue Renforc\u00e9 sur l&#8217;\u00c9lectricit\u00e9 avec CEDEAO et WAPP"}]},{"@type":"WebSite","@id":"https:\/\/www.africa-press.net\/benin\/#website","url":"https:\/\/www.africa-press.net\/benin\/","name":"B\u00e9nin","description":"Just another Africa News Agency Sites site","potentialAction":[{"@type":"SearchAction","target":{"@type":"EntryPoint","urlTemplate":"https:\/\/www.africa-press.net\/benin\/?s={search_term_string}"},"query-input":{"@type":"PropertyValueSpecification","valueRequired":true,"valueName":"search_term_string"}}],"inLanguage":"fr-FR"},{"@type":"Person","@id":"https:\/\/www.africa-press.net\/benin\/#\/schema\/person\/2b1cf3cd81a31e3cd26889ca66d677f1","name":"cfeditorfr"}]}},"_links":{"self":[{"href":"https:\/\/www.africa-press.net\/benin\/wp-json\/wp\/v2\/posts\/54595","targetHints":{"allow":["GET"]}}],"collection":[{"href":"https:\/\/www.africa-press.net\/benin\/wp-json\/wp\/v2\/posts"}],"about":[{"href":"https:\/\/www.africa-press.net\/benin\/wp-json\/wp\/v2\/types\/post"}],"author":[{"embeddable":true,"href":"https:\/\/www.africa-press.net\/benin\/wp-json\/wp\/v2\/users\/82"}],"replies":[{"embeddable":true,"href":"https:\/\/www.africa-press.net\/benin\/wp-json\/wp\/v2\/comments?post=54595"}],"version-history":[{"count":0,"href":"https:\/\/www.africa-press.net\/benin\/wp-json\/wp\/v2\/posts\/54595\/revisions"}],"wp:featuredmedia":[{"embeddable":true,"href":"https:\/\/www.africa-press.net\/benin\/wp-json\/wp\/v2\/media\/54594"}],"wp:attachment":[{"href":"https:\/\/www.africa-press.net\/benin\/wp-json\/wp\/v2\/media?parent=54595"}],"wp:term":[{"taxonomy":"category","embeddable":true,"href":"https:\/\/www.africa-press.net\/benin\/wp-json\/wp\/v2\/categories?post=54595"},{"taxonomy":"post_tag","embeddable":true,"href":"https:\/\/www.africa-press.net\/benin\/wp-json\/wp\/v2\/tags?post=54595"}],"curies":[{"name":"wp","href":"https:\/\/api.w.org\/{rel}","templated":true}]}}