{"id":54599,"date":"2026-03-13T21:08:55","date_gmt":"2026-03-13T21:08:55","guid":{"rendered":"https:\/\/www.africa-press.net\/benin\/politique\/eric-houndete-prend-linterim-des-democrates-au-benin"},"modified":"2026-03-13T22:23:03","modified_gmt":"2026-03-13T22:23:03","slug":"eric-houndete-prend-linterim-des-democrates-au-benin","status":"publish","type":"post","link":"https:\/\/www.africa-press.net\/benin\/politique\/eric-houndete-prend-linterim-des-democrates-au-benin","title":{"rendered":"\u00c9ric Hound\u00e9t\u00e9 Prend l&rsquo;Int\u00e9rim des D\u00e9mocrates au B\u00e9nin"},"content":{"rendered":"<p><span class=\"ap-article-header-tag\"> <strong>Africa-Press &#8211; Benin. <\/strong> <\/span>Apre\u0300s la de\u0301mission de Boni Yayi de la pre\u0301sidence du parti Les De\u0301mocrates, l\u2019inte\u0301rim est confie\u0301 au premier vice-pre\u0301sident E\u0301ric Hounde\u0301te\u0301 en attendant la tenue du prochain Conseil national.<\/p>\n<p>Ce vendredi 13 mars 2026, le parti Les De\u0301mocrates a officiellement pris acte de la de\u0301mission de Boni Yayi de la pre\u0301sidence du parti, a indique\u0301 Jude Lodjou, responsable du parti, a\u0300 l\u2019issue d\u2019une se\u0301ance a\u0300 huis clos.<\/p>\n<p>Conforme\u0301ment aux statuts du parti, le premier vice-pre\u0301sident E\u0301ric Hounde\u0301te\u0301 assurera de\u0301sormais l\u2019inte\u0301rim a\u0300 la pre\u0301sidence. Selon le matinal, il dirigera la formation jusqu\u2019a\u0300 la tenue du prochain Conseil national, dont la date n\u2019a pas encore e\u0301te\u0301 fixe\u0301e.<\/p>\n<p>Avec E\u0301ric Hounde\u0301te\u0301 a\u0300 la te\u0302te par inte\u0301rim, Les De\u0301mocrates entament une nouvelle phase de leur organisation interne. Cette transition vise a\u0300 garantir la stabilite\u0301 du parti et a\u0300 pre\u0301parer ses prochaines actions politiques, tout en laissant le temps au Conseil national de de\u0301finir l\u2019avenir de la pre\u0301sidence.<\/p>\n<p class=\"ap-article-footer-note\">Retrouvez plus d\u2019actualit\u00e9s et d\u2019analyses sur <span class=\"ap-highlight-country\">Benin<\/span> sur le site <span class=\"ap-highlight-brand\">Africa Press<\/span><\/p>\n","protected":false},"excerpt":{"rendered":"<p>Africa-Press &#8211; Benin. Apre\u0300s la de\u0301mission de Boni Yayi de la pre\u0301sidence du parti Les De\u0301mocrates, l\u2019inte\u0301rim est confie\u0301 au premier vice-pre\u0301sident E\u0301ric Hounde\u0301te\u0301 en attendant la tenue du prochain Conseil national. Ce vendredi 13 mars 2026, le parti Les De\u0301mocrates a officiellement pris acte de la de\u0301mission de Boni Yayi de la pre\u0301sidence du [&hellip;]<\/p>\n","protected":false},"author":82,"featured_media":54598,"comment_status":"open","ping_status":"closed","sticky":false,"template":"","format":"standard","meta":{"footnotes":""},"categories":[4,2,10],"tags":[45],"class_list":["post-54599","post","type-post","status-publish","format-standard","has-post-thumbnail","hentry","category-parties","category-politique","category-toutes-les-actualites","tag-benin"],"yoast_head":"<!-- This site is optimized with the Yoast SEO Premium plugin v26.1 (Yoast SEO v27.0) - https:\/\/yoast.com\/product\/yoast-seo-premium-wordpress\/ -->\n<title>\u00c9ric Hound\u00e9t\u00e9 Prend l&#039;Int\u00e9rim des D\u00e9mocrates au B\u00e9nin - B\u00e9nin<\/title>\n<meta name=\"description\" content=\"-article-header-tag&quot;&gt; Africa-Press - Benin. Apre\u0300s la de\u0301mission de Boni Yayi ...\" \/>\n<meta name=\"robots\" content=\"index, follow, max-snippet:-1, max-image-preview:large, max-video-preview:-1\" \/>\n<link rel=\"canonical\" href=\"https:\/\/www.africa-press.net\/benin\/politique\/eric-houndete-prend-linterim-des-democrates-au-benin\" \/>\n<meta property=\"og:locale\" content=\"fr_FR\" \/>\n<meta property=\"og:type\" content=\"article\" \/>\n<meta property=\"og:title\" content=\"\u00c9ric Hound\u00e9t\u00e9 Prend l&#039;Int\u00e9rim des D\u00e9mocrates au B\u00e9nin\" \/>\n<meta property=\"og:description\" content=\"-article-header-tag&quot;&gt; Africa-Press - Benin. Apre\u0300s la de\u0301mission de Boni Yayi ...\" \/>\n<meta property=\"og:url\" content=\"https:\/\/www.africa-press.net\/benin\/politique\/eric-houndete-prend-linterim-des-democrates-au-benin\" \/>\n<meta property=\"og:site_name\" content=\"B\u00e9nin\" \/>\n<meta property=\"article:published_time\" content=\"2026-03-13T21:08:55+00:00\" \/>\n<meta property=\"article:modified_time\" content=\"2026-03-13T22:23:03+00:00\" \/>\n<meta property=\"og:image\" content=\"https:\/\/static.africa-press.net\/benin\/sites\/46\/2026\/03\/sm_1773439419.715326.jpg\" \/>\n\t<meta property=\"og:image:width\" content=\"1350\" \/>\n\t<meta property=\"og:image:height\" content=\"675\" \/>\n\t<meta property=\"og:image:type\" content=\"image\/jpeg\" \/>\n<meta name=\"author\" content=\"cfeditorfr\" \/>\n<meta name=\"twitter:card\" content=\"summary_large_image\" \/>\n<meta name=\"twitter:label1\" content=\"\u00c9crit par\" \/>\n\t<meta name=\"twitter:data1\" content=\"cfeditorfr\" \/>\n\t<meta name=\"twitter:label2\" content=\"Dur\u00e9e de lecture estim\u00e9e\" \/>\n\t<meta name=\"twitter:data2\" content=\"2 minutes\" \/>\n<script type=\"application\/ld+json\" class=\"yoast-schema-graph\">{\"@context\":\"https:\/\/schema.org\",\"@graph\":[{\"@type\":\"Article\",\"@id\":\"https:\/\/www.africa-press.net\/benin\/politique\/eric-houndete-prend-linterim-des-democrates-au-benin#article\",\"isPartOf\":{\"@id\":\"https:\/\/www.africa-press.net\/benin\/politique\/eric-houndete-prend-linterim-des-democrates-au-benin\"},\"author\":{\"name\":\"cfeditorfr\",\"@id\":\"https:\/\/www.africa-press.net\/benin\/#\/schema\/person\/2b1cf3cd81a31e3cd26889ca66d677f1\"},\"headline\":\"\u00c9ric Hound\u00e9t\u00e9 Prend l&rsquo;Int\u00e9rim des D\u00e9mocrates au B\u00e9nin\",\"datePublished\":\"2026-03-13T21:08:55+00:00\",\"dateModified\":\"2026-03-13T22:23:03+00:00\",\"mainEntityOfPage\":{\"@id\":\"https:\/\/www.africa-press.net\/benin\/politique\/eric-houndete-prend-linterim-des-democrates-au-benin\"},\"wordCount\":218,\"commentCount\":0,\"image\":{\"@id\":\"https:\/\/www.africa-press.net\/benin\/politique\/eric-houndete-prend-linterim-des-democrates-au-benin#primaryimage\"},\"thumbnailUrl\":\"https:\/\/static.africa-press.net\/benin\/sites\/46\/2026\/03\/sm_1773439419.715326.jpg\",\"keywords\":[\"B\u00e9nin\"],\"articleSection\":[\"Parties\",\"Politique\",\"Toutes les actualit\u00e9s\"],\"inLanguage\":\"fr-FR\",\"potentialAction\":[{\"@type\":\"CommentAction\",\"name\":\"Comment\",\"target\":[\"https:\/\/www.africa-press.net\/benin\/politique\/eric-houndete-prend-linterim-des-democrates-au-benin#respond\"]}]},{\"@type\":\"WebPage\",\"@id\":\"https:\/\/www.africa-press.net\/benin\/politique\/eric-houndete-prend-linterim-des-democrates-au-benin\",\"url\":\"https:\/\/www.africa-press.net\/benin\/politique\/eric-houndete-prend-linterim-des-democrates-au-benin\",\"name\":\"\u00c9ric Hound\u00e9t\u00e9 Prend l'Int\u00e9rim des D\u00e9mocrates au B\u00e9nin - B\u00e9nin\",\"isPartOf\":{\"@id\":\"https:\/\/www.africa-press.net\/benin\/#website\"},\"primaryImageOfPage\":{\"@id\":\"https:\/\/www.africa-press.net\/benin\/politique\/eric-houndete-prend-linterim-des-democrates-au-benin#primaryimage\"},\"image\":{\"@id\":\"https:\/\/www.africa-press.net\/benin\/politique\/eric-houndete-prend-linterim-des-democrates-au-benin#primaryimage\"},\"thumbnailUrl\":\"https:\/\/static.africa-press.net\/benin\/sites\/46\/2026\/03\/sm_1773439419.715326.jpg\",\"datePublished\":\"2026-03-13T21:08:55+00:00\",\"dateModified\":\"2026-03-13T22:23:03+00:00\",\"author\":{\"@id\":\"https:\/\/www.africa-press.net\/benin\/#\/schema\/person\/2b1cf3cd81a31e3cd26889ca66d677f1\"},\"description\":\"-article-header-tag\\\"> Africa-Press - Benin. Apre\u0300s la de\u0301mission de Boni Yayi ...\",\"breadcrumb\":{\"@id\":\"https:\/\/www.africa-press.net\/benin\/politique\/eric-houndete-prend-linterim-des-democrates-au-benin#breadcrumb\"},\"inLanguage\":\"fr-FR\",\"potentialAction\":[{\"@type\":\"ReadAction\",\"target\":[\"https:\/\/www.africa-press.net\/benin\/politique\/eric-houndete-prend-linterim-des-democrates-au-benin\"]}]},{\"@type\":\"ImageObject\",\"inLanguage\":\"fr-FR\",\"@id\":\"https:\/\/www.africa-press.net\/benin\/politique\/eric-houndete-prend-linterim-des-democrates-au-benin#primaryimage\",\"url\":\"https:\/\/static.africa-press.net\/benin\/sites\/46\/2026\/03\/sm_1773439419.715326.jpg\",\"contentUrl\":\"https:\/\/static.africa-press.net\/benin\/sites\/46\/2026\/03\/sm_1773439419.715326.jpg\",\"width\":1350,\"height\":675,\"caption\":\"\u00c9ric Hound\u00e9t\u00e9 Prend l'Int\u00e9rim des D\u00e9mocrates au B\u00e9nin\"},{\"@type\":\"BreadcrumbList\",\"@id\":\"https:\/\/www.africa-press.net\/benin\/politique\/eric-houndete-prend-linterim-des-democrates-au-benin#breadcrumb\",\"itemListElement\":[{\"@type\":\"ListItem\",\"position\":1,\"name\":\"Accueil\",\"item\":\"https:\/\/www.africa-press.net\/benin\/\"},{\"@type\":\"ListItem\",\"position\":2,\"name\":\"\u00c9ric Hound\u00e9t\u00e9 Prend l&#8217;Int\u00e9rim des D\u00e9mocrates au B\u00e9nin\"}]},{\"@type\":\"WebSite\",\"@id\":\"https:\/\/www.africa-press.net\/benin\/#website\",\"url\":\"https:\/\/www.africa-press.net\/benin\/\",\"name\":\"B\u00e9nin\",\"description\":\"Just another Africa News Agency Sites site\",\"potentialAction\":[{\"@type\":\"SearchAction\",\"target\":{\"@type\":\"EntryPoint\",\"urlTemplate\":\"https:\/\/www.africa-press.net\/benin\/?s={search_term_string}\"},\"query-input\":{\"@type\":\"PropertyValueSpecification\",\"valueRequired\":true,\"valueName\":\"search_term_string\"}}],\"inLanguage\":\"fr-FR\"},{\"@type\":\"Person\",\"@id\":\"https:\/\/www.africa-press.net\/benin\/#\/schema\/person\/2b1cf3cd81a31e3cd26889ca66d677f1\",\"name\":\"cfeditorfr\"}]}<\/script>\n<!-- \/ Yoast SEO Premium plugin. -->","yoast_head_json":{"title":"\u00c9ric Hound\u00e9t\u00e9 Prend l'Int\u00e9rim des D\u00e9mocrates au B\u00e9nin - B\u00e9nin","description":"-article-header-tag\"> Africa-Press - Benin. Apre\u0300s la de\u0301mission de Boni Yayi ...","robots":{"index":"index","follow":"follow","max-snippet":"max-snippet:-1","max-image-preview":"max-image-preview:large","max-video-preview":"max-video-preview:-1"},"canonical":"https:\/\/www.africa-press.net\/benin\/politique\/eric-houndete-prend-linterim-des-democrates-au-benin","og_locale":"fr_FR","og_type":"article","og_title":"\u00c9ric Hound\u00e9t\u00e9 Prend l'Int\u00e9rim des D\u00e9mocrates au B\u00e9nin","og_description":"-article-header-tag\"> Africa-Press - Benin. Apre\u0300s la de\u0301mission de Boni Yayi ...","og_url":"https:\/\/www.africa-press.net\/benin\/politique\/eric-houndete-prend-linterim-des-democrates-au-benin","og_site_name":"B\u00e9nin","article_published_time":"2026-03-13T21:08:55+00:00","article_modified_time":"2026-03-13T22:23:03+00:00","og_image":[{"width":1350,"height":675,"url":"https:\/\/static.africa-press.net\/benin\/sites\/46\/2026\/03\/sm_1773439419.715326.jpg","type":"image\/jpeg"}],"author":"cfeditorfr","twitter_card":"summary_large_image","twitter_misc":{"\u00c9crit par":"cfeditorfr","Dur\u00e9e de lecture estim\u00e9e":"2 minutes"},"schema":{"@context":"https:\/\/schema.org","@graph":[{"@type":"Article","@id":"https:\/\/www.africa-press.net\/benin\/politique\/eric-houndete-prend-linterim-des-democrates-au-benin#article","isPartOf":{"@id":"https:\/\/www.africa-press.net\/benin\/politique\/eric-houndete-prend-linterim-des-democrates-au-benin"},"author":{"name":"cfeditorfr","@id":"https:\/\/www.africa-press.net\/benin\/#\/schema\/person\/2b1cf3cd81a31e3cd26889ca66d677f1"},"headline":"\u00c9ric Hound\u00e9t\u00e9 Prend l&rsquo;Int\u00e9rim des D\u00e9mocrates au B\u00e9nin","datePublished":"2026-03-13T21:08:55+00:00","dateModified":"2026-03-13T22:23:03+00:00","mainEntityOfPage":{"@id":"https:\/\/www.africa-press.net\/benin\/politique\/eric-houndete-prend-linterim-des-democrates-au-benin"},"wordCount":218,"commentCount":0,"image":{"@id":"https:\/\/www.africa-press.net\/benin\/politique\/eric-houndete-prend-linterim-des-democrates-au-benin#primaryimage"},"thumbnailUrl":"https:\/\/static.africa-press.net\/benin\/sites\/46\/2026\/03\/sm_1773439419.715326.jpg","keywords":["B\u00e9nin"],"articleSection":["Parties","Politique","Toutes les actualit\u00e9s"],"inLanguage":"fr-FR","potentialAction":[{"@type":"CommentAction","name":"Comment","target":["https:\/\/www.africa-press.net\/benin\/politique\/eric-houndete-prend-linterim-des-democrates-au-benin#respond"]}]},{"@type":"WebPage","@id":"https:\/\/www.africa-press.net\/benin\/politique\/eric-houndete-prend-linterim-des-democrates-au-benin","url":"https:\/\/www.africa-press.net\/benin\/politique\/eric-houndete-prend-linterim-des-democrates-au-benin","name":"\u00c9ric Hound\u00e9t\u00e9 Prend l'Int\u00e9rim des D\u00e9mocrates au B\u00e9nin - B\u00e9nin","isPartOf":{"@id":"https:\/\/www.africa-press.net\/benin\/#website"},"primaryImageOfPage":{"@id":"https:\/\/www.africa-press.net\/benin\/politique\/eric-houndete-prend-linterim-des-democrates-au-benin#primaryimage"},"image":{"@id":"https:\/\/www.africa-press.net\/benin\/politique\/eric-houndete-prend-linterim-des-democrates-au-benin#primaryimage"},"thumbnailUrl":"https:\/\/static.africa-press.net\/benin\/sites\/46\/2026\/03\/sm_1773439419.715326.jpg","datePublished":"2026-03-13T21:08:55+00:00","dateModified":"2026-03-13T22:23:03+00:00","author":{"@id":"https:\/\/www.africa-press.net\/benin\/#\/schema\/person\/2b1cf3cd81a31e3cd26889ca66d677f1"},"description":"-article-header-tag\"> Africa-Press - Benin. Apre\u0300s la de\u0301mission de Boni Yayi ...","breadcrumb":{"@id":"https:\/\/www.africa-press.net\/benin\/politique\/eric-houndete-prend-linterim-des-democrates-au-benin#breadcrumb"},"inLanguage":"fr-FR","potentialAction":[{"@type":"ReadAction","target":["https:\/\/www.africa-press.net\/benin\/politique\/eric-houndete-prend-linterim-des-democrates-au-benin"]}]},{"@type":"ImageObject","inLanguage":"fr-FR","@id":"https:\/\/www.africa-press.net\/benin\/politique\/eric-houndete-prend-linterim-des-democrates-au-benin#primaryimage","url":"https:\/\/static.africa-press.net\/benin\/sites\/46\/2026\/03\/sm_1773439419.715326.jpg","contentUrl":"https:\/\/static.africa-press.net\/benin\/sites\/46\/2026\/03\/sm_1773439419.715326.jpg","width":1350,"height":675,"caption":"\u00c9ric Hound\u00e9t\u00e9 Prend l'Int\u00e9rim des D\u00e9mocrates au B\u00e9nin"},{"@type":"BreadcrumbList","@id":"https:\/\/www.africa-press.net\/benin\/politique\/eric-houndete-prend-linterim-des-democrates-au-benin#breadcrumb","itemListElement":[{"@type":"ListItem","position":1,"name":"Accueil","item":"https:\/\/www.africa-press.net\/benin\/"},{"@type":"ListItem","position":2,"name":"\u00c9ric Hound\u00e9t\u00e9 Prend l&#8217;Int\u00e9rim des D\u00e9mocrates au B\u00e9nin"}]},{"@type":"WebSite","@id":"https:\/\/www.africa-press.net\/benin\/#website","url":"https:\/\/www.africa-press.net\/benin\/","name":"B\u00e9nin","description":"Just another Africa News Agency Sites site","potentialAction":[{"@type":"SearchAction","target":{"@type":"EntryPoint","urlTemplate":"https:\/\/www.africa-press.net\/benin\/?s={search_term_string}"},"query-input":{"@type":"PropertyValueSpecification","valueRequired":true,"valueName":"search_term_string"}}],"inLanguage":"fr-FR"},{"@type":"Person","@id":"https:\/\/www.africa-press.net\/benin\/#\/schema\/person\/2b1cf3cd81a31e3cd26889ca66d677f1","name":"cfeditorfr"}]}},"_links":{"self":[{"href":"https:\/\/www.africa-press.net\/benin\/wp-json\/wp\/v2\/posts\/54599","targetHints":{"allow":["GET"]}}],"collection":[{"href":"https:\/\/www.africa-press.net\/benin\/wp-json\/wp\/v2\/posts"}],"about":[{"href":"https:\/\/www.africa-press.net\/benin\/wp-json\/wp\/v2\/types\/post"}],"author":[{"embeddable":true,"href":"https:\/\/www.africa-press.net\/benin\/wp-json\/wp\/v2\/users\/82"}],"replies":[{"embeddable":true,"href":"https:\/\/www.africa-press.net\/benin\/wp-json\/wp\/v2\/comments?post=54599"}],"version-history":[{"count":0,"href":"https:\/\/www.africa-press.net\/benin\/wp-json\/wp\/v2\/posts\/54599\/revisions"}],"wp:featuredmedia":[{"embeddable":true,"href":"https:\/\/www.africa-press.net\/benin\/wp-json\/wp\/v2\/media\/54598"}],"wp:attachment":[{"href":"https:\/\/www.africa-press.net\/benin\/wp-json\/wp\/v2\/media?parent=54599"}],"wp:term":[{"taxonomy":"category","embeddable":true,"href":"https:\/\/www.africa-press.net\/benin\/wp-json\/wp\/v2\/categories?post=54599"},{"taxonomy":"post_tag","embeddable":true,"href":"https:\/\/www.africa-press.net\/benin\/wp-json\/wp\/v2\/tags?post=54599"}],"curies":[{"name":"wp","href":"https:\/\/api.w.org\/{rel}","templated":true}]}}