{"id":54603,"date":"2026-03-13T21:09:23","date_gmt":"2026-03-13T21:09:23","guid":{"rendered":"https:\/\/www.africa-press.net\/benin\/politique\/paul-hounkpe-appelle-a-lunite-de-lopposition"},"modified":"2026-03-13T22:23:48","modified_gmt":"2026-03-13T22:23:48","slug":"paul-hounkpe-appelle-a-lunite-de-lopposition","status":"publish","type":"post","link":"https:\/\/www.africa-press.net\/benin\/politique\/paul-hounkpe-appelle-a-lunite-de-lopposition","title":{"rendered":"Paul Hounkp\u00e8 Appelle \u00e0 l&rsquo;Unit\u00e9 de l&rsquo;Opposition"},"content":{"rendered":"<p><span class=\"ap-article-header-tag\"> <strong>Africa-Press &#8211; Benin. <\/strong> <\/span>A\u0300 l\u2019approche de l\u2019e\u0301lection pre\u0301sidentielle du 12 avril 2026, Paul Hounkpe\u0300, secre\u0301taire exe\u0301cutif national de Force Cauris pour un Be\u0301nin E\u0301mergent (FCBE) et candidat de\u0301clare\u0301 au scrutin, lance un appel a\u0300 la mobilisation des forces de l\u2019opposition.<\/p>\n<p>Dans un communique\u0301 rendu public ce 12 mars 2026 et signe\u0301 par le secre\u0301taire administratif du parti, il invite les partis politiques, organisations citoyennes et personnalite\u0301s publiques se re\u0301clamant de l\u2019opposition a\u0300 une rencontre de concertation pre\u0301vue dans un bref de\u0301lai.<\/p>\n<p>Cette initiative vise a\u0300 poser les bases d\u2019un cadre unitaire de dialogue, de coordination et d\u2019action politique, baptise\u0301 \u00ab Forces coalise\u0301es pour un Be\u0301nin E\u0301merge\u0301 \u00bb. Selon le communique\u0301, l\u2019ambition est de favoriser la convergence des volonte\u0301s et de ba\u0302tir une unite\u0301 strate\u0301gique capable de porter une dynamique collective au service des aspirations de\u0301mocratiques du peuple be\u0301ninois.<\/p>\n<p>Les travaux de cette assise devraient aboutir a\u0300 la signature d\u2019une Charte de l\u2019Opposition. Ce document de re\u0301fe\u0301rence aura pour vocation de de\u0301finir les principes, les valeurs et les engagements communs des forces politiques et citoyennes engage\u0301es dans cette de\u0301marche de rassemblement.<\/p>\n<p class=\"ap-article-footer-note\">Retrouvez plus d\u2019actualit\u00e9s et d\u2019analyses sur <span class=\"ap-highlight-country\">Benin<\/span> sur le site <span class=\"ap-highlight-brand\">Africa Press<\/span><\/p>\n","protected":false},"excerpt":{"rendered":"<p>Africa-Press &#8211; Benin. A\u0300 l\u2019approche de l\u2019e\u0301lection pre\u0301sidentielle du 12 avril 2026, Paul Hounkpe\u0300, secre\u0301taire exe\u0301cutif national de Force Cauris pour un Be\u0301nin E\u0301mergent (FCBE) et candidat de\u0301clare\u0301 au scrutin, lance un appel a\u0300 la mobilisation des forces de l\u2019opposition. Dans un communique\u0301 rendu public ce 12 mars 2026 et signe\u0301 par le secre\u0301taire administratif [&hellip;]<\/p>\n","protected":false},"author":82,"featured_media":54602,"comment_status":"open","ping_status":"closed","sticky":false,"template":"","format":"standard","meta":{"footnotes":""},"categories":[2,10],"tags":[45],"class_list":["post-54603","post","type-post","status-publish","format-standard","has-post-thumbnail","hentry","category-politique","category-toutes-les-actualites","tag-benin"],"yoast_head":"<!-- This site is optimized with the Yoast SEO Premium plugin v26.1 (Yoast SEO v27.0) - https:\/\/yoast.com\/product\/yoast-seo-premium-wordpress\/ -->\n<title>Paul Hounkp\u00e8 Appelle \u00e0 l&#039;Unit\u00e9 de l&#039;Opposition - B\u00e9nin<\/title>\n<meta name=\"description\" content=\"-article-header-tag&quot;&gt; Africa-Press - Benin. A\u0300 l\u2019approche de l\u2019e\u0301lection pre\u0301 ...\" \/>\n<meta name=\"robots\" content=\"index, follow, max-snippet:-1, max-image-preview:large, max-video-preview:-1\" \/>\n<link rel=\"canonical\" href=\"https:\/\/www.africa-press.net\/benin\/politique\/paul-hounkpe-appelle-a-lunite-de-lopposition\" \/>\n<meta property=\"og:locale\" content=\"fr_FR\" \/>\n<meta property=\"og:type\" content=\"article\" \/>\n<meta property=\"og:title\" content=\"Paul Hounkp\u00e8 Appelle \u00e0 l&#039;Unit\u00e9 de l&#039;Opposition\" \/>\n<meta property=\"og:description\" content=\"-article-header-tag&quot;&gt; Africa-Press - Benin. A\u0300 l\u2019approche de l\u2019e\u0301lection pre\u0301 ...\" \/>\n<meta property=\"og:url\" content=\"https:\/\/www.africa-press.net\/benin\/politique\/paul-hounkpe-appelle-a-lunite-de-lopposition\" \/>\n<meta property=\"og:site_name\" content=\"B\u00e9nin\" \/>\n<meta property=\"article:published_time\" content=\"2026-03-13T21:09:23+00:00\" \/>\n<meta property=\"article:modified_time\" content=\"2026-03-13T22:23:48+00:00\" \/>\n<meta property=\"og:image\" content=\"https:\/\/static.africa-press.net\/benin\/sites\/46\/2026\/03\/sm_1773439461.800304.jpg\" \/>\n\t<meta property=\"og:image:width\" content=\"1280\" \/>\n\t<meta property=\"og:image:height\" content=\"720\" \/>\n\t<meta property=\"og:image:type\" content=\"image\/jpeg\" \/>\n<meta name=\"author\" content=\"cfeditorfr\" \/>\n<meta name=\"twitter:card\" content=\"summary_large_image\" \/>\n<meta name=\"twitter:label1\" content=\"\u00c9crit par\" \/>\n\t<meta name=\"twitter:data1\" content=\"cfeditorfr\" \/>\n\t<meta name=\"twitter:label2\" content=\"Dur\u00e9e de lecture estim\u00e9e\" \/>\n\t<meta name=\"twitter:data2\" content=\"2 minutes\" \/>\n<script type=\"application\/ld+json\" class=\"yoast-schema-graph\">{\"@context\":\"https:\/\/schema.org\",\"@graph\":[{\"@type\":\"Article\",\"@id\":\"https:\/\/www.africa-press.net\/benin\/politique\/paul-hounkpe-appelle-a-lunite-de-lopposition#article\",\"isPartOf\":{\"@id\":\"https:\/\/www.africa-press.net\/benin\/politique\/paul-hounkpe-appelle-a-lunite-de-lopposition\"},\"author\":{\"name\":\"cfeditorfr\",\"@id\":\"https:\/\/www.africa-press.net\/benin\/#\/schema\/person\/2b1cf3cd81a31e3cd26889ca66d677f1\"},\"headline\":\"Paul Hounkp\u00e8 Appelle \u00e0 l&rsquo;Unit\u00e9 de l&rsquo;Opposition\",\"datePublished\":\"2026-03-13T21:09:23+00:00\",\"dateModified\":\"2026-03-13T22:23:48+00:00\",\"mainEntityOfPage\":{\"@id\":\"https:\/\/www.africa-press.net\/benin\/politique\/paul-hounkpe-appelle-a-lunite-de-lopposition\"},\"wordCount\":231,\"commentCount\":0,\"image\":{\"@id\":\"https:\/\/www.africa-press.net\/benin\/politique\/paul-hounkpe-appelle-a-lunite-de-lopposition#primaryimage\"},\"thumbnailUrl\":\"https:\/\/static.africa-press.net\/benin\/sites\/46\/2026\/03\/sm_1773439461.800304.jpg\",\"keywords\":[\"B\u00e9nin\"],\"articleSection\":[\"Politique\",\"Toutes les actualit\u00e9s\"],\"inLanguage\":\"fr-FR\",\"potentialAction\":[{\"@type\":\"CommentAction\",\"name\":\"Comment\",\"target\":[\"https:\/\/www.africa-press.net\/benin\/politique\/paul-hounkpe-appelle-a-lunite-de-lopposition#respond\"]}]},{\"@type\":\"WebPage\",\"@id\":\"https:\/\/www.africa-press.net\/benin\/politique\/paul-hounkpe-appelle-a-lunite-de-lopposition\",\"url\":\"https:\/\/www.africa-press.net\/benin\/politique\/paul-hounkpe-appelle-a-lunite-de-lopposition\",\"name\":\"Paul Hounkp\u00e8 Appelle \u00e0 l'Unit\u00e9 de l'Opposition - B\u00e9nin\",\"isPartOf\":{\"@id\":\"https:\/\/www.africa-press.net\/benin\/#website\"},\"primaryImageOfPage\":{\"@id\":\"https:\/\/www.africa-press.net\/benin\/politique\/paul-hounkpe-appelle-a-lunite-de-lopposition#primaryimage\"},\"image\":{\"@id\":\"https:\/\/www.africa-press.net\/benin\/politique\/paul-hounkpe-appelle-a-lunite-de-lopposition#primaryimage\"},\"thumbnailUrl\":\"https:\/\/static.africa-press.net\/benin\/sites\/46\/2026\/03\/sm_1773439461.800304.jpg\",\"datePublished\":\"2026-03-13T21:09:23+00:00\",\"dateModified\":\"2026-03-13T22:23:48+00:00\",\"author\":{\"@id\":\"https:\/\/www.africa-press.net\/benin\/#\/schema\/person\/2b1cf3cd81a31e3cd26889ca66d677f1\"},\"description\":\"-article-header-tag\\\"> Africa-Press - Benin. A\u0300 l\u2019approche de l\u2019e\u0301lection pre\u0301 ...\",\"breadcrumb\":{\"@id\":\"https:\/\/www.africa-press.net\/benin\/politique\/paul-hounkpe-appelle-a-lunite-de-lopposition#breadcrumb\"},\"inLanguage\":\"fr-FR\",\"potentialAction\":[{\"@type\":\"ReadAction\",\"target\":[\"https:\/\/www.africa-press.net\/benin\/politique\/paul-hounkpe-appelle-a-lunite-de-lopposition\"]}]},{\"@type\":\"ImageObject\",\"inLanguage\":\"fr-FR\",\"@id\":\"https:\/\/www.africa-press.net\/benin\/politique\/paul-hounkpe-appelle-a-lunite-de-lopposition#primaryimage\",\"url\":\"https:\/\/static.africa-press.net\/benin\/sites\/46\/2026\/03\/sm_1773439461.800304.jpg\",\"contentUrl\":\"https:\/\/static.africa-press.net\/benin\/sites\/46\/2026\/03\/sm_1773439461.800304.jpg\",\"width\":1280,\"height\":720,\"caption\":\"Paul Hounkp\u00e8 Appelle \u00e0 l'Unit\u00e9 de l'Opposition\"},{\"@type\":\"BreadcrumbList\",\"@id\":\"https:\/\/www.africa-press.net\/benin\/politique\/paul-hounkpe-appelle-a-lunite-de-lopposition#breadcrumb\",\"itemListElement\":[{\"@type\":\"ListItem\",\"position\":1,\"name\":\"Accueil\",\"item\":\"https:\/\/www.africa-press.net\/benin\/\"},{\"@type\":\"ListItem\",\"position\":2,\"name\":\"Paul Hounkp\u00e8 Appelle \u00e0 l&#8217;Unit\u00e9 de l&#8217;Opposition\"}]},{\"@type\":\"WebSite\",\"@id\":\"https:\/\/www.africa-press.net\/benin\/#website\",\"url\":\"https:\/\/www.africa-press.net\/benin\/\",\"name\":\"B\u00e9nin\",\"description\":\"Just another Africa News Agency Sites site\",\"potentialAction\":[{\"@type\":\"SearchAction\",\"target\":{\"@type\":\"EntryPoint\",\"urlTemplate\":\"https:\/\/www.africa-press.net\/benin\/?s={search_term_string}\"},\"query-input\":{\"@type\":\"PropertyValueSpecification\",\"valueRequired\":true,\"valueName\":\"search_term_string\"}}],\"inLanguage\":\"fr-FR\"},{\"@type\":\"Person\",\"@id\":\"https:\/\/www.africa-press.net\/benin\/#\/schema\/person\/2b1cf3cd81a31e3cd26889ca66d677f1\",\"name\":\"cfeditorfr\"}]}<\/script>\n<!-- \/ Yoast SEO Premium plugin. -->","yoast_head_json":{"title":"Paul Hounkp\u00e8 Appelle \u00e0 l'Unit\u00e9 de l'Opposition - B\u00e9nin","description":"-article-header-tag\"> Africa-Press - Benin. A\u0300 l\u2019approche de l\u2019e\u0301lection pre\u0301 ...","robots":{"index":"index","follow":"follow","max-snippet":"max-snippet:-1","max-image-preview":"max-image-preview:large","max-video-preview":"max-video-preview:-1"},"canonical":"https:\/\/www.africa-press.net\/benin\/politique\/paul-hounkpe-appelle-a-lunite-de-lopposition","og_locale":"fr_FR","og_type":"article","og_title":"Paul Hounkp\u00e8 Appelle \u00e0 l'Unit\u00e9 de l'Opposition","og_description":"-article-header-tag\"> Africa-Press - Benin. A\u0300 l\u2019approche de l\u2019e\u0301lection pre\u0301 ...","og_url":"https:\/\/www.africa-press.net\/benin\/politique\/paul-hounkpe-appelle-a-lunite-de-lopposition","og_site_name":"B\u00e9nin","article_published_time":"2026-03-13T21:09:23+00:00","article_modified_time":"2026-03-13T22:23:48+00:00","og_image":[{"width":1280,"height":720,"url":"https:\/\/static.africa-press.net\/benin\/sites\/46\/2026\/03\/sm_1773439461.800304.jpg","type":"image\/jpeg"}],"author":"cfeditorfr","twitter_card":"summary_large_image","twitter_misc":{"\u00c9crit par":"cfeditorfr","Dur\u00e9e de lecture estim\u00e9e":"2 minutes"},"schema":{"@context":"https:\/\/schema.org","@graph":[{"@type":"Article","@id":"https:\/\/www.africa-press.net\/benin\/politique\/paul-hounkpe-appelle-a-lunite-de-lopposition#article","isPartOf":{"@id":"https:\/\/www.africa-press.net\/benin\/politique\/paul-hounkpe-appelle-a-lunite-de-lopposition"},"author":{"name":"cfeditorfr","@id":"https:\/\/www.africa-press.net\/benin\/#\/schema\/person\/2b1cf3cd81a31e3cd26889ca66d677f1"},"headline":"Paul Hounkp\u00e8 Appelle \u00e0 l&rsquo;Unit\u00e9 de l&rsquo;Opposition","datePublished":"2026-03-13T21:09:23+00:00","dateModified":"2026-03-13T22:23:48+00:00","mainEntityOfPage":{"@id":"https:\/\/www.africa-press.net\/benin\/politique\/paul-hounkpe-appelle-a-lunite-de-lopposition"},"wordCount":231,"commentCount":0,"image":{"@id":"https:\/\/www.africa-press.net\/benin\/politique\/paul-hounkpe-appelle-a-lunite-de-lopposition#primaryimage"},"thumbnailUrl":"https:\/\/static.africa-press.net\/benin\/sites\/46\/2026\/03\/sm_1773439461.800304.jpg","keywords":["B\u00e9nin"],"articleSection":["Politique","Toutes les actualit\u00e9s"],"inLanguage":"fr-FR","potentialAction":[{"@type":"CommentAction","name":"Comment","target":["https:\/\/www.africa-press.net\/benin\/politique\/paul-hounkpe-appelle-a-lunite-de-lopposition#respond"]}]},{"@type":"WebPage","@id":"https:\/\/www.africa-press.net\/benin\/politique\/paul-hounkpe-appelle-a-lunite-de-lopposition","url":"https:\/\/www.africa-press.net\/benin\/politique\/paul-hounkpe-appelle-a-lunite-de-lopposition","name":"Paul Hounkp\u00e8 Appelle \u00e0 l'Unit\u00e9 de l'Opposition - B\u00e9nin","isPartOf":{"@id":"https:\/\/www.africa-press.net\/benin\/#website"},"primaryImageOfPage":{"@id":"https:\/\/www.africa-press.net\/benin\/politique\/paul-hounkpe-appelle-a-lunite-de-lopposition#primaryimage"},"image":{"@id":"https:\/\/www.africa-press.net\/benin\/politique\/paul-hounkpe-appelle-a-lunite-de-lopposition#primaryimage"},"thumbnailUrl":"https:\/\/static.africa-press.net\/benin\/sites\/46\/2026\/03\/sm_1773439461.800304.jpg","datePublished":"2026-03-13T21:09:23+00:00","dateModified":"2026-03-13T22:23:48+00:00","author":{"@id":"https:\/\/www.africa-press.net\/benin\/#\/schema\/person\/2b1cf3cd81a31e3cd26889ca66d677f1"},"description":"-article-header-tag\"> Africa-Press - Benin. A\u0300 l\u2019approche de l\u2019e\u0301lection pre\u0301 ...","breadcrumb":{"@id":"https:\/\/www.africa-press.net\/benin\/politique\/paul-hounkpe-appelle-a-lunite-de-lopposition#breadcrumb"},"inLanguage":"fr-FR","potentialAction":[{"@type":"ReadAction","target":["https:\/\/www.africa-press.net\/benin\/politique\/paul-hounkpe-appelle-a-lunite-de-lopposition"]}]},{"@type":"ImageObject","inLanguage":"fr-FR","@id":"https:\/\/www.africa-press.net\/benin\/politique\/paul-hounkpe-appelle-a-lunite-de-lopposition#primaryimage","url":"https:\/\/static.africa-press.net\/benin\/sites\/46\/2026\/03\/sm_1773439461.800304.jpg","contentUrl":"https:\/\/static.africa-press.net\/benin\/sites\/46\/2026\/03\/sm_1773439461.800304.jpg","width":1280,"height":720,"caption":"Paul Hounkp\u00e8 Appelle \u00e0 l'Unit\u00e9 de l'Opposition"},{"@type":"BreadcrumbList","@id":"https:\/\/www.africa-press.net\/benin\/politique\/paul-hounkpe-appelle-a-lunite-de-lopposition#breadcrumb","itemListElement":[{"@type":"ListItem","position":1,"name":"Accueil","item":"https:\/\/www.africa-press.net\/benin\/"},{"@type":"ListItem","position":2,"name":"Paul Hounkp\u00e8 Appelle \u00e0 l&#8217;Unit\u00e9 de l&#8217;Opposition"}]},{"@type":"WebSite","@id":"https:\/\/www.africa-press.net\/benin\/#website","url":"https:\/\/www.africa-press.net\/benin\/","name":"B\u00e9nin","description":"Just another Africa News Agency Sites site","potentialAction":[{"@type":"SearchAction","target":{"@type":"EntryPoint","urlTemplate":"https:\/\/www.africa-press.net\/benin\/?s={search_term_string}"},"query-input":{"@type":"PropertyValueSpecification","valueRequired":true,"valueName":"search_term_string"}}],"inLanguage":"fr-FR"},{"@type":"Person","@id":"https:\/\/www.africa-press.net\/benin\/#\/schema\/person\/2b1cf3cd81a31e3cd26889ca66d677f1","name":"cfeditorfr"}]}},"_links":{"self":[{"href":"https:\/\/www.africa-press.net\/benin\/wp-json\/wp\/v2\/posts\/54603","targetHints":{"allow":["GET"]}}],"collection":[{"href":"https:\/\/www.africa-press.net\/benin\/wp-json\/wp\/v2\/posts"}],"about":[{"href":"https:\/\/www.africa-press.net\/benin\/wp-json\/wp\/v2\/types\/post"}],"author":[{"embeddable":true,"href":"https:\/\/www.africa-press.net\/benin\/wp-json\/wp\/v2\/users\/82"}],"replies":[{"embeddable":true,"href":"https:\/\/www.africa-press.net\/benin\/wp-json\/wp\/v2\/comments?post=54603"}],"version-history":[{"count":0,"href":"https:\/\/www.africa-press.net\/benin\/wp-json\/wp\/v2\/posts\/54603\/revisions"}],"wp:featuredmedia":[{"embeddable":true,"href":"https:\/\/www.africa-press.net\/benin\/wp-json\/wp\/v2\/media\/54602"}],"wp:attachment":[{"href":"https:\/\/www.africa-press.net\/benin\/wp-json\/wp\/v2\/media?parent=54603"}],"wp:term":[{"taxonomy":"category","embeddable":true,"href":"https:\/\/www.africa-press.net\/benin\/wp-json\/wp\/v2\/categories?post=54603"},{"taxonomy":"post_tag","embeddable":true,"href":"https:\/\/www.africa-press.net\/benin\/wp-json\/wp\/v2\/tags?post=54603"}],"curies":[{"name":"wp","href":"https:\/\/api.w.org\/{rel}","templated":true}]}}