{"id":54607,"date":"2026-03-13T21:09:44","date_gmt":"2026-03-13T21:09:44","guid":{"rendered":"https:\/\/www.africa-press.net\/benin\/politique\/cena-forme-formateurs-pour-elections-presidentielles-2026"},"modified":"2026-03-13T22:24:32","modified_gmt":"2026-03-13T22:24:32","slug":"cena-forme-formateurs-pour-elections-presidentielles-2026","status":"publish","type":"post","link":"https:\/\/www.africa-press.net\/benin\/politique\/cena-forme-formateurs-pour-elections-presidentielles-2026","title":{"rendered":"CENA Forme Formateurs Pour \u00c9lections Pr\u00e9sidentielles 2026"},"content":{"rendered":"<p><span class=\"ap-article-header-tag\"> <strong>Africa-Press &#8211; Benin. <\/strong> <\/span>A\u0300 moins d\u2019un mois de l\u2019e\u0301lection pre\u0301sidentielle, la Commission e\u0301lectorale nationale autonome renforce son dispositif. Un atelier de formation des formateurs des agents e\u0301lectoraux s\u2019est ouvert jeudi 12 mars 2026 a\u0300 Cotonou, en vue d\u2019une meilleure pre\u0301paration du scrutin du 12 avril.<\/p>\n<p>L\u2019atelier a e\u0301te\u0301 officiellement lance\u0301 par le pre\u0301sident de la Commission e\u0301lectorale nationale autonome, Sacca Lafia, entoure\u0301 des membres du Conseil e\u0301lectoral et des cadres de l\u2019institution. Pre\u0301vue pour durer deux jours, la session vise a\u0300 doter les formateurs des outils ne\u0301cessaires pour encadrer efficacement les agents qui seront de\u0301ploye\u0301s le jour du vote.<\/p>\n<p>Les travaux portent sur la mai\u0302trise des responsabilite\u0301s confie\u0301es aux diffe\u0301rents acteurs du processus e\u0301lectoral, depuis les membres des postes de vote jusqu\u2019aux coordonnateurs d\u2019arrondissement et de zone, en passant par les points focaux communaux.<\/p>\n<p>Une attention particulie\u0300re est accorde\u0301e a\u0300 l\u2019utilisation des documents e\u0301lectoraux, a\u0300 la plateforme e\u0301lectronique de transmission des re\u0301sultats ainsi qu\u2019aux me\u0301canismes de pre\u0301vention des infractions et de gestion des situations impre\u0301vues.Pour la CENA, cette e\u0301tape est de\u0301terminante. Elle doit permettre d\u2019harmoniser les pratiques sur toute l\u2019e\u0301tendue du territoire et de garantir une organisation rigoureuse du scrutin pre\u0301sidentiel.<\/p>\n<p>Les e\u0301changes se poursuivent ce vendredi 13 mars, avec pour objectif de consolider la pre\u0301paration technique et ope\u0301rationnelle des acteurs appele\u0301s a\u0300 intervenir dans le processus e\u0301lectoral.<\/p>\n<p class=\"ap-article-footer-note\">Retrouvez plus d\u2019actualit\u00e9s et d\u2019analyses sur <span class=\"ap-highlight-country\">Benin<\/span> sur le site <span class=\"ap-highlight-brand\">Africa Press<\/span><\/p>\n","protected":false},"excerpt":{"rendered":"<p>Africa-Press &#8211; Benin. A\u0300 moins d\u2019un mois de l\u2019e\u0301lection pre\u0301sidentielle, la Commission e\u0301lectorale nationale autonome renforce son dispositif. Un atelier de formation des formateurs des agents e\u0301lectoraux s\u2019est ouvert jeudi 12 mars 2026 a\u0300 Cotonou, en vue d\u2019une meilleure pre\u0301paration du scrutin du 12 avril. L\u2019atelier a e\u0301te\u0301 officiellement lance\u0301 par le pre\u0301sident de la [&hellip;]<\/p>\n","protected":false},"author":82,"featured_media":54606,"comment_status":"open","ping_status":"closed","sticky":false,"template":"","format":"standard","meta":{"footnotes":""},"categories":[2,10],"tags":[45],"class_list":["post-54607","post","type-post","status-publish","format-standard","has-post-thumbnail","hentry","category-politique","category-toutes-les-actualites","tag-benin"],"yoast_head":"<!-- This site is optimized with the Yoast SEO Premium plugin v26.1 (Yoast SEO v27.0) - https:\/\/yoast.com\/product\/yoast-seo-premium-wordpress\/ -->\n<title>CENA Forme Formateurs Pour \u00c9lections Pr\u00e9sidentielles 2026 - B\u00e9nin<\/title>\n<meta name=\"description\" content=\"-article-header-tag&quot;&gt; Africa-Press - Benin. A\u0300 moins d\u2019un mois de l\u2019e\u0301lection ...\" \/>\n<meta name=\"robots\" content=\"index, follow, max-snippet:-1, max-image-preview:large, max-video-preview:-1\" \/>\n<link rel=\"canonical\" href=\"https:\/\/www.africa-press.net\/benin\/politique\/cena-forme-formateurs-pour-elections-presidentielles-2026\" \/>\n<meta property=\"og:locale\" content=\"fr_FR\" \/>\n<meta property=\"og:type\" content=\"article\" \/>\n<meta property=\"og:title\" content=\"CENA Forme Formateurs Pour \u00c9lections Pr\u00e9sidentielles 2026\" \/>\n<meta property=\"og:description\" content=\"-article-header-tag&quot;&gt; Africa-Press - Benin. A\u0300 moins d\u2019un mois de l\u2019e\u0301lection ...\" \/>\n<meta property=\"og:url\" content=\"https:\/\/www.africa-press.net\/benin\/politique\/cena-forme-formateurs-pour-elections-presidentielles-2026\" \/>\n<meta property=\"og:site_name\" content=\"B\u00e9nin\" \/>\n<meta property=\"article:published_time\" content=\"2026-03-13T21:09:44+00:00\" \/>\n<meta property=\"article:modified_time\" content=\"2026-03-13T22:24:32+00:00\" \/>\n<meta property=\"og:image\" content=\"https:\/\/static.africa-press.net\/benin\/sites\/46\/2026\/03\/sm_1773439497.375905.jpg\" \/>\n\t<meta property=\"og:image:width\" content=\"1362\" \/>\n\t<meta property=\"og:image:height\" content=\"728\" \/>\n\t<meta property=\"og:image:type\" content=\"image\/jpeg\" \/>\n<meta name=\"author\" content=\"cfeditorfr\" \/>\n<meta name=\"twitter:card\" content=\"summary_large_image\" \/>\n<meta name=\"twitter:label1\" content=\"\u00c9crit par\" \/>\n\t<meta name=\"twitter:data1\" content=\"cfeditorfr\" \/>\n\t<meta name=\"twitter:label2\" content=\"Dur\u00e9e de lecture estim\u00e9e\" \/>\n\t<meta name=\"twitter:data2\" content=\"2 minutes\" \/>\n<script type=\"application\/ld+json\" class=\"yoast-schema-graph\">{\"@context\":\"https:\/\/schema.org\",\"@graph\":[{\"@type\":\"Article\",\"@id\":\"https:\/\/www.africa-press.net\/benin\/politique\/cena-forme-formateurs-pour-elections-presidentielles-2026#article\",\"isPartOf\":{\"@id\":\"https:\/\/www.africa-press.net\/benin\/politique\/cena-forme-formateurs-pour-elections-presidentielles-2026\"},\"author\":{\"name\":\"cfeditorfr\",\"@id\":\"https:\/\/www.africa-press.net\/benin\/#\/schema\/person\/2b1cf3cd81a31e3cd26889ca66d677f1\"},\"headline\":\"CENA Forme Formateurs Pour \u00c9lections Pr\u00e9sidentielles 2026\",\"datePublished\":\"2026-03-13T21:09:44+00:00\",\"dateModified\":\"2026-03-13T22:24:32+00:00\",\"mainEntityOfPage\":{\"@id\":\"https:\/\/www.africa-press.net\/benin\/politique\/cena-forme-formateurs-pour-elections-presidentielles-2026\"},\"wordCount\":284,\"commentCount\":0,\"image\":{\"@id\":\"https:\/\/www.africa-press.net\/benin\/politique\/cena-forme-formateurs-pour-elections-presidentielles-2026#primaryimage\"},\"thumbnailUrl\":\"https:\/\/static.africa-press.net\/benin\/sites\/46\/2026\/03\/sm_1773439497.375905.jpg\",\"keywords\":[\"B\u00e9nin\"],\"articleSection\":[\"Politique\",\"Toutes les actualit\u00e9s\"],\"inLanguage\":\"fr-FR\",\"potentialAction\":[{\"@type\":\"CommentAction\",\"name\":\"Comment\",\"target\":[\"https:\/\/www.africa-press.net\/benin\/politique\/cena-forme-formateurs-pour-elections-presidentielles-2026#respond\"]}]},{\"@type\":\"WebPage\",\"@id\":\"https:\/\/www.africa-press.net\/benin\/politique\/cena-forme-formateurs-pour-elections-presidentielles-2026\",\"url\":\"https:\/\/www.africa-press.net\/benin\/politique\/cena-forme-formateurs-pour-elections-presidentielles-2026\",\"name\":\"CENA Forme Formateurs Pour \u00c9lections Pr\u00e9sidentielles 2026 - B\u00e9nin\",\"isPartOf\":{\"@id\":\"https:\/\/www.africa-press.net\/benin\/#website\"},\"primaryImageOfPage\":{\"@id\":\"https:\/\/www.africa-press.net\/benin\/politique\/cena-forme-formateurs-pour-elections-presidentielles-2026#primaryimage\"},\"image\":{\"@id\":\"https:\/\/www.africa-press.net\/benin\/politique\/cena-forme-formateurs-pour-elections-presidentielles-2026#primaryimage\"},\"thumbnailUrl\":\"https:\/\/static.africa-press.net\/benin\/sites\/46\/2026\/03\/sm_1773439497.375905.jpg\",\"datePublished\":\"2026-03-13T21:09:44+00:00\",\"dateModified\":\"2026-03-13T22:24:32+00:00\",\"author\":{\"@id\":\"https:\/\/www.africa-press.net\/benin\/#\/schema\/person\/2b1cf3cd81a31e3cd26889ca66d677f1\"},\"description\":\"-article-header-tag\\\"> Africa-Press - Benin. A\u0300 moins d\u2019un mois de l\u2019e\u0301lection ...\",\"breadcrumb\":{\"@id\":\"https:\/\/www.africa-press.net\/benin\/politique\/cena-forme-formateurs-pour-elections-presidentielles-2026#breadcrumb\"},\"inLanguage\":\"fr-FR\",\"potentialAction\":[{\"@type\":\"ReadAction\",\"target\":[\"https:\/\/www.africa-press.net\/benin\/politique\/cena-forme-formateurs-pour-elections-presidentielles-2026\"]}]},{\"@type\":\"ImageObject\",\"inLanguage\":\"fr-FR\",\"@id\":\"https:\/\/www.africa-press.net\/benin\/politique\/cena-forme-formateurs-pour-elections-presidentielles-2026#primaryimage\",\"url\":\"https:\/\/static.africa-press.net\/benin\/sites\/46\/2026\/03\/sm_1773439497.375905.jpg\",\"contentUrl\":\"https:\/\/static.africa-press.net\/benin\/sites\/46\/2026\/03\/sm_1773439497.375905.jpg\",\"width\":1362,\"height\":728,\"caption\":\"CENA Forme Formateurs Pour \u00c9lections Pr\u00e9sidentielles 2026\"},{\"@type\":\"BreadcrumbList\",\"@id\":\"https:\/\/www.africa-press.net\/benin\/politique\/cena-forme-formateurs-pour-elections-presidentielles-2026#breadcrumb\",\"itemListElement\":[{\"@type\":\"ListItem\",\"position\":1,\"name\":\"Accueil\",\"item\":\"https:\/\/www.africa-press.net\/benin\/\"},{\"@type\":\"ListItem\",\"position\":2,\"name\":\"CENA Forme Formateurs Pour \u00c9lections Pr\u00e9sidentielles 2026\"}]},{\"@type\":\"WebSite\",\"@id\":\"https:\/\/www.africa-press.net\/benin\/#website\",\"url\":\"https:\/\/www.africa-press.net\/benin\/\",\"name\":\"B\u00e9nin\",\"description\":\"Just another Africa News Agency Sites site\",\"potentialAction\":[{\"@type\":\"SearchAction\",\"target\":{\"@type\":\"EntryPoint\",\"urlTemplate\":\"https:\/\/www.africa-press.net\/benin\/?s={search_term_string}\"},\"query-input\":{\"@type\":\"PropertyValueSpecification\",\"valueRequired\":true,\"valueName\":\"search_term_string\"}}],\"inLanguage\":\"fr-FR\"},{\"@type\":\"Person\",\"@id\":\"https:\/\/www.africa-press.net\/benin\/#\/schema\/person\/2b1cf3cd81a31e3cd26889ca66d677f1\",\"name\":\"cfeditorfr\"}]}<\/script>\n<!-- \/ Yoast SEO Premium plugin. -->","yoast_head_json":{"title":"CENA Forme Formateurs Pour \u00c9lections Pr\u00e9sidentielles 2026 - B\u00e9nin","description":"-article-header-tag\"> Africa-Press - Benin. A\u0300 moins d\u2019un mois de l\u2019e\u0301lection ...","robots":{"index":"index","follow":"follow","max-snippet":"max-snippet:-1","max-image-preview":"max-image-preview:large","max-video-preview":"max-video-preview:-1"},"canonical":"https:\/\/www.africa-press.net\/benin\/politique\/cena-forme-formateurs-pour-elections-presidentielles-2026","og_locale":"fr_FR","og_type":"article","og_title":"CENA Forme Formateurs Pour \u00c9lections Pr\u00e9sidentielles 2026","og_description":"-article-header-tag\"> Africa-Press - Benin. A\u0300 moins d\u2019un mois de l\u2019e\u0301lection ...","og_url":"https:\/\/www.africa-press.net\/benin\/politique\/cena-forme-formateurs-pour-elections-presidentielles-2026","og_site_name":"B\u00e9nin","article_published_time":"2026-03-13T21:09:44+00:00","article_modified_time":"2026-03-13T22:24:32+00:00","og_image":[{"width":1362,"height":728,"url":"https:\/\/static.africa-press.net\/benin\/sites\/46\/2026\/03\/sm_1773439497.375905.jpg","type":"image\/jpeg"}],"author":"cfeditorfr","twitter_card":"summary_large_image","twitter_misc":{"\u00c9crit par":"cfeditorfr","Dur\u00e9e de lecture estim\u00e9e":"2 minutes"},"schema":{"@context":"https:\/\/schema.org","@graph":[{"@type":"Article","@id":"https:\/\/www.africa-press.net\/benin\/politique\/cena-forme-formateurs-pour-elections-presidentielles-2026#article","isPartOf":{"@id":"https:\/\/www.africa-press.net\/benin\/politique\/cena-forme-formateurs-pour-elections-presidentielles-2026"},"author":{"name":"cfeditorfr","@id":"https:\/\/www.africa-press.net\/benin\/#\/schema\/person\/2b1cf3cd81a31e3cd26889ca66d677f1"},"headline":"CENA Forme Formateurs Pour \u00c9lections Pr\u00e9sidentielles 2026","datePublished":"2026-03-13T21:09:44+00:00","dateModified":"2026-03-13T22:24:32+00:00","mainEntityOfPage":{"@id":"https:\/\/www.africa-press.net\/benin\/politique\/cena-forme-formateurs-pour-elections-presidentielles-2026"},"wordCount":284,"commentCount":0,"image":{"@id":"https:\/\/www.africa-press.net\/benin\/politique\/cena-forme-formateurs-pour-elections-presidentielles-2026#primaryimage"},"thumbnailUrl":"https:\/\/static.africa-press.net\/benin\/sites\/46\/2026\/03\/sm_1773439497.375905.jpg","keywords":["B\u00e9nin"],"articleSection":["Politique","Toutes les actualit\u00e9s"],"inLanguage":"fr-FR","potentialAction":[{"@type":"CommentAction","name":"Comment","target":["https:\/\/www.africa-press.net\/benin\/politique\/cena-forme-formateurs-pour-elections-presidentielles-2026#respond"]}]},{"@type":"WebPage","@id":"https:\/\/www.africa-press.net\/benin\/politique\/cena-forme-formateurs-pour-elections-presidentielles-2026","url":"https:\/\/www.africa-press.net\/benin\/politique\/cena-forme-formateurs-pour-elections-presidentielles-2026","name":"CENA Forme Formateurs Pour \u00c9lections Pr\u00e9sidentielles 2026 - B\u00e9nin","isPartOf":{"@id":"https:\/\/www.africa-press.net\/benin\/#website"},"primaryImageOfPage":{"@id":"https:\/\/www.africa-press.net\/benin\/politique\/cena-forme-formateurs-pour-elections-presidentielles-2026#primaryimage"},"image":{"@id":"https:\/\/www.africa-press.net\/benin\/politique\/cena-forme-formateurs-pour-elections-presidentielles-2026#primaryimage"},"thumbnailUrl":"https:\/\/static.africa-press.net\/benin\/sites\/46\/2026\/03\/sm_1773439497.375905.jpg","datePublished":"2026-03-13T21:09:44+00:00","dateModified":"2026-03-13T22:24:32+00:00","author":{"@id":"https:\/\/www.africa-press.net\/benin\/#\/schema\/person\/2b1cf3cd81a31e3cd26889ca66d677f1"},"description":"-article-header-tag\"> Africa-Press - Benin. A\u0300 moins d\u2019un mois de l\u2019e\u0301lection ...","breadcrumb":{"@id":"https:\/\/www.africa-press.net\/benin\/politique\/cena-forme-formateurs-pour-elections-presidentielles-2026#breadcrumb"},"inLanguage":"fr-FR","potentialAction":[{"@type":"ReadAction","target":["https:\/\/www.africa-press.net\/benin\/politique\/cena-forme-formateurs-pour-elections-presidentielles-2026"]}]},{"@type":"ImageObject","inLanguage":"fr-FR","@id":"https:\/\/www.africa-press.net\/benin\/politique\/cena-forme-formateurs-pour-elections-presidentielles-2026#primaryimage","url":"https:\/\/static.africa-press.net\/benin\/sites\/46\/2026\/03\/sm_1773439497.375905.jpg","contentUrl":"https:\/\/static.africa-press.net\/benin\/sites\/46\/2026\/03\/sm_1773439497.375905.jpg","width":1362,"height":728,"caption":"CENA Forme Formateurs Pour \u00c9lections Pr\u00e9sidentielles 2026"},{"@type":"BreadcrumbList","@id":"https:\/\/www.africa-press.net\/benin\/politique\/cena-forme-formateurs-pour-elections-presidentielles-2026#breadcrumb","itemListElement":[{"@type":"ListItem","position":1,"name":"Accueil","item":"https:\/\/www.africa-press.net\/benin\/"},{"@type":"ListItem","position":2,"name":"CENA Forme Formateurs Pour \u00c9lections Pr\u00e9sidentielles 2026"}]},{"@type":"WebSite","@id":"https:\/\/www.africa-press.net\/benin\/#website","url":"https:\/\/www.africa-press.net\/benin\/","name":"B\u00e9nin","description":"Just another Africa News Agency Sites site","potentialAction":[{"@type":"SearchAction","target":{"@type":"EntryPoint","urlTemplate":"https:\/\/www.africa-press.net\/benin\/?s={search_term_string}"},"query-input":{"@type":"PropertyValueSpecification","valueRequired":true,"valueName":"search_term_string"}}],"inLanguage":"fr-FR"},{"@type":"Person","@id":"https:\/\/www.africa-press.net\/benin\/#\/schema\/person\/2b1cf3cd81a31e3cd26889ca66d677f1","name":"cfeditorfr"}]}},"_links":{"self":[{"href":"https:\/\/www.africa-press.net\/benin\/wp-json\/wp\/v2\/posts\/54607","targetHints":{"allow":["GET"]}}],"collection":[{"href":"https:\/\/www.africa-press.net\/benin\/wp-json\/wp\/v2\/posts"}],"about":[{"href":"https:\/\/www.africa-press.net\/benin\/wp-json\/wp\/v2\/types\/post"}],"author":[{"embeddable":true,"href":"https:\/\/www.africa-press.net\/benin\/wp-json\/wp\/v2\/users\/82"}],"replies":[{"embeddable":true,"href":"https:\/\/www.africa-press.net\/benin\/wp-json\/wp\/v2\/comments?post=54607"}],"version-history":[{"count":0,"href":"https:\/\/www.africa-press.net\/benin\/wp-json\/wp\/v2\/posts\/54607\/revisions"}],"wp:featuredmedia":[{"embeddable":true,"href":"https:\/\/www.africa-press.net\/benin\/wp-json\/wp\/v2\/media\/54606"}],"wp:attachment":[{"href":"https:\/\/www.africa-press.net\/benin\/wp-json\/wp\/v2\/media?parent=54607"}],"wp:term":[{"taxonomy":"category","embeddable":true,"href":"https:\/\/www.africa-press.net\/benin\/wp-json\/wp\/v2\/categories?post=54607"},{"taxonomy":"post_tag","embeddable":true,"href":"https:\/\/www.africa-press.net\/benin\/wp-json\/wp\/v2\/tags?post=54607"}],"curies":[{"name":"wp","href":"https:\/\/api.w.org\/{rel}","templated":true}]}}