{"id":54618,"date":"2026-03-12T21:11:14","date_gmt":"2026-03-12T21:11:14","guid":{"rendered":"https:\/\/www.africa-press.net\/benin\/politique\/crise-democrates-tebe-pessimiste-sur-avenir-parti"},"modified":"2026-03-13T22:27:06","modified_gmt":"2026-03-13T22:27:06","slug":"crise-democrates-tebe-pessimiste-sur-avenir-parti","status":"publish","type":"post","link":"https:\/\/www.africa-press.net\/benin\/politique\/crise-democrates-tebe-pessimiste-sur-avenir-parti","title":{"rendered":"Crise D\u00e9mocrates: T\u00e8b\u00e8 Pessimiste Sur Avenir Parti"},"content":{"rendered":"<p><span class=\"ap-article-header-tag\"> <strong>Africa-Press &#8211; Benin. <\/strong> <\/span>Invite\u0301 sur une web radio de la place, Espe\u0301rience Te\u0300be\u0300, pre\u0301sident du Mouvement populaire de libe\u0301ration (MPL), a livre\u0301 une analyse sans de\u0301tour de la situation actuelle du parti d\u2019opposition Les De\u0301mocrates. Selon lui, la de\u0301mission de Boni Yayi marque le de\u0301but d\u2019un processus irre\u0301versible d\u2019affaiblissement de cette formation politique, qu\u2019il juge voue\u0301e a\u0300 l\u2019effondrement. Il se dit convaincu que d\u2019autres de\u0301parts suivront dans les prochains mois.<\/p>\n<p>Pour Espe\u0301rience Te\u0300be\u0300, l\u2019issue la plus re\u0301aliste pour l\u2019ancien parti de Boni Yayi serait de rejoindre l\u2019une des formations de la mouvance pre\u0301sidentielle. Interroge\u0301 sur le risque d\u2019une disparition de toute opposition dans un re\u0301gime de\u0301mocratique, il nuance sa position et rejette l\u2019ide\u0301e selon laquelle l\u2019opposition se re\u0301sumerait a\u0300 une contestation permanente et virulente du pouvoir.<\/p>\n<p>A\u0300 l\u2019en croire, le ro\u0302le de l\u2019opposition ne saurait se confondre avec l\u2019invective ou l\u2019injure. Il estime possible d\u2019appartenir a\u0300 un courant politique tout en exprimant des opinions divergentes, de formuler des critiques argumente\u0301es sans tomber dans la violence verbale. Pour lui, le de\u0301bat politique au Be\u0301nin souffre d\u2019une confusion persistante, beaucoup assimilant l\u2019opposition a\u0300 la surenche\u0300re verbale et a\u0300 la critique excessive.<\/p>\n<p>Dans ce contexte, Espe\u0301rience Te\u0300be\u0300 conside\u0300re que l\u2019adhe\u0301sion a\u0300 la gouvernance actuelle constitue la seule voie de survie pour Les De\u0301mocrates. Il rappelle, a\u0300 cet effet, que depuis son retrait du cadre de concertation de l\u2019opposition, le MPL a fait le choix de soutenir la candidature du ministre d\u2019E\u0301tat Romuald Wadagni, s\u2019inscrivant ainsi clairement dans la dynamique de la participation de sa formation politique a\u0300 la construction du pays avec le prochain re\u0301gime.<\/p>\n<p class=\"ap-article-footer-note\">Retrouvez plus d\u2019actualit\u00e9s et d\u2019analyses sur <span class=\"ap-highlight-country\">Benin<\/span> sur le site <span class=\"ap-highlight-brand\">Africa Press<\/span><\/p>\n","protected":false},"excerpt":{"rendered":"<p>Africa-Press &#8211; Benin. Invite\u0301 sur une web radio de la place, Espe\u0301rience Te\u0300be\u0300, pre\u0301sident du Mouvement populaire de libe\u0301ration (MPL), a livre\u0301 une analyse sans de\u0301tour de la situation actuelle du parti d\u2019opposition Les De\u0301mocrates. Selon lui, la de\u0301mission de Boni Yayi marque le de\u0301but d\u2019un processus irre\u0301versible d\u2019affaiblissement de cette formation politique, qu\u2019il juge [&hellip;]<\/p>\n","protected":false},"author":82,"featured_media":54617,"comment_status":"open","ping_status":"closed","sticky":false,"template":"","format":"standard","meta":{"footnotes":""},"categories":[4,2,10],"tags":[45],"class_list":["post-54618","post","type-post","status-publish","format-standard","has-post-thumbnail","hentry","category-parties","category-politique","category-toutes-les-actualites","tag-benin"],"yoast_head":"<!-- This site is optimized with the Yoast SEO Premium plugin v26.1 (Yoast SEO v27.0) - https:\/\/yoast.com\/product\/yoast-seo-premium-wordpress\/ -->\n<title>Crise D\u00e9mocrates: T\u00e8b\u00e8 Pessimiste Sur Avenir Parti - B\u00e9nin<\/title>\n<meta name=\"description\" content=\"-article-header-tag&quot;&gt; Africa-Press - Benin. Invite\u0301 sur une web radio de la p ...\" \/>\n<meta name=\"robots\" content=\"index, follow, max-snippet:-1, max-image-preview:large, max-video-preview:-1\" \/>\n<link rel=\"canonical\" href=\"https:\/\/www.africa-press.net\/benin\/politique\/crise-democrates-tebe-pessimiste-sur-avenir-parti\" \/>\n<meta property=\"og:locale\" content=\"fr_FR\" \/>\n<meta property=\"og:type\" content=\"article\" \/>\n<meta property=\"og:title\" content=\"Crise D\u00e9mocrates: T\u00e8b\u00e8 Pessimiste Sur Avenir Parti\" \/>\n<meta property=\"og:description\" content=\"-article-header-tag&quot;&gt; Africa-Press - Benin. Invite\u0301 sur une web radio de la p ...\" \/>\n<meta property=\"og:url\" content=\"https:\/\/www.africa-press.net\/benin\/politique\/crise-democrates-tebe-pessimiste-sur-avenir-parti\" \/>\n<meta property=\"og:site_name\" content=\"B\u00e9nin\" \/>\n<meta property=\"article:published_time\" content=\"2026-03-12T21:11:14+00:00\" \/>\n<meta property=\"article:modified_time\" content=\"2026-03-13T22:27:06+00:00\" \/>\n<meta property=\"og:image\" content=\"https:\/\/static.africa-press.net\/benin\/sites\/46\/2026\/03\/sm_1773439627.369476.jpg\" \/>\n\t<meta property=\"og:image:width\" content=\"1201\" \/>\n\t<meta property=\"og:image:height\" content=\"800\" \/>\n\t<meta property=\"og:image:type\" content=\"image\/jpeg\" \/>\n<meta name=\"author\" content=\"cfeditorfr\" \/>\n<meta name=\"twitter:card\" content=\"summary_large_image\" \/>\n<meta name=\"twitter:label1\" content=\"\u00c9crit par\" \/>\n\t<meta name=\"twitter:data1\" content=\"cfeditorfr\" \/>\n\t<meta name=\"twitter:label2\" content=\"Dur\u00e9e de lecture estim\u00e9e\" \/>\n\t<meta name=\"twitter:data2\" content=\"2 minutes\" \/>\n<script type=\"application\/ld+json\" class=\"yoast-schema-graph\">{\"@context\":\"https:\/\/schema.org\",\"@graph\":[{\"@type\":\"Article\",\"@id\":\"https:\/\/www.africa-press.net\/benin\/politique\/crise-democrates-tebe-pessimiste-sur-avenir-parti#article\",\"isPartOf\":{\"@id\":\"https:\/\/www.africa-press.net\/benin\/politique\/crise-democrates-tebe-pessimiste-sur-avenir-parti\"},\"author\":{\"name\":\"cfeditorfr\",\"@id\":\"https:\/\/www.africa-press.net\/benin\/#\/schema\/person\/2b1cf3cd81a31e3cd26889ca66d677f1\"},\"headline\":\"Crise D\u00e9mocrates: T\u00e8b\u00e8 Pessimiste Sur Avenir Parti\",\"datePublished\":\"2026-03-12T21:11:14+00:00\",\"dateModified\":\"2026-03-13T22:27:06+00:00\",\"mainEntityOfPage\":{\"@id\":\"https:\/\/www.africa-press.net\/benin\/politique\/crise-democrates-tebe-pessimiste-sur-avenir-parti\"},\"wordCount\":340,\"commentCount\":0,\"image\":{\"@id\":\"https:\/\/www.africa-press.net\/benin\/politique\/crise-democrates-tebe-pessimiste-sur-avenir-parti#primaryimage\"},\"thumbnailUrl\":\"https:\/\/static.africa-press.net\/benin\/sites\/46\/2026\/03\/sm_1773439627.369476.jpg\",\"keywords\":[\"B\u00e9nin\"],\"articleSection\":[\"Parties\",\"Politique\",\"Toutes les actualit\u00e9s\"],\"inLanguage\":\"fr-FR\",\"potentialAction\":[{\"@type\":\"CommentAction\",\"name\":\"Comment\",\"target\":[\"https:\/\/www.africa-press.net\/benin\/politique\/crise-democrates-tebe-pessimiste-sur-avenir-parti#respond\"]}]},{\"@type\":\"WebPage\",\"@id\":\"https:\/\/www.africa-press.net\/benin\/politique\/crise-democrates-tebe-pessimiste-sur-avenir-parti\",\"url\":\"https:\/\/www.africa-press.net\/benin\/politique\/crise-democrates-tebe-pessimiste-sur-avenir-parti\",\"name\":\"Crise D\u00e9mocrates: T\u00e8b\u00e8 Pessimiste Sur Avenir Parti - B\u00e9nin\",\"isPartOf\":{\"@id\":\"https:\/\/www.africa-press.net\/benin\/#website\"},\"primaryImageOfPage\":{\"@id\":\"https:\/\/www.africa-press.net\/benin\/politique\/crise-democrates-tebe-pessimiste-sur-avenir-parti#primaryimage\"},\"image\":{\"@id\":\"https:\/\/www.africa-press.net\/benin\/politique\/crise-democrates-tebe-pessimiste-sur-avenir-parti#primaryimage\"},\"thumbnailUrl\":\"https:\/\/static.africa-press.net\/benin\/sites\/46\/2026\/03\/sm_1773439627.369476.jpg\",\"datePublished\":\"2026-03-12T21:11:14+00:00\",\"dateModified\":\"2026-03-13T22:27:06+00:00\",\"author\":{\"@id\":\"https:\/\/www.africa-press.net\/benin\/#\/schema\/person\/2b1cf3cd81a31e3cd26889ca66d677f1\"},\"description\":\"-article-header-tag\\\"> Africa-Press - Benin. Invite\u0301 sur une web radio de la p ...\",\"breadcrumb\":{\"@id\":\"https:\/\/www.africa-press.net\/benin\/politique\/crise-democrates-tebe-pessimiste-sur-avenir-parti#breadcrumb\"},\"inLanguage\":\"fr-FR\",\"potentialAction\":[{\"@type\":\"ReadAction\",\"target\":[\"https:\/\/www.africa-press.net\/benin\/politique\/crise-democrates-tebe-pessimiste-sur-avenir-parti\"]}]},{\"@type\":\"ImageObject\",\"inLanguage\":\"fr-FR\",\"@id\":\"https:\/\/www.africa-press.net\/benin\/politique\/crise-democrates-tebe-pessimiste-sur-avenir-parti#primaryimage\",\"url\":\"https:\/\/static.africa-press.net\/benin\/sites\/46\/2026\/03\/sm_1773439627.369476.jpg\",\"contentUrl\":\"https:\/\/static.africa-press.net\/benin\/sites\/46\/2026\/03\/sm_1773439627.369476.jpg\",\"width\":1201,\"height\":800,\"caption\":\"Crise D\u00e9mocrates: T\u00e8b\u00e8 Pessimiste Sur Avenir Parti\"},{\"@type\":\"BreadcrumbList\",\"@id\":\"https:\/\/www.africa-press.net\/benin\/politique\/crise-democrates-tebe-pessimiste-sur-avenir-parti#breadcrumb\",\"itemListElement\":[{\"@type\":\"ListItem\",\"position\":1,\"name\":\"Accueil\",\"item\":\"https:\/\/www.africa-press.net\/benin\/\"},{\"@type\":\"ListItem\",\"position\":2,\"name\":\"Crise D\u00e9mocrates: T\u00e8b\u00e8 Pessimiste Sur Avenir Parti\"}]},{\"@type\":\"WebSite\",\"@id\":\"https:\/\/www.africa-press.net\/benin\/#website\",\"url\":\"https:\/\/www.africa-press.net\/benin\/\",\"name\":\"B\u00e9nin\",\"description\":\"Just another Africa News Agency Sites site\",\"potentialAction\":[{\"@type\":\"SearchAction\",\"target\":{\"@type\":\"EntryPoint\",\"urlTemplate\":\"https:\/\/www.africa-press.net\/benin\/?s={search_term_string}\"},\"query-input\":{\"@type\":\"PropertyValueSpecification\",\"valueRequired\":true,\"valueName\":\"search_term_string\"}}],\"inLanguage\":\"fr-FR\"},{\"@type\":\"Person\",\"@id\":\"https:\/\/www.africa-press.net\/benin\/#\/schema\/person\/2b1cf3cd81a31e3cd26889ca66d677f1\",\"name\":\"cfeditorfr\"}]}<\/script>\n<!-- \/ Yoast SEO Premium plugin. -->","yoast_head_json":{"title":"Crise D\u00e9mocrates: T\u00e8b\u00e8 Pessimiste Sur Avenir Parti - B\u00e9nin","description":"-article-header-tag\"> Africa-Press - Benin. Invite\u0301 sur une web radio de la p ...","robots":{"index":"index","follow":"follow","max-snippet":"max-snippet:-1","max-image-preview":"max-image-preview:large","max-video-preview":"max-video-preview:-1"},"canonical":"https:\/\/www.africa-press.net\/benin\/politique\/crise-democrates-tebe-pessimiste-sur-avenir-parti","og_locale":"fr_FR","og_type":"article","og_title":"Crise D\u00e9mocrates: T\u00e8b\u00e8 Pessimiste Sur Avenir Parti","og_description":"-article-header-tag\"> Africa-Press - Benin. Invite\u0301 sur une web radio de la p ...","og_url":"https:\/\/www.africa-press.net\/benin\/politique\/crise-democrates-tebe-pessimiste-sur-avenir-parti","og_site_name":"B\u00e9nin","article_published_time":"2026-03-12T21:11:14+00:00","article_modified_time":"2026-03-13T22:27:06+00:00","og_image":[{"width":1201,"height":800,"url":"https:\/\/static.africa-press.net\/benin\/sites\/46\/2026\/03\/sm_1773439627.369476.jpg","type":"image\/jpeg"}],"author":"cfeditorfr","twitter_card":"summary_large_image","twitter_misc":{"\u00c9crit par":"cfeditorfr","Dur\u00e9e de lecture estim\u00e9e":"2 minutes"},"schema":{"@context":"https:\/\/schema.org","@graph":[{"@type":"Article","@id":"https:\/\/www.africa-press.net\/benin\/politique\/crise-democrates-tebe-pessimiste-sur-avenir-parti#article","isPartOf":{"@id":"https:\/\/www.africa-press.net\/benin\/politique\/crise-democrates-tebe-pessimiste-sur-avenir-parti"},"author":{"name":"cfeditorfr","@id":"https:\/\/www.africa-press.net\/benin\/#\/schema\/person\/2b1cf3cd81a31e3cd26889ca66d677f1"},"headline":"Crise D\u00e9mocrates: T\u00e8b\u00e8 Pessimiste Sur Avenir Parti","datePublished":"2026-03-12T21:11:14+00:00","dateModified":"2026-03-13T22:27:06+00:00","mainEntityOfPage":{"@id":"https:\/\/www.africa-press.net\/benin\/politique\/crise-democrates-tebe-pessimiste-sur-avenir-parti"},"wordCount":340,"commentCount":0,"image":{"@id":"https:\/\/www.africa-press.net\/benin\/politique\/crise-democrates-tebe-pessimiste-sur-avenir-parti#primaryimage"},"thumbnailUrl":"https:\/\/static.africa-press.net\/benin\/sites\/46\/2026\/03\/sm_1773439627.369476.jpg","keywords":["B\u00e9nin"],"articleSection":["Parties","Politique","Toutes les actualit\u00e9s"],"inLanguage":"fr-FR","potentialAction":[{"@type":"CommentAction","name":"Comment","target":["https:\/\/www.africa-press.net\/benin\/politique\/crise-democrates-tebe-pessimiste-sur-avenir-parti#respond"]}]},{"@type":"WebPage","@id":"https:\/\/www.africa-press.net\/benin\/politique\/crise-democrates-tebe-pessimiste-sur-avenir-parti","url":"https:\/\/www.africa-press.net\/benin\/politique\/crise-democrates-tebe-pessimiste-sur-avenir-parti","name":"Crise D\u00e9mocrates: T\u00e8b\u00e8 Pessimiste Sur Avenir Parti - B\u00e9nin","isPartOf":{"@id":"https:\/\/www.africa-press.net\/benin\/#website"},"primaryImageOfPage":{"@id":"https:\/\/www.africa-press.net\/benin\/politique\/crise-democrates-tebe-pessimiste-sur-avenir-parti#primaryimage"},"image":{"@id":"https:\/\/www.africa-press.net\/benin\/politique\/crise-democrates-tebe-pessimiste-sur-avenir-parti#primaryimage"},"thumbnailUrl":"https:\/\/static.africa-press.net\/benin\/sites\/46\/2026\/03\/sm_1773439627.369476.jpg","datePublished":"2026-03-12T21:11:14+00:00","dateModified":"2026-03-13T22:27:06+00:00","author":{"@id":"https:\/\/www.africa-press.net\/benin\/#\/schema\/person\/2b1cf3cd81a31e3cd26889ca66d677f1"},"description":"-article-header-tag\"> Africa-Press - Benin. Invite\u0301 sur une web radio de la p ...","breadcrumb":{"@id":"https:\/\/www.africa-press.net\/benin\/politique\/crise-democrates-tebe-pessimiste-sur-avenir-parti#breadcrumb"},"inLanguage":"fr-FR","potentialAction":[{"@type":"ReadAction","target":["https:\/\/www.africa-press.net\/benin\/politique\/crise-democrates-tebe-pessimiste-sur-avenir-parti"]}]},{"@type":"ImageObject","inLanguage":"fr-FR","@id":"https:\/\/www.africa-press.net\/benin\/politique\/crise-democrates-tebe-pessimiste-sur-avenir-parti#primaryimage","url":"https:\/\/static.africa-press.net\/benin\/sites\/46\/2026\/03\/sm_1773439627.369476.jpg","contentUrl":"https:\/\/static.africa-press.net\/benin\/sites\/46\/2026\/03\/sm_1773439627.369476.jpg","width":1201,"height":800,"caption":"Crise D\u00e9mocrates: T\u00e8b\u00e8 Pessimiste Sur Avenir Parti"},{"@type":"BreadcrumbList","@id":"https:\/\/www.africa-press.net\/benin\/politique\/crise-democrates-tebe-pessimiste-sur-avenir-parti#breadcrumb","itemListElement":[{"@type":"ListItem","position":1,"name":"Accueil","item":"https:\/\/www.africa-press.net\/benin\/"},{"@type":"ListItem","position":2,"name":"Crise D\u00e9mocrates: T\u00e8b\u00e8 Pessimiste Sur Avenir Parti"}]},{"@type":"WebSite","@id":"https:\/\/www.africa-press.net\/benin\/#website","url":"https:\/\/www.africa-press.net\/benin\/","name":"B\u00e9nin","description":"Just another Africa News Agency Sites site","potentialAction":[{"@type":"SearchAction","target":{"@type":"EntryPoint","urlTemplate":"https:\/\/www.africa-press.net\/benin\/?s={search_term_string}"},"query-input":{"@type":"PropertyValueSpecification","valueRequired":true,"valueName":"search_term_string"}}],"inLanguage":"fr-FR"},{"@type":"Person","@id":"https:\/\/www.africa-press.net\/benin\/#\/schema\/person\/2b1cf3cd81a31e3cd26889ca66d677f1","name":"cfeditorfr"}]}},"_links":{"self":[{"href":"https:\/\/www.africa-press.net\/benin\/wp-json\/wp\/v2\/posts\/54618","targetHints":{"allow":["GET"]}}],"collection":[{"href":"https:\/\/www.africa-press.net\/benin\/wp-json\/wp\/v2\/posts"}],"about":[{"href":"https:\/\/www.africa-press.net\/benin\/wp-json\/wp\/v2\/types\/post"}],"author":[{"embeddable":true,"href":"https:\/\/www.africa-press.net\/benin\/wp-json\/wp\/v2\/users\/82"}],"replies":[{"embeddable":true,"href":"https:\/\/www.africa-press.net\/benin\/wp-json\/wp\/v2\/comments?post=54618"}],"version-history":[{"count":0,"href":"https:\/\/www.africa-press.net\/benin\/wp-json\/wp\/v2\/posts\/54618\/revisions"}],"wp:featuredmedia":[{"embeddable":true,"href":"https:\/\/www.africa-press.net\/benin\/wp-json\/wp\/v2\/media\/54617"}],"wp:attachment":[{"href":"https:\/\/www.africa-press.net\/benin\/wp-json\/wp\/v2\/media?parent=54618"}],"wp:term":[{"taxonomy":"category","embeddable":true,"href":"https:\/\/www.africa-press.net\/benin\/wp-json\/wp\/v2\/categories?post=54618"},{"taxonomy":"post_tag","embeddable":true,"href":"https:\/\/www.africa-press.net\/benin\/wp-json\/wp\/v2\/tags?post=54618"}],"curies":[{"name":"wp","href":"https:\/\/api.w.org\/{rel}","templated":true}]}}