{"id":54637,"date":"2026-03-12T21:13:55","date_gmt":"2026-03-12T21:13:55","guid":{"rendered":"https:\/\/www.africa-press.net\/benin\/politique\/trois-ecoles-agricoles-a-bassila-ouesse-et-ze"},"modified":"2026-03-13T22:30:53","modified_gmt":"2026-03-13T22:30:53","slug":"trois-ecoles-agricoles-a-bassila-ouesse-et-ze","status":"publish","type":"post","link":"https:\/\/www.africa-press.net\/benin\/economie\/trois-ecoles-agricoles-a-bassila-ouesse-et-ze","title":{"rendered":"Trois \u00c9coles Agricoles \u00e0 Bassila Ouess\u00e8 et Z\u00e8"},"content":{"rendered":"<p><span class=\"ap-article-header-tag\"> <strong>Africa-Press &#8211; Benin. <\/strong> <\/span>Re\u0301uni en Conseil des ministres ce mercredi, le gouvernement be\u0301ninois a donne\u0301 son accord pour la construction de trois e\u0301coles professionnelles de formation agricole dans les communes de Bassila, Ouesse\u0300 et Ze\u0300.<\/p>\n<p>L\u2019administration du Chef de l\u2019Etat Patrice Talon, a autorise\u0301 la construction de trois e\u0301coles professionnelles de formation agricole dans les communes de Bassila, Ouesse\u0300 et Ze\u0300. La de\u0301cision a e\u0301te\u0301 prise ce mercredi 11 mars 2026 en Conseil des ministres.<\/p>\n<p>Selon le compte rendu du Conseil, ce projet s\u2019inscrit dans les re\u0301formes engage\u0301es pour transformer le syste\u0300me e\u0301ducatif. L\u2019exe\u0301cutif entend en effet ope\u0301rer \u00ab <b>le changement de paradigmes du mode\u0300le e\u0301ducatif be\u0301ninois donnant ainsi la primaute\u0301 a\u0300 l\u2019Enseignement et la Formation techniques et professionnels<\/b> \u00bb.<\/p>\n<p>Dans cette dynamique, un vaste programme a e\u0301te\u0301 lance\u0301 pour moderniser la formation agricole. Il pre\u0301voit \u00ab<b> la construction et la re\u0301habilitation de vingt-six (26) e\u0301tablissements de formation agricole dont 12 Lyce\u0301es et 14 Ecoles professionnelles destine\u0301s a\u0300 former des exploitants agricoles de type nouveau<\/b> \u00bb.<\/p>\n<p>Les trois infrastructures pre\u0301vues a\u0300 Bassila, Ouesse\u0300 et Ze\u0300 constituent le premier lot du projet. Elles marquent ainsi \u00ab le lancement de la phase de re\u0301alisation concre\u0300te du projet \u00bb dans ces diffe\u0301rentes communes.<\/p>\n<p>Le Conseil des ministres a par ailleurs marque\u0301 son accord pour la contractualisation des travaux ainsi que pour \u00ab le contro\u0302le technique et le suivi des chantiers \u00bb, afin d\u2019assurer la bonne exe\u0301cution des infrastructures.<\/p>\n<p class=\"ap-article-footer-note\">Retrouvez plus d\u2019actualit\u00e9s et d\u2019analyses sur <span class=\"ap-highlight-country\">Benin<\/span> sur le site <span class=\"ap-highlight-brand\">Africa Press<\/span><\/p>\n","protected":false},"excerpt":{"rendered":"<p>Africa-Press &#8211; Benin. Re\u0301uni en Conseil des ministres ce mercredi, le gouvernement be\u0301ninois a donne\u0301 son accord pour la construction de trois e\u0301coles professionnelles de formation agricole dans les communes de Bassila, Ouesse\u0300 et Ze\u0300. L\u2019administration du Chef de l\u2019Etat Patrice Talon, a autorise\u0301 la construction de trois e\u0301coles professionnelles de formation agricole dans les [&hellip;]<\/p>\n","protected":false},"author":82,"featured_media":54636,"comment_status":"open","ping_status":"closed","sticky":false,"template":"","format":"standard","meta":{"footnotes":""},"categories":[21,3,10],"tags":[45],"class_list":["post-54637","post","type-post","status-publish","format-standard","has-post-thumbnail","hentry","category-communaute","category-economie","category-toutes-les-actualites","tag-benin"],"yoast_head":"<!-- This site is optimized with the Yoast SEO Premium plugin v26.1 (Yoast SEO v27.0) - https:\/\/yoast.com\/product\/yoast-seo-premium-wordpress\/ -->\n<title>Trois \u00c9coles Agricoles \u00e0 Bassila Ouess\u00e8 et Z\u00e8 - B\u00e9nin<\/title>\n<meta name=\"description\" content=\"-article-header-tag&quot;&gt; Africa-Press - Benin. Re\u0301uni en Conseil des ministres c ...\" \/>\n<meta name=\"robots\" content=\"index, follow, max-snippet:-1, max-image-preview:large, max-video-preview:-1\" \/>\n<link rel=\"canonical\" href=\"https:\/\/www.africa-press.net\/benin\/economie\/trois-ecoles-agricoles-a-bassila-ouesse-et-ze\" \/>\n<meta property=\"og:locale\" content=\"fr_FR\" \/>\n<meta property=\"og:type\" content=\"article\" \/>\n<meta property=\"og:title\" content=\"Trois \u00c9coles Agricoles \u00e0 Bassila Ouess\u00e8 et Z\u00e8\" \/>\n<meta property=\"og:description\" content=\"-article-header-tag&quot;&gt; Africa-Press - Benin. Re\u0301uni en Conseil des ministres c ...\" \/>\n<meta property=\"og:url\" content=\"https:\/\/www.africa-press.net\/benin\/economie\/trois-ecoles-agricoles-a-bassila-ouesse-et-ze\" \/>\n<meta property=\"og:site_name\" content=\"B\u00e9nin\" \/>\n<meta property=\"article:published_time\" content=\"2026-03-12T21:13:55+00:00\" \/>\n<meta property=\"article:modified_time\" content=\"2026-03-13T22:30:53+00:00\" \/>\n<meta property=\"og:image\" content=\"https:\/\/static.africa-press.net\/benin\/sites\/46\/2026\/03\/sm_1773439888.050874.jpg\" \/>\n\t<meta property=\"og:image:width\" content=\"1080\" \/>\n\t<meta property=\"og:image:height\" content=\"607\" \/>\n\t<meta property=\"og:image:type\" content=\"image\/jpeg\" \/>\n<meta name=\"author\" content=\"cfeditorfr\" \/>\n<meta name=\"twitter:card\" content=\"summary_large_image\" \/>\n<meta name=\"twitter:label1\" content=\"\u00c9crit par\" \/>\n\t<meta name=\"twitter:data1\" content=\"cfeditorfr\" \/>\n\t<meta name=\"twitter:label2\" content=\"Dur\u00e9e de lecture estim\u00e9e\" \/>\n\t<meta name=\"twitter:data2\" content=\"2 minutes\" \/>\n<script type=\"application\/ld+json\" class=\"yoast-schema-graph\">{\"@context\":\"https:\/\/schema.org\",\"@graph\":[{\"@type\":\"Article\",\"@id\":\"https:\/\/www.africa-press.net\/benin\/economie\/trois-ecoles-agricoles-a-bassila-ouesse-et-ze#article\",\"isPartOf\":{\"@id\":\"https:\/\/www.africa-press.net\/benin\/economie\/trois-ecoles-agricoles-a-bassila-ouesse-et-ze\"},\"author\":{\"name\":\"cfeditorfr\",\"@id\":\"https:\/\/www.africa-press.net\/benin\/#\/schema\/person\/2b1cf3cd81a31e3cd26889ca66d677f1\"},\"headline\":\"Trois \u00c9coles Agricoles \u00e0 Bassila Ouess\u00e8 et Z\u00e8\",\"datePublished\":\"2026-03-12T21:13:55+00:00\",\"dateModified\":\"2026-03-13T22:30:53+00:00\",\"mainEntityOfPage\":{\"@id\":\"https:\/\/www.africa-press.net\/benin\/economie\/trois-ecoles-agricoles-a-bassila-ouesse-et-ze\"},\"wordCount\":277,\"commentCount\":0,\"image\":{\"@id\":\"https:\/\/www.africa-press.net\/benin\/economie\/trois-ecoles-agricoles-a-bassila-ouesse-et-ze#primaryimage\"},\"thumbnailUrl\":\"https:\/\/static.africa-press.net\/benin\/sites\/46\/2026\/03\/sm_1773439888.050874.jpg\",\"keywords\":[\"B\u00e9nin\"],\"articleSection\":[\"Communaut\u00e9\",\"\u00c9conomie\",\"Toutes les actualit\u00e9s\"],\"inLanguage\":\"fr-FR\",\"potentialAction\":[{\"@type\":\"CommentAction\",\"name\":\"Comment\",\"target\":[\"https:\/\/www.africa-press.net\/benin\/economie\/trois-ecoles-agricoles-a-bassila-ouesse-et-ze#respond\"]}]},{\"@type\":\"WebPage\",\"@id\":\"https:\/\/www.africa-press.net\/benin\/economie\/trois-ecoles-agricoles-a-bassila-ouesse-et-ze\",\"url\":\"https:\/\/www.africa-press.net\/benin\/economie\/trois-ecoles-agricoles-a-bassila-ouesse-et-ze\",\"name\":\"Trois \u00c9coles Agricoles \u00e0 Bassila Ouess\u00e8 et Z\u00e8 - B\u00e9nin\",\"isPartOf\":{\"@id\":\"https:\/\/www.africa-press.net\/benin\/#website\"},\"primaryImageOfPage\":{\"@id\":\"https:\/\/www.africa-press.net\/benin\/economie\/trois-ecoles-agricoles-a-bassila-ouesse-et-ze#primaryimage\"},\"image\":{\"@id\":\"https:\/\/www.africa-press.net\/benin\/economie\/trois-ecoles-agricoles-a-bassila-ouesse-et-ze#primaryimage\"},\"thumbnailUrl\":\"https:\/\/static.africa-press.net\/benin\/sites\/46\/2026\/03\/sm_1773439888.050874.jpg\",\"datePublished\":\"2026-03-12T21:13:55+00:00\",\"dateModified\":\"2026-03-13T22:30:53+00:00\",\"author\":{\"@id\":\"https:\/\/www.africa-press.net\/benin\/#\/schema\/person\/2b1cf3cd81a31e3cd26889ca66d677f1\"},\"description\":\"-article-header-tag\\\"> Africa-Press - Benin. Re\u0301uni en Conseil des ministres c ...\",\"breadcrumb\":{\"@id\":\"https:\/\/www.africa-press.net\/benin\/economie\/trois-ecoles-agricoles-a-bassila-ouesse-et-ze#breadcrumb\"},\"inLanguage\":\"fr-FR\",\"potentialAction\":[{\"@type\":\"ReadAction\",\"target\":[\"https:\/\/www.africa-press.net\/benin\/economie\/trois-ecoles-agricoles-a-bassila-ouesse-et-ze\"]}]},{\"@type\":\"ImageObject\",\"inLanguage\":\"fr-FR\",\"@id\":\"https:\/\/www.africa-press.net\/benin\/economie\/trois-ecoles-agricoles-a-bassila-ouesse-et-ze#primaryimage\",\"url\":\"https:\/\/static.africa-press.net\/benin\/sites\/46\/2026\/03\/sm_1773439888.050874.jpg\",\"contentUrl\":\"https:\/\/static.africa-press.net\/benin\/sites\/46\/2026\/03\/sm_1773439888.050874.jpg\",\"width\":1080,\"height\":607,\"caption\":\"Trois \u00c9coles Agricoles \u00e0 Bassila Ouess\u00e8 et Z\u00e8\"},{\"@type\":\"BreadcrumbList\",\"@id\":\"https:\/\/www.africa-press.net\/benin\/economie\/trois-ecoles-agricoles-a-bassila-ouesse-et-ze#breadcrumb\",\"itemListElement\":[{\"@type\":\"ListItem\",\"position\":1,\"name\":\"Accueil\",\"item\":\"https:\/\/www.africa-press.net\/benin\/\"},{\"@type\":\"ListItem\",\"position\":2,\"name\":\"Trois \u00c9coles Agricoles \u00e0 Bassila Ouess\u00e8 et Z\u00e8\"}]},{\"@type\":\"WebSite\",\"@id\":\"https:\/\/www.africa-press.net\/benin\/#website\",\"url\":\"https:\/\/www.africa-press.net\/benin\/\",\"name\":\"B\u00e9nin\",\"description\":\"Just another Africa News Agency Sites site\",\"potentialAction\":[{\"@type\":\"SearchAction\",\"target\":{\"@type\":\"EntryPoint\",\"urlTemplate\":\"https:\/\/www.africa-press.net\/benin\/?s={search_term_string}\"},\"query-input\":{\"@type\":\"PropertyValueSpecification\",\"valueRequired\":true,\"valueName\":\"search_term_string\"}}],\"inLanguage\":\"fr-FR\"},{\"@type\":\"Person\",\"@id\":\"https:\/\/www.africa-press.net\/benin\/#\/schema\/person\/2b1cf3cd81a31e3cd26889ca66d677f1\",\"name\":\"cfeditorfr\"}]}<\/script>\n<!-- \/ Yoast SEO Premium plugin. -->","yoast_head_json":{"title":"Trois \u00c9coles Agricoles \u00e0 Bassila Ouess\u00e8 et Z\u00e8 - B\u00e9nin","description":"-article-header-tag\"> Africa-Press - Benin. Re\u0301uni en Conseil des ministres c ...","robots":{"index":"index","follow":"follow","max-snippet":"max-snippet:-1","max-image-preview":"max-image-preview:large","max-video-preview":"max-video-preview:-1"},"canonical":"https:\/\/www.africa-press.net\/benin\/economie\/trois-ecoles-agricoles-a-bassila-ouesse-et-ze","og_locale":"fr_FR","og_type":"article","og_title":"Trois \u00c9coles Agricoles \u00e0 Bassila Ouess\u00e8 et Z\u00e8","og_description":"-article-header-tag\"> Africa-Press - Benin. Re\u0301uni en Conseil des ministres c ...","og_url":"https:\/\/www.africa-press.net\/benin\/economie\/trois-ecoles-agricoles-a-bassila-ouesse-et-ze","og_site_name":"B\u00e9nin","article_published_time":"2026-03-12T21:13:55+00:00","article_modified_time":"2026-03-13T22:30:53+00:00","og_image":[{"width":1080,"height":607,"url":"https:\/\/static.africa-press.net\/benin\/sites\/46\/2026\/03\/sm_1773439888.050874.jpg","type":"image\/jpeg"}],"author":"cfeditorfr","twitter_card":"summary_large_image","twitter_misc":{"\u00c9crit par":"cfeditorfr","Dur\u00e9e de lecture estim\u00e9e":"2 minutes"},"schema":{"@context":"https:\/\/schema.org","@graph":[{"@type":"Article","@id":"https:\/\/www.africa-press.net\/benin\/economie\/trois-ecoles-agricoles-a-bassila-ouesse-et-ze#article","isPartOf":{"@id":"https:\/\/www.africa-press.net\/benin\/economie\/trois-ecoles-agricoles-a-bassila-ouesse-et-ze"},"author":{"name":"cfeditorfr","@id":"https:\/\/www.africa-press.net\/benin\/#\/schema\/person\/2b1cf3cd81a31e3cd26889ca66d677f1"},"headline":"Trois \u00c9coles Agricoles \u00e0 Bassila Ouess\u00e8 et Z\u00e8","datePublished":"2026-03-12T21:13:55+00:00","dateModified":"2026-03-13T22:30:53+00:00","mainEntityOfPage":{"@id":"https:\/\/www.africa-press.net\/benin\/economie\/trois-ecoles-agricoles-a-bassila-ouesse-et-ze"},"wordCount":277,"commentCount":0,"image":{"@id":"https:\/\/www.africa-press.net\/benin\/economie\/trois-ecoles-agricoles-a-bassila-ouesse-et-ze#primaryimage"},"thumbnailUrl":"https:\/\/static.africa-press.net\/benin\/sites\/46\/2026\/03\/sm_1773439888.050874.jpg","keywords":["B\u00e9nin"],"articleSection":["Communaut\u00e9","\u00c9conomie","Toutes les actualit\u00e9s"],"inLanguage":"fr-FR","potentialAction":[{"@type":"CommentAction","name":"Comment","target":["https:\/\/www.africa-press.net\/benin\/economie\/trois-ecoles-agricoles-a-bassila-ouesse-et-ze#respond"]}]},{"@type":"WebPage","@id":"https:\/\/www.africa-press.net\/benin\/economie\/trois-ecoles-agricoles-a-bassila-ouesse-et-ze","url":"https:\/\/www.africa-press.net\/benin\/economie\/trois-ecoles-agricoles-a-bassila-ouesse-et-ze","name":"Trois \u00c9coles Agricoles \u00e0 Bassila Ouess\u00e8 et Z\u00e8 - B\u00e9nin","isPartOf":{"@id":"https:\/\/www.africa-press.net\/benin\/#website"},"primaryImageOfPage":{"@id":"https:\/\/www.africa-press.net\/benin\/economie\/trois-ecoles-agricoles-a-bassila-ouesse-et-ze#primaryimage"},"image":{"@id":"https:\/\/www.africa-press.net\/benin\/economie\/trois-ecoles-agricoles-a-bassila-ouesse-et-ze#primaryimage"},"thumbnailUrl":"https:\/\/static.africa-press.net\/benin\/sites\/46\/2026\/03\/sm_1773439888.050874.jpg","datePublished":"2026-03-12T21:13:55+00:00","dateModified":"2026-03-13T22:30:53+00:00","author":{"@id":"https:\/\/www.africa-press.net\/benin\/#\/schema\/person\/2b1cf3cd81a31e3cd26889ca66d677f1"},"description":"-article-header-tag\"> Africa-Press - Benin. Re\u0301uni en Conseil des ministres c ...","breadcrumb":{"@id":"https:\/\/www.africa-press.net\/benin\/economie\/trois-ecoles-agricoles-a-bassila-ouesse-et-ze#breadcrumb"},"inLanguage":"fr-FR","potentialAction":[{"@type":"ReadAction","target":["https:\/\/www.africa-press.net\/benin\/economie\/trois-ecoles-agricoles-a-bassila-ouesse-et-ze"]}]},{"@type":"ImageObject","inLanguage":"fr-FR","@id":"https:\/\/www.africa-press.net\/benin\/economie\/trois-ecoles-agricoles-a-bassila-ouesse-et-ze#primaryimage","url":"https:\/\/static.africa-press.net\/benin\/sites\/46\/2026\/03\/sm_1773439888.050874.jpg","contentUrl":"https:\/\/static.africa-press.net\/benin\/sites\/46\/2026\/03\/sm_1773439888.050874.jpg","width":1080,"height":607,"caption":"Trois \u00c9coles Agricoles \u00e0 Bassila Ouess\u00e8 et Z\u00e8"},{"@type":"BreadcrumbList","@id":"https:\/\/www.africa-press.net\/benin\/economie\/trois-ecoles-agricoles-a-bassila-ouesse-et-ze#breadcrumb","itemListElement":[{"@type":"ListItem","position":1,"name":"Accueil","item":"https:\/\/www.africa-press.net\/benin\/"},{"@type":"ListItem","position":2,"name":"Trois \u00c9coles Agricoles \u00e0 Bassila Ouess\u00e8 et Z\u00e8"}]},{"@type":"WebSite","@id":"https:\/\/www.africa-press.net\/benin\/#website","url":"https:\/\/www.africa-press.net\/benin\/","name":"B\u00e9nin","description":"Just another Africa News Agency Sites site","potentialAction":[{"@type":"SearchAction","target":{"@type":"EntryPoint","urlTemplate":"https:\/\/www.africa-press.net\/benin\/?s={search_term_string}"},"query-input":{"@type":"PropertyValueSpecification","valueRequired":true,"valueName":"search_term_string"}}],"inLanguage":"fr-FR"},{"@type":"Person","@id":"https:\/\/www.africa-press.net\/benin\/#\/schema\/person\/2b1cf3cd81a31e3cd26889ca66d677f1","name":"cfeditorfr"}]}},"_links":{"self":[{"href":"https:\/\/www.africa-press.net\/benin\/wp-json\/wp\/v2\/posts\/54637","targetHints":{"allow":["GET"]}}],"collection":[{"href":"https:\/\/www.africa-press.net\/benin\/wp-json\/wp\/v2\/posts"}],"about":[{"href":"https:\/\/www.africa-press.net\/benin\/wp-json\/wp\/v2\/types\/post"}],"author":[{"embeddable":true,"href":"https:\/\/www.africa-press.net\/benin\/wp-json\/wp\/v2\/users\/82"}],"replies":[{"embeddable":true,"href":"https:\/\/www.africa-press.net\/benin\/wp-json\/wp\/v2\/comments?post=54637"}],"version-history":[{"count":0,"href":"https:\/\/www.africa-press.net\/benin\/wp-json\/wp\/v2\/posts\/54637\/revisions"}],"wp:featuredmedia":[{"embeddable":true,"href":"https:\/\/www.africa-press.net\/benin\/wp-json\/wp\/v2\/media\/54636"}],"wp:attachment":[{"href":"https:\/\/www.africa-press.net\/benin\/wp-json\/wp\/v2\/media?parent=54637"}],"wp:term":[{"taxonomy":"category","embeddable":true,"href":"https:\/\/www.africa-press.net\/benin\/wp-json\/wp\/v2\/categories?post=54637"},{"taxonomy":"post_tag","embeddable":true,"href":"https:\/\/www.africa-press.net\/benin\/wp-json\/wp\/v2\/tags?post=54637"}],"curies":[{"name":"wp","href":"https:\/\/api.w.org\/{rel}","templated":true}]}}