{"id":54700,"date":"2026-03-14T18:34:31","date_gmt":"2026-03-14T18:34:31","guid":{"rendered":"https:\/\/www.africa-press.net\/benin\/politique\/attaque-a-segbana-quatre-civils-tues-six-assaillants-neutralises"},"modified":"2026-03-14T19:31:22","modified_gmt":"2026-03-14T19:31:22","slug":"attaque-a-segbana-quatre-civils-tues-six-assaillants-neutralises","status":"publish","type":"post","link":"https:\/\/www.africa-press.net\/benin\/politique\/attaque-a-segbana-quatre-civils-tues-six-assaillants-neutralises","title":{"rendered":"Attaque \u00e0 S\u00e9gbana: quatre civils tu\u00e9s, six assaillants neutralis\u00e9s"},"content":{"rendered":"<p><span class=\"ap-article-header-tag\"> <strong>Africa-Press &#8211; Benin. <\/strong> <\/span>Une attaque arme\u0301e a endeuille\u0301, ce vendredi, la localite\u0301 de Koute\u0300, dans la commune de Se\u0301gbana, au nord du Be\u0301nin. Le bilan provisoire fait e\u0301tat de quatre civils tue\u0301s et des assaillants neutralise\u0301s<\/p>\n<p>Selon des informations se\u0301curitaires, la riposte des forces engage\u0301es dans l\u2019ope\u0301ration Mirador a permis de neutraliser six assaillants. Des he\u0301licopte\u0300res ont notamment e\u0301te\u0301 de\u0301ploye\u0301s pour appuyer les unite\u0301s au sol et contenir l\u2019attaque.<\/p>\n<p>Les circonstances exactes de l\u2019assaut ainsi que l\u2019identite\u0301 des victimes civiles n\u2019ont pas encore e\u0301te\u0301 officiellement pre\u0301cise\u0301es. Les autorite\u0301s se\u0301curitaires poursuivent les ope\u0301rations de ratissage dans la zone afin de se\u0301curiser les populations et pre\u0301venir toute nouvelle incursion.<\/p>\n<p class=\"ap-article-footer-note\">Retrouvez plus d\u2019actualit\u00e9s et d\u2019analyses sur <span class=\"ap-highlight-country\">Benin<\/span> sur le site <span class=\"ap-highlight-brand\">Africa Press<\/span><\/p>\n","protected":false},"excerpt":{"rendered":"<p>Africa-Press &#8211; Benin. Une attaque arme\u0301e a endeuille\u0301, ce vendredi, la localite\u0301 de Koute\u0300, dans la commune de Se\u0301gbana, au nord du Be\u0301nin. Le bilan provisoire fait e\u0301tat de quatre civils tue\u0301s et des assaillants neutralise\u0301s Selon des informations se\u0301curitaires, la riposte des forces engage\u0301es dans l\u2019ope\u0301ration Mirador a permis de neutraliser six assaillants. Des [&hellip;]<\/p>\n","protected":false},"author":82,"featured_media":54699,"comment_status":"open","ping_status":"closed","sticky":false,"template":"","format":"standard","meta":{"footnotes":""},"categories":[2,20,10],"tags":[45],"class_list":["post-54700","post","type-post","status-publish","format-standard","has-post-thumbnail","hentry","category-politique","category-top-nouvelles","category-toutes-les-actualites","tag-benin"],"yoast_head":"<!-- This site is optimized with the Yoast SEO Premium plugin v26.1 (Yoast SEO v27.0) - https:\/\/yoast.com\/product\/yoast-seo-premium-wordpress\/ -->\n<title>Attaque \u00e0 S\u00e9gbana: quatre civils tu\u00e9s, six assaillants neutralis\u00e9s - B\u00e9nin<\/title>\n<meta name=\"description\" content=\"-article-header-tag&quot;&gt; Africa-Press - Benin. Une attaque arme\u0301e a endeuille\u0301, ...\" \/>\n<meta name=\"robots\" content=\"index, follow, max-snippet:-1, max-image-preview:large, max-video-preview:-1\" \/>\n<link rel=\"canonical\" href=\"https:\/\/www.africa-press.net\/benin\/politique\/attaque-a-segbana-quatre-civils-tues-six-assaillants-neutralises\" \/>\n<meta property=\"og:locale\" content=\"fr_FR\" \/>\n<meta property=\"og:type\" content=\"article\" \/>\n<meta property=\"og:title\" content=\"Attaque \u00e0 S\u00e9gbana: quatre civils tu\u00e9s, six assaillants neutralis\u00e9s\" \/>\n<meta property=\"og:description\" content=\"-article-header-tag&quot;&gt; Africa-Press - Benin. Une attaque arme\u0301e a endeuille\u0301, ...\" \/>\n<meta property=\"og:url\" content=\"https:\/\/www.africa-press.net\/benin\/politique\/attaque-a-segbana-quatre-civils-tues-six-assaillants-neutralises\" \/>\n<meta property=\"og:site_name\" content=\"B\u00e9nin\" \/>\n<meta property=\"article:published_time\" content=\"2026-03-14T18:34:31+00:00\" \/>\n<meta property=\"article:modified_time\" content=\"2026-03-14T19:31:22+00:00\" \/>\n<meta property=\"og:image\" content=\"https:\/\/static.africa-press.net\/benin\/sites\/46\/2026\/03\/sm_1773516151.374672.jpg\" \/>\n\t<meta property=\"og:image:width\" content=\"1224\" \/>\n\t<meta property=\"og:image:height\" content=\"916\" \/>\n\t<meta property=\"og:image:type\" content=\"image\/jpeg\" \/>\n<meta name=\"author\" content=\"cfeditorfr\" \/>\n<meta name=\"twitter:card\" content=\"summary_large_image\" \/>\n<meta name=\"twitter:label1\" content=\"\u00c9crit par\" \/>\n\t<meta name=\"twitter:data1\" content=\"cfeditorfr\" \/>\n\t<meta name=\"twitter:label2\" content=\"Dur\u00e9e de lecture estim\u00e9e\" \/>\n\t<meta name=\"twitter:data2\" content=\"1 minute\" \/>\n<script type=\"application\/ld+json\" class=\"yoast-schema-graph\">{\"@context\":\"https:\/\/schema.org\",\"@graph\":[{\"@type\":\"Article\",\"@id\":\"https:\/\/www.africa-press.net\/benin\/politique\/attaque-a-segbana-quatre-civils-tues-six-assaillants-neutralises#article\",\"isPartOf\":{\"@id\":\"https:\/\/www.africa-press.net\/benin\/politique\/attaque-a-segbana-quatre-civils-tues-six-assaillants-neutralises\"},\"author\":{\"name\":\"cfeditorfr\",\"@id\":\"https:\/\/www.africa-press.net\/benin\/#\/schema\/person\/2b1cf3cd81a31e3cd26889ca66d677f1\"},\"headline\":\"Attaque \u00e0 S\u00e9gbana: quatre civils tu\u00e9s, six assaillants neutralis\u00e9s\",\"datePublished\":\"2026-03-14T18:34:31+00:00\",\"dateModified\":\"2026-03-14T19:31:22+00:00\",\"mainEntityOfPage\":{\"@id\":\"https:\/\/www.africa-press.net\/benin\/politique\/attaque-a-segbana-quatre-civils-tues-six-assaillants-neutralises\"},\"wordCount\":161,\"commentCount\":0,\"image\":{\"@id\":\"https:\/\/www.africa-press.net\/benin\/politique\/attaque-a-segbana-quatre-civils-tues-six-assaillants-neutralises#primaryimage\"},\"thumbnailUrl\":\"https:\/\/static.africa-press.net\/benin\/sites\/46\/2026\/03\/sm_1773516151.374672.jpg\",\"keywords\":[\"B\u00e9nin\"],\"articleSection\":[\"Politique\",\"Top Nouvelles\",\"Toutes les actualit\u00e9s\"],\"inLanguage\":\"fr-FR\",\"potentialAction\":[{\"@type\":\"CommentAction\",\"name\":\"Comment\",\"target\":[\"https:\/\/www.africa-press.net\/benin\/politique\/attaque-a-segbana-quatre-civils-tues-six-assaillants-neutralises#respond\"]}]},{\"@type\":\"WebPage\",\"@id\":\"https:\/\/www.africa-press.net\/benin\/politique\/attaque-a-segbana-quatre-civils-tues-six-assaillants-neutralises\",\"url\":\"https:\/\/www.africa-press.net\/benin\/politique\/attaque-a-segbana-quatre-civils-tues-six-assaillants-neutralises\",\"name\":\"Attaque \u00e0 S\u00e9gbana: quatre civils tu\u00e9s, six assaillants neutralis\u00e9s - B\u00e9nin\",\"isPartOf\":{\"@id\":\"https:\/\/www.africa-press.net\/benin\/#website\"},\"primaryImageOfPage\":{\"@id\":\"https:\/\/www.africa-press.net\/benin\/politique\/attaque-a-segbana-quatre-civils-tues-six-assaillants-neutralises#primaryimage\"},\"image\":{\"@id\":\"https:\/\/www.africa-press.net\/benin\/politique\/attaque-a-segbana-quatre-civils-tues-six-assaillants-neutralises#primaryimage\"},\"thumbnailUrl\":\"https:\/\/static.africa-press.net\/benin\/sites\/46\/2026\/03\/sm_1773516151.374672.jpg\",\"datePublished\":\"2026-03-14T18:34:31+00:00\",\"dateModified\":\"2026-03-14T19:31:22+00:00\",\"author\":{\"@id\":\"https:\/\/www.africa-press.net\/benin\/#\/schema\/person\/2b1cf3cd81a31e3cd26889ca66d677f1\"},\"description\":\"-article-header-tag\\\"> Africa-Press - Benin. Une attaque arme\u0301e a endeuille\u0301, ...\",\"breadcrumb\":{\"@id\":\"https:\/\/www.africa-press.net\/benin\/politique\/attaque-a-segbana-quatre-civils-tues-six-assaillants-neutralises#breadcrumb\"},\"inLanguage\":\"fr-FR\",\"potentialAction\":[{\"@type\":\"ReadAction\",\"target\":[\"https:\/\/www.africa-press.net\/benin\/politique\/attaque-a-segbana-quatre-civils-tues-six-assaillants-neutralises\"]}]},{\"@type\":\"ImageObject\",\"inLanguage\":\"fr-FR\",\"@id\":\"https:\/\/www.africa-press.net\/benin\/politique\/attaque-a-segbana-quatre-civils-tues-six-assaillants-neutralises#primaryimage\",\"url\":\"https:\/\/static.africa-press.net\/benin\/sites\/46\/2026\/03\/sm_1773516151.374672.jpg\",\"contentUrl\":\"https:\/\/static.africa-press.net\/benin\/sites\/46\/2026\/03\/sm_1773516151.374672.jpg\",\"width\":1224,\"height\":916,\"caption\":\"Attaque \u00e0 S\u00e9gbana: quatre civils tu\u00e9s, six assaillants neutralis\u00e9s\"},{\"@type\":\"BreadcrumbList\",\"@id\":\"https:\/\/www.africa-press.net\/benin\/politique\/attaque-a-segbana-quatre-civils-tues-six-assaillants-neutralises#breadcrumb\",\"itemListElement\":[{\"@type\":\"ListItem\",\"position\":1,\"name\":\"Accueil\",\"item\":\"https:\/\/www.africa-press.net\/benin\/\"},{\"@type\":\"ListItem\",\"position\":2,\"name\":\"Attaque \u00e0 S\u00e9gbana: quatre civils tu\u00e9s, six assaillants neutralis\u00e9s\"}]},{\"@type\":\"WebSite\",\"@id\":\"https:\/\/www.africa-press.net\/benin\/#website\",\"url\":\"https:\/\/www.africa-press.net\/benin\/\",\"name\":\"B\u00e9nin\",\"description\":\"Just another Africa News Agency Sites site\",\"potentialAction\":[{\"@type\":\"SearchAction\",\"target\":{\"@type\":\"EntryPoint\",\"urlTemplate\":\"https:\/\/www.africa-press.net\/benin\/?s={search_term_string}\"},\"query-input\":{\"@type\":\"PropertyValueSpecification\",\"valueRequired\":true,\"valueName\":\"search_term_string\"}}],\"inLanguage\":\"fr-FR\"},{\"@type\":\"Person\",\"@id\":\"https:\/\/www.africa-press.net\/benin\/#\/schema\/person\/2b1cf3cd81a31e3cd26889ca66d677f1\",\"name\":\"cfeditorfr\"}]}<\/script>\n<!-- \/ Yoast SEO Premium plugin. -->","yoast_head_json":{"title":"Attaque \u00e0 S\u00e9gbana: quatre civils tu\u00e9s, six assaillants neutralis\u00e9s - B\u00e9nin","description":"-article-header-tag\"> Africa-Press - Benin. Une attaque arme\u0301e a endeuille\u0301, ...","robots":{"index":"index","follow":"follow","max-snippet":"max-snippet:-1","max-image-preview":"max-image-preview:large","max-video-preview":"max-video-preview:-1"},"canonical":"https:\/\/www.africa-press.net\/benin\/politique\/attaque-a-segbana-quatre-civils-tues-six-assaillants-neutralises","og_locale":"fr_FR","og_type":"article","og_title":"Attaque \u00e0 S\u00e9gbana: quatre civils tu\u00e9s, six assaillants neutralis\u00e9s","og_description":"-article-header-tag\"> Africa-Press - Benin. Une attaque arme\u0301e a endeuille\u0301, ...","og_url":"https:\/\/www.africa-press.net\/benin\/politique\/attaque-a-segbana-quatre-civils-tues-six-assaillants-neutralises","og_site_name":"B\u00e9nin","article_published_time":"2026-03-14T18:34:31+00:00","article_modified_time":"2026-03-14T19:31:22+00:00","og_image":[{"width":1224,"height":916,"url":"https:\/\/static.africa-press.net\/benin\/sites\/46\/2026\/03\/sm_1773516151.374672.jpg","type":"image\/jpeg"}],"author":"cfeditorfr","twitter_card":"summary_large_image","twitter_misc":{"\u00c9crit par":"cfeditorfr","Dur\u00e9e de lecture estim\u00e9e":"1 minute"},"schema":{"@context":"https:\/\/schema.org","@graph":[{"@type":"Article","@id":"https:\/\/www.africa-press.net\/benin\/politique\/attaque-a-segbana-quatre-civils-tues-six-assaillants-neutralises#article","isPartOf":{"@id":"https:\/\/www.africa-press.net\/benin\/politique\/attaque-a-segbana-quatre-civils-tues-six-assaillants-neutralises"},"author":{"name":"cfeditorfr","@id":"https:\/\/www.africa-press.net\/benin\/#\/schema\/person\/2b1cf3cd81a31e3cd26889ca66d677f1"},"headline":"Attaque \u00e0 S\u00e9gbana: quatre civils tu\u00e9s, six assaillants neutralis\u00e9s","datePublished":"2026-03-14T18:34:31+00:00","dateModified":"2026-03-14T19:31:22+00:00","mainEntityOfPage":{"@id":"https:\/\/www.africa-press.net\/benin\/politique\/attaque-a-segbana-quatre-civils-tues-six-assaillants-neutralises"},"wordCount":161,"commentCount":0,"image":{"@id":"https:\/\/www.africa-press.net\/benin\/politique\/attaque-a-segbana-quatre-civils-tues-six-assaillants-neutralises#primaryimage"},"thumbnailUrl":"https:\/\/static.africa-press.net\/benin\/sites\/46\/2026\/03\/sm_1773516151.374672.jpg","keywords":["B\u00e9nin"],"articleSection":["Politique","Top Nouvelles","Toutes les actualit\u00e9s"],"inLanguage":"fr-FR","potentialAction":[{"@type":"CommentAction","name":"Comment","target":["https:\/\/www.africa-press.net\/benin\/politique\/attaque-a-segbana-quatre-civils-tues-six-assaillants-neutralises#respond"]}]},{"@type":"WebPage","@id":"https:\/\/www.africa-press.net\/benin\/politique\/attaque-a-segbana-quatre-civils-tues-six-assaillants-neutralises","url":"https:\/\/www.africa-press.net\/benin\/politique\/attaque-a-segbana-quatre-civils-tues-six-assaillants-neutralises","name":"Attaque \u00e0 S\u00e9gbana: quatre civils tu\u00e9s, six assaillants neutralis\u00e9s - B\u00e9nin","isPartOf":{"@id":"https:\/\/www.africa-press.net\/benin\/#website"},"primaryImageOfPage":{"@id":"https:\/\/www.africa-press.net\/benin\/politique\/attaque-a-segbana-quatre-civils-tues-six-assaillants-neutralises#primaryimage"},"image":{"@id":"https:\/\/www.africa-press.net\/benin\/politique\/attaque-a-segbana-quatre-civils-tues-six-assaillants-neutralises#primaryimage"},"thumbnailUrl":"https:\/\/static.africa-press.net\/benin\/sites\/46\/2026\/03\/sm_1773516151.374672.jpg","datePublished":"2026-03-14T18:34:31+00:00","dateModified":"2026-03-14T19:31:22+00:00","author":{"@id":"https:\/\/www.africa-press.net\/benin\/#\/schema\/person\/2b1cf3cd81a31e3cd26889ca66d677f1"},"description":"-article-header-tag\"> Africa-Press - Benin. Une attaque arme\u0301e a endeuille\u0301, ...","breadcrumb":{"@id":"https:\/\/www.africa-press.net\/benin\/politique\/attaque-a-segbana-quatre-civils-tues-six-assaillants-neutralises#breadcrumb"},"inLanguage":"fr-FR","potentialAction":[{"@type":"ReadAction","target":["https:\/\/www.africa-press.net\/benin\/politique\/attaque-a-segbana-quatre-civils-tues-six-assaillants-neutralises"]}]},{"@type":"ImageObject","inLanguage":"fr-FR","@id":"https:\/\/www.africa-press.net\/benin\/politique\/attaque-a-segbana-quatre-civils-tues-six-assaillants-neutralises#primaryimage","url":"https:\/\/static.africa-press.net\/benin\/sites\/46\/2026\/03\/sm_1773516151.374672.jpg","contentUrl":"https:\/\/static.africa-press.net\/benin\/sites\/46\/2026\/03\/sm_1773516151.374672.jpg","width":1224,"height":916,"caption":"Attaque \u00e0 S\u00e9gbana: quatre civils tu\u00e9s, six assaillants neutralis\u00e9s"},{"@type":"BreadcrumbList","@id":"https:\/\/www.africa-press.net\/benin\/politique\/attaque-a-segbana-quatre-civils-tues-six-assaillants-neutralises#breadcrumb","itemListElement":[{"@type":"ListItem","position":1,"name":"Accueil","item":"https:\/\/www.africa-press.net\/benin\/"},{"@type":"ListItem","position":2,"name":"Attaque \u00e0 S\u00e9gbana: quatre civils tu\u00e9s, six assaillants neutralis\u00e9s"}]},{"@type":"WebSite","@id":"https:\/\/www.africa-press.net\/benin\/#website","url":"https:\/\/www.africa-press.net\/benin\/","name":"B\u00e9nin","description":"Just another Africa News Agency Sites site","potentialAction":[{"@type":"SearchAction","target":{"@type":"EntryPoint","urlTemplate":"https:\/\/www.africa-press.net\/benin\/?s={search_term_string}"},"query-input":{"@type":"PropertyValueSpecification","valueRequired":true,"valueName":"search_term_string"}}],"inLanguage":"fr-FR"},{"@type":"Person","@id":"https:\/\/www.africa-press.net\/benin\/#\/schema\/person\/2b1cf3cd81a31e3cd26889ca66d677f1","name":"cfeditorfr"}]}},"_links":{"self":[{"href":"https:\/\/www.africa-press.net\/benin\/wp-json\/wp\/v2\/posts\/54700","targetHints":{"allow":["GET"]}}],"collection":[{"href":"https:\/\/www.africa-press.net\/benin\/wp-json\/wp\/v2\/posts"}],"about":[{"href":"https:\/\/www.africa-press.net\/benin\/wp-json\/wp\/v2\/types\/post"}],"author":[{"embeddable":true,"href":"https:\/\/www.africa-press.net\/benin\/wp-json\/wp\/v2\/users\/82"}],"replies":[{"embeddable":true,"href":"https:\/\/www.africa-press.net\/benin\/wp-json\/wp\/v2\/comments?post=54700"}],"version-history":[{"count":0,"href":"https:\/\/www.africa-press.net\/benin\/wp-json\/wp\/v2\/posts\/54700\/revisions"}],"wp:featuredmedia":[{"embeddable":true,"href":"https:\/\/www.africa-press.net\/benin\/wp-json\/wp\/v2\/media\/54699"}],"wp:attachment":[{"href":"https:\/\/www.africa-press.net\/benin\/wp-json\/wp\/v2\/media?parent=54700"}],"wp:term":[{"taxonomy":"category","embeddable":true,"href":"https:\/\/www.africa-press.net\/benin\/wp-json\/wp\/v2\/categories?post=54700"},{"taxonomy":"post_tag","embeddable":true,"href":"https:\/\/www.africa-press.net\/benin\/wp-json\/wp\/v2\/tags?post=54700"}],"curies":[{"name":"wp","href":"https:\/\/api.w.org\/{rel}","templated":true}]}}