{"id":54702,"date":"2026-03-14T18:34:52","date_gmt":"2026-03-14T18:34:52","guid":{"rendered":"https:\/\/www.africa-press.net\/benin\/politique\/conclusion-des-travaux-de-la-coordination-nationale-du-parti-ld"},"modified":"2026-03-14T19:32:08","modified_gmt":"2026-03-14T19:32:08","slug":"conclusion-des-travaux-de-la-coordination-nationale-du-parti-ld","status":"publish","type":"post","link":"https:\/\/www.africa-press.net\/benin\/politique\/conclusion-des-travaux-de-la-coordination-nationale-du-parti-ld","title":{"rendered":"Conclusion Des Travaux De La Coordination Nationale Du Parti LD"},"content":{"rendered":"<p><span class=\"ap-article-header-tag\"> <strong>Africa-Press &#8211; Benin. <\/strong> <\/span>Le parti Les De\u0301mocrates (LD) a tenu ce vendredi sa premie\u0300re session ordinaire de la Coordination Nationale, reprenant les travaux suspendus le 6 mars dernier.<\/p>\n<p>Cette rencontre, marque\u0301e par des de\u0301cisions majeures, ouvre une nouvelle phase dans la vie du parti apre\u0300s les e\u0301lections le\u0301gislatives de janvier 2026.<\/p>\n<p>Deux points essentiels ont structure\u0301 les de\u0301bats:<\/p>\n<p>Le rapport de la de\u0301le\u0301gation envoye\u0301e a\u0300 Tchaourou aupre\u0300s de l\u2019ancien pre\u0301sident du parti, Yayi Boni.<\/p>\n<p>Les conclusions du comite\u0301 de re\u0301flexion sur les perspectives du LD dans le contexte post-e\u0301lectoral.<\/p>\n<p>La Coordination Nationale a pris acte du maintien de la de\u0301mission de Yayi Boni. Conforme\u0301ment aux dispositions internes, le premier vice-pre\u0301sident E\u0301ric Hounde\u0301te\u0301 assurera l\u2019inte\u0301rim a\u0300 la te\u0302te du parti.<\/p>\n<p>Un Conseil National extraordinaire sera convoque\u0301 dans un de\u0301lai de trois mois pour ente\u0301riner la succession et de\u0301finir une nouvelle direction.<\/p>\n<p>Par ailleurs, les membres ont valide\u0301 l\u2019ouverture du parti aux candidats et formations politiques souhaitant engager des discussions. Dans ce cadre, une rencontre avec le parti FCBE a e\u0301te\u0301 programme\u0301e, sur instruction de la Coordination Nationale.<\/p>\n<p>Les conclusions de ces e\u0301changes seront pre\u0301sente\u0301es lors de la prochaine session du Conseil National, fixe\u0301e au 21 mars 2026, ou\u0300 seront arre\u0302te\u0301es les orientations politiques juge\u0301es ne\u0301cessaires.<\/p>\n<p>Avec le contenu du communique\u0301 sanctionnant les travaux, Les De\u0301mocrates affichent leur volonte\u0301 de maintenir l\u2019unite\u0301 et de tracer une voie claire pour l\u2019avenir, dans un contexte politique en pleine recomposition.<\/p>\n<p class=\"ap-article-footer-note\">Retrouvez plus d\u2019actualit\u00e9s et d\u2019analyses sur <span class=\"ap-highlight-country\">Benin<\/span> sur le site <span class=\"ap-highlight-brand\">Africa Press<\/span><\/p>\n","protected":false},"excerpt":{"rendered":"<p>Africa-Press &#8211; Benin. Le parti Les De\u0301mocrates (LD) a tenu ce vendredi sa premie\u0300re session ordinaire de la Coordination Nationale, reprenant les travaux suspendus le 6 mars dernier. Cette rencontre, marque\u0301e par des de\u0301cisions majeures, ouvre une nouvelle phase dans la vie du parti apre\u0300s les e\u0301lections le\u0301gislatives de janvier 2026. Deux points essentiels ont [&hellip;]<\/p>\n","protected":false},"author":82,"featured_media":54701,"comment_status":"open","ping_status":"closed","sticky":false,"template":"","format":"standard","meta":{"footnotes":""},"categories":[4,2,10],"tags":[45],"class_list":["post-54702","post","type-post","status-publish","format-standard","has-post-thumbnail","hentry","category-parties","category-politique","category-toutes-les-actualites","tag-benin"],"yoast_head":"<!-- This site is optimized with the Yoast SEO Premium plugin v26.1 (Yoast SEO v27.0) - https:\/\/yoast.com\/product\/yoast-seo-premium-wordpress\/ -->\n<title>Conclusion Des Travaux De La Coordination Nationale Du Parti LD - B\u00e9nin<\/title>\n<meta name=\"description\" content=\"-article-header-tag&quot;&gt; Africa-Press - Benin. Le parti Les De\u0301mocrates (LD) a t ...\" \/>\n<meta name=\"robots\" content=\"index, follow, max-snippet:-1, max-image-preview:large, max-video-preview:-1\" \/>\n<link rel=\"canonical\" href=\"https:\/\/www.africa-press.net\/benin\/politique\/conclusion-des-travaux-de-la-coordination-nationale-du-parti-ld\" \/>\n<meta property=\"og:locale\" content=\"fr_FR\" \/>\n<meta property=\"og:type\" content=\"article\" \/>\n<meta property=\"og:title\" content=\"Conclusion Des Travaux De La Coordination Nationale Du Parti LD\" \/>\n<meta property=\"og:description\" content=\"-article-header-tag&quot;&gt; Africa-Press - Benin. Le parti Les De\u0301mocrates (LD) a t ...\" \/>\n<meta property=\"og:url\" content=\"https:\/\/www.africa-press.net\/benin\/politique\/conclusion-des-travaux-de-la-coordination-nationale-du-parti-ld\" \/>\n<meta property=\"og:site_name\" content=\"B\u00e9nin\" \/>\n<meta property=\"article:published_time\" content=\"2026-03-14T18:34:52+00:00\" \/>\n<meta property=\"article:modified_time\" content=\"2026-03-14T19:32:08+00:00\" \/>\n<meta property=\"og:image\" content=\"https:\/\/static.africa-press.net\/benin\/sites\/46\/2026\/03\/sm_1773516169.438445.jpg\" \/>\n\t<meta property=\"og:image:width\" content=\"866\" \/>\n\t<meta property=\"og:image:height\" content=\"566\" \/>\n\t<meta property=\"og:image:type\" content=\"image\/jpeg\" \/>\n<meta name=\"author\" content=\"cfeditorfr\" \/>\n<meta name=\"twitter:card\" content=\"summary_large_image\" \/>\n<meta name=\"twitter:label1\" content=\"\u00c9crit par\" \/>\n\t<meta name=\"twitter:data1\" content=\"cfeditorfr\" \/>\n\t<meta name=\"twitter:label2\" content=\"Dur\u00e9e de lecture estim\u00e9e\" \/>\n\t<meta name=\"twitter:data2\" content=\"2 minutes\" \/>\n<script type=\"application\/ld+json\" class=\"yoast-schema-graph\">{\"@context\":\"https:\/\/schema.org\",\"@graph\":[{\"@type\":\"Article\",\"@id\":\"https:\/\/www.africa-press.net\/benin\/politique\/conclusion-des-travaux-de-la-coordination-nationale-du-parti-ld#article\",\"isPartOf\":{\"@id\":\"https:\/\/www.africa-press.net\/benin\/politique\/conclusion-des-travaux-de-la-coordination-nationale-du-parti-ld\"},\"author\":{\"name\":\"cfeditorfr\",\"@id\":\"https:\/\/www.africa-press.net\/benin\/#\/schema\/person\/2b1cf3cd81a31e3cd26889ca66d677f1\"},\"headline\":\"Conclusion Des Travaux De La Coordination Nationale Du Parti LD\",\"datePublished\":\"2026-03-14T18:34:52+00:00\",\"dateModified\":\"2026-03-14T19:32:08+00:00\",\"mainEntityOfPage\":{\"@id\":\"https:\/\/www.africa-press.net\/benin\/politique\/conclusion-des-travaux-de-la-coordination-nationale-du-parti-ld\"},\"wordCount\":297,\"commentCount\":0,\"image\":{\"@id\":\"https:\/\/www.africa-press.net\/benin\/politique\/conclusion-des-travaux-de-la-coordination-nationale-du-parti-ld#primaryimage\"},\"thumbnailUrl\":\"https:\/\/static.africa-press.net\/benin\/sites\/46\/2026\/03\/sm_1773516169.438445.jpg\",\"keywords\":[\"B\u00e9nin\"],\"articleSection\":[\"Parties\",\"Politique\",\"Toutes les actualit\u00e9s\"],\"inLanguage\":\"fr-FR\",\"potentialAction\":[{\"@type\":\"CommentAction\",\"name\":\"Comment\",\"target\":[\"https:\/\/www.africa-press.net\/benin\/politique\/conclusion-des-travaux-de-la-coordination-nationale-du-parti-ld#respond\"]}]},{\"@type\":\"WebPage\",\"@id\":\"https:\/\/www.africa-press.net\/benin\/politique\/conclusion-des-travaux-de-la-coordination-nationale-du-parti-ld\",\"url\":\"https:\/\/www.africa-press.net\/benin\/politique\/conclusion-des-travaux-de-la-coordination-nationale-du-parti-ld\",\"name\":\"Conclusion Des Travaux De La Coordination Nationale Du Parti LD - B\u00e9nin\",\"isPartOf\":{\"@id\":\"https:\/\/www.africa-press.net\/benin\/#website\"},\"primaryImageOfPage\":{\"@id\":\"https:\/\/www.africa-press.net\/benin\/politique\/conclusion-des-travaux-de-la-coordination-nationale-du-parti-ld#primaryimage\"},\"image\":{\"@id\":\"https:\/\/www.africa-press.net\/benin\/politique\/conclusion-des-travaux-de-la-coordination-nationale-du-parti-ld#primaryimage\"},\"thumbnailUrl\":\"https:\/\/static.africa-press.net\/benin\/sites\/46\/2026\/03\/sm_1773516169.438445.jpg\",\"datePublished\":\"2026-03-14T18:34:52+00:00\",\"dateModified\":\"2026-03-14T19:32:08+00:00\",\"author\":{\"@id\":\"https:\/\/www.africa-press.net\/benin\/#\/schema\/person\/2b1cf3cd81a31e3cd26889ca66d677f1\"},\"description\":\"-article-header-tag\\\"> Africa-Press - Benin. Le parti Les De\u0301mocrates (LD) a t ...\",\"breadcrumb\":{\"@id\":\"https:\/\/www.africa-press.net\/benin\/politique\/conclusion-des-travaux-de-la-coordination-nationale-du-parti-ld#breadcrumb\"},\"inLanguage\":\"fr-FR\",\"potentialAction\":[{\"@type\":\"ReadAction\",\"target\":[\"https:\/\/www.africa-press.net\/benin\/politique\/conclusion-des-travaux-de-la-coordination-nationale-du-parti-ld\"]}]},{\"@type\":\"ImageObject\",\"inLanguage\":\"fr-FR\",\"@id\":\"https:\/\/www.africa-press.net\/benin\/politique\/conclusion-des-travaux-de-la-coordination-nationale-du-parti-ld#primaryimage\",\"url\":\"https:\/\/static.africa-press.net\/benin\/sites\/46\/2026\/03\/sm_1773516169.438445.jpg\",\"contentUrl\":\"https:\/\/static.africa-press.net\/benin\/sites\/46\/2026\/03\/sm_1773516169.438445.jpg\",\"width\":866,\"height\":566,\"caption\":\"Conclusion Des Travaux De La Coordination Nationale Du Parti LD\"},{\"@type\":\"BreadcrumbList\",\"@id\":\"https:\/\/www.africa-press.net\/benin\/politique\/conclusion-des-travaux-de-la-coordination-nationale-du-parti-ld#breadcrumb\",\"itemListElement\":[{\"@type\":\"ListItem\",\"position\":1,\"name\":\"Accueil\",\"item\":\"https:\/\/www.africa-press.net\/benin\/\"},{\"@type\":\"ListItem\",\"position\":2,\"name\":\"Conclusion Des Travaux De La Coordination Nationale Du Parti LD\"}]},{\"@type\":\"WebSite\",\"@id\":\"https:\/\/www.africa-press.net\/benin\/#website\",\"url\":\"https:\/\/www.africa-press.net\/benin\/\",\"name\":\"B\u00e9nin\",\"description\":\"Just another Africa News Agency Sites site\",\"potentialAction\":[{\"@type\":\"SearchAction\",\"target\":{\"@type\":\"EntryPoint\",\"urlTemplate\":\"https:\/\/www.africa-press.net\/benin\/?s={search_term_string}\"},\"query-input\":{\"@type\":\"PropertyValueSpecification\",\"valueRequired\":true,\"valueName\":\"search_term_string\"}}],\"inLanguage\":\"fr-FR\"},{\"@type\":\"Person\",\"@id\":\"https:\/\/www.africa-press.net\/benin\/#\/schema\/person\/2b1cf3cd81a31e3cd26889ca66d677f1\",\"name\":\"cfeditorfr\"}]}<\/script>\n<!-- \/ Yoast SEO Premium plugin. -->","yoast_head_json":{"title":"Conclusion Des Travaux De La Coordination Nationale Du Parti LD - B\u00e9nin","description":"-article-header-tag\"> Africa-Press - Benin. Le parti Les De\u0301mocrates (LD) a t ...","robots":{"index":"index","follow":"follow","max-snippet":"max-snippet:-1","max-image-preview":"max-image-preview:large","max-video-preview":"max-video-preview:-1"},"canonical":"https:\/\/www.africa-press.net\/benin\/politique\/conclusion-des-travaux-de-la-coordination-nationale-du-parti-ld","og_locale":"fr_FR","og_type":"article","og_title":"Conclusion Des Travaux De La Coordination Nationale Du Parti LD","og_description":"-article-header-tag\"> Africa-Press - Benin. Le parti Les De\u0301mocrates (LD) a t ...","og_url":"https:\/\/www.africa-press.net\/benin\/politique\/conclusion-des-travaux-de-la-coordination-nationale-du-parti-ld","og_site_name":"B\u00e9nin","article_published_time":"2026-03-14T18:34:52+00:00","article_modified_time":"2026-03-14T19:32:08+00:00","og_image":[{"width":866,"height":566,"url":"https:\/\/static.africa-press.net\/benin\/sites\/46\/2026\/03\/sm_1773516169.438445.jpg","type":"image\/jpeg"}],"author":"cfeditorfr","twitter_card":"summary_large_image","twitter_misc":{"\u00c9crit par":"cfeditorfr","Dur\u00e9e de lecture estim\u00e9e":"2 minutes"},"schema":{"@context":"https:\/\/schema.org","@graph":[{"@type":"Article","@id":"https:\/\/www.africa-press.net\/benin\/politique\/conclusion-des-travaux-de-la-coordination-nationale-du-parti-ld#article","isPartOf":{"@id":"https:\/\/www.africa-press.net\/benin\/politique\/conclusion-des-travaux-de-la-coordination-nationale-du-parti-ld"},"author":{"name":"cfeditorfr","@id":"https:\/\/www.africa-press.net\/benin\/#\/schema\/person\/2b1cf3cd81a31e3cd26889ca66d677f1"},"headline":"Conclusion Des Travaux De La Coordination Nationale Du Parti LD","datePublished":"2026-03-14T18:34:52+00:00","dateModified":"2026-03-14T19:32:08+00:00","mainEntityOfPage":{"@id":"https:\/\/www.africa-press.net\/benin\/politique\/conclusion-des-travaux-de-la-coordination-nationale-du-parti-ld"},"wordCount":297,"commentCount":0,"image":{"@id":"https:\/\/www.africa-press.net\/benin\/politique\/conclusion-des-travaux-de-la-coordination-nationale-du-parti-ld#primaryimage"},"thumbnailUrl":"https:\/\/static.africa-press.net\/benin\/sites\/46\/2026\/03\/sm_1773516169.438445.jpg","keywords":["B\u00e9nin"],"articleSection":["Parties","Politique","Toutes les actualit\u00e9s"],"inLanguage":"fr-FR","potentialAction":[{"@type":"CommentAction","name":"Comment","target":["https:\/\/www.africa-press.net\/benin\/politique\/conclusion-des-travaux-de-la-coordination-nationale-du-parti-ld#respond"]}]},{"@type":"WebPage","@id":"https:\/\/www.africa-press.net\/benin\/politique\/conclusion-des-travaux-de-la-coordination-nationale-du-parti-ld","url":"https:\/\/www.africa-press.net\/benin\/politique\/conclusion-des-travaux-de-la-coordination-nationale-du-parti-ld","name":"Conclusion Des Travaux De La Coordination Nationale Du Parti LD - B\u00e9nin","isPartOf":{"@id":"https:\/\/www.africa-press.net\/benin\/#website"},"primaryImageOfPage":{"@id":"https:\/\/www.africa-press.net\/benin\/politique\/conclusion-des-travaux-de-la-coordination-nationale-du-parti-ld#primaryimage"},"image":{"@id":"https:\/\/www.africa-press.net\/benin\/politique\/conclusion-des-travaux-de-la-coordination-nationale-du-parti-ld#primaryimage"},"thumbnailUrl":"https:\/\/static.africa-press.net\/benin\/sites\/46\/2026\/03\/sm_1773516169.438445.jpg","datePublished":"2026-03-14T18:34:52+00:00","dateModified":"2026-03-14T19:32:08+00:00","author":{"@id":"https:\/\/www.africa-press.net\/benin\/#\/schema\/person\/2b1cf3cd81a31e3cd26889ca66d677f1"},"description":"-article-header-tag\"> Africa-Press - Benin. Le parti Les De\u0301mocrates (LD) a t ...","breadcrumb":{"@id":"https:\/\/www.africa-press.net\/benin\/politique\/conclusion-des-travaux-de-la-coordination-nationale-du-parti-ld#breadcrumb"},"inLanguage":"fr-FR","potentialAction":[{"@type":"ReadAction","target":["https:\/\/www.africa-press.net\/benin\/politique\/conclusion-des-travaux-de-la-coordination-nationale-du-parti-ld"]}]},{"@type":"ImageObject","inLanguage":"fr-FR","@id":"https:\/\/www.africa-press.net\/benin\/politique\/conclusion-des-travaux-de-la-coordination-nationale-du-parti-ld#primaryimage","url":"https:\/\/static.africa-press.net\/benin\/sites\/46\/2026\/03\/sm_1773516169.438445.jpg","contentUrl":"https:\/\/static.africa-press.net\/benin\/sites\/46\/2026\/03\/sm_1773516169.438445.jpg","width":866,"height":566,"caption":"Conclusion Des Travaux De La Coordination Nationale Du Parti LD"},{"@type":"BreadcrumbList","@id":"https:\/\/www.africa-press.net\/benin\/politique\/conclusion-des-travaux-de-la-coordination-nationale-du-parti-ld#breadcrumb","itemListElement":[{"@type":"ListItem","position":1,"name":"Accueil","item":"https:\/\/www.africa-press.net\/benin\/"},{"@type":"ListItem","position":2,"name":"Conclusion Des Travaux De La Coordination Nationale Du Parti LD"}]},{"@type":"WebSite","@id":"https:\/\/www.africa-press.net\/benin\/#website","url":"https:\/\/www.africa-press.net\/benin\/","name":"B\u00e9nin","description":"Just another Africa News Agency Sites site","potentialAction":[{"@type":"SearchAction","target":{"@type":"EntryPoint","urlTemplate":"https:\/\/www.africa-press.net\/benin\/?s={search_term_string}"},"query-input":{"@type":"PropertyValueSpecification","valueRequired":true,"valueName":"search_term_string"}}],"inLanguage":"fr-FR"},{"@type":"Person","@id":"https:\/\/www.africa-press.net\/benin\/#\/schema\/person\/2b1cf3cd81a31e3cd26889ca66d677f1","name":"cfeditorfr"}]}},"_links":{"self":[{"href":"https:\/\/www.africa-press.net\/benin\/wp-json\/wp\/v2\/posts\/54702","targetHints":{"allow":["GET"]}}],"collection":[{"href":"https:\/\/www.africa-press.net\/benin\/wp-json\/wp\/v2\/posts"}],"about":[{"href":"https:\/\/www.africa-press.net\/benin\/wp-json\/wp\/v2\/types\/post"}],"author":[{"embeddable":true,"href":"https:\/\/www.africa-press.net\/benin\/wp-json\/wp\/v2\/users\/82"}],"replies":[{"embeddable":true,"href":"https:\/\/www.africa-press.net\/benin\/wp-json\/wp\/v2\/comments?post=54702"}],"version-history":[{"count":0,"href":"https:\/\/www.africa-press.net\/benin\/wp-json\/wp\/v2\/posts\/54702\/revisions"}],"wp:featuredmedia":[{"embeddable":true,"href":"https:\/\/www.africa-press.net\/benin\/wp-json\/wp\/v2\/media\/54701"}],"wp:attachment":[{"href":"https:\/\/www.africa-press.net\/benin\/wp-json\/wp\/v2\/media?parent=54702"}],"wp:term":[{"taxonomy":"category","embeddable":true,"href":"https:\/\/www.africa-press.net\/benin\/wp-json\/wp\/v2\/categories?post=54702"},{"taxonomy":"post_tag","embeddable":true,"href":"https:\/\/www.africa-press.net\/benin\/wp-json\/wp\/v2\/tags?post=54702"}],"curies":[{"name":"wp","href":"https:\/\/api.w.org\/{rel}","templated":true}]}}