{"id":54728,"date":"2026-03-15T23:28:47","date_gmt":"2026-03-15T23:28:47","guid":{"rendered":"https:\/\/www.africa-press.net\/benin\/politique\/cotonou-lancien-siege-du-ministere-de-lagriculture-rase"},"modified":"2026-03-16T00:20:23","modified_gmt":"2026-03-16T00:20:23","slug":"cotonou-lancien-siege-du-ministere-de-lagriculture-rase","status":"publish","type":"post","link":"https:\/\/www.africa-press.net\/benin\/toutes-les-actualites\/cotonou-lancien-siege-du-ministere-de-lagriculture-rase","title":{"rendered":"Cotonou: l\u2019ancien si\u00e8ge du minist\u00e8re de l\u2019Agriculture ras\u00e9"},"content":{"rendered":"<p><span class=\"ap-article-header-tag\"> <strong>Africa-Press &#8211; Benin. <\/strong> <\/span>L\u2019ancien sie\u0300ge du Ministe\u0300re de l\u2019Agriculture du Be\u0301nin, situe\u0301 dans la ville de Cotonou, a e\u0301te\u0301 entie\u0300rement de\u0301moli.<\/p>\n<p>Un passage sur le terrain permet de constater que les travaux de de\u0301molition sont de\u0301sormais acheve\u0301s sur l\u2019ensemble du ba\u0302timent, dont les structures n\u2019existent plus qu\u2019en souvenirs.<\/p>\n<p>Le site libe\u0301re\u0301 par la de\u0301molition devrait e\u0302tre investi par de nouvelles constructions destine\u0301es a\u0300 re\u0301pondre aux besoins actuels de la capitale e\u0301conomique du pays.<\/p>\n<p>Aucune annonce officielle n\u2019a encore pre\u0301cise\u0301 la nature exacte des futurs ame\u0301nagements, mais l\u2019ope\u0301ration marque de manie\u0300re symbolique la transformation du paysage urbain de Cotonou, ou\u0300 d\u2019anciennes infrastructures laissent progressivement place a\u0300 de nouveaux projets.<\/p>\n<p>Les riverains pre\u0301sents sur les lieux ont constate\u0301 le niveau d\u2019avancement des travaux et note\u0301 la disparition totale de l\u2019ancien e\u0301difice, signe que le chantier entre de\u0301sormais dans une nouvelle phase de pre\u0301paration du terrain.<\/p>\n<p class=\"ap-article-footer-note\">Retrouvez plus d\u2019actualit\u00e9s et d\u2019analyses sur <span class=\"ap-highlight-country\">Benin<\/span> sur le site <span class=\"ap-highlight-brand\">Africa Press<\/span><\/p>\n","protected":false},"excerpt":{"rendered":"<p>Africa-Press &#8211; Benin. L\u2019ancien sie\u0300ge du Ministe\u0300re de l\u2019Agriculture du Be\u0301nin, situe\u0301 dans la ville de Cotonou, a e\u0301te\u0301 entie\u0300rement de\u0301moli. Un passage sur le terrain permet de constater que les travaux de de\u0301molition sont de\u0301sormais acheve\u0301s sur l\u2019ensemble du ba\u0302timent, dont les structures n\u2019existent plus qu\u2019en souvenirs. Le site libe\u0301re\u0301 par la de\u0301molition devrait [&hellip;]<\/p>\n","protected":false},"author":82,"featured_media":54727,"comment_status":"open","ping_status":"closed","sticky":false,"template":"","format":"standard","meta":{"footnotes":""},"categories":[21,10],"tags":[45],"class_list":["post-54728","post","type-post","status-publish","format-standard","has-post-thumbnail","hentry","category-communaute","category-toutes-les-actualites","tag-benin"],"yoast_head":"<!-- This site is optimized with the Yoast SEO Premium plugin v26.1 (Yoast SEO v27.0) - https:\/\/yoast.com\/product\/yoast-seo-premium-wordpress\/ -->\n<title>Cotonou: l\u2019ancien si\u00e8ge du minist\u00e8re de l\u2019Agriculture ras\u00e9 - B\u00e9nin<\/title>\n<meta name=\"description\" content=\"-article-header-tag&quot;&gt; Africa-Press - Benin. L\u2019ancien sie\u0300ge du Ministe\u0300re de ...\" \/>\n<meta name=\"robots\" content=\"index, follow, max-snippet:-1, max-image-preview:large, max-video-preview:-1\" \/>\n<link rel=\"canonical\" href=\"https:\/\/www.africa-press.net\/benin\/toutes-les-actualites\/cotonou-lancien-siege-du-ministere-de-lagriculture-rase\" \/>\n<meta property=\"og:locale\" content=\"fr_FR\" \/>\n<meta property=\"og:type\" content=\"article\" \/>\n<meta property=\"og:title\" content=\"Cotonou: l\u2019ancien si\u00e8ge du minist\u00e8re de l\u2019Agriculture ras\u00e9\" \/>\n<meta property=\"og:description\" content=\"-article-header-tag&quot;&gt; Africa-Press - Benin. L\u2019ancien sie\u0300ge du Ministe\u0300re de ...\" \/>\n<meta property=\"og:url\" content=\"https:\/\/www.africa-press.net\/benin\/toutes-les-actualites\/cotonou-lancien-siege-du-ministere-de-lagriculture-rase\" \/>\n<meta property=\"og:site_name\" content=\"B\u00e9nin\" \/>\n<meta property=\"article:published_time\" content=\"2026-03-15T23:28:47+00:00\" \/>\n<meta property=\"article:modified_time\" content=\"2026-03-16T00:20:23+00:00\" \/>\n<meta property=\"og:image\" content=\"https:\/\/static.africa-press.net\/benin\/sites\/46\/2026\/03\/sm_1773619108.40648.jpg\" \/>\n\t<meta property=\"og:image:width\" content=\"1024\" \/>\n\t<meta property=\"og:image:height\" content=\"585\" \/>\n\t<meta property=\"og:image:type\" content=\"image\/jpeg\" \/>\n<meta name=\"author\" content=\"cfeditorfr\" \/>\n<meta name=\"twitter:card\" content=\"summary_large_image\" \/>\n<meta name=\"twitter:label1\" content=\"\u00c9crit par\" \/>\n\t<meta name=\"twitter:data1\" content=\"cfeditorfr\" \/>\n\t<meta name=\"twitter:label2\" content=\"Dur\u00e9e de lecture estim\u00e9e\" \/>\n\t<meta name=\"twitter:data2\" content=\"1 minute\" \/>\n<script type=\"application\/ld+json\" class=\"yoast-schema-graph\">{\"@context\":\"https:\/\/schema.org\",\"@graph\":[{\"@type\":\"Article\",\"@id\":\"https:\/\/www.africa-press.net\/benin\/toutes-les-actualites\/cotonou-lancien-siege-du-ministere-de-lagriculture-rase#article\",\"isPartOf\":{\"@id\":\"https:\/\/www.africa-press.net\/benin\/toutes-les-actualites\/cotonou-lancien-siege-du-ministere-de-lagriculture-rase\"},\"author\":{\"name\":\"cfeditorfr\",\"@id\":\"https:\/\/www.africa-press.net\/benin\/#\/schema\/person\/2b1cf3cd81a31e3cd26889ca66d677f1\"},\"headline\":\"Cotonou: l\u2019ancien si\u00e8ge du minist\u00e8re de l\u2019Agriculture ras\u00e9\",\"datePublished\":\"2026-03-15T23:28:47+00:00\",\"dateModified\":\"2026-03-16T00:20:23+00:00\",\"mainEntityOfPage\":{\"@id\":\"https:\/\/www.africa-press.net\/benin\/toutes-les-actualites\/cotonou-lancien-siege-du-ministere-de-lagriculture-rase\"},\"wordCount\":204,\"commentCount\":0,\"image\":{\"@id\":\"https:\/\/www.africa-press.net\/benin\/toutes-les-actualites\/cotonou-lancien-siege-du-ministere-de-lagriculture-rase#primaryimage\"},\"thumbnailUrl\":\"https:\/\/static.africa-press.net\/benin\/sites\/46\/2026\/03\/sm_1773619108.40648.jpg\",\"keywords\":[\"B\u00e9nin\"],\"articleSection\":[\"Communaut\u00e9\",\"Toutes les actualit\u00e9s\"],\"inLanguage\":\"fr-FR\",\"potentialAction\":[{\"@type\":\"CommentAction\",\"name\":\"Comment\",\"target\":[\"https:\/\/www.africa-press.net\/benin\/toutes-les-actualites\/cotonou-lancien-siege-du-ministere-de-lagriculture-rase#respond\"]}]},{\"@type\":\"WebPage\",\"@id\":\"https:\/\/www.africa-press.net\/benin\/toutes-les-actualites\/cotonou-lancien-siege-du-ministere-de-lagriculture-rase\",\"url\":\"https:\/\/www.africa-press.net\/benin\/toutes-les-actualites\/cotonou-lancien-siege-du-ministere-de-lagriculture-rase\",\"name\":\"Cotonou: l\u2019ancien si\u00e8ge du minist\u00e8re de l\u2019Agriculture ras\u00e9 - B\u00e9nin\",\"isPartOf\":{\"@id\":\"https:\/\/www.africa-press.net\/benin\/#website\"},\"primaryImageOfPage\":{\"@id\":\"https:\/\/www.africa-press.net\/benin\/toutes-les-actualites\/cotonou-lancien-siege-du-ministere-de-lagriculture-rase#primaryimage\"},\"image\":{\"@id\":\"https:\/\/www.africa-press.net\/benin\/toutes-les-actualites\/cotonou-lancien-siege-du-ministere-de-lagriculture-rase#primaryimage\"},\"thumbnailUrl\":\"https:\/\/static.africa-press.net\/benin\/sites\/46\/2026\/03\/sm_1773619108.40648.jpg\",\"datePublished\":\"2026-03-15T23:28:47+00:00\",\"dateModified\":\"2026-03-16T00:20:23+00:00\",\"author\":{\"@id\":\"https:\/\/www.africa-press.net\/benin\/#\/schema\/person\/2b1cf3cd81a31e3cd26889ca66d677f1\"},\"description\":\"-article-header-tag\\\"> Africa-Press - Benin. L\u2019ancien sie\u0300ge du Ministe\u0300re de ...\",\"breadcrumb\":{\"@id\":\"https:\/\/www.africa-press.net\/benin\/toutes-les-actualites\/cotonou-lancien-siege-du-ministere-de-lagriculture-rase#breadcrumb\"},\"inLanguage\":\"fr-FR\",\"potentialAction\":[{\"@type\":\"ReadAction\",\"target\":[\"https:\/\/www.africa-press.net\/benin\/toutes-les-actualites\/cotonou-lancien-siege-du-ministere-de-lagriculture-rase\"]}]},{\"@type\":\"ImageObject\",\"inLanguage\":\"fr-FR\",\"@id\":\"https:\/\/www.africa-press.net\/benin\/toutes-les-actualites\/cotonou-lancien-siege-du-ministere-de-lagriculture-rase#primaryimage\",\"url\":\"https:\/\/static.africa-press.net\/benin\/sites\/46\/2026\/03\/sm_1773619108.40648.jpg\",\"contentUrl\":\"https:\/\/static.africa-press.net\/benin\/sites\/46\/2026\/03\/sm_1773619108.40648.jpg\",\"width\":1024,\"height\":585,\"caption\":\"Cotonou: l\u2019ancien si\u00e8ge du minist\u00e8re de l\u2019Agriculture ras\u00e9\"},{\"@type\":\"BreadcrumbList\",\"@id\":\"https:\/\/www.africa-press.net\/benin\/toutes-les-actualites\/cotonou-lancien-siege-du-ministere-de-lagriculture-rase#breadcrumb\",\"itemListElement\":[{\"@type\":\"ListItem\",\"position\":1,\"name\":\"Accueil\",\"item\":\"https:\/\/www.africa-press.net\/benin\/\"},{\"@type\":\"ListItem\",\"position\":2,\"name\":\"Cotonou: l\u2019ancien si\u00e8ge du minist\u00e8re de l\u2019Agriculture ras\u00e9\"}]},{\"@type\":\"WebSite\",\"@id\":\"https:\/\/www.africa-press.net\/benin\/#website\",\"url\":\"https:\/\/www.africa-press.net\/benin\/\",\"name\":\"B\u00e9nin\",\"description\":\"Just another Africa News Agency Sites site\",\"potentialAction\":[{\"@type\":\"SearchAction\",\"target\":{\"@type\":\"EntryPoint\",\"urlTemplate\":\"https:\/\/www.africa-press.net\/benin\/?s={search_term_string}\"},\"query-input\":{\"@type\":\"PropertyValueSpecification\",\"valueRequired\":true,\"valueName\":\"search_term_string\"}}],\"inLanguage\":\"fr-FR\"},{\"@type\":\"Person\",\"@id\":\"https:\/\/www.africa-press.net\/benin\/#\/schema\/person\/2b1cf3cd81a31e3cd26889ca66d677f1\",\"name\":\"cfeditorfr\"}]}<\/script>\n<!-- \/ Yoast SEO Premium plugin. -->","yoast_head_json":{"title":"Cotonou: l\u2019ancien si\u00e8ge du minist\u00e8re de l\u2019Agriculture ras\u00e9 - B\u00e9nin","description":"-article-header-tag\"> Africa-Press - Benin. L\u2019ancien sie\u0300ge du Ministe\u0300re de ...","robots":{"index":"index","follow":"follow","max-snippet":"max-snippet:-1","max-image-preview":"max-image-preview:large","max-video-preview":"max-video-preview:-1"},"canonical":"https:\/\/www.africa-press.net\/benin\/toutes-les-actualites\/cotonou-lancien-siege-du-ministere-de-lagriculture-rase","og_locale":"fr_FR","og_type":"article","og_title":"Cotonou: l\u2019ancien si\u00e8ge du minist\u00e8re de l\u2019Agriculture ras\u00e9","og_description":"-article-header-tag\"> Africa-Press - Benin. L\u2019ancien sie\u0300ge du Ministe\u0300re de ...","og_url":"https:\/\/www.africa-press.net\/benin\/toutes-les-actualites\/cotonou-lancien-siege-du-ministere-de-lagriculture-rase","og_site_name":"B\u00e9nin","article_published_time":"2026-03-15T23:28:47+00:00","article_modified_time":"2026-03-16T00:20:23+00:00","og_image":[{"width":1024,"height":585,"url":"https:\/\/static.africa-press.net\/benin\/sites\/46\/2026\/03\/sm_1773619108.40648.jpg","type":"image\/jpeg"}],"author":"cfeditorfr","twitter_card":"summary_large_image","twitter_misc":{"\u00c9crit par":"cfeditorfr","Dur\u00e9e de lecture estim\u00e9e":"1 minute"},"schema":{"@context":"https:\/\/schema.org","@graph":[{"@type":"Article","@id":"https:\/\/www.africa-press.net\/benin\/toutes-les-actualites\/cotonou-lancien-siege-du-ministere-de-lagriculture-rase#article","isPartOf":{"@id":"https:\/\/www.africa-press.net\/benin\/toutes-les-actualites\/cotonou-lancien-siege-du-ministere-de-lagriculture-rase"},"author":{"name":"cfeditorfr","@id":"https:\/\/www.africa-press.net\/benin\/#\/schema\/person\/2b1cf3cd81a31e3cd26889ca66d677f1"},"headline":"Cotonou: l\u2019ancien si\u00e8ge du minist\u00e8re de l\u2019Agriculture ras\u00e9","datePublished":"2026-03-15T23:28:47+00:00","dateModified":"2026-03-16T00:20:23+00:00","mainEntityOfPage":{"@id":"https:\/\/www.africa-press.net\/benin\/toutes-les-actualites\/cotonou-lancien-siege-du-ministere-de-lagriculture-rase"},"wordCount":204,"commentCount":0,"image":{"@id":"https:\/\/www.africa-press.net\/benin\/toutes-les-actualites\/cotonou-lancien-siege-du-ministere-de-lagriculture-rase#primaryimage"},"thumbnailUrl":"https:\/\/static.africa-press.net\/benin\/sites\/46\/2026\/03\/sm_1773619108.40648.jpg","keywords":["B\u00e9nin"],"articleSection":["Communaut\u00e9","Toutes les actualit\u00e9s"],"inLanguage":"fr-FR","potentialAction":[{"@type":"CommentAction","name":"Comment","target":["https:\/\/www.africa-press.net\/benin\/toutes-les-actualites\/cotonou-lancien-siege-du-ministere-de-lagriculture-rase#respond"]}]},{"@type":"WebPage","@id":"https:\/\/www.africa-press.net\/benin\/toutes-les-actualites\/cotonou-lancien-siege-du-ministere-de-lagriculture-rase","url":"https:\/\/www.africa-press.net\/benin\/toutes-les-actualites\/cotonou-lancien-siege-du-ministere-de-lagriculture-rase","name":"Cotonou: l\u2019ancien si\u00e8ge du minist\u00e8re de l\u2019Agriculture ras\u00e9 - B\u00e9nin","isPartOf":{"@id":"https:\/\/www.africa-press.net\/benin\/#website"},"primaryImageOfPage":{"@id":"https:\/\/www.africa-press.net\/benin\/toutes-les-actualites\/cotonou-lancien-siege-du-ministere-de-lagriculture-rase#primaryimage"},"image":{"@id":"https:\/\/www.africa-press.net\/benin\/toutes-les-actualites\/cotonou-lancien-siege-du-ministere-de-lagriculture-rase#primaryimage"},"thumbnailUrl":"https:\/\/static.africa-press.net\/benin\/sites\/46\/2026\/03\/sm_1773619108.40648.jpg","datePublished":"2026-03-15T23:28:47+00:00","dateModified":"2026-03-16T00:20:23+00:00","author":{"@id":"https:\/\/www.africa-press.net\/benin\/#\/schema\/person\/2b1cf3cd81a31e3cd26889ca66d677f1"},"description":"-article-header-tag\"> Africa-Press - Benin. L\u2019ancien sie\u0300ge du Ministe\u0300re de ...","breadcrumb":{"@id":"https:\/\/www.africa-press.net\/benin\/toutes-les-actualites\/cotonou-lancien-siege-du-ministere-de-lagriculture-rase#breadcrumb"},"inLanguage":"fr-FR","potentialAction":[{"@type":"ReadAction","target":["https:\/\/www.africa-press.net\/benin\/toutes-les-actualites\/cotonou-lancien-siege-du-ministere-de-lagriculture-rase"]}]},{"@type":"ImageObject","inLanguage":"fr-FR","@id":"https:\/\/www.africa-press.net\/benin\/toutes-les-actualites\/cotonou-lancien-siege-du-ministere-de-lagriculture-rase#primaryimage","url":"https:\/\/static.africa-press.net\/benin\/sites\/46\/2026\/03\/sm_1773619108.40648.jpg","contentUrl":"https:\/\/static.africa-press.net\/benin\/sites\/46\/2026\/03\/sm_1773619108.40648.jpg","width":1024,"height":585,"caption":"Cotonou: l\u2019ancien si\u00e8ge du minist\u00e8re de l\u2019Agriculture ras\u00e9"},{"@type":"BreadcrumbList","@id":"https:\/\/www.africa-press.net\/benin\/toutes-les-actualites\/cotonou-lancien-siege-du-ministere-de-lagriculture-rase#breadcrumb","itemListElement":[{"@type":"ListItem","position":1,"name":"Accueil","item":"https:\/\/www.africa-press.net\/benin\/"},{"@type":"ListItem","position":2,"name":"Cotonou: l\u2019ancien si\u00e8ge du minist\u00e8re de l\u2019Agriculture ras\u00e9"}]},{"@type":"WebSite","@id":"https:\/\/www.africa-press.net\/benin\/#website","url":"https:\/\/www.africa-press.net\/benin\/","name":"B\u00e9nin","description":"Just another Africa News Agency Sites site","potentialAction":[{"@type":"SearchAction","target":{"@type":"EntryPoint","urlTemplate":"https:\/\/www.africa-press.net\/benin\/?s={search_term_string}"},"query-input":{"@type":"PropertyValueSpecification","valueRequired":true,"valueName":"search_term_string"}}],"inLanguage":"fr-FR"},{"@type":"Person","@id":"https:\/\/www.africa-press.net\/benin\/#\/schema\/person\/2b1cf3cd81a31e3cd26889ca66d677f1","name":"cfeditorfr"}]}},"_links":{"self":[{"href":"https:\/\/www.africa-press.net\/benin\/wp-json\/wp\/v2\/posts\/54728","targetHints":{"allow":["GET"]}}],"collection":[{"href":"https:\/\/www.africa-press.net\/benin\/wp-json\/wp\/v2\/posts"}],"about":[{"href":"https:\/\/www.africa-press.net\/benin\/wp-json\/wp\/v2\/types\/post"}],"author":[{"embeddable":true,"href":"https:\/\/www.africa-press.net\/benin\/wp-json\/wp\/v2\/users\/82"}],"replies":[{"embeddable":true,"href":"https:\/\/www.africa-press.net\/benin\/wp-json\/wp\/v2\/comments?post=54728"}],"version-history":[{"count":0,"href":"https:\/\/www.africa-press.net\/benin\/wp-json\/wp\/v2\/posts\/54728\/revisions"}],"wp:featuredmedia":[{"embeddable":true,"href":"https:\/\/www.africa-press.net\/benin\/wp-json\/wp\/v2\/media\/54727"}],"wp:attachment":[{"href":"https:\/\/www.africa-press.net\/benin\/wp-json\/wp\/v2\/media?parent=54728"}],"wp:term":[{"taxonomy":"category","embeddable":true,"href":"https:\/\/www.africa-press.net\/benin\/wp-json\/wp\/v2\/categories?post=54728"},{"taxonomy":"post_tag","embeddable":true,"href":"https:\/\/www.africa-press.net\/benin\/wp-json\/wp\/v2\/tags?post=54728"}],"curies":[{"name":"wp","href":"https:\/\/api.w.org\/{rel}","templated":true}]}}