{"id":54730,"date":"2026-03-15T23:28:58","date_gmt":"2026-03-15T23:28:58","guid":{"rendered":"https:\/\/www.africa-press.net\/benin\/politique\/mobilisation-citoyenne-pour-wadagni-et-talata-a-ouidah"},"modified":"2026-03-16T00:21:17","modified_gmt":"2026-03-16T00:21:17","slug":"mobilisation-citoyenne-pour-wadagni-et-talata-a-ouidah","status":"publish","type":"post","link":"https:\/\/www.africa-press.net\/benin\/toutes-les-actualites\/mobilisation-citoyenne-pour-wadagni-et-talata-a-ouidah","title":{"rendered":"Mobilisation Citoyenne pour Wadagni et Talata \u00e0 Ouidah"},"content":{"rendered":"<p><span class=\"ap-article-header-tag\"> <strong>Africa-Press &#8211; Benin. <\/strong> <\/span>Re\u0301unis ce samedi 14 mars au Centre Festy Land de Vasseho a\u0300 Ouidah, responsables locaux, acteurs associatifs et repre\u0301sentants de la jeunesse ont lance\u0301 un appel a\u0300 l\u2019unite\u0301 et a\u0300 la mobilisation citoyenne a\u0300 l\u2019approche de la pre\u0301sidentielle du 12 avril 2026. Porte\u0301e par la plateforme Be\u0301nin Uni et Solidaire (BUS), la rencontre a e\u0301galement e\u0301te\u0301 marque\u0301e par des prises de position en faveur du duo Romuald Wadagni \u2013 Mariam Chabi Talata, pre\u0301sente\u0301 comme porteur de l\u2019avenir du pays.<\/p>\n<p>A\u0300 l\u2019approche de l\u2019e\u0301lection pre\u0301sidentielle du 12 avril 2026, plusieurs responsables politiques, associatifs et repre\u0301sentants de la socie\u0301te\u0301 civile se sont re\u0301unis ce samedi a\u0300 Ouidah autour de la plateforme Be\u0301nin Uni et Solidaire (BUS). Organise\u0301e sur le site du Centre Festy Land a\u0300 Vasseho, la rencontre avait pour objectif principal d\u2019encourager la mobilisation citoyenne et de promouvoir l\u2019unite\u0301 a\u0300 l\u2019approche du scrutin.<\/p>\n<p>Responsable de la coordination communale de la plateforme Be\u0301nin Uni et Solidaire a\u0300 Ouidah, Codo Pamphile a rappele\u0301 l\u2019esprit de l\u2019initiative: \u00ab Je tiens a\u0300 vous rassurer: nous ne vous avons pas invite\u0301s pour vous faire adhe\u0301rer a\u0300 une quelconque formation politique. Cette rencontre n\u2019a pas non plus pour ambition de vous faire assister a\u0300 la cre\u0301ation d\u2019un nouveau parti politique. \u00bb Selon lui, l\u2019objectif est pluto\u0302t de \u00ab partager quelques actions citoyennes visant a\u0300 accompagner l\u2019e\u0301lection pre\u0301sidentielle du 12 avril prochain \u00bb.<\/p>\n<p>Le responsable local a notamment mis en garde contre la baisse de la participation e\u0301lectorale: \u00ab Les donne\u0301es empiriques issues des e\u0301lections organise\u0301es ces dernie\u0300res anne\u0301es dans notre pays re\u0301ve\u0300lent une constante: les Be\u0301ninoises et les Be\u0301ninois manifestent de plus en plus de re\u0301ticence a\u0300 se rendre dans les bureaux de vote. \u00bb Une situation qui, selon lui, ne\u0301cessite une re\u0301action collective. Citant l\u2019ancien pre\u0301sident ame\u0301ricain John Kennedy, il a rappele\u0301: \u00ab Ne demande pas ce que ton pays peut faire pour toi, mais demande pluto\u0302t ce que tu peux faire pour ton pays. \u00bb<\/p>\n<p>Le secre\u0301taire ge\u0301ne\u0301ral de l\u2019Union Ge\u0301ne\u0301rale pour le De\u0301veloppement de la commune de Ouidah (UGDO), Dr Victor Gbedo, a lui aussi insiste\u0301 sur l\u2019importance de la mobilisation citoyenne. \u00ab On ne peut contribuer a\u0300 la vie de\u0301mocratique sans exprimer son vote, sans accomplir ce geste citoyen qui consiste a\u0300 choisir les dirigeants de notre pays. \u00bb Il a ainsi appele\u0301 a\u0300 faire de la ville un exemple de participation: \u00ab Le 12 avril prochain, Ouidah doit se distinguer par une participation massive de ses filles et de ses fils aux urnes. \u00bb<\/p>\n<p>Au nom de la jeunesse, Gaston Atinde\u0301hou a exprime\u0301 un soutien clair au duo Wadagni \u2013 Talata. \u00ab Aujourd\u2019hui, nous nous rassemblons pour exprimer notre soutien inde\u0301fectible au duo Romuald Wadagni \u2013 Mariam Chabi Talata \u00bb, a-t-il de\u0301clare\u0301, estimant que ce tandem \u00ab incarne l\u2019avenir et le de\u0301veloppement de notre pays \u00bb. Coordonnateur national du BUS, Christian Yenoussi, a salue\u0301 l\u2019unite\u0301 affiche\u0301e par les participants. \u00ab Ouidah est une ville historique, une cite\u0301 ou\u0300 cohabitent de nombreuses traditions, ethnies et religions. \u00bb<\/p>\n<p>Pour lui, le rassemblement constitue \u00ab une ve\u0301ritable de\u0301monstration d\u2019unite\u0301 \u00bb, preuve que la ville \u00ab demeure profonde\u0301ment unie \u00bb. A\u0300 travers cette rencontre, les organisateurs espe\u0300rent ainsi susciter une mobilisation accrue des citoyens de Ouidah et, au-dela\u0300, contribuer a\u0300 renforcer la participation e\u0301lectorale lors de la prochaine pre\u0301sidentielle.<\/p>\n<p class=\"ap-article-footer-note\">Retrouvez plus d\u2019actualit\u00e9s et d\u2019analyses sur <span class=\"ap-highlight-country\">Benin<\/span> sur le site <span class=\"ap-highlight-brand\">Africa Press<\/span><\/p>\n","protected":false},"excerpt":{"rendered":"<p>Africa-Press &#8211; Benin. Re\u0301unis ce samedi 14 mars au Centre Festy Land de Vasseho a\u0300 Ouidah, responsables locaux, acteurs associatifs et repre\u0301sentants de la jeunesse ont lance\u0301 un appel a\u0300 l\u2019unite\u0301 et a\u0300 la mobilisation citoyenne a\u0300 l\u2019approche de la pre\u0301sidentielle du 12 avril 2026. Porte\u0301e par la plateforme Be\u0301nin Uni et Solidaire (BUS), la [&hellip;]<\/p>\n","protected":false},"author":82,"featured_media":54729,"comment_status":"open","ping_status":"closed","sticky":false,"template":"","format":"standard","meta":{"footnotes":""},"categories":[21,10],"tags":[45],"class_list":["post-54730","post","type-post","status-publish","format-standard","has-post-thumbnail","hentry","category-communaute","category-toutes-les-actualites","tag-benin"],"yoast_head":"<!-- This site is optimized with the Yoast SEO Premium plugin v26.1 (Yoast SEO v27.0) - https:\/\/yoast.com\/product\/yoast-seo-premium-wordpress\/ -->\n<title>Mobilisation Citoyenne pour Wadagni et Talata \u00e0 Ouidah - B\u00e9nin<\/title>\n<meta name=\"description\" content=\"-article-header-tag&quot;&gt; Africa-Press - Benin. Re\u0301unis ce samedi 14 mars au Cent ...\" \/>\n<meta name=\"robots\" content=\"index, follow, max-snippet:-1, max-image-preview:large, max-video-preview:-1\" \/>\n<link rel=\"canonical\" href=\"https:\/\/www.africa-press.net\/benin\/toutes-les-actualites\/mobilisation-citoyenne-pour-wadagni-et-talata-a-ouidah\" \/>\n<meta property=\"og:locale\" content=\"fr_FR\" \/>\n<meta property=\"og:type\" content=\"article\" \/>\n<meta property=\"og:title\" content=\"Mobilisation Citoyenne pour Wadagni et Talata \u00e0 Ouidah\" \/>\n<meta property=\"og:description\" content=\"-article-header-tag&quot;&gt; Africa-Press - Benin. Re\u0301unis ce samedi 14 mars au Cent ...\" \/>\n<meta property=\"og:url\" content=\"https:\/\/www.africa-press.net\/benin\/toutes-les-actualites\/mobilisation-citoyenne-pour-wadagni-et-talata-a-ouidah\" \/>\n<meta property=\"og:site_name\" content=\"B\u00e9nin\" \/>\n<meta property=\"article:published_time\" content=\"2026-03-15T23:28:58+00:00\" \/>\n<meta property=\"article:modified_time\" content=\"2026-03-16T00:21:17+00:00\" \/>\n<meta property=\"og:image\" content=\"https:\/\/static.africa-press.net\/benin\/sites\/46\/2026\/03\/sm_1773619129.90678.jpg\" \/>\n\t<meta property=\"og:image:width\" content=\"1200\" \/>\n\t<meta property=\"og:image:height\" content=\"794\" \/>\n\t<meta property=\"og:image:type\" content=\"image\/jpeg\" \/>\n<meta name=\"author\" content=\"cfeditorfr\" \/>\n<meta name=\"twitter:card\" content=\"summary_large_image\" \/>\n<meta name=\"twitter:label1\" content=\"\u00c9crit par\" \/>\n\t<meta name=\"twitter:data1\" content=\"cfeditorfr\" \/>\n\t<meta name=\"twitter:label2\" content=\"Dur\u00e9e de lecture estim\u00e9e\" \/>\n\t<meta name=\"twitter:data2\" content=\"3 minutes\" \/>\n<script type=\"application\/ld+json\" class=\"yoast-schema-graph\">{\"@context\":\"https:\/\/schema.org\",\"@graph\":[{\"@type\":\"Article\",\"@id\":\"https:\/\/www.africa-press.net\/benin\/toutes-les-actualites\/mobilisation-citoyenne-pour-wadagni-et-talata-a-ouidah#article\",\"isPartOf\":{\"@id\":\"https:\/\/www.africa-press.net\/benin\/toutes-les-actualites\/mobilisation-citoyenne-pour-wadagni-et-talata-a-ouidah\"},\"author\":{\"name\":\"cfeditorfr\",\"@id\":\"https:\/\/www.africa-press.net\/benin\/#\/schema\/person\/2b1cf3cd81a31e3cd26889ca66d677f1\"},\"headline\":\"Mobilisation Citoyenne pour Wadagni et Talata \u00e0 Ouidah\",\"datePublished\":\"2026-03-15T23:28:58+00:00\",\"dateModified\":\"2026-03-16T00:21:17+00:00\",\"mainEntityOfPage\":{\"@id\":\"https:\/\/www.africa-press.net\/benin\/toutes-les-actualites\/mobilisation-citoyenne-pour-wadagni-et-talata-a-ouidah\"},\"wordCount\":614,\"commentCount\":0,\"image\":{\"@id\":\"https:\/\/www.africa-press.net\/benin\/toutes-les-actualites\/mobilisation-citoyenne-pour-wadagni-et-talata-a-ouidah#primaryimage\"},\"thumbnailUrl\":\"https:\/\/static.africa-press.net\/benin\/sites\/46\/2026\/03\/sm_1773619129.90678.jpg\",\"keywords\":[\"B\u00e9nin\"],\"articleSection\":[\"Communaut\u00e9\",\"Toutes les actualit\u00e9s\"],\"inLanguage\":\"fr-FR\",\"potentialAction\":[{\"@type\":\"CommentAction\",\"name\":\"Comment\",\"target\":[\"https:\/\/www.africa-press.net\/benin\/toutes-les-actualites\/mobilisation-citoyenne-pour-wadagni-et-talata-a-ouidah#respond\"]}]},{\"@type\":\"WebPage\",\"@id\":\"https:\/\/www.africa-press.net\/benin\/toutes-les-actualites\/mobilisation-citoyenne-pour-wadagni-et-talata-a-ouidah\",\"url\":\"https:\/\/www.africa-press.net\/benin\/toutes-les-actualites\/mobilisation-citoyenne-pour-wadagni-et-talata-a-ouidah\",\"name\":\"Mobilisation Citoyenne pour Wadagni et Talata \u00e0 Ouidah - B\u00e9nin\",\"isPartOf\":{\"@id\":\"https:\/\/www.africa-press.net\/benin\/#website\"},\"primaryImageOfPage\":{\"@id\":\"https:\/\/www.africa-press.net\/benin\/toutes-les-actualites\/mobilisation-citoyenne-pour-wadagni-et-talata-a-ouidah#primaryimage\"},\"image\":{\"@id\":\"https:\/\/www.africa-press.net\/benin\/toutes-les-actualites\/mobilisation-citoyenne-pour-wadagni-et-talata-a-ouidah#primaryimage\"},\"thumbnailUrl\":\"https:\/\/static.africa-press.net\/benin\/sites\/46\/2026\/03\/sm_1773619129.90678.jpg\",\"datePublished\":\"2026-03-15T23:28:58+00:00\",\"dateModified\":\"2026-03-16T00:21:17+00:00\",\"author\":{\"@id\":\"https:\/\/www.africa-press.net\/benin\/#\/schema\/person\/2b1cf3cd81a31e3cd26889ca66d677f1\"},\"description\":\"-article-header-tag\\\"> Africa-Press - Benin. Re\u0301unis ce samedi 14 mars au Cent ...\",\"breadcrumb\":{\"@id\":\"https:\/\/www.africa-press.net\/benin\/toutes-les-actualites\/mobilisation-citoyenne-pour-wadagni-et-talata-a-ouidah#breadcrumb\"},\"inLanguage\":\"fr-FR\",\"potentialAction\":[{\"@type\":\"ReadAction\",\"target\":[\"https:\/\/www.africa-press.net\/benin\/toutes-les-actualites\/mobilisation-citoyenne-pour-wadagni-et-talata-a-ouidah\"]}]},{\"@type\":\"ImageObject\",\"inLanguage\":\"fr-FR\",\"@id\":\"https:\/\/www.africa-press.net\/benin\/toutes-les-actualites\/mobilisation-citoyenne-pour-wadagni-et-talata-a-ouidah#primaryimage\",\"url\":\"https:\/\/static.africa-press.net\/benin\/sites\/46\/2026\/03\/sm_1773619129.90678.jpg\",\"contentUrl\":\"https:\/\/static.africa-press.net\/benin\/sites\/46\/2026\/03\/sm_1773619129.90678.jpg\",\"width\":1200,\"height\":794,\"caption\":\"Mobilisation Citoyenne pour Wadagni et Talata \u00e0 Ouidah\"},{\"@type\":\"BreadcrumbList\",\"@id\":\"https:\/\/www.africa-press.net\/benin\/toutes-les-actualites\/mobilisation-citoyenne-pour-wadagni-et-talata-a-ouidah#breadcrumb\",\"itemListElement\":[{\"@type\":\"ListItem\",\"position\":1,\"name\":\"Accueil\",\"item\":\"https:\/\/www.africa-press.net\/benin\/\"},{\"@type\":\"ListItem\",\"position\":2,\"name\":\"Mobilisation Citoyenne pour Wadagni et Talata \u00e0 Ouidah\"}]},{\"@type\":\"WebSite\",\"@id\":\"https:\/\/www.africa-press.net\/benin\/#website\",\"url\":\"https:\/\/www.africa-press.net\/benin\/\",\"name\":\"B\u00e9nin\",\"description\":\"Just another Africa News Agency Sites site\",\"potentialAction\":[{\"@type\":\"SearchAction\",\"target\":{\"@type\":\"EntryPoint\",\"urlTemplate\":\"https:\/\/www.africa-press.net\/benin\/?s={search_term_string}\"},\"query-input\":{\"@type\":\"PropertyValueSpecification\",\"valueRequired\":true,\"valueName\":\"search_term_string\"}}],\"inLanguage\":\"fr-FR\"},{\"@type\":\"Person\",\"@id\":\"https:\/\/www.africa-press.net\/benin\/#\/schema\/person\/2b1cf3cd81a31e3cd26889ca66d677f1\",\"name\":\"cfeditorfr\"}]}<\/script>\n<!-- \/ Yoast SEO Premium plugin. -->","yoast_head_json":{"title":"Mobilisation Citoyenne pour Wadagni et Talata \u00e0 Ouidah - B\u00e9nin","description":"-article-header-tag\"> Africa-Press - Benin. Re\u0301unis ce samedi 14 mars au Cent ...","robots":{"index":"index","follow":"follow","max-snippet":"max-snippet:-1","max-image-preview":"max-image-preview:large","max-video-preview":"max-video-preview:-1"},"canonical":"https:\/\/www.africa-press.net\/benin\/toutes-les-actualites\/mobilisation-citoyenne-pour-wadagni-et-talata-a-ouidah","og_locale":"fr_FR","og_type":"article","og_title":"Mobilisation Citoyenne pour Wadagni et Talata \u00e0 Ouidah","og_description":"-article-header-tag\"> Africa-Press - Benin. Re\u0301unis ce samedi 14 mars au Cent ...","og_url":"https:\/\/www.africa-press.net\/benin\/toutes-les-actualites\/mobilisation-citoyenne-pour-wadagni-et-talata-a-ouidah","og_site_name":"B\u00e9nin","article_published_time":"2026-03-15T23:28:58+00:00","article_modified_time":"2026-03-16T00:21:17+00:00","og_image":[{"width":1200,"height":794,"url":"https:\/\/static.africa-press.net\/benin\/sites\/46\/2026\/03\/sm_1773619129.90678.jpg","type":"image\/jpeg"}],"author":"cfeditorfr","twitter_card":"summary_large_image","twitter_misc":{"\u00c9crit par":"cfeditorfr","Dur\u00e9e de lecture estim\u00e9e":"3 minutes"},"schema":{"@context":"https:\/\/schema.org","@graph":[{"@type":"Article","@id":"https:\/\/www.africa-press.net\/benin\/toutes-les-actualites\/mobilisation-citoyenne-pour-wadagni-et-talata-a-ouidah#article","isPartOf":{"@id":"https:\/\/www.africa-press.net\/benin\/toutes-les-actualites\/mobilisation-citoyenne-pour-wadagni-et-talata-a-ouidah"},"author":{"name":"cfeditorfr","@id":"https:\/\/www.africa-press.net\/benin\/#\/schema\/person\/2b1cf3cd81a31e3cd26889ca66d677f1"},"headline":"Mobilisation Citoyenne pour Wadagni et Talata \u00e0 Ouidah","datePublished":"2026-03-15T23:28:58+00:00","dateModified":"2026-03-16T00:21:17+00:00","mainEntityOfPage":{"@id":"https:\/\/www.africa-press.net\/benin\/toutes-les-actualites\/mobilisation-citoyenne-pour-wadagni-et-talata-a-ouidah"},"wordCount":614,"commentCount":0,"image":{"@id":"https:\/\/www.africa-press.net\/benin\/toutes-les-actualites\/mobilisation-citoyenne-pour-wadagni-et-talata-a-ouidah#primaryimage"},"thumbnailUrl":"https:\/\/static.africa-press.net\/benin\/sites\/46\/2026\/03\/sm_1773619129.90678.jpg","keywords":["B\u00e9nin"],"articleSection":["Communaut\u00e9","Toutes les actualit\u00e9s"],"inLanguage":"fr-FR","potentialAction":[{"@type":"CommentAction","name":"Comment","target":["https:\/\/www.africa-press.net\/benin\/toutes-les-actualites\/mobilisation-citoyenne-pour-wadagni-et-talata-a-ouidah#respond"]}]},{"@type":"WebPage","@id":"https:\/\/www.africa-press.net\/benin\/toutes-les-actualites\/mobilisation-citoyenne-pour-wadagni-et-talata-a-ouidah","url":"https:\/\/www.africa-press.net\/benin\/toutes-les-actualites\/mobilisation-citoyenne-pour-wadagni-et-talata-a-ouidah","name":"Mobilisation Citoyenne pour Wadagni et Talata \u00e0 Ouidah - B\u00e9nin","isPartOf":{"@id":"https:\/\/www.africa-press.net\/benin\/#website"},"primaryImageOfPage":{"@id":"https:\/\/www.africa-press.net\/benin\/toutes-les-actualites\/mobilisation-citoyenne-pour-wadagni-et-talata-a-ouidah#primaryimage"},"image":{"@id":"https:\/\/www.africa-press.net\/benin\/toutes-les-actualites\/mobilisation-citoyenne-pour-wadagni-et-talata-a-ouidah#primaryimage"},"thumbnailUrl":"https:\/\/static.africa-press.net\/benin\/sites\/46\/2026\/03\/sm_1773619129.90678.jpg","datePublished":"2026-03-15T23:28:58+00:00","dateModified":"2026-03-16T00:21:17+00:00","author":{"@id":"https:\/\/www.africa-press.net\/benin\/#\/schema\/person\/2b1cf3cd81a31e3cd26889ca66d677f1"},"description":"-article-header-tag\"> Africa-Press - Benin. Re\u0301unis ce samedi 14 mars au Cent ...","breadcrumb":{"@id":"https:\/\/www.africa-press.net\/benin\/toutes-les-actualites\/mobilisation-citoyenne-pour-wadagni-et-talata-a-ouidah#breadcrumb"},"inLanguage":"fr-FR","potentialAction":[{"@type":"ReadAction","target":["https:\/\/www.africa-press.net\/benin\/toutes-les-actualites\/mobilisation-citoyenne-pour-wadagni-et-talata-a-ouidah"]}]},{"@type":"ImageObject","inLanguage":"fr-FR","@id":"https:\/\/www.africa-press.net\/benin\/toutes-les-actualites\/mobilisation-citoyenne-pour-wadagni-et-talata-a-ouidah#primaryimage","url":"https:\/\/static.africa-press.net\/benin\/sites\/46\/2026\/03\/sm_1773619129.90678.jpg","contentUrl":"https:\/\/static.africa-press.net\/benin\/sites\/46\/2026\/03\/sm_1773619129.90678.jpg","width":1200,"height":794,"caption":"Mobilisation Citoyenne pour Wadagni et Talata \u00e0 Ouidah"},{"@type":"BreadcrumbList","@id":"https:\/\/www.africa-press.net\/benin\/toutes-les-actualites\/mobilisation-citoyenne-pour-wadagni-et-talata-a-ouidah#breadcrumb","itemListElement":[{"@type":"ListItem","position":1,"name":"Accueil","item":"https:\/\/www.africa-press.net\/benin\/"},{"@type":"ListItem","position":2,"name":"Mobilisation Citoyenne pour Wadagni et Talata \u00e0 Ouidah"}]},{"@type":"WebSite","@id":"https:\/\/www.africa-press.net\/benin\/#website","url":"https:\/\/www.africa-press.net\/benin\/","name":"B\u00e9nin","description":"Just another Africa News Agency Sites site","potentialAction":[{"@type":"SearchAction","target":{"@type":"EntryPoint","urlTemplate":"https:\/\/www.africa-press.net\/benin\/?s={search_term_string}"},"query-input":{"@type":"PropertyValueSpecification","valueRequired":true,"valueName":"search_term_string"}}],"inLanguage":"fr-FR"},{"@type":"Person","@id":"https:\/\/www.africa-press.net\/benin\/#\/schema\/person\/2b1cf3cd81a31e3cd26889ca66d677f1","name":"cfeditorfr"}]}},"_links":{"self":[{"href":"https:\/\/www.africa-press.net\/benin\/wp-json\/wp\/v2\/posts\/54730","targetHints":{"allow":["GET"]}}],"collection":[{"href":"https:\/\/www.africa-press.net\/benin\/wp-json\/wp\/v2\/posts"}],"about":[{"href":"https:\/\/www.africa-press.net\/benin\/wp-json\/wp\/v2\/types\/post"}],"author":[{"embeddable":true,"href":"https:\/\/www.africa-press.net\/benin\/wp-json\/wp\/v2\/users\/82"}],"replies":[{"embeddable":true,"href":"https:\/\/www.africa-press.net\/benin\/wp-json\/wp\/v2\/comments?post=54730"}],"version-history":[{"count":0,"href":"https:\/\/www.africa-press.net\/benin\/wp-json\/wp\/v2\/posts\/54730\/revisions"}],"wp:featuredmedia":[{"embeddable":true,"href":"https:\/\/www.africa-press.net\/benin\/wp-json\/wp\/v2\/media\/54729"}],"wp:attachment":[{"href":"https:\/\/www.africa-press.net\/benin\/wp-json\/wp\/v2\/media?parent=54730"}],"wp:term":[{"taxonomy":"category","embeddable":true,"href":"https:\/\/www.africa-press.net\/benin\/wp-json\/wp\/v2\/categories?post=54730"},{"taxonomy":"post_tag","embeddable":true,"href":"https:\/\/www.africa-press.net\/benin\/wp-json\/wp\/v2\/tags?post=54730"}],"curies":[{"name":"wp","href":"https:\/\/api.w.org\/{rel}","templated":true}]}}