{"id":54791,"date":"2026-03-18T22:53:14","date_gmt":"2026-03-18T22:53:14","guid":{"rendered":"https:\/\/www.africa-press.net\/benin\/politique\/prison-et-amende-requises-contre-julien-kande-kansou"},"modified":"2026-03-19T00:07:04","modified_gmt":"2026-03-19T00:07:04","slug":"prison-et-amende-requises-contre-julien-kande-kansou","status":"publish","type":"post","link":"https:\/\/www.africa-press.net\/benin\/politique\/prison-et-amende-requises-contre-julien-kande-kansou","title":{"rendered":"Prison et amende requises contre Julien Kand\u00e9 Kansou"},"content":{"rendered":"<p><span class=\"ap-article-header-tag\"> <strong>Africa-Press &#8211; Benin. <\/strong> <\/span>Le proce\u0300s de Julien Kande\u0301 Kansou, membre de la cellule de communication du parti Les De\u0301mocrates, s\u2019est poursuivi ce mardi 17 mars 2026 devant la Cour de re\u0301pression des infractions e\u0301conomiques et du terrorisme.<\/p>\n<p>Le ministe\u0300re public a requis contre le pre\u0301venu une peine de deux ans d\u2019emprisonnement ferme, assortie d\u2019une amende de 10 millions de francs CFA. Julien Kande\u0301 Kansou est poursuivi pour harce\u0300lement par le biais d\u2019un syste\u0300me e\u0301lectronique et incitation a\u0300 la re\u0301bellion. Lors des audiences pre\u0301ce\u0301dentes, il avait plaide\u0301 non coupable.<\/p>\n<p>A\u0300 l\u2019ouverture de l\u2019audience, le parquet a demande\u0301 a\u0300 la Cour de retenir le pre\u0301venu dans les liens de la pre\u0301vention. Selon l\u2019accusation, il lui est reproche\u0301 d\u2019avoir tenu des propos critiques a\u0300 l\u2019encontre d\u2019un ministre du gouvernement, a\u0300 la suite d\u2019une proposition relative a\u0300 l\u2019instauration de taxes sur la connexion Internet.<\/p>\n<p>En re\u0301ponse aux re\u0301quisitions, la de\u0301fense, assure\u0301e par Barnabe\u0301 Gbago et Augustin Aballo, a sollicite\u0301 la relaxe pure et simple de leur client. Les avocats ont soutenu que les prises de position de Julien Kande\u0301 Kansou rele\u0300vent du de\u0301bat de\u0301mocratique, invoquant les dispositions de la loi portant statut de l\u2019opposition au Be\u0301nin, qui consacrent le droit de critiquer l\u2019action gouvernementale.<\/p>\n<p>Prenant la parole en dernier, le pre\u0301venu a rappele\u0301 qu\u2019il a de\u0301ja\u0300 passe\u0301 neuf mois en de\u0301tention provisoire et a exprime\u0301 la difficulte\u0301 de cette situation pour lui et sa famille.<\/p>\n<p>Le de\u0301libe\u0301re\u0301 de la Cour est attendu pour le 28 avril 2026.<\/p>\n<p class=\"ap-article-footer-note\">Retrouvez plus d\u2019actualit\u00e9s et d\u2019analyses sur <span class=\"ap-highlight-country\">Benin<\/span> sur le site <span class=\"ap-highlight-brand\">Africa Press<\/span><\/p>\n","protected":false},"excerpt":{"rendered":"<p>Africa-Press &#8211; Benin. Le proce\u0300s de Julien Kande\u0301 Kansou, membre de la cellule de communication du parti Les De\u0301mocrates, s\u2019est poursuivi ce mardi 17 mars 2026 devant la Cour de re\u0301pression des infractions e\u0301conomiques et du terrorisme. Le ministe\u0300re public a requis contre le pre\u0301venu une peine de deux ans d\u2019emprisonnement ferme, assortie d\u2019une amende [&hellip;]<\/p>\n","protected":false},"author":82,"featured_media":54790,"comment_status":"open","ping_status":"closed","sticky":false,"template":"","format":"standard","meta":{"footnotes":""},"categories":[4,2,10],"tags":[45],"class_list":["post-54791","post","type-post","status-publish","format-standard","has-post-thumbnail","hentry","category-parties","category-politique","category-toutes-les-actualites","tag-benin"],"yoast_head":"<!-- This site is optimized with the Yoast SEO Premium plugin v26.1 (Yoast SEO v27.0) - https:\/\/yoast.com\/product\/yoast-seo-premium-wordpress\/ -->\n<title>Prison et amende requises contre Julien Kand\u00e9 Kansou - B\u00e9nin<\/title>\n<meta name=\"description\" content=\"-article-header-tag&quot;&gt; Africa-Press - Benin. Le proce\u0300s de Julien Kande\u0301 Kanso ...\" \/>\n<meta name=\"robots\" content=\"index, follow, max-snippet:-1, max-image-preview:large, max-video-preview:-1\" \/>\n<link rel=\"canonical\" href=\"https:\/\/www.africa-press.net\/benin\/politique\/prison-et-amende-requises-contre-julien-kande-kansou\" \/>\n<meta property=\"og:locale\" content=\"fr_FR\" \/>\n<meta property=\"og:type\" content=\"article\" \/>\n<meta property=\"og:title\" content=\"Prison et amende requises contre Julien Kand\u00e9 Kansou\" \/>\n<meta property=\"og:description\" content=\"-article-header-tag&quot;&gt; Africa-Press - Benin. Le proce\u0300s de Julien Kande\u0301 Kanso ...\" \/>\n<meta property=\"og:url\" content=\"https:\/\/www.africa-press.net\/benin\/politique\/prison-et-amende-requises-contre-julien-kande-kansou\" \/>\n<meta property=\"og:site_name\" content=\"B\u00e9nin\" \/>\n<meta property=\"article:published_time\" content=\"2026-03-18T22:53:14+00:00\" \/>\n<meta property=\"article:modified_time\" content=\"2026-03-19T00:07:04+00:00\" \/>\n<meta property=\"og:image\" content=\"https:\/\/static.africa-press.net\/benin\/sites\/46\/2026\/03\/sm_1773877744.557721.jpg\" \/>\n\t<meta property=\"og:image:width\" content=\"1324\" \/>\n\t<meta property=\"og:image:height\" content=\"883\" \/>\n\t<meta property=\"og:image:type\" content=\"image\/jpeg\" \/>\n<meta name=\"author\" content=\"cfeditorfr\" \/>\n<meta name=\"twitter:card\" content=\"summary_large_image\" \/>\n<meta name=\"twitter:label1\" content=\"\u00c9crit par\" \/>\n\t<meta name=\"twitter:data1\" content=\"cfeditorfr\" \/>\n\t<meta name=\"twitter:label2\" content=\"Dur\u00e9e de lecture estim\u00e9e\" \/>\n\t<meta name=\"twitter:data2\" content=\"2 minutes\" \/>\n<script type=\"application\/ld+json\" class=\"yoast-schema-graph\">{\"@context\":\"https:\/\/schema.org\",\"@graph\":[{\"@type\":\"Article\",\"@id\":\"https:\/\/www.africa-press.net\/benin\/politique\/prison-et-amende-requises-contre-julien-kande-kansou#article\",\"isPartOf\":{\"@id\":\"https:\/\/www.africa-press.net\/benin\/politique\/prison-et-amende-requises-contre-julien-kande-kansou\"},\"author\":{\"name\":\"cfeditorfr\",\"@id\":\"https:\/\/www.africa-press.net\/benin\/#\/schema\/person\/2b1cf3cd81a31e3cd26889ca66d677f1\"},\"headline\":\"Prison et amende requises contre Julien Kand\u00e9 Kansou\",\"datePublished\":\"2026-03-18T22:53:14+00:00\",\"dateModified\":\"2026-03-19T00:07:04+00:00\",\"mainEntityOfPage\":{\"@id\":\"https:\/\/www.africa-press.net\/benin\/politique\/prison-et-amende-requises-contre-julien-kande-kansou\"},\"wordCount\":303,\"commentCount\":0,\"image\":{\"@id\":\"https:\/\/www.africa-press.net\/benin\/politique\/prison-et-amende-requises-contre-julien-kande-kansou#primaryimage\"},\"thumbnailUrl\":\"https:\/\/static.africa-press.net\/benin\/sites\/46\/2026\/03\/sm_1773877744.557721.jpg\",\"keywords\":[\"B\u00e9nin\"],\"articleSection\":[\"Parties\",\"Politique\",\"Toutes les actualit\u00e9s\"],\"inLanguage\":\"fr-FR\",\"potentialAction\":[{\"@type\":\"CommentAction\",\"name\":\"Comment\",\"target\":[\"https:\/\/www.africa-press.net\/benin\/politique\/prison-et-amende-requises-contre-julien-kande-kansou#respond\"]}]},{\"@type\":\"WebPage\",\"@id\":\"https:\/\/www.africa-press.net\/benin\/politique\/prison-et-amende-requises-contre-julien-kande-kansou\",\"url\":\"https:\/\/www.africa-press.net\/benin\/politique\/prison-et-amende-requises-contre-julien-kande-kansou\",\"name\":\"Prison et amende requises contre Julien Kand\u00e9 Kansou - B\u00e9nin\",\"isPartOf\":{\"@id\":\"https:\/\/www.africa-press.net\/benin\/#website\"},\"primaryImageOfPage\":{\"@id\":\"https:\/\/www.africa-press.net\/benin\/politique\/prison-et-amende-requises-contre-julien-kande-kansou#primaryimage\"},\"image\":{\"@id\":\"https:\/\/www.africa-press.net\/benin\/politique\/prison-et-amende-requises-contre-julien-kande-kansou#primaryimage\"},\"thumbnailUrl\":\"https:\/\/static.africa-press.net\/benin\/sites\/46\/2026\/03\/sm_1773877744.557721.jpg\",\"datePublished\":\"2026-03-18T22:53:14+00:00\",\"dateModified\":\"2026-03-19T00:07:04+00:00\",\"author\":{\"@id\":\"https:\/\/www.africa-press.net\/benin\/#\/schema\/person\/2b1cf3cd81a31e3cd26889ca66d677f1\"},\"description\":\"-article-header-tag\\\"> Africa-Press - Benin. Le proce\u0300s de Julien Kande\u0301 Kanso ...\",\"breadcrumb\":{\"@id\":\"https:\/\/www.africa-press.net\/benin\/politique\/prison-et-amende-requises-contre-julien-kande-kansou#breadcrumb\"},\"inLanguage\":\"fr-FR\",\"potentialAction\":[{\"@type\":\"ReadAction\",\"target\":[\"https:\/\/www.africa-press.net\/benin\/politique\/prison-et-amende-requises-contre-julien-kande-kansou\"]}]},{\"@type\":\"ImageObject\",\"inLanguage\":\"fr-FR\",\"@id\":\"https:\/\/www.africa-press.net\/benin\/politique\/prison-et-amende-requises-contre-julien-kande-kansou#primaryimage\",\"url\":\"https:\/\/static.africa-press.net\/benin\/sites\/46\/2026\/03\/sm_1773877744.557721.jpg\",\"contentUrl\":\"https:\/\/static.africa-press.net\/benin\/sites\/46\/2026\/03\/sm_1773877744.557721.jpg\",\"width\":1324,\"height\":883,\"caption\":\"Prison et amende requises contre Julien Kand\u00e9 Kansou\"},{\"@type\":\"BreadcrumbList\",\"@id\":\"https:\/\/www.africa-press.net\/benin\/politique\/prison-et-amende-requises-contre-julien-kande-kansou#breadcrumb\",\"itemListElement\":[{\"@type\":\"ListItem\",\"position\":1,\"name\":\"Accueil\",\"item\":\"https:\/\/www.africa-press.net\/benin\/\"},{\"@type\":\"ListItem\",\"position\":2,\"name\":\"Prison et amende requises contre Julien Kand\u00e9 Kansou\"}]},{\"@type\":\"WebSite\",\"@id\":\"https:\/\/www.africa-press.net\/benin\/#website\",\"url\":\"https:\/\/www.africa-press.net\/benin\/\",\"name\":\"B\u00e9nin\",\"description\":\"Just another Africa News Agency Sites site\",\"potentialAction\":[{\"@type\":\"SearchAction\",\"target\":{\"@type\":\"EntryPoint\",\"urlTemplate\":\"https:\/\/www.africa-press.net\/benin\/?s={search_term_string}\"},\"query-input\":{\"@type\":\"PropertyValueSpecification\",\"valueRequired\":true,\"valueName\":\"search_term_string\"}}],\"inLanguage\":\"fr-FR\"},{\"@type\":\"Person\",\"@id\":\"https:\/\/www.africa-press.net\/benin\/#\/schema\/person\/2b1cf3cd81a31e3cd26889ca66d677f1\",\"name\":\"cfeditorfr\"}]}<\/script>\n<!-- \/ Yoast SEO Premium plugin. -->","yoast_head_json":{"title":"Prison et amende requises contre Julien Kand\u00e9 Kansou - B\u00e9nin","description":"-article-header-tag\"> Africa-Press - Benin. Le proce\u0300s de Julien Kande\u0301 Kanso ...","robots":{"index":"index","follow":"follow","max-snippet":"max-snippet:-1","max-image-preview":"max-image-preview:large","max-video-preview":"max-video-preview:-1"},"canonical":"https:\/\/www.africa-press.net\/benin\/politique\/prison-et-amende-requises-contre-julien-kande-kansou","og_locale":"fr_FR","og_type":"article","og_title":"Prison et amende requises contre Julien Kand\u00e9 Kansou","og_description":"-article-header-tag\"> Africa-Press - Benin. Le proce\u0300s de Julien Kande\u0301 Kanso ...","og_url":"https:\/\/www.africa-press.net\/benin\/politique\/prison-et-amende-requises-contre-julien-kande-kansou","og_site_name":"B\u00e9nin","article_published_time":"2026-03-18T22:53:14+00:00","article_modified_time":"2026-03-19T00:07:04+00:00","og_image":[{"width":1324,"height":883,"url":"https:\/\/static.africa-press.net\/benin\/sites\/46\/2026\/03\/sm_1773877744.557721.jpg","type":"image\/jpeg"}],"author":"cfeditorfr","twitter_card":"summary_large_image","twitter_misc":{"\u00c9crit par":"cfeditorfr","Dur\u00e9e de lecture estim\u00e9e":"2 minutes"},"schema":{"@context":"https:\/\/schema.org","@graph":[{"@type":"Article","@id":"https:\/\/www.africa-press.net\/benin\/politique\/prison-et-amende-requises-contre-julien-kande-kansou#article","isPartOf":{"@id":"https:\/\/www.africa-press.net\/benin\/politique\/prison-et-amende-requises-contre-julien-kande-kansou"},"author":{"name":"cfeditorfr","@id":"https:\/\/www.africa-press.net\/benin\/#\/schema\/person\/2b1cf3cd81a31e3cd26889ca66d677f1"},"headline":"Prison et amende requises contre Julien Kand\u00e9 Kansou","datePublished":"2026-03-18T22:53:14+00:00","dateModified":"2026-03-19T00:07:04+00:00","mainEntityOfPage":{"@id":"https:\/\/www.africa-press.net\/benin\/politique\/prison-et-amende-requises-contre-julien-kande-kansou"},"wordCount":303,"commentCount":0,"image":{"@id":"https:\/\/www.africa-press.net\/benin\/politique\/prison-et-amende-requises-contre-julien-kande-kansou#primaryimage"},"thumbnailUrl":"https:\/\/static.africa-press.net\/benin\/sites\/46\/2026\/03\/sm_1773877744.557721.jpg","keywords":["B\u00e9nin"],"articleSection":["Parties","Politique","Toutes les actualit\u00e9s"],"inLanguage":"fr-FR","potentialAction":[{"@type":"CommentAction","name":"Comment","target":["https:\/\/www.africa-press.net\/benin\/politique\/prison-et-amende-requises-contre-julien-kande-kansou#respond"]}]},{"@type":"WebPage","@id":"https:\/\/www.africa-press.net\/benin\/politique\/prison-et-amende-requises-contre-julien-kande-kansou","url":"https:\/\/www.africa-press.net\/benin\/politique\/prison-et-amende-requises-contre-julien-kande-kansou","name":"Prison et amende requises contre Julien Kand\u00e9 Kansou - B\u00e9nin","isPartOf":{"@id":"https:\/\/www.africa-press.net\/benin\/#website"},"primaryImageOfPage":{"@id":"https:\/\/www.africa-press.net\/benin\/politique\/prison-et-amende-requises-contre-julien-kande-kansou#primaryimage"},"image":{"@id":"https:\/\/www.africa-press.net\/benin\/politique\/prison-et-amende-requises-contre-julien-kande-kansou#primaryimage"},"thumbnailUrl":"https:\/\/static.africa-press.net\/benin\/sites\/46\/2026\/03\/sm_1773877744.557721.jpg","datePublished":"2026-03-18T22:53:14+00:00","dateModified":"2026-03-19T00:07:04+00:00","author":{"@id":"https:\/\/www.africa-press.net\/benin\/#\/schema\/person\/2b1cf3cd81a31e3cd26889ca66d677f1"},"description":"-article-header-tag\"> Africa-Press - Benin. Le proce\u0300s de Julien Kande\u0301 Kanso ...","breadcrumb":{"@id":"https:\/\/www.africa-press.net\/benin\/politique\/prison-et-amende-requises-contre-julien-kande-kansou#breadcrumb"},"inLanguage":"fr-FR","potentialAction":[{"@type":"ReadAction","target":["https:\/\/www.africa-press.net\/benin\/politique\/prison-et-amende-requises-contre-julien-kande-kansou"]}]},{"@type":"ImageObject","inLanguage":"fr-FR","@id":"https:\/\/www.africa-press.net\/benin\/politique\/prison-et-amende-requises-contre-julien-kande-kansou#primaryimage","url":"https:\/\/static.africa-press.net\/benin\/sites\/46\/2026\/03\/sm_1773877744.557721.jpg","contentUrl":"https:\/\/static.africa-press.net\/benin\/sites\/46\/2026\/03\/sm_1773877744.557721.jpg","width":1324,"height":883,"caption":"Prison et amende requises contre Julien Kand\u00e9 Kansou"},{"@type":"BreadcrumbList","@id":"https:\/\/www.africa-press.net\/benin\/politique\/prison-et-amende-requises-contre-julien-kande-kansou#breadcrumb","itemListElement":[{"@type":"ListItem","position":1,"name":"Accueil","item":"https:\/\/www.africa-press.net\/benin\/"},{"@type":"ListItem","position":2,"name":"Prison et amende requises contre Julien Kand\u00e9 Kansou"}]},{"@type":"WebSite","@id":"https:\/\/www.africa-press.net\/benin\/#website","url":"https:\/\/www.africa-press.net\/benin\/","name":"B\u00e9nin","description":"Just another Africa News Agency Sites site","potentialAction":[{"@type":"SearchAction","target":{"@type":"EntryPoint","urlTemplate":"https:\/\/www.africa-press.net\/benin\/?s={search_term_string}"},"query-input":{"@type":"PropertyValueSpecification","valueRequired":true,"valueName":"search_term_string"}}],"inLanguage":"fr-FR"},{"@type":"Person","@id":"https:\/\/www.africa-press.net\/benin\/#\/schema\/person\/2b1cf3cd81a31e3cd26889ca66d677f1","name":"cfeditorfr"}]}},"_links":{"self":[{"href":"https:\/\/www.africa-press.net\/benin\/wp-json\/wp\/v2\/posts\/54791","targetHints":{"allow":["GET"]}}],"collection":[{"href":"https:\/\/www.africa-press.net\/benin\/wp-json\/wp\/v2\/posts"}],"about":[{"href":"https:\/\/www.africa-press.net\/benin\/wp-json\/wp\/v2\/types\/post"}],"author":[{"embeddable":true,"href":"https:\/\/www.africa-press.net\/benin\/wp-json\/wp\/v2\/users\/82"}],"replies":[{"embeddable":true,"href":"https:\/\/www.africa-press.net\/benin\/wp-json\/wp\/v2\/comments?post=54791"}],"version-history":[{"count":0,"href":"https:\/\/www.africa-press.net\/benin\/wp-json\/wp\/v2\/posts\/54791\/revisions"}],"wp:featuredmedia":[{"embeddable":true,"href":"https:\/\/www.africa-press.net\/benin\/wp-json\/wp\/v2\/media\/54790"}],"wp:attachment":[{"href":"https:\/\/www.africa-press.net\/benin\/wp-json\/wp\/v2\/media?parent=54791"}],"wp:term":[{"taxonomy":"category","embeddable":true,"href":"https:\/\/www.africa-press.net\/benin\/wp-json\/wp\/v2\/categories?post=54791"},{"taxonomy":"post_tag","embeddable":true,"href":"https:\/\/www.africa-press.net\/benin\/wp-json\/wp\/v2\/tags?post=54791"}],"curies":[{"name":"wp","href":"https:\/\/api.w.org\/{rel}","templated":true}]}}