{"id":54810,"date":"2026-03-18T22:56:11","date_gmt":"2026-03-18T22:56:11","guid":{"rendered":"https:\/\/www.africa-press.net\/benin\/politique\/benin-publie-liste-candidats-gardes-forestiers"},"modified":"2026-03-19T00:11:30","modified_gmt":"2026-03-19T00:11:30","slug":"benin-publie-liste-candidats-gardes-forestiers","status":"publish","type":"post","link":"https:\/\/www.africa-press.net\/benin\/toutes-les-actualites\/benin-publie-liste-candidats-gardes-forestiers","title":{"rendered":"B\u00e9nin Publie Liste Candidats Gardes Forestiers"},"content":{"rendered":"<p><span class=\"ap-article-header-tag\"> <strong>Africa-Press &#8211; Benin. <\/strong> <\/span>La Direction Ge\u0301ne\u0301rale des Eaux, Fore\u0302ts et Chasse a de\u0301voile\u0301 une premie\u0300re liste de candidats admissibles au recrutement de gardes forestiers conducteurs. Ces re\u0301sultats restent provisoires, en attendant les ve\u0301rifications administratives.<\/p>\n<p>La Direction Ge\u0301ne\u0301rale des Eaux, Fore\u0302ts et Chasse a publie\u0301, ce 17 mars 2026, les re\u0301sultats partiels du recrutement sur titre de fonctionnaires gardes forestiers spe\u0301cialistes, option conducteurs de ve\u0301hicules administratifs, au titre de l\u2019anne\u0301e 2025.<\/p>\n<p>Selon le communique\u0301 signe\u0301 par le directeur ge\u0301ne\u0301ral, Adjakou Akoutan Adjinda, ces re\u0301sultats restent provisoires et sont soumis a\u0300 la validation de l\u2019enque\u0302te de moralite\u0301. Les candidats concerne\u0301s sont de\u0301clare\u0301s admissibles par ordre de me\u0301rite.<\/p>\n<p>Pour cette premie\u0300re vague, six candidats figurent sur la liste. Il s\u2019agit notamment de Tche\u0301oun Felix Akiole (1er), Ruandel Ade\u0301lokoun Kpadjoudja (2e) et Gbenassou Rodrigue Kohounme (3e). Abdou Fayc\u0327al Abou, Cyrille Ahouga et Finagnon Luc Djidonou comple\u0300tent ce classement.<\/p>\n<p>Ce recrutement s\u2019inscrit dans le cadre du renforcement des effectifs des Eaux, Fore\u0302ts et Chasse, avec a\u0300 terme l\u2019inte\u0301gration de 180 spe\u0301cialistes rangers et 41 autres profils techniques au sein de l\u2019administration forestie\u0300re.<\/p>\n<p class=\"ap-article-footer-note\">Retrouvez plus d\u2019actualit\u00e9s et d\u2019analyses sur <span class=\"ap-highlight-country\">Benin<\/span> sur le site <span class=\"ap-highlight-brand\">Africa Press<\/span><\/p>\n","protected":false},"excerpt":{"rendered":"<p>Africa-Press &#8211; Benin. La Direction Ge\u0301ne\u0301rale des Eaux, Fore\u0302ts et Chasse a de\u0301voile\u0301 une premie\u0300re liste de candidats admissibles au recrutement de gardes forestiers conducteurs. Ces re\u0301sultats restent provisoires, en attendant les ve\u0301rifications administratives. La Direction Ge\u0301ne\u0301rale des Eaux, Fore\u0302ts et Chasse a publie\u0301, ce 17 mars 2026, les re\u0301sultats partiels du recrutement sur titre [&hellip;]<\/p>\n","protected":false},"author":82,"featured_media":54809,"comment_status":"open","ping_status":"closed","sticky":false,"template":"","format":"standard","meta":{"footnotes":""},"categories":[21,10],"tags":[45],"class_list":["post-54810","post","type-post","status-publish","format-standard","has-post-thumbnail","hentry","category-communaute","category-toutes-les-actualites","tag-benin"],"yoast_head":"<!-- This site is optimized with the Yoast SEO Premium plugin v26.1 (Yoast SEO v27.0) - https:\/\/yoast.com\/product\/yoast-seo-premium-wordpress\/ -->\n<title>B\u00e9nin Publie Liste Candidats Gardes Forestiers - B\u00e9nin<\/title>\n<meta name=\"description\" content=\"-article-header-tag&quot;&gt; Africa-Press - Benin. La Direction Ge\u0301ne\u0301rale des Eaux, ...\" \/>\n<meta name=\"robots\" content=\"index, follow, max-snippet:-1, max-image-preview:large, max-video-preview:-1\" \/>\n<link rel=\"canonical\" href=\"https:\/\/www.africa-press.net\/benin\/toutes-les-actualites\/benin-publie-liste-candidats-gardes-forestiers\" \/>\n<meta property=\"og:locale\" content=\"fr_FR\" \/>\n<meta property=\"og:type\" content=\"article\" \/>\n<meta property=\"og:title\" content=\"B\u00e9nin Publie Liste Candidats Gardes Forestiers\" \/>\n<meta property=\"og:description\" content=\"-article-header-tag&quot;&gt; Africa-Press - Benin. La Direction Ge\u0301ne\u0301rale des Eaux, ...\" \/>\n<meta property=\"og:url\" content=\"https:\/\/www.africa-press.net\/benin\/toutes-les-actualites\/benin-publie-liste-candidats-gardes-forestiers\" \/>\n<meta property=\"og:site_name\" content=\"B\u00e9nin\" \/>\n<meta property=\"article:published_time\" content=\"2026-03-18T22:56:11+00:00\" \/>\n<meta property=\"article:modified_time\" content=\"2026-03-19T00:11:30+00:00\" \/>\n<meta property=\"og:image\" content=\"https:\/\/static.africa-press.net\/benin\/sites\/46\/2026\/03\/sm_1773877895.611747.jpg\" \/>\n\t<meta property=\"og:image:width\" content=\"1322\" \/>\n\t<meta property=\"og:image:height\" content=\"798\" \/>\n\t<meta property=\"og:image:type\" content=\"image\/jpeg\" \/>\n<meta name=\"author\" content=\"cfeditorfr\" \/>\n<meta name=\"twitter:card\" content=\"summary_large_image\" \/>\n<meta name=\"twitter:label1\" content=\"\u00c9crit par\" \/>\n\t<meta name=\"twitter:data1\" content=\"cfeditorfr\" \/>\n\t<meta name=\"twitter:label2\" content=\"Dur\u00e9e de lecture estim\u00e9e\" \/>\n\t<meta name=\"twitter:data2\" content=\"2 minutes\" \/>\n<script type=\"application\/ld+json\" class=\"yoast-schema-graph\">{\"@context\":\"https:\/\/schema.org\",\"@graph\":[{\"@type\":\"Article\",\"@id\":\"https:\/\/www.africa-press.net\/benin\/toutes-les-actualites\/benin-publie-liste-candidats-gardes-forestiers#article\",\"isPartOf\":{\"@id\":\"https:\/\/www.africa-press.net\/benin\/toutes-les-actualites\/benin-publie-liste-candidats-gardes-forestiers\"},\"author\":{\"name\":\"cfeditorfr\",\"@id\":\"https:\/\/www.africa-press.net\/benin\/#\/schema\/person\/2b1cf3cd81a31e3cd26889ca66d677f1\"},\"headline\":\"B\u00e9nin Publie Liste Candidats Gardes Forestiers\",\"datePublished\":\"2026-03-18T22:56:11+00:00\",\"dateModified\":\"2026-03-19T00:11:30+00:00\",\"mainEntityOfPage\":{\"@id\":\"https:\/\/www.africa-press.net\/benin\/toutes-les-actualites\/benin-publie-liste-candidats-gardes-forestiers\"},\"wordCount\":231,\"commentCount\":0,\"image\":{\"@id\":\"https:\/\/www.africa-press.net\/benin\/toutes-les-actualites\/benin-publie-liste-candidats-gardes-forestiers#primaryimage\"},\"thumbnailUrl\":\"https:\/\/static.africa-press.net\/benin\/sites\/46\/2026\/03\/sm_1773877895.611747.jpg\",\"keywords\":[\"B\u00e9nin\"],\"articleSection\":[\"Communaut\u00e9\",\"Toutes les actualit\u00e9s\"],\"inLanguage\":\"fr-FR\",\"potentialAction\":[{\"@type\":\"CommentAction\",\"name\":\"Comment\",\"target\":[\"https:\/\/www.africa-press.net\/benin\/toutes-les-actualites\/benin-publie-liste-candidats-gardes-forestiers#respond\"]}]},{\"@type\":\"WebPage\",\"@id\":\"https:\/\/www.africa-press.net\/benin\/toutes-les-actualites\/benin-publie-liste-candidats-gardes-forestiers\",\"url\":\"https:\/\/www.africa-press.net\/benin\/toutes-les-actualites\/benin-publie-liste-candidats-gardes-forestiers\",\"name\":\"B\u00e9nin Publie Liste Candidats Gardes Forestiers - B\u00e9nin\",\"isPartOf\":{\"@id\":\"https:\/\/www.africa-press.net\/benin\/#website\"},\"primaryImageOfPage\":{\"@id\":\"https:\/\/www.africa-press.net\/benin\/toutes-les-actualites\/benin-publie-liste-candidats-gardes-forestiers#primaryimage\"},\"image\":{\"@id\":\"https:\/\/www.africa-press.net\/benin\/toutes-les-actualites\/benin-publie-liste-candidats-gardes-forestiers#primaryimage\"},\"thumbnailUrl\":\"https:\/\/static.africa-press.net\/benin\/sites\/46\/2026\/03\/sm_1773877895.611747.jpg\",\"datePublished\":\"2026-03-18T22:56:11+00:00\",\"dateModified\":\"2026-03-19T00:11:30+00:00\",\"author\":{\"@id\":\"https:\/\/www.africa-press.net\/benin\/#\/schema\/person\/2b1cf3cd81a31e3cd26889ca66d677f1\"},\"description\":\"-article-header-tag\\\"> Africa-Press - Benin. La Direction Ge\u0301ne\u0301rale des Eaux, ...\",\"breadcrumb\":{\"@id\":\"https:\/\/www.africa-press.net\/benin\/toutes-les-actualites\/benin-publie-liste-candidats-gardes-forestiers#breadcrumb\"},\"inLanguage\":\"fr-FR\",\"potentialAction\":[{\"@type\":\"ReadAction\",\"target\":[\"https:\/\/www.africa-press.net\/benin\/toutes-les-actualites\/benin-publie-liste-candidats-gardes-forestiers\"]}]},{\"@type\":\"ImageObject\",\"inLanguage\":\"fr-FR\",\"@id\":\"https:\/\/www.africa-press.net\/benin\/toutes-les-actualites\/benin-publie-liste-candidats-gardes-forestiers#primaryimage\",\"url\":\"https:\/\/static.africa-press.net\/benin\/sites\/46\/2026\/03\/sm_1773877895.611747.jpg\",\"contentUrl\":\"https:\/\/static.africa-press.net\/benin\/sites\/46\/2026\/03\/sm_1773877895.611747.jpg\",\"width\":1322,\"height\":798,\"caption\":\"B\u00e9nin Publie Liste Candidats Gardes Forestiers\"},{\"@type\":\"BreadcrumbList\",\"@id\":\"https:\/\/www.africa-press.net\/benin\/toutes-les-actualites\/benin-publie-liste-candidats-gardes-forestiers#breadcrumb\",\"itemListElement\":[{\"@type\":\"ListItem\",\"position\":1,\"name\":\"Accueil\",\"item\":\"https:\/\/www.africa-press.net\/benin\/\"},{\"@type\":\"ListItem\",\"position\":2,\"name\":\"B\u00e9nin Publie Liste Candidats Gardes Forestiers\"}]},{\"@type\":\"WebSite\",\"@id\":\"https:\/\/www.africa-press.net\/benin\/#website\",\"url\":\"https:\/\/www.africa-press.net\/benin\/\",\"name\":\"B\u00e9nin\",\"description\":\"Just another Africa News Agency Sites site\",\"potentialAction\":[{\"@type\":\"SearchAction\",\"target\":{\"@type\":\"EntryPoint\",\"urlTemplate\":\"https:\/\/www.africa-press.net\/benin\/?s={search_term_string}\"},\"query-input\":{\"@type\":\"PropertyValueSpecification\",\"valueRequired\":true,\"valueName\":\"search_term_string\"}}],\"inLanguage\":\"fr-FR\"},{\"@type\":\"Person\",\"@id\":\"https:\/\/www.africa-press.net\/benin\/#\/schema\/person\/2b1cf3cd81a31e3cd26889ca66d677f1\",\"name\":\"cfeditorfr\"}]}<\/script>\n<!-- \/ Yoast SEO Premium plugin. -->","yoast_head_json":{"title":"B\u00e9nin Publie Liste Candidats Gardes Forestiers - B\u00e9nin","description":"-article-header-tag\"> Africa-Press - Benin. La Direction Ge\u0301ne\u0301rale des Eaux, ...","robots":{"index":"index","follow":"follow","max-snippet":"max-snippet:-1","max-image-preview":"max-image-preview:large","max-video-preview":"max-video-preview:-1"},"canonical":"https:\/\/www.africa-press.net\/benin\/toutes-les-actualites\/benin-publie-liste-candidats-gardes-forestiers","og_locale":"fr_FR","og_type":"article","og_title":"B\u00e9nin Publie Liste Candidats Gardes Forestiers","og_description":"-article-header-tag\"> Africa-Press - Benin. La Direction Ge\u0301ne\u0301rale des Eaux, ...","og_url":"https:\/\/www.africa-press.net\/benin\/toutes-les-actualites\/benin-publie-liste-candidats-gardes-forestiers","og_site_name":"B\u00e9nin","article_published_time":"2026-03-18T22:56:11+00:00","article_modified_time":"2026-03-19T00:11:30+00:00","og_image":[{"width":1322,"height":798,"url":"https:\/\/static.africa-press.net\/benin\/sites\/46\/2026\/03\/sm_1773877895.611747.jpg","type":"image\/jpeg"}],"author":"cfeditorfr","twitter_card":"summary_large_image","twitter_misc":{"\u00c9crit par":"cfeditorfr","Dur\u00e9e de lecture estim\u00e9e":"2 minutes"},"schema":{"@context":"https:\/\/schema.org","@graph":[{"@type":"Article","@id":"https:\/\/www.africa-press.net\/benin\/toutes-les-actualites\/benin-publie-liste-candidats-gardes-forestiers#article","isPartOf":{"@id":"https:\/\/www.africa-press.net\/benin\/toutes-les-actualites\/benin-publie-liste-candidats-gardes-forestiers"},"author":{"name":"cfeditorfr","@id":"https:\/\/www.africa-press.net\/benin\/#\/schema\/person\/2b1cf3cd81a31e3cd26889ca66d677f1"},"headline":"B\u00e9nin Publie Liste Candidats Gardes Forestiers","datePublished":"2026-03-18T22:56:11+00:00","dateModified":"2026-03-19T00:11:30+00:00","mainEntityOfPage":{"@id":"https:\/\/www.africa-press.net\/benin\/toutes-les-actualites\/benin-publie-liste-candidats-gardes-forestiers"},"wordCount":231,"commentCount":0,"image":{"@id":"https:\/\/www.africa-press.net\/benin\/toutes-les-actualites\/benin-publie-liste-candidats-gardes-forestiers#primaryimage"},"thumbnailUrl":"https:\/\/static.africa-press.net\/benin\/sites\/46\/2026\/03\/sm_1773877895.611747.jpg","keywords":["B\u00e9nin"],"articleSection":["Communaut\u00e9","Toutes les actualit\u00e9s"],"inLanguage":"fr-FR","potentialAction":[{"@type":"CommentAction","name":"Comment","target":["https:\/\/www.africa-press.net\/benin\/toutes-les-actualites\/benin-publie-liste-candidats-gardes-forestiers#respond"]}]},{"@type":"WebPage","@id":"https:\/\/www.africa-press.net\/benin\/toutes-les-actualites\/benin-publie-liste-candidats-gardes-forestiers","url":"https:\/\/www.africa-press.net\/benin\/toutes-les-actualites\/benin-publie-liste-candidats-gardes-forestiers","name":"B\u00e9nin Publie Liste Candidats Gardes Forestiers - B\u00e9nin","isPartOf":{"@id":"https:\/\/www.africa-press.net\/benin\/#website"},"primaryImageOfPage":{"@id":"https:\/\/www.africa-press.net\/benin\/toutes-les-actualites\/benin-publie-liste-candidats-gardes-forestiers#primaryimage"},"image":{"@id":"https:\/\/www.africa-press.net\/benin\/toutes-les-actualites\/benin-publie-liste-candidats-gardes-forestiers#primaryimage"},"thumbnailUrl":"https:\/\/static.africa-press.net\/benin\/sites\/46\/2026\/03\/sm_1773877895.611747.jpg","datePublished":"2026-03-18T22:56:11+00:00","dateModified":"2026-03-19T00:11:30+00:00","author":{"@id":"https:\/\/www.africa-press.net\/benin\/#\/schema\/person\/2b1cf3cd81a31e3cd26889ca66d677f1"},"description":"-article-header-tag\"> Africa-Press - Benin. La Direction Ge\u0301ne\u0301rale des Eaux, ...","breadcrumb":{"@id":"https:\/\/www.africa-press.net\/benin\/toutes-les-actualites\/benin-publie-liste-candidats-gardes-forestiers#breadcrumb"},"inLanguage":"fr-FR","potentialAction":[{"@type":"ReadAction","target":["https:\/\/www.africa-press.net\/benin\/toutes-les-actualites\/benin-publie-liste-candidats-gardes-forestiers"]}]},{"@type":"ImageObject","inLanguage":"fr-FR","@id":"https:\/\/www.africa-press.net\/benin\/toutes-les-actualites\/benin-publie-liste-candidats-gardes-forestiers#primaryimage","url":"https:\/\/static.africa-press.net\/benin\/sites\/46\/2026\/03\/sm_1773877895.611747.jpg","contentUrl":"https:\/\/static.africa-press.net\/benin\/sites\/46\/2026\/03\/sm_1773877895.611747.jpg","width":1322,"height":798,"caption":"B\u00e9nin Publie Liste Candidats Gardes Forestiers"},{"@type":"BreadcrumbList","@id":"https:\/\/www.africa-press.net\/benin\/toutes-les-actualites\/benin-publie-liste-candidats-gardes-forestiers#breadcrumb","itemListElement":[{"@type":"ListItem","position":1,"name":"Accueil","item":"https:\/\/www.africa-press.net\/benin\/"},{"@type":"ListItem","position":2,"name":"B\u00e9nin Publie Liste Candidats Gardes Forestiers"}]},{"@type":"WebSite","@id":"https:\/\/www.africa-press.net\/benin\/#website","url":"https:\/\/www.africa-press.net\/benin\/","name":"B\u00e9nin","description":"Just another Africa News Agency Sites site","potentialAction":[{"@type":"SearchAction","target":{"@type":"EntryPoint","urlTemplate":"https:\/\/www.africa-press.net\/benin\/?s={search_term_string}"},"query-input":{"@type":"PropertyValueSpecification","valueRequired":true,"valueName":"search_term_string"}}],"inLanguage":"fr-FR"},{"@type":"Person","@id":"https:\/\/www.africa-press.net\/benin\/#\/schema\/person\/2b1cf3cd81a31e3cd26889ca66d677f1","name":"cfeditorfr"}]}},"_links":{"self":[{"href":"https:\/\/www.africa-press.net\/benin\/wp-json\/wp\/v2\/posts\/54810","targetHints":{"allow":["GET"]}}],"collection":[{"href":"https:\/\/www.africa-press.net\/benin\/wp-json\/wp\/v2\/posts"}],"about":[{"href":"https:\/\/www.africa-press.net\/benin\/wp-json\/wp\/v2\/types\/post"}],"author":[{"embeddable":true,"href":"https:\/\/www.africa-press.net\/benin\/wp-json\/wp\/v2\/users\/82"}],"replies":[{"embeddable":true,"href":"https:\/\/www.africa-press.net\/benin\/wp-json\/wp\/v2\/comments?post=54810"}],"version-history":[{"count":0,"href":"https:\/\/www.africa-press.net\/benin\/wp-json\/wp\/v2\/posts\/54810\/revisions"}],"wp:featuredmedia":[{"embeddable":true,"href":"https:\/\/www.africa-press.net\/benin\/wp-json\/wp\/v2\/media\/54809"}],"wp:attachment":[{"href":"https:\/\/www.africa-press.net\/benin\/wp-json\/wp\/v2\/media?parent=54810"}],"wp:term":[{"taxonomy":"category","embeddable":true,"href":"https:\/\/www.africa-press.net\/benin\/wp-json\/wp\/v2\/categories?post=54810"},{"taxonomy":"post_tag","embeddable":true,"href":"https:\/\/www.africa-press.net\/benin\/wp-json\/wp\/v2\/tags?post=54810"}],"curies":[{"name":"wp","href":"https:\/\/api.w.org\/{rel}","templated":true}]}}