{"id":54812,"date":"2026-03-18T22:56:31","date_gmt":"2026-03-18T22:56:31","guid":{"rendered":"https:\/\/www.africa-press.net\/benin\/politique\/apologie-de-coup-detat-cinq-ans-de-prison-requis"},"modified":"2026-03-19T00:11:53","modified_gmt":"2026-03-19T00:11:53","slug":"apologie-de-coup-detat-cinq-ans-de-prison-requis","status":"publish","type":"post","link":"https:\/\/www.africa-press.net\/benin\/politique\/apologie-de-coup-detat-cinq-ans-de-prison-requis","title":{"rendered":"Apologie De Coup D&rsquo;\u00c9tat Cinq Ans De Prison Requis"},"content":{"rendered":"<p><span class=\"ap-article-header-tag\"> <strong>Africa-Press &#8211; Benin. <\/strong> <\/span>Une Be\u0301ninoise est poursuivie devant la Cour de re\u0301pression des infractions e\u0301conomiques et du terrorisme (CRIET) pour apologie de coup d\u2019E\u0301tat.<\/p>\n<p>Au cours de l\u2019audience, le ministe\u0300re public a requis une peine pouvant aller jusqu\u2019a\u0300 cinq ans d\u2019emprisonnement contre la pre\u0301venue.<\/p>\n<p>Selon les e\u0301le\u0301ments pre\u0301sente\u0301s a\u0300 l\u2019audience, l\u2019accuse\u0301e aurait tenu, par le biais de publications et de messages diffuse\u0301s sur les re\u0301seaux sociaux, des propos conside\u0301re\u0301s comme faisant l\u2019e\u0301loge d\u2019un renversement de l\u2019ordre constitutionnel.<\/p>\n<p>La mise en cause aurait en effet publie\u0301 le 7 de\u0301cembre 2025 dans un groupe WhatsApp juste apre\u0300s le putsch manque\u0301: \u00ab Si ce n\u2019est pas un matin, ce sera un soir \u00bb. Des propos qualifie\u0301s d\u2019apologie de coup d\u2019E\u0301tat.<\/p>\n<p>Ces de\u0301clarations ont e\u0301te\u0301 interpre\u0301te\u0301es par les autorite\u0301s judiciaires comme encourageant publiquement des actions contraires a\u0300 la loi et a\u0300 l\u2019ordre de\u0301mocratique.<\/p>\n<p>La qualification d\u2019apologie de coup d\u2019E\u0301tat retenue par le parquet s\u2019appuie sur des dispositions du Code pe\u0301nal be\u0301ninois qui re\u0301priment la promotion ou la justification d\u2019actes dirige\u0301s contre l\u2019autorite\u0301 de l\u2019E\u0301tat.<\/p>\n<p>L\u2019accuse\u0301e, pre\u0301sente a\u0300 l\u2019audience, a conteste\u0301 e\u0302tre l\u2019auteure de l\u2019e\u0301crit incrimine\u0301 avant d\u2019e\u0302tre confronte\u0301e par les preuves.<\/p>\n<p>Lors de l\u2019audience, le parquet a demande\u0301 a\u0300 la Cour de la de\u0301clarer coupable des faits qui lui sont reproche\u0301s et a requis une peine de cinq ans d\u2019emprisonnement ferme assortie d\u2019une amende de cinq millions de francs CFA. Le verdict de la CRIET est attendu pour le 14 avril 2026.<\/p>\n<p class=\"ap-article-footer-note\">Retrouvez plus d\u2019actualit\u00e9s et d\u2019analyses sur <span class=\"ap-highlight-country\">Benin<\/span> sur le site <span class=\"ap-highlight-brand\">Africa Press<\/span><\/p>\n","protected":false},"excerpt":{"rendered":"<p>Africa-Press &#8211; Benin. Une Be\u0301ninoise est poursuivie devant la Cour de re\u0301pression des infractions e\u0301conomiques et du terrorisme (CRIET) pour apologie de coup d\u2019E\u0301tat. Au cours de l\u2019audience, le ministe\u0300re public a requis une peine pouvant aller jusqu\u2019a\u0300 cinq ans d\u2019emprisonnement contre la pre\u0301venue. Selon les e\u0301le\u0301ments pre\u0301sente\u0301s a\u0300 l\u2019audience, l\u2019accuse\u0301e aurait tenu, par le [&hellip;]<\/p>\n","protected":false},"author":82,"featured_media":54811,"comment_status":"open","ping_status":"closed","sticky":false,"template":"","format":"standard","meta":{"footnotes":""},"categories":[2,10],"tags":[45],"class_list":["post-54812","post","type-post","status-publish","format-standard","has-post-thumbnail","hentry","category-politique","category-toutes-les-actualites","tag-benin"],"yoast_head":"<!-- This site is optimized with the Yoast SEO Premium plugin v26.1 (Yoast SEO v27.0) - https:\/\/yoast.com\/product\/yoast-seo-premium-wordpress\/ -->\n<title>Apologie De Coup D&#039;\u00c9tat Cinq Ans De Prison Requis - B\u00e9nin<\/title>\n<meta name=\"description\" content=\"-article-header-tag&quot;&gt; Africa-Press - Benin. Une Be\u0301ninoise est poursuivie dev ...\" \/>\n<meta name=\"robots\" content=\"index, follow, max-snippet:-1, max-image-preview:large, max-video-preview:-1\" \/>\n<link rel=\"canonical\" href=\"https:\/\/www.africa-press.net\/benin\/politique\/apologie-de-coup-detat-cinq-ans-de-prison-requis\" \/>\n<meta property=\"og:locale\" content=\"fr_FR\" \/>\n<meta property=\"og:type\" content=\"article\" \/>\n<meta property=\"og:title\" content=\"Apologie De Coup D&#039;\u00c9tat Cinq Ans De Prison Requis\" \/>\n<meta property=\"og:description\" content=\"-article-header-tag&quot;&gt; Africa-Press - Benin. Une Be\u0301ninoise est poursuivie dev ...\" \/>\n<meta property=\"og:url\" content=\"https:\/\/www.africa-press.net\/benin\/politique\/apologie-de-coup-detat-cinq-ans-de-prison-requis\" \/>\n<meta property=\"og:site_name\" content=\"B\u00e9nin\" \/>\n<meta property=\"article:published_time\" content=\"2026-03-18T22:56:31+00:00\" \/>\n<meta property=\"article:modified_time\" content=\"2026-03-19T00:11:53+00:00\" \/>\n<meta property=\"og:image\" content=\"https:\/\/static.africa-press.net\/benin\/sites\/46\/2026\/03\/sm_1773877911.098118.jpg\" \/>\n\t<meta property=\"og:image:width\" content=\"1200\" \/>\n\t<meta property=\"og:image:height\" content=\"675\" \/>\n\t<meta property=\"og:image:type\" content=\"image\/jpeg\" \/>\n<meta name=\"author\" content=\"cfeditorfr\" \/>\n<meta name=\"twitter:card\" content=\"summary_large_image\" \/>\n<meta name=\"twitter:label1\" content=\"\u00c9crit par\" \/>\n\t<meta name=\"twitter:data1\" content=\"cfeditorfr\" \/>\n\t<meta name=\"twitter:label2\" content=\"Dur\u00e9e de lecture estim\u00e9e\" \/>\n\t<meta name=\"twitter:data2\" content=\"2 minutes\" \/>\n<script type=\"application\/ld+json\" class=\"yoast-schema-graph\">{\"@context\":\"https:\/\/schema.org\",\"@graph\":[{\"@type\":\"Article\",\"@id\":\"https:\/\/www.africa-press.net\/benin\/politique\/apologie-de-coup-detat-cinq-ans-de-prison-requis#article\",\"isPartOf\":{\"@id\":\"https:\/\/www.africa-press.net\/benin\/politique\/apologie-de-coup-detat-cinq-ans-de-prison-requis\"},\"author\":{\"name\":\"cfeditorfr\",\"@id\":\"https:\/\/www.africa-press.net\/benin\/#\/schema\/person\/2b1cf3cd81a31e3cd26889ca66d677f1\"},\"headline\":\"Apologie De Coup D&rsquo;\u00c9tat Cinq Ans De Prison Requis\",\"datePublished\":\"2026-03-18T22:56:31+00:00\",\"dateModified\":\"2026-03-19T00:11:53+00:00\",\"mainEntityOfPage\":{\"@id\":\"https:\/\/www.africa-press.net\/benin\/politique\/apologie-de-coup-detat-cinq-ans-de-prison-requis\"},\"wordCount\":324,\"commentCount\":0,\"image\":{\"@id\":\"https:\/\/www.africa-press.net\/benin\/politique\/apologie-de-coup-detat-cinq-ans-de-prison-requis#primaryimage\"},\"thumbnailUrl\":\"https:\/\/static.africa-press.net\/benin\/sites\/46\/2026\/03\/sm_1773877911.098118.jpg\",\"keywords\":[\"B\u00e9nin\"],\"articleSection\":[\"Politique\",\"Toutes les actualit\u00e9s\"],\"inLanguage\":\"fr-FR\",\"potentialAction\":[{\"@type\":\"CommentAction\",\"name\":\"Comment\",\"target\":[\"https:\/\/www.africa-press.net\/benin\/politique\/apologie-de-coup-detat-cinq-ans-de-prison-requis#respond\"]}]},{\"@type\":\"WebPage\",\"@id\":\"https:\/\/www.africa-press.net\/benin\/politique\/apologie-de-coup-detat-cinq-ans-de-prison-requis\",\"url\":\"https:\/\/www.africa-press.net\/benin\/politique\/apologie-de-coup-detat-cinq-ans-de-prison-requis\",\"name\":\"Apologie De Coup D'\u00c9tat Cinq Ans De Prison Requis - B\u00e9nin\",\"isPartOf\":{\"@id\":\"https:\/\/www.africa-press.net\/benin\/#website\"},\"primaryImageOfPage\":{\"@id\":\"https:\/\/www.africa-press.net\/benin\/politique\/apologie-de-coup-detat-cinq-ans-de-prison-requis#primaryimage\"},\"image\":{\"@id\":\"https:\/\/www.africa-press.net\/benin\/politique\/apologie-de-coup-detat-cinq-ans-de-prison-requis#primaryimage\"},\"thumbnailUrl\":\"https:\/\/static.africa-press.net\/benin\/sites\/46\/2026\/03\/sm_1773877911.098118.jpg\",\"datePublished\":\"2026-03-18T22:56:31+00:00\",\"dateModified\":\"2026-03-19T00:11:53+00:00\",\"author\":{\"@id\":\"https:\/\/www.africa-press.net\/benin\/#\/schema\/person\/2b1cf3cd81a31e3cd26889ca66d677f1\"},\"description\":\"-article-header-tag\\\"> Africa-Press - Benin. Une Be\u0301ninoise est poursuivie dev ...\",\"breadcrumb\":{\"@id\":\"https:\/\/www.africa-press.net\/benin\/politique\/apologie-de-coup-detat-cinq-ans-de-prison-requis#breadcrumb\"},\"inLanguage\":\"fr-FR\",\"potentialAction\":[{\"@type\":\"ReadAction\",\"target\":[\"https:\/\/www.africa-press.net\/benin\/politique\/apologie-de-coup-detat-cinq-ans-de-prison-requis\"]}]},{\"@type\":\"ImageObject\",\"inLanguage\":\"fr-FR\",\"@id\":\"https:\/\/www.africa-press.net\/benin\/politique\/apologie-de-coup-detat-cinq-ans-de-prison-requis#primaryimage\",\"url\":\"https:\/\/static.africa-press.net\/benin\/sites\/46\/2026\/03\/sm_1773877911.098118.jpg\",\"contentUrl\":\"https:\/\/static.africa-press.net\/benin\/sites\/46\/2026\/03\/sm_1773877911.098118.jpg\",\"width\":1200,\"height\":675,\"caption\":\"Apologie De Coup D'\u00c9tat Cinq Ans De Prison Requis\"},{\"@type\":\"BreadcrumbList\",\"@id\":\"https:\/\/www.africa-press.net\/benin\/politique\/apologie-de-coup-detat-cinq-ans-de-prison-requis#breadcrumb\",\"itemListElement\":[{\"@type\":\"ListItem\",\"position\":1,\"name\":\"Accueil\",\"item\":\"https:\/\/www.africa-press.net\/benin\/\"},{\"@type\":\"ListItem\",\"position\":2,\"name\":\"Apologie De Coup D&#8217;\u00c9tat Cinq Ans De Prison Requis\"}]},{\"@type\":\"WebSite\",\"@id\":\"https:\/\/www.africa-press.net\/benin\/#website\",\"url\":\"https:\/\/www.africa-press.net\/benin\/\",\"name\":\"B\u00e9nin\",\"description\":\"Just another Africa News Agency Sites site\",\"potentialAction\":[{\"@type\":\"SearchAction\",\"target\":{\"@type\":\"EntryPoint\",\"urlTemplate\":\"https:\/\/www.africa-press.net\/benin\/?s={search_term_string}\"},\"query-input\":{\"@type\":\"PropertyValueSpecification\",\"valueRequired\":true,\"valueName\":\"search_term_string\"}}],\"inLanguage\":\"fr-FR\"},{\"@type\":\"Person\",\"@id\":\"https:\/\/www.africa-press.net\/benin\/#\/schema\/person\/2b1cf3cd81a31e3cd26889ca66d677f1\",\"name\":\"cfeditorfr\"}]}<\/script>\n<!-- \/ Yoast SEO Premium plugin. -->","yoast_head_json":{"title":"Apologie De Coup D'\u00c9tat Cinq Ans De Prison Requis - B\u00e9nin","description":"-article-header-tag\"> Africa-Press - Benin. Une Be\u0301ninoise est poursuivie dev ...","robots":{"index":"index","follow":"follow","max-snippet":"max-snippet:-1","max-image-preview":"max-image-preview:large","max-video-preview":"max-video-preview:-1"},"canonical":"https:\/\/www.africa-press.net\/benin\/politique\/apologie-de-coup-detat-cinq-ans-de-prison-requis","og_locale":"fr_FR","og_type":"article","og_title":"Apologie De Coup D'\u00c9tat Cinq Ans De Prison Requis","og_description":"-article-header-tag\"> Africa-Press - Benin. Une Be\u0301ninoise est poursuivie dev ...","og_url":"https:\/\/www.africa-press.net\/benin\/politique\/apologie-de-coup-detat-cinq-ans-de-prison-requis","og_site_name":"B\u00e9nin","article_published_time":"2026-03-18T22:56:31+00:00","article_modified_time":"2026-03-19T00:11:53+00:00","og_image":[{"width":1200,"height":675,"url":"https:\/\/static.africa-press.net\/benin\/sites\/46\/2026\/03\/sm_1773877911.098118.jpg","type":"image\/jpeg"}],"author":"cfeditorfr","twitter_card":"summary_large_image","twitter_misc":{"\u00c9crit par":"cfeditorfr","Dur\u00e9e de lecture estim\u00e9e":"2 minutes"},"schema":{"@context":"https:\/\/schema.org","@graph":[{"@type":"Article","@id":"https:\/\/www.africa-press.net\/benin\/politique\/apologie-de-coup-detat-cinq-ans-de-prison-requis#article","isPartOf":{"@id":"https:\/\/www.africa-press.net\/benin\/politique\/apologie-de-coup-detat-cinq-ans-de-prison-requis"},"author":{"name":"cfeditorfr","@id":"https:\/\/www.africa-press.net\/benin\/#\/schema\/person\/2b1cf3cd81a31e3cd26889ca66d677f1"},"headline":"Apologie De Coup D&rsquo;\u00c9tat Cinq Ans De Prison Requis","datePublished":"2026-03-18T22:56:31+00:00","dateModified":"2026-03-19T00:11:53+00:00","mainEntityOfPage":{"@id":"https:\/\/www.africa-press.net\/benin\/politique\/apologie-de-coup-detat-cinq-ans-de-prison-requis"},"wordCount":324,"commentCount":0,"image":{"@id":"https:\/\/www.africa-press.net\/benin\/politique\/apologie-de-coup-detat-cinq-ans-de-prison-requis#primaryimage"},"thumbnailUrl":"https:\/\/static.africa-press.net\/benin\/sites\/46\/2026\/03\/sm_1773877911.098118.jpg","keywords":["B\u00e9nin"],"articleSection":["Politique","Toutes les actualit\u00e9s"],"inLanguage":"fr-FR","potentialAction":[{"@type":"CommentAction","name":"Comment","target":["https:\/\/www.africa-press.net\/benin\/politique\/apologie-de-coup-detat-cinq-ans-de-prison-requis#respond"]}]},{"@type":"WebPage","@id":"https:\/\/www.africa-press.net\/benin\/politique\/apologie-de-coup-detat-cinq-ans-de-prison-requis","url":"https:\/\/www.africa-press.net\/benin\/politique\/apologie-de-coup-detat-cinq-ans-de-prison-requis","name":"Apologie De Coup D'\u00c9tat Cinq Ans De Prison Requis - B\u00e9nin","isPartOf":{"@id":"https:\/\/www.africa-press.net\/benin\/#website"},"primaryImageOfPage":{"@id":"https:\/\/www.africa-press.net\/benin\/politique\/apologie-de-coup-detat-cinq-ans-de-prison-requis#primaryimage"},"image":{"@id":"https:\/\/www.africa-press.net\/benin\/politique\/apologie-de-coup-detat-cinq-ans-de-prison-requis#primaryimage"},"thumbnailUrl":"https:\/\/static.africa-press.net\/benin\/sites\/46\/2026\/03\/sm_1773877911.098118.jpg","datePublished":"2026-03-18T22:56:31+00:00","dateModified":"2026-03-19T00:11:53+00:00","author":{"@id":"https:\/\/www.africa-press.net\/benin\/#\/schema\/person\/2b1cf3cd81a31e3cd26889ca66d677f1"},"description":"-article-header-tag\"> Africa-Press - Benin. Une Be\u0301ninoise est poursuivie dev ...","breadcrumb":{"@id":"https:\/\/www.africa-press.net\/benin\/politique\/apologie-de-coup-detat-cinq-ans-de-prison-requis#breadcrumb"},"inLanguage":"fr-FR","potentialAction":[{"@type":"ReadAction","target":["https:\/\/www.africa-press.net\/benin\/politique\/apologie-de-coup-detat-cinq-ans-de-prison-requis"]}]},{"@type":"ImageObject","inLanguage":"fr-FR","@id":"https:\/\/www.africa-press.net\/benin\/politique\/apologie-de-coup-detat-cinq-ans-de-prison-requis#primaryimage","url":"https:\/\/static.africa-press.net\/benin\/sites\/46\/2026\/03\/sm_1773877911.098118.jpg","contentUrl":"https:\/\/static.africa-press.net\/benin\/sites\/46\/2026\/03\/sm_1773877911.098118.jpg","width":1200,"height":675,"caption":"Apologie De Coup D'\u00c9tat Cinq Ans De Prison Requis"},{"@type":"BreadcrumbList","@id":"https:\/\/www.africa-press.net\/benin\/politique\/apologie-de-coup-detat-cinq-ans-de-prison-requis#breadcrumb","itemListElement":[{"@type":"ListItem","position":1,"name":"Accueil","item":"https:\/\/www.africa-press.net\/benin\/"},{"@type":"ListItem","position":2,"name":"Apologie De Coup D&#8217;\u00c9tat Cinq Ans De Prison Requis"}]},{"@type":"WebSite","@id":"https:\/\/www.africa-press.net\/benin\/#website","url":"https:\/\/www.africa-press.net\/benin\/","name":"B\u00e9nin","description":"Just another Africa News Agency Sites site","potentialAction":[{"@type":"SearchAction","target":{"@type":"EntryPoint","urlTemplate":"https:\/\/www.africa-press.net\/benin\/?s={search_term_string}"},"query-input":{"@type":"PropertyValueSpecification","valueRequired":true,"valueName":"search_term_string"}}],"inLanguage":"fr-FR"},{"@type":"Person","@id":"https:\/\/www.africa-press.net\/benin\/#\/schema\/person\/2b1cf3cd81a31e3cd26889ca66d677f1","name":"cfeditorfr"}]}},"_links":{"self":[{"href":"https:\/\/www.africa-press.net\/benin\/wp-json\/wp\/v2\/posts\/54812","targetHints":{"allow":["GET"]}}],"collection":[{"href":"https:\/\/www.africa-press.net\/benin\/wp-json\/wp\/v2\/posts"}],"about":[{"href":"https:\/\/www.africa-press.net\/benin\/wp-json\/wp\/v2\/types\/post"}],"author":[{"embeddable":true,"href":"https:\/\/www.africa-press.net\/benin\/wp-json\/wp\/v2\/users\/82"}],"replies":[{"embeddable":true,"href":"https:\/\/www.africa-press.net\/benin\/wp-json\/wp\/v2\/comments?post=54812"}],"version-history":[{"count":0,"href":"https:\/\/www.africa-press.net\/benin\/wp-json\/wp\/v2\/posts\/54812\/revisions"}],"wp:featuredmedia":[{"embeddable":true,"href":"https:\/\/www.africa-press.net\/benin\/wp-json\/wp\/v2\/media\/54811"}],"wp:attachment":[{"href":"https:\/\/www.africa-press.net\/benin\/wp-json\/wp\/v2\/media?parent=54812"}],"wp:term":[{"taxonomy":"category","embeddable":true,"href":"https:\/\/www.africa-press.net\/benin\/wp-json\/wp\/v2\/categories?post=54812"},{"taxonomy":"post_tag","embeddable":true,"href":"https:\/\/www.africa-press.net\/benin\/wp-json\/wp\/v2\/tags?post=54812"}],"curies":[{"name":"wp","href":"https:\/\/api.w.org\/{rel}","templated":true}]}}