{"id":54814,"date":"2026-03-18T22:56:56","date_gmt":"2026-03-18T22:56:56","guid":{"rendered":"https:\/\/www.africa-press.net\/benin\/politique\/securite-regionale-gbaguidi-accueille-chefs-detat-major"},"modified":"2026-03-19T00:12:14","modified_gmt":"2026-03-19T00:12:14","slug":"securite-regionale-gbaguidi-accueille-chefs-detat-major","status":"publish","type":"post","link":"https:\/\/www.africa-press.net\/benin\/politique\/securite-regionale-gbaguidi-accueille-chefs-detat-major","title":{"rendered":"S\u00e9curit\u00e9 R\u00e9gionale Gbaguidi Accueille Chefs d&rsquo;\u00c9tat-Major"},"content":{"rendered":"<p><span class=\"ap-article-header-tag\"> <strong>Africa-Press &#8211; Benin. <\/strong> <\/span>Cotonou s\u2019appre\u0302te a\u0300 accueillir deux figures majeures du commandement militaire ouest-africain et europe\u0301en.<\/p>\n<p>Les chefs d\u2019e\u0301tat-major des arme\u0301es de France et de Co\u0302te d\u2019Ivoire sont attendus dans la capitale e\u0301conomique du Be\u0301nin demain jeudi 19 mars 2026 pour une visite officielle place\u0301e sous le signe de la coope\u0301ration se\u0301curitaire.<\/p>\n<p>Selon les informations, le ge\u0301ne\u0301ral d\u2019arme\u0301e ae\u0301rienne Fabien Mandon, chef d\u2019e\u0301tat-major des arme\u0301es franc\u0327aises, et le ge\u0301ne\u0301ral d\u2019arme\u0301e Lassina Doumbia, chef d\u2019e\u0301tat-major des forces arme\u0301es ivoiriennes, se\u0301journeront a\u0300 Cotonou dans le cadre d\u2019une mission de travail.<\/p>\n<p>Cette visite s\u2019inscrit dans la continuite\u0301 des e\u0301changes militaires entre le Be\u0301nin et ses partenaires strate\u0301giques. Elle vise a\u0300 approfondir la concertation sur les enjeux se\u0301curitaires de la sous-re\u0301gion, notamment face a\u0300 la menace terroriste et aux de\u0301fis croissants lie\u0301s a\u0300 la stabilite\u0301 des E\u0301tats du Golfe de Guine\u0301e.<\/p>\n<p>Au programme figurent plusieurs se\u0301ances de travail avec la hie\u0301rarchie militaire be\u0301ninoise. Les discussions porteront sur le partage d\u2019expertise ope\u0301rationnelle, la coordination des dispositifs de de\u0301fense et l\u2019e\u0301valuation des me\u0301canismes de coope\u0301ration existants.<\/p>\n<p>Pour les autorite\u0301s be\u0301ninoises, cette rencontre de haut niveau confirme l\u2019importance accorde\u0301e au partenariat militaire international et a\u0300 la consolidation des capacite\u0301s nationales de de\u0301fense dans un environnement se\u0301curitaire de plus en plus exigeant.<\/p>\n<p class=\"ap-article-footer-note\">Retrouvez plus d\u2019actualit\u00e9s et d\u2019analyses sur <span class=\"ap-highlight-country\">Benin<\/span> sur le site <span class=\"ap-highlight-brand\">Africa Press<\/span><\/p>\n","protected":false},"excerpt":{"rendered":"<p>Africa-Press &#8211; Benin. Cotonou s\u2019appre\u0302te a\u0300 accueillir deux figures majeures du commandement militaire ouest-africain et europe\u0301en. Les chefs d\u2019e\u0301tat-major des arme\u0301es de France et de Co\u0302te d\u2019Ivoire sont attendus dans la capitale e\u0301conomique du Be\u0301nin demain jeudi 19 mars 2026 pour une visite officielle place\u0301e sous le signe de la coope\u0301ration se\u0301curitaire. Selon les informations, [&hellip;]<\/p>\n","protected":false},"author":82,"featured_media":54813,"comment_status":"open","ping_status":"closed","sticky":false,"template":"","format":"standard","meta":{"footnotes":""},"categories":[2,10],"tags":[45],"class_list":["post-54814","post","type-post","status-publish","format-standard","has-post-thumbnail","hentry","category-politique","category-toutes-les-actualites","tag-benin"],"yoast_head":"<!-- This site is optimized with the Yoast SEO Premium plugin v26.1 (Yoast SEO v27.0) - https:\/\/yoast.com\/product\/yoast-seo-premium-wordpress\/ -->\n<title>S\u00e9curit\u00e9 R\u00e9gionale Gbaguidi Accueille Chefs d&#039;\u00c9tat-Major - B\u00e9nin<\/title>\n<meta name=\"description\" content=\"-article-header-tag&quot;&gt; Africa-Press - Benin. Cotonou s\u2019appre\u0302te a\u0300 accueillir ...\" \/>\n<meta name=\"robots\" content=\"index, follow, max-snippet:-1, max-image-preview:large, max-video-preview:-1\" \/>\n<link rel=\"canonical\" href=\"https:\/\/www.africa-press.net\/benin\/politique\/securite-regionale-gbaguidi-accueille-chefs-detat-major\" \/>\n<meta property=\"og:locale\" content=\"fr_FR\" \/>\n<meta property=\"og:type\" content=\"article\" \/>\n<meta property=\"og:title\" content=\"S\u00e9curit\u00e9 R\u00e9gionale Gbaguidi Accueille Chefs d&#039;\u00c9tat-Major\" \/>\n<meta property=\"og:description\" content=\"-article-header-tag&quot;&gt; Africa-Press - Benin. Cotonou s\u2019appre\u0302te a\u0300 accueillir ...\" \/>\n<meta property=\"og:url\" content=\"https:\/\/www.africa-press.net\/benin\/politique\/securite-regionale-gbaguidi-accueille-chefs-detat-major\" \/>\n<meta property=\"og:site_name\" content=\"B\u00e9nin\" \/>\n<meta property=\"article:published_time\" content=\"2026-03-18T22:56:56+00:00\" \/>\n<meta property=\"article:modified_time\" content=\"2026-03-19T00:12:14+00:00\" \/>\n<meta property=\"og:image\" content=\"https:\/\/static.africa-press.net\/benin\/sites\/46\/2026\/03\/sm_1773877928.853839.jpg\" \/>\n\t<meta property=\"og:image:width\" content=\"1300\" \/>\n\t<meta property=\"og:image:height\" content=\"933\" \/>\n\t<meta property=\"og:image:type\" content=\"image\/jpeg\" \/>\n<meta name=\"author\" content=\"cfeditorfr\" \/>\n<meta name=\"twitter:card\" content=\"summary_large_image\" \/>\n<meta name=\"twitter:label1\" content=\"\u00c9crit par\" \/>\n\t<meta name=\"twitter:data1\" content=\"cfeditorfr\" \/>\n\t<meta name=\"twitter:label2\" content=\"Dur\u00e9e de lecture estim\u00e9e\" \/>\n\t<meta name=\"twitter:data2\" content=\"2 minutes\" \/>\n<script type=\"application\/ld+json\" class=\"yoast-schema-graph\">{\"@context\":\"https:\/\/schema.org\",\"@graph\":[{\"@type\":\"Article\",\"@id\":\"https:\/\/www.africa-press.net\/benin\/politique\/securite-regionale-gbaguidi-accueille-chefs-detat-major#article\",\"isPartOf\":{\"@id\":\"https:\/\/www.africa-press.net\/benin\/politique\/securite-regionale-gbaguidi-accueille-chefs-detat-major\"},\"author\":{\"name\":\"cfeditorfr\",\"@id\":\"https:\/\/www.africa-press.net\/benin\/#\/schema\/person\/2b1cf3cd81a31e3cd26889ca66d677f1\"},\"headline\":\"S\u00e9curit\u00e9 R\u00e9gionale Gbaguidi Accueille Chefs d&rsquo;\u00c9tat-Major\",\"datePublished\":\"2026-03-18T22:56:56+00:00\",\"dateModified\":\"2026-03-19T00:12:14+00:00\",\"mainEntityOfPage\":{\"@id\":\"https:\/\/www.africa-press.net\/benin\/politique\/securite-regionale-gbaguidi-accueille-chefs-detat-major\"},\"wordCount\":284,\"commentCount\":0,\"image\":{\"@id\":\"https:\/\/www.africa-press.net\/benin\/politique\/securite-regionale-gbaguidi-accueille-chefs-detat-major#primaryimage\"},\"thumbnailUrl\":\"https:\/\/static.africa-press.net\/benin\/sites\/46\/2026\/03\/sm_1773877928.853839.jpg\",\"keywords\":[\"B\u00e9nin\"],\"articleSection\":[\"Politique\",\"Toutes les actualit\u00e9s\"],\"inLanguage\":\"fr-FR\",\"potentialAction\":[{\"@type\":\"CommentAction\",\"name\":\"Comment\",\"target\":[\"https:\/\/www.africa-press.net\/benin\/politique\/securite-regionale-gbaguidi-accueille-chefs-detat-major#respond\"]}]},{\"@type\":\"WebPage\",\"@id\":\"https:\/\/www.africa-press.net\/benin\/politique\/securite-regionale-gbaguidi-accueille-chefs-detat-major\",\"url\":\"https:\/\/www.africa-press.net\/benin\/politique\/securite-regionale-gbaguidi-accueille-chefs-detat-major\",\"name\":\"S\u00e9curit\u00e9 R\u00e9gionale Gbaguidi Accueille Chefs d'\u00c9tat-Major - B\u00e9nin\",\"isPartOf\":{\"@id\":\"https:\/\/www.africa-press.net\/benin\/#website\"},\"primaryImageOfPage\":{\"@id\":\"https:\/\/www.africa-press.net\/benin\/politique\/securite-regionale-gbaguidi-accueille-chefs-detat-major#primaryimage\"},\"image\":{\"@id\":\"https:\/\/www.africa-press.net\/benin\/politique\/securite-regionale-gbaguidi-accueille-chefs-detat-major#primaryimage\"},\"thumbnailUrl\":\"https:\/\/static.africa-press.net\/benin\/sites\/46\/2026\/03\/sm_1773877928.853839.jpg\",\"datePublished\":\"2026-03-18T22:56:56+00:00\",\"dateModified\":\"2026-03-19T00:12:14+00:00\",\"author\":{\"@id\":\"https:\/\/www.africa-press.net\/benin\/#\/schema\/person\/2b1cf3cd81a31e3cd26889ca66d677f1\"},\"description\":\"-article-header-tag\\\"> Africa-Press - Benin. Cotonou s\u2019appre\u0302te a\u0300 accueillir ...\",\"breadcrumb\":{\"@id\":\"https:\/\/www.africa-press.net\/benin\/politique\/securite-regionale-gbaguidi-accueille-chefs-detat-major#breadcrumb\"},\"inLanguage\":\"fr-FR\",\"potentialAction\":[{\"@type\":\"ReadAction\",\"target\":[\"https:\/\/www.africa-press.net\/benin\/politique\/securite-regionale-gbaguidi-accueille-chefs-detat-major\"]}]},{\"@type\":\"ImageObject\",\"inLanguage\":\"fr-FR\",\"@id\":\"https:\/\/www.africa-press.net\/benin\/politique\/securite-regionale-gbaguidi-accueille-chefs-detat-major#primaryimage\",\"url\":\"https:\/\/static.africa-press.net\/benin\/sites\/46\/2026\/03\/sm_1773877928.853839.jpg\",\"contentUrl\":\"https:\/\/static.africa-press.net\/benin\/sites\/46\/2026\/03\/sm_1773877928.853839.jpg\",\"width\":1300,\"height\":933,\"caption\":\"S\u00e9curit\u00e9 R\u00e9gionale Gbaguidi Accueille Chefs d'\u00c9tat-Major\"},{\"@type\":\"BreadcrumbList\",\"@id\":\"https:\/\/www.africa-press.net\/benin\/politique\/securite-regionale-gbaguidi-accueille-chefs-detat-major#breadcrumb\",\"itemListElement\":[{\"@type\":\"ListItem\",\"position\":1,\"name\":\"Accueil\",\"item\":\"https:\/\/www.africa-press.net\/benin\/\"},{\"@type\":\"ListItem\",\"position\":2,\"name\":\"S\u00e9curit\u00e9 R\u00e9gionale Gbaguidi Accueille Chefs d&#8217;\u00c9tat-Major\"}]},{\"@type\":\"WebSite\",\"@id\":\"https:\/\/www.africa-press.net\/benin\/#website\",\"url\":\"https:\/\/www.africa-press.net\/benin\/\",\"name\":\"B\u00e9nin\",\"description\":\"Just another Africa News Agency Sites site\",\"potentialAction\":[{\"@type\":\"SearchAction\",\"target\":{\"@type\":\"EntryPoint\",\"urlTemplate\":\"https:\/\/www.africa-press.net\/benin\/?s={search_term_string}\"},\"query-input\":{\"@type\":\"PropertyValueSpecification\",\"valueRequired\":true,\"valueName\":\"search_term_string\"}}],\"inLanguage\":\"fr-FR\"},{\"@type\":\"Person\",\"@id\":\"https:\/\/www.africa-press.net\/benin\/#\/schema\/person\/2b1cf3cd81a31e3cd26889ca66d677f1\",\"name\":\"cfeditorfr\"}]}<\/script>\n<!-- \/ Yoast SEO Premium plugin. -->","yoast_head_json":{"title":"S\u00e9curit\u00e9 R\u00e9gionale Gbaguidi Accueille Chefs d'\u00c9tat-Major - B\u00e9nin","description":"-article-header-tag\"> Africa-Press - Benin. Cotonou s\u2019appre\u0302te a\u0300 accueillir ...","robots":{"index":"index","follow":"follow","max-snippet":"max-snippet:-1","max-image-preview":"max-image-preview:large","max-video-preview":"max-video-preview:-1"},"canonical":"https:\/\/www.africa-press.net\/benin\/politique\/securite-regionale-gbaguidi-accueille-chefs-detat-major","og_locale":"fr_FR","og_type":"article","og_title":"S\u00e9curit\u00e9 R\u00e9gionale Gbaguidi Accueille Chefs d'\u00c9tat-Major","og_description":"-article-header-tag\"> Africa-Press - Benin. Cotonou s\u2019appre\u0302te a\u0300 accueillir ...","og_url":"https:\/\/www.africa-press.net\/benin\/politique\/securite-regionale-gbaguidi-accueille-chefs-detat-major","og_site_name":"B\u00e9nin","article_published_time":"2026-03-18T22:56:56+00:00","article_modified_time":"2026-03-19T00:12:14+00:00","og_image":[{"width":1300,"height":933,"url":"https:\/\/static.africa-press.net\/benin\/sites\/46\/2026\/03\/sm_1773877928.853839.jpg","type":"image\/jpeg"}],"author":"cfeditorfr","twitter_card":"summary_large_image","twitter_misc":{"\u00c9crit par":"cfeditorfr","Dur\u00e9e de lecture estim\u00e9e":"2 minutes"},"schema":{"@context":"https:\/\/schema.org","@graph":[{"@type":"Article","@id":"https:\/\/www.africa-press.net\/benin\/politique\/securite-regionale-gbaguidi-accueille-chefs-detat-major#article","isPartOf":{"@id":"https:\/\/www.africa-press.net\/benin\/politique\/securite-regionale-gbaguidi-accueille-chefs-detat-major"},"author":{"name":"cfeditorfr","@id":"https:\/\/www.africa-press.net\/benin\/#\/schema\/person\/2b1cf3cd81a31e3cd26889ca66d677f1"},"headline":"S\u00e9curit\u00e9 R\u00e9gionale Gbaguidi Accueille Chefs d&rsquo;\u00c9tat-Major","datePublished":"2026-03-18T22:56:56+00:00","dateModified":"2026-03-19T00:12:14+00:00","mainEntityOfPage":{"@id":"https:\/\/www.africa-press.net\/benin\/politique\/securite-regionale-gbaguidi-accueille-chefs-detat-major"},"wordCount":284,"commentCount":0,"image":{"@id":"https:\/\/www.africa-press.net\/benin\/politique\/securite-regionale-gbaguidi-accueille-chefs-detat-major#primaryimage"},"thumbnailUrl":"https:\/\/static.africa-press.net\/benin\/sites\/46\/2026\/03\/sm_1773877928.853839.jpg","keywords":["B\u00e9nin"],"articleSection":["Politique","Toutes les actualit\u00e9s"],"inLanguage":"fr-FR","potentialAction":[{"@type":"CommentAction","name":"Comment","target":["https:\/\/www.africa-press.net\/benin\/politique\/securite-regionale-gbaguidi-accueille-chefs-detat-major#respond"]}]},{"@type":"WebPage","@id":"https:\/\/www.africa-press.net\/benin\/politique\/securite-regionale-gbaguidi-accueille-chefs-detat-major","url":"https:\/\/www.africa-press.net\/benin\/politique\/securite-regionale-gbaguidi-accueille-chefs-detat-major","name":"S\u00e9curit\u00e9 R\u00e9gionale Gbaguidi Accueille Chefs d'\u00c9tat-Major - B\u00e9nin","isPartOf":{"@id":"https:\/\/www.africa-press.net\/benin\/#website"},"primaryImageOfPage":{"@id":"https:\/\/www.africa-press.net\/benin\/politique\/securite-regionale-gbaguidi-accueille-chefs-detat-major#primaryimage"},"image":{"@id":"https:\/\/www.africa-press.net\/benin\/politique\/securite-regionale-gbaguidi-accueille-chefs-detat-major#primaryimage"},"thumbnailUrl":"https:\/\/static.africa-press.net\/benin\/sites\/46\/2026\/03\/sm_1773877928.853839.jpg","datePublished":"2026-03-18T22:56:56+00:00","dateModified":"2026-03-19T00:12:14+00:00","author":{"@id":"https:\/\/www.africa-press.net\/benin\/#\/schema\/person\/2b1cf3cd81a31e3cd26889ca66d677f1"},"description":"-article-header-tag\"> Africa-Press - Benin. Cotonou s\u2019appre\u0302te a\u0300 accueillir ...","breadcrumb":{"@id":"https:\/\/www.africa-press.net\/benin\/politique\/securite-regionale-gbaguidi-accueille-chefs-detat-major#breadcrumb"},"inLanguage":"fr-FR","potentialAction":[{"@type":"ReadAction","target":["https:\/\/www.africa-press.net\/benin\/politique\/securite-regionale-gbaguidi-accueille-chefs-detat-major"]}]},{"@type":"ImageObject","inLanguage":"fr-FR","@id":"https:\/\/www.africa-press.net\/benin\/politique\/securite-regionale-gbaguidi-accueille-chefs-detat-major#primaryimage","url":"https:\/\/static.africa-press.net\/benin\/sites\/46\/2026\/03\/sm_1773877928.853839.jpg","contentUrl":"https:\/\/static.africa-press.net\/benin\/sites\/46\/2026\/03\/sm_1773877928.853839.jpg","width":1300,"height":933,"caption":"S\u00e9curit\u00e9 R\u00e9gionale Gbaguidi Accueille Chefs d'\u00c9tat-Major"},{"@type":"BreadcrumbList","@id":"https:\/\/www.africa-press.net\/benin\/politique\/securite-regionale-gbaguidi-accueille-chefs-detat-major#breadcrumb","itemListElement":[{"@type":"ListItem","position":1,"name":"Accueil","item":"https:\/\/www.africa-press.net\/benin\/"},{"@type":"ListItem","position":2,"name":"S\u00e9curit\u00e9 R\u00e9gionale Gbaguidi Accueille Chefs d&#8217;\u00c9tat-Major"}]},{"@type":"WebSite","@id":"https:\/\/www.africa-press.net\/benin\/#website","url":"https:\/\/www.africa-press.net\/benin\/","name":"B\u00e9nin","description":"Just another Africa News Agency Sites site","potentialAction":[{"@type":"SearchAction","target":{"@type":"EntryPoint","urlTemplate":"https:\/\/www.africa-press.net\/benin\/?s={search_term_string}"},"query-input":{"@type":"PropertyValueSpecification","valueRequired":true,"valueName":"search_term_string"}}],"inLanguage":"fr-FR"},{"@type":"Person","@id":"https:\/\/www.africa-press.net\/benin\/#\/schema\/person\/2b1cf3cd81a31e3cd26889ca66d677f1","name":"cfeditorfr"}]}},"_links":{"self":[{"href":"https:\/\/www.africa-press.net\/benin\/wp-json\/wp\/v2\/posts\/54814","targetHints":{"allow":["GET"]}}],"collection":[{"href":"https:\/\/www.africa-press.net\/benin\/wp-json\/wp\/v2\/posts"}],"about":[{"href":"https:\/\/www.africa-press.net\/benin\/wp-json\/wp\/v2\/types\/post"}],"author":[{"embeddable":true,"href":"https:\/\/www.africa-press.net\/benin\/wp-json\/wp\/v2\/users\/82"}],"replies":[{"embeddable":true,"href":"https:\/\/www.africa-press.net\/benin\/wp-json\/wp\/v2\/comments?post=54814"}],"version-history":[{"count":0,"href":"https:\/\/www.africa-press.net\/benin\/wp-json\/wp\/v2\/posts\/54814\/revisions"}],"wp:featuredmedia":[{"embeddable":true,"href":"https:\/\/www.africa-press.net\/benin\/wp-json\/wp\/v2\/media\/54813"}],"wp:attachment":[{"href":"https:\/\/www.africa-press.net\/benin\/wp-json\/wp\/v2\/media?parent=54814"}],"wp:term":[{"taxonomy":"category","embeddable":true,"href":"https:\/\/www.africa-press.net\/benin\/wp-json\/wp\/v2\/categories?post=54814"},{"taxonomy":"post_tag","embeddable":true,"href":"https:\/\/www.africa-press.net\/benin\/wp-json\/wp\/v2\/tags?post=54814"}],"curies":[{"name":"wp","href":"https:\/\/api.w.org\/{rel}","templated":true}]}}