{"id":6145,"date":"2022-06-25T00:35:36","date_gmt":"2022-06-25T00:35:36","guid":{"rendered":"https:\/\/www.africa-press.net\/benin\/politique\/lancement-de-la-2e-edition-de-la-semaine-du-e-commerce-au-togo"},"modified":"2022-06-25T00:42:45","modified_gmt":"2022-06-25T00:42:45","slug":"lancement-de-la-2e-edition-de-la-semaine-du-e-commerce-au-togo","status":"publish","type":"post","link":"https:\/\/www.africa-press.net\/benin\/economie\/lancement-de-la-2e-edition-de-la-semaine-du-e-commerce-au-togo","title":{"rendered":"Lancement de la 2\u00e8 \u00e9dition de la semaine du E-commerce au Togo"},"content":{"rendered":"<p><span style=\"color: #ff6600\"><strong>Africa-Press &#8211; Benin. <\/strong><\/span>Togo First) &#8211; La deuxi\u00e8me \u00e9dition de la semaine du E-commerce au Togo (22 &#8211; 28 juin 2022) a \u00e9t\u00e9 officiellement lanc\u00e9e jeudi 23 juin 2022 \u00e0 Lom\u00e9. L&rsquo;initiative port\u00e9e par l&rsquo;association Togo Pride, a pour objectif de contribuer \u00e0 la vulgarisation du commerce \u00e9lectronique dans le pays.<\/p>\n<p>Avec pour th\u00e8me, \u201cCommerce \u00e9lectronique au Togo, d\u00e9fis et opportunit\u00e9s \u00e0 l&rsquo;\u00e8re de la relance post covid-19\u201d, cette \u00e9dition est plac\u00e9e dans la perspective de la relance post-covid, en s\u2019appuyant sur le num\u00e9rique. L\u2019\u00e9v\u00e8nement est marqu\u00e9 par une s\u00e9rie de panels, d\u2019\u00e9changes et de pr\u00e9sentations avec des acteurs du secteur du e-commerce au Togo.<\/p>\n<p>\u00ab L&rsquo;objectif est de vulgariser le commerce \u00e9lectronique au Togo, en cr\u00e9ant un cadre dans lequel les principaux acteurs de l&rsquo;\u00e9cosyst\u00e8me pourront \u00e9changer sur les opportunit\u00e9s du commerce \u00e9lectronique. \u00bb, a indiqu\u00e9 Yibokou Komivi Sitou, directeur ex\u00e9cutif de Togo Pride.<\/p>\n<p>\u00ab Aujourd&rsquo;hui, \u00e0 la deuxi\u00e8me \u00e9dition, nous estimons qu&rsquo;avec l&rsquo;accalmie (post covid, ndlr), nous entrons dans une phase o\u00f9 le travail amorc\u00e9 doit \u00eatre poursuivi afin que l&rsquo;E-commerce contribue v\u00e9ritablement au d\u00e9veloppement de l\u2019\u00e9conomie. C\u2019est une activit\u00e9 qui doit venir en support au commerce existant. \u00bb, a-t-il ajout\u00e9.<\/p>\n<p>Cette \u00e9dition est soutenue notamment par Ecobank (dont le si\u00e8ge abrite l\u2019\u00e9v\u00e8nement), et Togocom.<\/p>\n<p><strong>Pour plus d&rsquo;informations et d&rsquo;analyses sur la <a href=\"https:\/\/www.africa-press.net\/benin\">Benin<\/a>, suivez <a href=\"https:\/\/www.africa-press.net\/\">Africa-Press<\/a><\/strong><\/p>\n","protected":false},"excerpt":{"rendered":"<p>Africa-Press &#8211; Benin. Togo First) &#8211; La deuxi\u00e8me \u00e9dition de la semaine du E-commerce au Togo (22 &#8211; 28 juin 2022) a \u00e9t\u00e9 officiellement lanc\u00e9e jeudi 23 juin 2022 \u00e0 Lom\u00e9. L&rsquo;initiative port\u00e9e par l&rsquo;association Togo Pride, a pour objectif de contribuer \u00e0 la vulgarisation du commerce \u00e9lectronique dans le pays. Avec pour th\u00e8me, \u201cCommerce [&hellip;]<\/p>\n","protected":false},"author":82,"featured_media":6144,"comment_status":"open","ping_status":"closed","sticky":false,"template":"","format":"standard","meta":{"footnotes":""},"categories":[3,11,10],"tags":[36,50,45],"class_list":["post-6145","post","type-post","status-publish","format-standard","has-post-thumbnail","hentry","category-economie","category-homepage-french","category-toutes-les-actualites","tag-africa-press","tag-africa-press-benin","tag-benin"],"yoast_head":"<!-- This site is optimized with the Yoast SEO Premium plugin v26.1 (Yoast SEO v27.0) - https:\/\/yoast.com\/product\/yoast-seo-premium-wordpress\/ -->\n<title>Lancement de la 2\u00e8 \u00e9dition de la semaine du E-commerce au Togo - B\u00e9nin<\/title>\n<meta name=\"description\" content=\"Togo First) - La deuxi\u00e8me \u00e9dition de la semaine du E-commerce au Togo (22 - 28 juin 2022) a \u00e9t\u00e9 officiellement lanc\u00e9e je ...\" \/>\n<meta name=\"robots\" content=\"index, follow, max-snippet:-1, max-image-preview:large, max-video-preview:-1\" \/>\n<link rel=\"canonical\" href=\"https:\/\/www.africa-press.net\/benin\/economie\/lancement-de-la-2e-edition-de-la-semaine-du-e-commerce-au-togo\" \/>\n<meta property=\"og:locale\" content=\"fr_FR\" \/>\n<meta property=\"og:type\" content=\"article\" \/>\n<meta property=\"og:title\" content=\"Lancement de la 2\u00e8 \u00e9dition de la semaine du E-commerce au Togo\" \/>\n<meta property=\"og:description\" content=\"Togo First) - La deuxi\u00e8me \u00e9dition de la semaine du E-commerce au Togo (22 - 28 juin 2022) a \u00e9t\u00e9 officiellement lanc\u00e9e je ...\" \/>\n<meta property=\"og:url\" content=\"https:\/\/www.africa-press.net\/benin\/economie\/lancement-de-la-2e-edition-de-la-semaine-du-e-commerce-au-togo\" \/>\n<meta property=\"og:site_name\" content=\"B\u00e9nin\" \/>\n<meta property=\"article:published_time\" content=\"2022-06-25T00:35:36+00:00\" \/>\n<meta property=\"article:modified_time\" content=\"2022-06-25T00:42:45+00:00\" \/>\n<meta property=\"og:image\" content=\"https:\/\/static.africa-press.net\/benin\/sites\/46\/2022\/06\/postQueueImg_15-62b659f52f085.jpg\" \/>\n\t<meta property=\"og:image:width\" content=\"600\" \/>\n\t<meta property=\"og:image:height\" content=\"365\" \/>\n\t<meta property=\"og:image:type\" content=\"image\/jpeg\" \/>\n<meta name=\"author\" content=\"cfeditorfr\" \/>\n<meta name=\"twitter:card\" content=\"summary_large_image\" \/>\n<meta name=\"twitter:label1\" content=\"\u00c9crit par\" \/>\n\t<meta name=\"twitter:data1\" content=\"cfeditorfr\" \/>\n\t<meta name=\"twitter:label2\" content=\"Dur\u00e9e de lecture estim\u00e9e\" \/>\n\t<meta name=\"twitter:data2\" content=\"1 minute\" \/>\n<script type=\"application\/ld+json\" class=\"yoast-schema-graph\">{\"@context\":\"https:\/\/schema.org\",\"@graph\":[{\"@type\":\"Article\",\"@id\":\"https:\/\/www.africa-press.net\/benin\/economie\/lancement-de-la-2e-edition-de-la-semaine-du-e-commerce-au-togo#article\",\"isPartOf\":{\"@id\":\"https:\/\/www.africa-press.net\/benin\/economie\/lancement-de-la-2e-edition-de-la-semaine-du-e-commerce-au-togo\"},\"author\":{\"name\":\"cfeditorfr\",\"@id\":\"https:\/\/www.africa-press.net\/benin\/#\/schema\/person\/2b1cf3cd81a31e3cd26889ca66d677f1\"},\"headline\":\"Lancement de la 2\u00e8 \u00e9dition de la semaine du E-commerce au Togo\",\"datePublished\":\"2022-06-25T00:35:36+00:00\",\"dateModified\":\"2022-06-25T00:42:45+00:00\",\"mainEntityOfPage\":{\"@id\":\"https:\/\/www.africa-press.net\/benin\/economie\/lancement-de-la-2e-edition-de-la-semaine-du-e-commerce-au-togo\"},\"wordCount\":252,\"commentCount\":0,\"image\":{\"@id\":\"https:\/\/www.africa-press.net\/benin\/economie\/lancement-de-la-2e-edition-de-la-semaine-du-e-commerce-au-togo#primaryimage\"},\"thumbnailUrl\":\"https:\/\/static.africa-press.net\/benin\/sites\/46\/2022\/06\/postQueueImg_15-62b659f52f085.jpg\",\"keywords\":[\"Africa Press\",\"Africa Press-Benin\",\"B\u00e9nin\"],\"articleSection\":[\"\u00c9conomie\",\"homepage-french\",\"Toutes les actualit\u00e9s\"],\"inLanguage\":\"fr-FR\",\"potentialAction\":[{\"@type\":\"CommentAction\",\"name\":\"Comment\",\"target\":[\"https:\/\/www.africa-press.net\/benin\/economie\/lancement-de-la-2e-edition-de-la-semaine-du-e-commerce-au-togo#respond\"]}]},{\"@type\":\"WebPage\",\"@id\":\"https:\/\/www.africa-press.net\/benin\/economie\/lancement-de-la-2e-edition-de-la-semaine-du-e-commerce-au-togo\",\"url\":\"https:\/\/www.africa-press.net\/benin\/economie\/lancement-de-la-2e-edition-de-la-semaine-du-e-commerce-au-togo\",\"name\":\"Lancement de la 2\u00e8 \u00e9dition de la semaine du E-commerce au Togo - B\u00e9nin\",\"isPartOf\":{\"@id\":\"https:\/\/www.africa-press.net\/benin\/#website\"},\"primaryImageOfPage\":{\"@id\":\"https:\/\/www.africa-press.net\/benin\/economie\/lancement-de-la-2e-edition-de-la-semaine-du-e-commerce-au-togo#primaryimage\"},\"image\":{\"@id\":\"https:\/\/www.africa-press.net\/benin\/economie\/lancement-de-la-2e-edition-de-la-semaine-du-e-commerce-au-togo#primaryimage\"},\"thumbnailUrl\":\"https:\/\/static.africa-press.net\/benin\/sites\/46\/2022\/06\/postQueueImg_15-62b659f52f085.jpg\",\"datePublished\":\"2022-06-25T00:35:36+00:00\",\"dateModified\":\"2022-06-25T00:42:45+00:00\",\"author\":{\"@id\":\"https:\/\/www.africa-press.net\/benin\/#\/schema\/person\/2b1cf3cd81a31e3cd26889ca66d677f1\"},\"description\":\"Togo First) - La deuxi\u00e8me \u00e9dition de la semaine du E-commerce au Togo (22 - 28 juin 2022) a \u00e9t\u00e9 officiellement lanc\u00e9e je ...\",\"breadcrumb\":{\"@id\":\"https:\/\/www.africa-press.net\/benin\/economie\/lancement-de-la-2e-edition-de-la-semaine-du-e-commerce-au-togo#breadcrumb\"},\"inLanguage\":\"fr-FR\",\"potentialAction\":[{\"@type\":\"ReadAction\",\"target\":[\"https:\/\/www.africa-press.net\/benin\/economie\/lancement-de-la-2e-edition-de-la-semaine-du-e-commerce-au-togo\"]}]},{\"@type\":\"ImageObject\",\"inLanguage\":\"fr-FR\",\"@id\":\"https:\/\/www.africa-press.net\/benin\/economie\/lancement-de-la-2e-edition-de-la-semaine-du-e-commerce-au-togo#primaryimage\",\"url\":\"https:\/\/static.africa-press.net\/benin\/sites\/46\/2022\/06\/postQueueImg_15-62b659f52f085.jpg\",\"contentUrl\":\"https:\/\/static.africa-press.net\/benin\/sites\/46\/2022\/06\/postQueueImg_15-62b659f52f085.jpg\",\"width\":600,\"height\":365,\"caption\":\"Lancement de la 2\u00e8 \u00e9dition de la semaine du E-commerce au Togo\"},{\"@type\":\"BreadcrumbList\",\"@id\":\"https:\/\/www.africa-press.net\/benin\/economie\/lancement-de-la-2e-edition-de-la-semaine-du-e-commerce-au-togo#breadcrumb\",\"itemListElement\":[{\"@type\":\"ListItem\",\"position\":1,\"name\":\"Accueil\",\"item\":\"https:\/\/www.africa-press.net\/benin\/\"},{\"@type\":\"ListItem\",\"position\":2,\"name\":\"Lancement de la 2\u00e8 \u00e9dition de la semaine du E-commerce au Togo\"}]},{\"@type\":\"WebSite\",\"@id\":\"https:\/\/www.africa-press.net\/benin\/#website\",\"url\":\"https:\/\/www.africa-press.net\/benin\/\",\"name\":\"B\u00e9nin\",\"description\":\"Just another Africa News Agency Sites site\",\"potentialAction\":[{\"@type\":\"SearchAction\",\"target\":{\"@type\":\"EntryPoint\",\"urlTemplate\":\"https:\/\/www.africa-press.net\/benin\/?s={search_term_string}\"},\"query-input\":{\"@type\":\"PropertyValueSpecification\",\"valueRequired\":true,\"valueName\":\"search_term_string\"}}],\"inLanguage\":\"fr-FR\"},{\"@type\":\"Person\",\"@id\":\"https:\/\/www.africa-press.net\/benin\/#\/schema\/person\/2b1cf3cd81a31e3cd26889ca66d677f1\",\"name\":\"cfeditorfr\"}]}<\/script>\n<!-- \/ Yoast SEO Premium plugin. -->","yoast_head_json":{"title":"Lancement de la 2\u00e8 \u00e9dition de la semaine du E-commerce au Togo - B\u00e9nin","description":"Togo First) - La deuxi\u00e8me \u00e9dition de la semaine du E-commerce au Togo (22 - 28 juin 2022) a \u00e9t\u00e9 officiellement lanc\u00e9e je ...","robots":{"index":"index","follow":"follow","max-snippet":"max-snippet:-1","max-image-preview":"max-image-preview:large","max-video-preview":"max-video-preview:-1"},"canonical":"https:\/\/www.africa-press.net\/benin\/economie\/lancement-de-la-2e-edition-de-la-semaine-du-e-commerce-au-togo","og_locale":"fr_FR","og_type":"article","og_title":"Lancement de la 2\u00e8 \u00e9dition de la semaine du E-commerce au Togo","og_description":"Togo First) - La deuxi\u00e8me \u00e9dition de la semaine du E-commerce au Togo (22 - 28 juin 2022) a \u00e9t\u00e9 officiellement lanc\u00e9e je ...","og_url":"https:\/\/www.africa-press.net\/benin\/economie\/lancement-de-la-2e-edition-de-la-semaine-du-e-commerce-au-togo","og_site_name":"B\u00e9nin","article_published_time":"2022-06-25T00:35:36+00:00","article_modified_time":"2022-06-25T00:42:45+00:00","og_image":[{"width":600,"height":365,"url":"https:\/\/static.africa-press.net\/benin\/sites\/46\/2022\/06\/postQueueImg_15-62b659f52f085.jpg","type":"image\/jpeg"}],"author":"cfeditorfr","twitter_card":"summary_large_image","twitter_misc":{"\u00c9crit par":"cfeditorfr","Dur\u00e9e de lecture estim\u00e9e":"1 minute"},"schema":{"@context":"https:\/\/schema.org","@graph":[{"@type":"Article","@id":"https:\/\/www.africa-press.net\/benin\/economie\/lancement-de-la-2e-edition-de-la-semaine-du-e-commerce-au-togo#article","isPartOf":{"@id":"https:\/\/www.africa-press.net\/benin\/economie\/lancement-de-la-2e-edition-de-la-semaine-du-e-commerce-au-togo"},"author":{"name":"cfeditorfr","@id":"https:\/\/www.africa-press.net\/benin\/#\/schema\/person\/2b1cf3cd81a31e3cd26889ca66d677f1"},"headline":"Lancement de la 2\u00e8 \u00e9dition de la semaine du E-commerce au Togo","datePublished":"2022-06-25T00:35:36+00:00","dateModified":"2022-06-25T00:42:45+00:00","mainEntityOfPage":{"@id":"https:\/\/www.africa-press.net\/benin\/economie\/lancement-de-la-2e-edition-de-la-semaine-du-e-commerce-au-togo"},"wordCount":252,"commentCount":0,"image":{"@id":"https:\/\/www.africa-press.net\/benin\/economie\/lancement-de-la-2e-edition-de-la-semaine-du-e-commerce-au-togo#primaryimage"},"thumbnailUrl":"https:\/\/static.africa-press.net\/benin\/sites\/46\/2022\/06\/postQueueImg_15-62b659f52f085.jpg","keywords":["Africa Press","Africa Press-Benin","B\u00e9nin"],"articleSection":["\u00c9conomie","homepage-french","Toutes les actualit\u00e9s"],"inLanguage":"fr-FR","potentialAction":[{"@type":"CommentAction","name":"Comment","target":["https:\/\/www.africa-press.net\/benin\/economie\/lancement-de-la-2e-edition-de-la-semaine-du-e-commerce-au-togo#respond"]}]},{"@type":"WebPage","@id":"https:\/\/www.africa-press.net\/benin\/economie\/lancement-de-la-2e-edition-de-la-semaine-du-e-commerce-au-togo","url":"https:\/\/www.africa-press.net\/benin\/economie\/lancement-de-la-2e-edition-de-la-semaine-du-e-commerce-au-togo","name":"Lancement de la 2\u00e8 \u00e9dition de la semaine du E-commerce au Togo - B\u00e9nin","isPartOf":{"@id":"https:\/\/www.africa-press.net\/benin\/#website"},"primaryImageOfPage":{"@id":"https:\/\/www.africa-press.net\/benin\/economie\/lancement-de-la-2e-edition-de-la-semaine-du-e-commerce-au-togo#primaryimage"},"image":{"@id":"https:\/\/www.africa-press.net\/benin\/economie\/lancement-de-la-2e-edition-de-la-semaine-du-e-commerce-au-togo#primaryimage"},"thumbnailUrl":"https:\/\/static.africa-press.net\/benin\/sites\/46\/2022\/06\/postQueueImg_15-62b659f52f085.jpg","datePublished":"2022-06-25T00:35:36+00:00","dateModified":"2022-06-25T00:42:45+00:00","author":{"@id":"https:\/\/www.africa-press.net\/benin\/#\/schema\/person\/2b1cf3cd81a31e3cd26889ca66d677f1"},"description":"Togo First) - La deuxi\u00e8me \u00e9dition de la semaine du E-commerce au Togo (22 - 28 juin 2022) a \u00e9t\u00e9 officiellement lanc\u00e9e je ...","breadcrumb":{"@id":"https:\/\/www.africa-press.net\/benin\/economie\/lancement-de-la-2e-edition-de-la-semaine-du-e-commerce-au-togo#breadcrumb"},"inLanguage":"fr-FR","potentialAction":[{"@type":"ReadAction","target":["https:\/\/www.africa-press.net\/benin\/economie\/lancement-de-la-2e-edition-de-la-semaine-du-e-commerce-au-togo"]}]},{"@type":"ImageObject","inLanguage":"fr-FR","@id":"https:\/\/www.africa-press.net\/benin\/economie\/lancement-de-la-2e-edition-de-la-semaine-du-e-commerce-au-togo#primaryimage","url":"https:\/\/static.africa-press.net\/benin\/sites\/46\/2022\/06\/postQueueImg_15-62b659f52f085.jpg","contentUrl":"https:\/\/static.africa-press.net\/benin\/sites\/46\/2022\/06\/postQueueImg_15-62b659f52f085.jpg","width":600,"height":365,"caption":"Lancement de la 2\u00e8 \u00e9dition de la semaine du E-commerce au Togo"},{"@type":"BreadcrumbList","@id":"https:\/\/www.africa-press.net\/benin\/economie\/lancement-de-la-2e-edition-de-la-semaine-du-e-commerce-au-togo#breadcrumb","itemListElement":[{"@type":"ListItem","position":1,"name":"Accueil","item":"https:\/\/www.africa-press.net\/benin\/"},{"@type":"ListItem","position":2,"name":"Lancement de la 2\u00e8 \u00e9dition de la semaine du E-commerce au Togo"}]},{"@type":"WebSite","@id":"https:\/\/www.africa-press.net\/benin\/#website","url":"https:\/\/www.africa-press.net\/benin\/","name":"B\u00e9nin","description":"Just another Africa News Agency Sites site","potentialAction":[{"@type":"SearchAction","target":{"@type":"EntryPoint","urlTemplate":"https:\/\/www.africa-press.net\/benin\/?s={search_term_string}"},"query-input":{"@type":"PropertyValueSpecification","valueRequired":true,"valueName":"search_term_string"}}],"inLanguage":"fr-FR"},{"@type":"Person","@id":"https:\/\/www.africa-press.net\/benin\/#\/schema\/person\/2b1cf3cd81a31e3cd26889ca66d677f1","name":"cfeditorfr"}]}},"_links":{"self":[{"href":"https:\/\/www.africa-press.net\/benin\/wp-json\/wp\/v2\/posts\/6145","targetHints":{"allow":["GET"]}}],"collection":[{"href":"https:\/\/www.africa-press.net\/benin\/wp-json\/wp\/v2\/posts"}],"about":[{"href":"https:\/\/www.africa-press.net\/benin\/wp-json\/wp\/v2\/types\/post"}],"author":[{"embeddable":true,"href":"https:\/\/www.africa-press.net\/benin\/wp-json\/wp\/v2\/users\/82"}],"replies":[{"embeddable":true,"href":"https:\/\/www.africa-press.net\/benin\/wp-json\/wp\/v2\/comments?post=6145"}],"version-history":[{"count":0,"href":"https:\/\/www.africa-press.net\/benin\/wp-json\/wp\/v2\/posts\/6145\/revisions"}],"wp:featuredmedia":[{"embeddable":true,"href":"https:\/\/www.africa-press.net\/benin\/wp-json\/wp\/v2\/media\/6144"}],"wp:attachment":[{"href":"https:\/\/www.africa-press.net\/benin\/wp-json\/wp\/v2\/media?parent=6145"}],"wp:term":[{"taxonomy":"category","embeddable":true,"href":"https:\/\/www.africa-press.net\/benin\/wp-json\/wp\/v2\/categories?post=6145"},{"taxonomy":"post_tag","embeddable":true,"href":"https:\/\/www.africa-press.net\/benin\/wp-json\/wp\/v2\/tags?post=6145"}],"curies":[{"name":"wp","href":"https:\/\/api.w.org\/{rel}","templated":true}]}}