{"id":6348,"date":"2022-06-29T19:10:38","date_gmt":"2022-06-29T19:10:38","guid":{"rendered":"https:\/\/www.africa-press.net\/benin\/politique\/cour-constitutionnelle-16-dossiers-inscrits-au-role-du-vendredi-prochain"},"modified":"2022-06-29T19:37:00","modified_gmt":"2022-06-29T19:37:00","slug":"cour-constitutionnelle-16-dossiers-inscrits-au-role-du-vendredi-prochain","status":"publish","type":"post","link":"https:\/\/www.africa-press.net\/benin\/politique\/cour-constitutionnelle-16-dossiers-inscrits-au-role-du-vendredi-prochain","title":{"rendered":"Cour constitutionnelle: 16 dossiers inscrits au r\u00f4le du vendredi prochain"},"content":{"rendered":"<p><span style=\"color: #ff6600\"><strong>Africa-Press &#8211; Benin. <\/strong><\/span>L\u2019audience pl\u00e9ni\u00e8re de la cour constitutionnelle de ce jeudi 30 juin 2022 est report\u00e9e au vendredi 1er Juillet. Selon un communiqu\u00e9 du secr\u00e9taire g\u00e9n\u00e9ral de l\u2019institution, 16 dossiers de recours seront examin\u00e9s par les sept conseillers au cours de l\u2019audience du vendredi.<\/p>\n<p>L\u2019audience pl\u00e9ni\u00e8re de la cour constitutionnelle pr\u00e9vue pour le jeudi 30 Juin 2022 se tiendra d\u00e9sormais le vendredi 1er Juillet \u00e0 9 heures dans la salle Monseigneur Isidore de Souza au si\u00e8ge de la haute juridiction \u00e0 Cotonou. Ce changement de date est intervenu selon un communiqu\u00e9 de la cour suite \u00e0 un emp\u00eachement de la juridiction en charge du contr\u00f4le de constitutionnalit\u00e9 des textes de loi.<\/p>\n<p>Au cours de l\u2019audience du vendredi prochain, 16 dossiers de recours seront examin\u00e9s par les sept conseillers de la cour constitutionnelle. Il s\u2019agit des dossiers ci-apr\u00e8s:<\/p>\n<p>Les pensionnaires de la prison civile de Miss\u00e9r\u00e9t\u00e9 ne sont pas contents de leurs conditions de d\u00e9tention. A travers un recours adress\u00e9 aux conseillers de la cour constitutionnelle, ces pensionnaires repr\u00e9sent\u00e9s par Lambert Adounon et Basile Mahoukp\u00e9 sollicitent l&rsquo;intervention de la haute juridiction pour l&rsquo;am\u00e9lioration de leurs conditions de d\u00e9tention.\u2026<\/p>\n<p>Parmi les dossiers, qui seront examin\u00e9s le 1er Juin 2021 par les sept conseillers de la Cour constitutionnelle, figure un recours contre Bruno Amoussou et Abdoulaye Bio Tchan\u00e9, respectivement pr\u00e9sident de l&rsquo;Union Progressiste et premier secr\u00e9taire ex\u00e9cutif du Bloc R\u00e9publicain. Plusieurs dossiers sont inscrits au r\u00f4le de la premi\u00e8re chambre\u2026<\/p>\n<p>La quatri\u00e8me et la cinqui\u00e8me mandature de la cour constitutionnelle respectivement pr\u00e9sid\u00e9es par Me Robert Dossou et le professeur Th\u00e9odore Holo seront honor\u00e9es en D\u00e9cembre 2022. Par un communiqu\u00e9 en date du 27 Juin 2022 et sign\u00e9 par son secr\u00e9tariat g\u00e9n\u00e9ral, la cour constitutionnelle, sixi\u00e8me mandature va honorer les mandatures\u2026<\/p>\n<p>En ce moment:<\/p>\n<p><strong>Pour plus d&rsquo;informations et d&rsquo;analyses sur la <a href=\"https:\/\/www.africa-press.net\/benin\">Benin<\/a>, suivez <a href=\"https:\/\/www.africa-press.net\/\">Africa-Press<\/a><\/strong><\/p>\n","protected":false},"excerpt":{"rendered":"<p>Africa-Press &#8211; Benin. L\u2019audience pl\u00e9ni\u00e8re de la cour constitutionnelle de ce jeudi 30 juin 2022 est report\u00e9e au vendredi 1er Juillet. Selon un communiqu\u00e9 du secr\u00e9taire g\u00e9n\u00e9ral de l\u2019institution, 16 dossiers de recours seront examin\u00e9s par les sept conseillers au cours de l\u2019audience du vendredi. L\u2019audience pl\u00e9ni\u00e8re de la cour constitutionnelle pr\u00e9vue pour le jeudi [&hellip;]<\/p>\n","protected":false},"author":82,"featured_media":6347,"comment_status":"open","ping_status":"closed","sticky":false,"template":"","format":"standard","meta":{"footnotes":""},"categories":[11,2,20,10],"tags":[36,50,45],"class_list":["post-6348","post","type-post","status-publish","format-standard","has-post-thumbnail","hentry","category-homepage-french","category-politique","category-top-nouvelles","category-toutes-les-actualites","tag-africa-press","tag-africa-press-benin","tag-benin"],"yoast_head":"<!-- This site is optimized with the Yoast SEO Premium plugin v26.1 (Yoast SEO v27.0) - https:\/\/yoast.com\/product\/yoast-seo-premium-wordpress\/ -->\n<title>Cour constitutionnelle: 16 dossiers inscrits au r\u00f4le du vendredi prochain - B\u00e9nin<\/title>\n<meta name=\"description\" content=\"L\u2019audience pl\u00e9ni\u00e8re de la cour constitutionnelle de ce jeudi 30 juin 2022 est report\u00e9e au vendredi 1er Juillet. Selon un ...\" \/>\n<meta name=\"robots\" content=\"index, follow, max-snippet:-1, max-image-preview:large, max-video-preview:-1\" \/>\n<link rel=\"canonical\" href=\"https:\/\/www.africa-press.net\/benin\/politique\/cour-constitutionnelle-16-dossiers-inscrits-au-role-du-vendredi-prochain\" \/>\n<meta property=\"og:locale\" content=\"fr_FR\" \/>\n<meta property=\"og:type\" content=\"article\" \/>\n<meta property=\"og:title\" content=\"Cour constitutionnelle: 16 dossiers inscrits au r\u00f4le du vendredi prochain\" \/>\n<meta property=\"og:description\" content=\"L\u2019audience pl\u00e9ni\u00e8re de la cour constitutionnelle de ce jeudi 30 juin 2022 est report\u00e9e au vendredi 1er Juillet. Selon un ...\" \/>\n<meta property=\"og:url\" content=\"https:\/\/www.africa-press.net\/benin\/politique\/cour-constitutionnelle-16-dossiers-inscrits-au-role-du-vendredi-prochain\" \/>\n<meta property=\"og:site_name\" content=\"B\u00e9nin\" \/>\n<meta property=\"article:published_time\" content=\"2022-06-29T19:10:38+00:00\" \/>\n<meta property=\"article:modified_time\" content=\"2022-06-29T19:37:00+00:00\" \/>\n<meta property=\"og:image\" content=\"https:\/\/static.africa-press.net\/benin\/sites\/46\/2022\/06\/postQueueImg_5-62bca9b2916f6.jpg\" \/>\n\t<meta property=\"og:image:width\" content=\"1200\" \/>\n\t<meta property=\"og:image:height\" content=\"675\" \/>\n\t<meta property=\"og:image:type\" content=\"image\/jpeg\" \/>\n<meta name=\"author\" content=\"cfeditorfr\" \/>\n<meta name=\"twitter:card\" content=\"summary_large_image\" \/>\n<meta name=\"twitter:label1\" content=\"\u00c9crit par\" \/>\n\t<meta name=\"twitter:data1\" content=\"cfeditorfr\" \/>\n\t<meta name=\"twitter:label2\" content=\"Dur\u00e9e de lecture estim\u00e9e\" \/>\n\t<meta name=\"twitter:data2\" content=\"2 minutes\" \/>\n<script type=\"application\/ld+json\" class=\"yoast-schema-graph\">{\"@context\":\"https:\/\/schema.org\",\"@graph\":[{\"@type\":\"Article\",\"@id\":\"https:\/\/www.africa-press.net\/benin\/politique\/cour-constitutionnelle-16-dossiers-inscrits-au-role-du-vendredi-prochain#article\",\"isPartOf\":{\"@id\":\"https:\/\/www.africa-press.net\/benin\/politique\/cour-constitutionnelle-16-dossiers-inscrits-au-role-du-vendredi-prochain\"},\"author\":{\"name\":\"cfeditorfr\",\"@id\":\"https:\/\/www.africa-press.net\/benin\/#\/schema\/person\/2b1cf3cd81a31e3cd26889ca66d677f1\"},\"headline\":\"Cour constitutionnelle: 16 dossiers inscrits au r\u00f4le du vendredi prochain\",\"datePublished\":\"2022-06-29T19:10:38+00:00\",\"dateModified\":\"2022-06-29T19:37:00+00:00\",\"mainEntityOfPage\":{\"@id\":\"https:\/\/www.africa-press.net\/benin\/politique\/cour-constitutionnelle-16-dossiers-inscrits-au-role-du-vendredi-prochain\"},\"wordCount\":349,\"commentCount\":0,\"image\":{\"@id\":\"https:\/\/www.africa-press.net\/benin\/politique\/cour-constitutionnelle-16-dossiers-inscrits-au-role-du-vendredi-prochain#primaryimage\"},\"thumbnailUrl\":\"https:\/\/static.africa-press.net\/benin\/sites\/46\/2022\/06\/postQueueImg_5-62bca9b2916f6.jpg\",\"keywords\":[\"Africa Press\",\"Africa Press-Benin\",\"B\u00e9nin\"],\"articleSection\":[\"homepage-french\",\"Politique\",\"Top Nouvelles\",\"Toutes les actualit\u00e9s\"],\"inLanguage\":\"fr-FR\",\"potentialAction\":[{\"@type\":\"CommentAction\",\"name\":\"Comment\",\"target\":[\"https:\/\/www.africa-press.net\/benin\/politique\/cour-constitutionnelle-16-dossiers-inscrits-au-role-du-vendredi-prochain#respond\"]}]},{\"@type\":\"WebPage\",\"@id\":\"https:\/\/www.africa-press.net\/benin\/politique\/cour-constitutionnelle-16-dossiers-inscrits-au-role-du-vendredi-prochain\",\"url\":\"https:\/\/www.africa-press.net\/benin\/politique\/cour-constitutionnelle-16-dossiers-inscrits-au-role-du-vendredi-prochain\",\"name\":\"Cour constitutionnelle: 16 dossiers inscrits au r\u00f4le du vendredi prochain - B\u00e9nin\",\"isPartOf\":{\"@id\":\"https:\/\/www.africa-press.net\/benin\/#website\"},\"primaryImageOfPage\":{\"@id\":\"https:\/\/www.africa-press.net\/benin\/politique\/cour-constitutionnelle-16-dossiers-inscrits-au-role-du-vendredi-prochain#primaryimage\"},\"image\":{\"@id\":\"https:\/\/www.africa-press.net\/benin\/politique\/cour-constitutionnelle-16-dossiers-inscrits-au-role-du-vendredi-prochain#primaryimage\"},\"thumbnailUrl\":\"https:\/\/static.africa-press.net\/benin\/sites\/46\/2022\/06\/postQueueImg_5-62bca9b2916f6.jpg\",\"datePublished\":\"2022-06-29T19:10:38+00:00\",\"dateModified\":\"2022-06-29T19:37:00+00:00\",\"author\":{\"@id\":\"https:\/\/www.africa-press.net\/benin\/#\/schema\/person\/2b1cf3cd81a31e3cd26889ca66d677f1\"},\"description\":\"L\u2019audience pl\u00e9ni\u00e8re de la cour constitutionnelle de ce jeudi 30 juin 2022 est report\u00e9e au vendredi 1er Juillet. Selon un ...\",\"breadcrumb\":{\"@id\":\"https:\/\/www.africa-press.net\/benin\/politique\/cour-constitutionnelle-16-dossiers-inscrits-au-role-du-vendredi-prochain#breadcrumb\"},\"inLanguage\":\"fr-FR\",\"potentialAction\":[{\"@type\":\"ReadAction\",\"target\":[\"https:\/\/www.africa-press.net\/benin\/politique\/cour-constitutionnelle-16-dossiers-inscrits-au-role-du-vendredi-prochain\"]}]},{\"@type\":\"ImageObject\",\"inLanguage\":\"fr-FR\",\"@id\":\"https:\/\/www.africa-press.net\/benin\/politique\/cour-constitutionnelle-16-dossiers-inscrits-au-role-du-vendredi-prochain#primaryimage\",\"url\":\"https:\/\/static.africa-press.net\/benin\/sites\/46\/2022\/06\/postQueueImg_5-62bca9b2916f6.jpg\",\"contentUrl\":\"https:\/\/static.africa-press.net\/benin\/sites\/46\/2022\/06\/postQueueImg_5-62bca9b2916f6.jpg\",\"width\":1200,\"height\":675,\"caption\":\"Cour constitutionnelle: 16 dossiers inscrits au r\u00f4le du vendredi prochain\"},{\"@type\":\"BreadcrumbList\",\"@id\":\"https:\/\/www.africa-press.net\/benin\/politique\/cour-constitutionnelle-16-dossiers-inscrits-au-role-du-vendredi-prochain#breadcrumb\",\"itemListElement\":[{\"@type\":\"ListItem\",\"position\":1,\"name\":\"Accueil\",\"item\":\"https:\/\/www.africa-press.net\/benin\/\"},{\"@type\":\"ListItem\",\"position\":2,\"name\":\"Cour constitutionnelle: 16 dossiers inscrits au r\u00f4le du vendredi prochain\"}]},{\"@type\":\"WebSite\",\"@id\":\"https:\/\/www.africa-press.net\/benin\/#website\",\"url\":\"https:\/\/www.africa-press.net\/benin\/\",\"name\":\"B\u00e9nin\",\"description\":\"Just another Africa News Agency Sites site\",\"potentialAction\":[{\"@type\":\"SearchAction\",\"target\":{\"@type\":\"EntryPoint\",\"urlTemplate\":\"https:\/\/www.africa-press.net\/benin\/?s={search_term_string}\"},\"query-input\":{\"@type\":\"PropertyValueSpecification\",\"valueRequired\":true,\"valueName\":\"search_term_string\"}}],\"inLanguage\":\"fr-FR\"},{\"@type\":\"Person\",\"@id\":\"https:\/\/www.africa-press.net\/benin\/#\/schema\/person\/2b1cf3cd81a31e3cd26889ca66d677f1\",\"name\":\"cfeditorfr\"}]}<\/script>\n<!-- \/ Yoast SEO Premium plugin. -->","yoast_head_json":{"title":"Cour constitutionnelle: 16 dossiers inscrits au r\u00f4le du vendredi prochain - B\u00e9nin","description":"L\u2019audience pl\u00e9ni\u00e8re de la cour constitutionnelle de ce jeudi 30 juin 2022 est report\u00e9e au vendredi 1er Juillet. Selon un ...","robots":{"index":"index","follow":"follow","max-snippet":"max-snippet:-1","max-image-preview":"max-image-preview:large","max-video-preview":"max-video-preview:-1"},"canonical":"https:\/\/www.africa-press.net\/benin\/politique\/cour-constitutionnelle-16-dossiers-inscrits-au-role-du-vendredi-prochain","og_locale":"fr_FR","og_type":"article","og_title":"Cour constitutionnelle: 16 dossiers inscrits au r\u00f4le du vendredi prochain","og_description":"L\u2019audience pl\u00e9ni\u00e8re de la cour constitutionnelle de ce jeudi 30 juin 2022 est report\u00e9e au vendredi 1er Juillet. Selon un ...","og_url":"https:\/\/www.africa-press.net\/benin\/politique\/cour-constitutionnelle-16-dossiers-inscrits-au-role-du-vendredi-prochain","og_site_name":"B\u00e9nin","article_published_time":"2022-06-29T19:10:38+00:00","article_modified_time":"2022-06-29T19:37:00+00:00","og_image":[{"width":1200,"height":675,"url":"https:\/\/static.africa-press.net\/benin\/sites\/46\/2022\/06\/postQueueImg_5-62bca9b2916f6.jpg","type":"image\/jpeg"}],"author":"cfeditorfr","twitter_card":"summary_large_image","twitter_misc":{"\u00c9crit par":"cfeditorfr","Dur\u00e9e de lecture estim\u00e9e":"2 minutes"},"schema":{"@context":"https:\/\/schema.org","@graph":[{"@type":"Article","@id":"https:\/\/www.africa-press.net\/benin\/politique\/cour-constitutionnelle-16-dossiers-inscrits-au-role-du-vendredi-prochain#article","isPartOf":{"@id":"https:\/\/www.africa-press.net\/benin\/politique\/cour-constitutionnelle-16-dossiers-inscrits-au-role-du-vendredi-prochain"},"author":{"name":"cfeditorfr","@id":"https:\/\/www.africa-press.net\/benin\/#\/schema\/person\/2b1cf3cd81a31e3cd26889ca66d677f1"},"headline":"Cour constitutionnelle: 16 dossiers inscrits au r\u00f4le du vendredi prochain","datePublished":"2022-06-29T19:10:38+00:00","dateModified":"2022-06-29T19:37:00+00:00","mainEntityOfPage":{"@id":"https:\/\/www.africa-press.net\/benin\/politique\/cour-constitutionnelle-16-dossiers-inscrits-au-role-du-vendredi-prochain"},"wordCount":349,"commentCount":0,"image":{"@id":"https:\/\/www.africa-press.net\/benin\/politique\/cour-constitutionnelle-16-dossiers-inscrits-au-role-du-vendredi-prochain#primaryimage"},"thumbnailUrl":"https:\/\/static.africa-press.net\/benin\/sites\/46\/2022\/06\/postQueueImg_5-62bca9b2916f6.jpg","keywords":["Africa Press","Africa Press-Benin","B\u00e9nin"],"articleSection":["homepage-french","Politique","Top Nouvelles","Toutes les actualit\u00e9s"],"inLanguage":"fr-FR","potentialAction":[{"@type":"CommentAction","name":"Comment","target":["https:\/\/www.africa-press.net\/benin\/politique\/cour-constitutionnelle-16-dossiers-inscrits-au-role-du-vendredi-prochain#respond"]}]},{"@type":"WebPage","@id":"https:\/\/www.africa-press.net\/benin\/politique\/cour-constitutionnelle-16-dossiers-inscrits-au-role-du-vendredi-prochain","url":"https:\/\/www.africa-press.net\/benin\/politique\/cour-constitutionnelle-16-dossiers-inscrits-au-role-du-vendredi-prochain","name":"Cour constitutionnelle: 16 dossiers inscrits au r\u00f4le du vendredi prochain - B\u00e9nin","isPartOf":{"@id":"https:\/\/www.africa-press.net\/benin\/#website"},"primaryImageOfPage":{"@id":"https:\/\/www.africa-press.net\/benin\/politique\/cour-constitutionnelle-16-dossiers-inscrits-au-role-du-vendredi-prochain#primaryimage"},"image":{"@id":"https:\/\/www.africa-press.net\/benin\/politique\/cour-constitutionnelle-16-dossiers-inscrits-au-role-du-vendredi-prochain#primaryimage"},"thumbnailUrl":"https:\/\/static.africa-press.net\/benin\/sites\/46\/2022\/06\/postQueueImg_5-62bca9b2916f6.jpg","datePublished":"2022-06-29T19:10:38+00:00","dateModified":"2022-06-29T19:37:00+00:00","author":{"@id":"https:\/\/www.africa-press.net\/benin\/#\/schema\/person\/2b1cf3cd81a31e3cd26889ca66d677f1"},"description":"L\u2019audience pl\u00e9ni\u00e8re de la cour constitutionnelle de ce jeudi 30 juin 2022 est report\u00e9e au vendredi 1er Juillet. Selon un ...","breadcrumb":{"@id":"https:\/\/www.africa-press.net\/benin\/politique\/cour-constitutionnelle-16-dossiers-inscrits-au-role-du-vendredi-prochain#breadcrumb"},"inLanguage":"fr-FR","potentialAction":[{"@type":"ReadAction","target":["https:\/\/www.africa-press.net\/benin\/politique\/cour-constitutionnelle-16-dossiers-inscrits-au-role-du-vendredi-prochain"]}]},{"@type":"ImageObject","inLanguage":"fr-FR","@id":"https:\/\/www.africa-press.net\/benin\/politique\/cour-constitutionnelle-16-dossiers-inscrits-au-role-du-vendredi-prochain#primaryimage","url":"https:\/\/static.africa-press.net\/benin\/sites\/46\/2022\/06\/postQueueImg_5-62bca9b2916f6.jpg","contentUrl":"https:\/\/static.africa-press.net\/benin\/sites\/46\/2022\/06\/postQueueImg_5-62bca9b2916f6.jpg","width":1200,"height":675,"caption":"Cour constitutionnelle: 16 dossiers inscrits au r\u00f4le du vendredi prochain"},{"@type":"BreadcrumbList","@id":"https:\/\/www.africa-press.net\/benin\/politique\/cour-constitutionnelle-16-dossiers-inscrits-au-role-du-vendredi-prochain#breadcrumb","itemListElement":[{"@type":"ListItem","position":1,"name":"Accueil","item":"https:\/\/www.africa-press.net\/benin\/"},{"@type":"ListItem","position":2,"name":"Cour constitutionnelle: 16 dossiers inscrits au r\u00f4le du vendredi prochain"}]},{"@type":"WebSite","@id":"https:\/\/www.africa-press.net\/benin\/#website","url":"https:\/\/www.africa-press.net\/benin\/","name":"B\u00e9nin","description":"Just another Africa News Agency Sites site","potentialAction":[{"@type":"SearchAction","target":{"@type":"EntryPoint","urlTemplate":"https:\/\/www.africa-press.net\/benin\/?s={search_term_string}"},"query-input":{"@type":"PropertyValueSpecification","valueRequired":true,"valueName":"search_term_string"}}],"inLanguage":"fr-FR"},{"@type":"Person","@id":"https:\/\/www.africa-press.net\/benin\/#\/schema\/person\/2b1cf3cd81a31e3cd26889ca66d677f1","name":"cfeditorfr"}]}},"_links":{"self":[{"href":"https:\/\/www.africa-press.net\/benin\/wp-json\/wp\/v2\/posts\/6348","targetHints":{"allow":["GET"]}}],"collection":[{"href":"https:\/\/www.africa-press.net\/benin\/wp-json\/wp\/v2\/posts"}],"about":[{"href":"https:\/\/www.africa-press.net\/benin\/wp-json\/wp\/v2\/types\/post"}],"author":[{"embeddable":true,"href":"https:\/\/www.africa-press.net\/benin\/wp-json\/wp\/v2\/users\/82"}],"replies":[{"embeddable":true,"href":"https:\/\/www.africa-press.net\/benin\/wp-json\/wp\/v2\/comments?post=6348"}],"version-history":[{"count":0,"href":"https:\/\/www.africa-press.net\/benin\/wp-json\/wp\/v2\/posts\/6348\/revisions"}],"wp:featuredmedia":[{"embeddable":true,"href":"https:\/\/www.africa-press.net\/benin\/wp-json\/wp\/v2\/media\/6347"}],"wp:attachment":[{"href":"https:\/\/www.africa-press.net\/benin\/wp-json\/wp\/v2\/media?parent=6348"}],"wp:term":[{"taxonomy":"category","embeddable":true,"href":"https:\/\/www.africa-press.net\/benin\/wp-json\/wp\/v2\/categories?post=6348"},{"taxonomy":"post_tag","embeddable":true,"href":"https:\/\/www.africa-press.net\/benin\/wp-json\/wp\/v2\/tags?post=6348"}],"curies":[{"name":"wp","href":"https:\/\/api.w.org\/{rel}","templated":true}]}}