{"id":6645,"date":"2022-07-07T17:49:32","date_gmt":"2022-07-07T17:49:32","guid":{"rendered":"https:\/\/www.africa-press.net\/benin\/politique\/benin-une-intrusion-de-presumes-terroristes-repoussee-dans-le-nord"},"modified":"2022-07-07T17:58:14","modified_gmt":"2022-07-07T17:58:14","slug":"benin-une-intrusion-de-presumes-terroristes-repoussee-dans-le-nord","status":"publish","type":"post","link":"https:\/\/www.africa-press.net\/benin\/politique\/benin-une-intrusion-de-presumes-terroristes-repoussee-dans-le-nord","title":{"rendered":"B\u00e9nin: une intrusion de pr\u00e9sum\u00e9s terroristes repouss\u00e9e dans le nord"},"content":{"rendered":"<p><span style=\"color: #ff6600\"><strong>Africa-Press &#8211; Benin. <\/strong><\/span>Les Forces de d\u00e9fense et de s\u00e9curit\u00e9 (Fds) du B\u00e9nin ont repouss\u00e9 ce mercredi, l\u2019intrusion d\u2019un groupe de pr\u00e9sum\u00e9s terroristes \u00e0 Koualou, une localit\u00e9 liant le Burkina Faso et le B\u00e9nin. Selon les informations, les individus avaient constitu\u00e9 un cort\u00e8ge en direction du territoire b\u00e9ninois.<\/p>\n<p>Un groupe de pr\u00e9sum\u00e9s djihadistes auraient tent\u00e9 de s\u2019introduire sur le territoire b\u00e9ninois \u00e0 Koualou-Tampaska. En face, ils ont \u00e9t\u00e9 confront\u00e9s \u00e0 la riposte des Forces de d\u00e9fense et de s\u00e9curit\u00e9 (Fds) b\u00e9ninoises. Selon Le Potentiel, les soldats b\u00e9ninois install\u00e9s \u00e0 Porga ont r\u00e9ussi \u00e0 refouler les assaillants apr\u00e8s un \u00e9change de tirs.<\/p>\n<p>Le B\u00e9nin est en proie au terrorisme depuis quelques mois. Les autorit\u00e9s ont pris des mesures pour une riposte efficace contre ce ph\u00e9nom\u00e8ne qui touche \u00e9galement des pays voisins. Au niveau de l\u2019arm\u00e9e b\u00e9ninoise, des moyens humains et mat\u00e9riels ont \u00e9t\u00e9 d\u00e9ploy\u00e9s dans les zones \u00e0 risque pour anticiper et repousser les agissements des groupes arm\u00e9s.<\/p>\n<p>Pour le ministre de l\u2019int\u00e9rieur et de la s\u00e9curit\u00e9 publique, \u00ab Le terrorisme n\u2019est pas install\u00e9 au B\u00e9nin \u00bb, mais ils frappent et font des victimes. L\u2019arm\u00e9e a d\u00e9j\u00e0 perdu un nombre important de soldats depuis que les attaques ont commenc\u00e9.<\/p>\n<p><strong>Pour plus d&rsquo;informations et d&rsquo;analyses sur la <a href=\"https:\/\/www.africa-press.net\/benin\">Benin<\/a>, suivez <a href=\"https:\/\/www.africa-press.net\/\">Africa-Press<\/a><\/strong><\/p>\n","protected":false},"excerpt":{"rendered":"<p>Africa-Press &#8211; Benin. Les Forces de d\u00e9fense et de s\u00e9curit\u00e9 (Fds) du B\u00e9nin ont repouss\u00e9 ce mercredi, l\u2019intrusion d\u2019un groupe de pr\u00e9sum\u00e9s terroristes \u00e0 Koualou, une localit\u00e9 liant le Burkina Faso et le B\u00e9nin. Selon les informations, les individus avaient constitu\u00e9 un cort\u00e8ge en direction du territoire b\u00e9ninois. Un groupe de pr\u00e9sum\u00e9s djihadistes auraient tent\u00e9 [&hellip;]<\/p>\n","protected":false},"author":82,"featured_media":6644,"comment_status":"open","ping_status":"closed","sticky":false,"template":"","format":"standard","meta":{"footnotes":""},"categories":[11,2,20,10],"tags":[36,50,45],"class_list":["post-6645","post","type-post","status-publish","format-standard","has-post-thumbnail","hentry","category-homepage-french","category-politique","category-top-nouvelles","category-toutes-les-actualites","tag-africa-press","tag-africa-press-benin","tag-benin"],"yoast_head":"<!-- This site is optimized with the Yoast SEO Premium plugin v26.1 (Yoast SEO v27.0) - https:\/\/yoast.com\/product\/yoast-seo-premium-wordpress\/ -->\n<title>B\u00e9nin: une intrusion de pr\u00e9sum\u00e9s terroristes repouss\u00e9e dans le nord - B\u00e9nin<\/title>\n<meta name=\"description\" content=\"Les Forces de d\u00e9fense et de s\u00e9curit\u00e9 (Fds) du B\u00e9nin ont repouss\u00e9 ce mercredi, l\u2019intrusion d\u2019un groupe de pr\u00e9sum\u00e9s terror ...\" \/>\n<meta name=\"robots\" content=\"index, follow, max-snippet:-1, max-image-preview:large, max-video-preview:-1\" \/>\n<link rel=\"canonical\" href=\"https:\/\/www.africa-press.net\/benin\/politique\/benin-une-intrusion-de-presumes-terroristes-repoussee-dans-le-nord\" \/>\n<meta property=\"og:locale\" content=\"fr_FR\" \/>\n<meta property=\"og:type\" content=\"article\" \/>\n<meta property=\"og:title\" content=\"B\u00e9nin: une intrusion de pr\u00e9sum\u00e9s terroristes repouss\u00e9e dans le nord\" \/>\n<meta property=\"og:description\" content=\"Les Forces de d\u00e9fense et de s\u00e9curit\u00e9 (Fds) du B\u00e9nin ont repouss\u00e9 ce mercredi, l\u2019intrusion d\u2019un groupe de pr\u00e9sum\u00e9s terror ...\" \/>\n<meta property=\"og:url\" content=\"https:\/\/www.africa-press.net\/benin\/politique\/benin-une-intrusion-de-presumes-terroristes-repoussee-dans-le-nord\" \/>\n<meta property=\"og:site_name\" content=\"B\u00e9nin\" \/>\n<meta property=\"article:published_time\" content=\"2022-07-07T17:49:32+00:00\" \/>\n<meta property=\"article:modified_time\" content=\"2022-07-07T17:58:14+00:00\" \/>\n<meta property=\"og:image\" content=\"https:\/\/static.africa-press.net\/benin\/sites\/46\/2022\/07\/postQueueImg_12-62c71e941e857.jpg\" \/>\n\t<meta property=\"og:image:width\" content=\"1200\" \/>\n\t<meta property=\"og:image:height\" content=\"899\" \/>\n\t<meta property=\"og:image:type\" content=\"image\/jpeg\" \/>\n<meta name=\"author\" content=\"cfeditorfr\" \/>\n<meta name=\"twitter:card\" content=\"summary_large_image\" \/>\n<meta name=\"twitter:label1\" content=\"\u00c9crit par\" \/>\n\t<meta name=\"twitter:data1\" content=\"cfeditorfr\" \/>\n\t<meta name=\"twitter:label2\" content=\"Dur\u00e9e de lecture estim\u00e9e\" \/>\n\t<meta name=\"twitter:data2\" content=\"1 minute\" \/>\n<script type=\"application\/ld+json\" class=\"yoast-schema-graph\">{\"@context\":\"https:\/\/schema.org\",\"@graph\":[{\"@type\":\"Article\",\"@id\":\"https:\/\/www.africa-press.net\/benin\/politique\/benin-une-intrusion-de-presumes-terroristes-repoussee-dans-le-nord#article\",\"isPartOf\":{\"@id\":\"https:\/\/www.africa-press.net\/benin\/politique\/benin-une-intrusion-de-presumes-terroristes-repoussee-dans-le-nord\"},\"author\":{\"name\":\"cfeditorfr\",\"@id\":\"https:\/\/www.africa-press.net\/benin\/#\/schema\/person\/2b1cf3cd81a31e3cd26889ca66d677f1\"},\"headline\":\"B\u00e9nin: une intrusion de pr\u00e9sum\u00e9s terroristes repouss\u00e9e dans le nord\",\"datePublished\":\"2022-07-07T17:49:32+00:00\",\"dateModified\":\"2022-07-07T17:58:14+00:00\",\"mainEntityOfPage\":{\"@id\":\"https:\/\/www.africa-press.net\/benin\/politique\/benin-une-intrusion-de-presumes-terroristes-repoussee-dans-le-nord\"},\"wordCount\":257,\"commentCount\":0,\"image\":{\"@id\":\"https:\/\/www.africa-press.net\/benin\/politique\/benin-une-intrusion-de-presumes-terroristes-repoussee-dans-le-nord#primaryimage\"},\"thumbnailUrl\":\"https:\/\/static.africa-press.net\/benin\/sites\/46\/2022\/07\/postQueueImg_12-62c71e941e857.jpg\",\"keywords\":[\"Africa Press\",\"Africa Press-Benin\",\"B\u00e9nin\"],\"articleSection\":[\"homepage-french\",\"Politique\",\"Top Nouvelles\",\"Toutes les actualit\u00e9s\"],\"inLanguage\":\"fr-FR\",\"potentialAction\":[{\"@type\":\"CommentAction\",\"name\":\"Comment\",\"target\":[\"https:\/\/www.africa-press.net\/benin\/politique\/benin-une-intrusion-de-presumes-terroristes-repoussee-dans-le-nord#respond\"]}]},{\"@type\":\"WebPage\",\"@id\":\"https:\/\/www.africa-press.net\/benin\/politique\/benin-une-intrusion-de-presumes-terroristes-repoussee-dans-le-nord\",\"url\":\"https:\/\/www.africa-press.net\/benin\/politique\/benin-une-intrusion-de-presumes-terroristes-repoussee-dans-le-nord\",\"name\":\"B\u00e9nin: une intrusion de pr\u00e9sum\u00e9s terroristes repouss\u00e9e dans le nord - B\u00e9nin\",\"isPartOf\":{\"@id\":\"https:\/\/www.africa-press.net\/benin\/#website\"},\"primaryImageOfPage\":{\"@id\":\"https:\/\/www.africa-press.net\/benin\/politique\/benin-une-intrusion-de-presumes-terroristes-repoussee-dans-le-nord#primaryimage\"},\"image\":{\"@id\":\"https:\/\/www.africa-press.net\/benin\/politique\/benin-une-intrusion-de-presumes-terroristes-repoussee-dans-le-nord#primaryimage\"},\"thumbnailUrl\":\"https:\/\/static.africa-press.net\/benin\/sites\/46\/2022\/07\/postQueueImg_12-62c71e941e857.jpg\",\"datePublished\":\"2022-07-07T17:49:32+00:00\",\"dateModified\":\"2022-07-07T17:58:14+00:00\",\"author\":{\"@id\":\"https:\/\/www.africa-press.net\/benin\/#\/schema\/person\/2b1cf3cd81a31e3cd26889ca66d677f1\"},\"description\":\"Les Forces de d\u00e9fense et de s\u00e9curit\u00e9 (Fds) du B\u00e9nin ont repouss\u00e9 ce mercredi, l\u2019intrusion d\u2019un groupe de pr\u00e9sum\u00e9s terror ...\",\"breadcrumb\":{\"@id\":\"https:\/\/www.africa-press.net\/benin\/politique\/benin-une-intrusion-de-presumes-terroristes-repoussee-dans-le-nord#breadcrumb\"},\"inLanguage\":\"fr-FR\",\"potentialAction\":[{\"@type\":\"ReadAction\",\"target\":[\"https:\/\/www.africa-press.net\/benin\/politique\/benin-une-intrusion-de-presumes-terroristes-repoussee-dans-le-nord\"]}]},{\"@type\":\"ImageObject\",\"inLanguage\":\"fr-FR\",\"@id\":\"https:\/\/www.africa-press.net\/benin\/politique\/benin-une-intrusion-de-presumes-terroristes-repoussee-dans-le-nord#primaryimage\",\"url\":\"https:\/\/static.africa-press.net\/benin\/sites\/46\/2022\/07\/postQueueImg_12-62c71e941e857.jpg\",\"contentUrl\":\"https:\/\/static.africa-press.net\/benin\/sites\/46\/2022\/07\/postQueueImg_12-62c71e941e857.jpg\",\"width\":1200,\"height\":899,\"caption\":\"B\u00e9nin: une intrusion de pr\u00e9sum\u00e9s terroristes repouss\u00e9e dans le nord\"},{\"@type\":\"BreadcrumbList\",\"@id\":\"https:\/\/www.africa-press.net\/benin\/politique\/benin-une-intrusion-de-presumes-terroristes-repoussee-dans-le-nord#breadcrumb\",\"itemListElement\":[{\"@type\":\"ListItem\",\"position\":1,\"name\":\"Accueil\",\"item\":\"https:\/\/www.africa-press.net\/benin\/\"},{\"@type\":\"ListItem\",\"position\":2,\"name\":\"B\u00e9nin: une intrusion de pr\u00e9sum\u00e9s terroristes repouss\u00e9e dans le nord\"}]},{\"@type\":\"WebSite\",\"@id\":\"https:\/\/www.africa-press.net\/benin\/#website\",\"url\":\"https:\/\/www.africa-press.net\/benin\/\",\"name\":\"B\u00e9nin\",\"description\":\"Just another Africa News Agency Sites site\",\"potentialAction\":[{\"@type\":\"SearchAction\",\"target\":{\"@type\":\"EntryPoint\",\"urlTemplate\":\"https:\/\/www.africa-press.net\/benin\/?s={search_term_string}\"},\"query-input\":{\"@type\":\"PropertyValueSpecification\",\"valueRequired\":true,\"valueName\":\"search_term_string\"}}],\"inLanguage\":\"fr-FR\"},{\"@type\":\"Person\",\"@id\":\"https:\/\/www.africa-press.net\/benin\/#\/schema\/person\/2b1cf3cd81a31e3cd26889ca66d677f1\",\"name\":\"cfeditorfr\"}]}<\/script>\n<!-- \/ Yoast SEO Premium plugin. -->","yoast_head_json":{"title":"B\u00e9nin: une intrusion de pr\u00e9sum\u00e9s terroristes repouss\u00e9e dans le nord - B\u00e9nin","description":"Les Forces de d\u00e9fense et de s\u00e9curit\u00e9 (Fds) du B\u00e9nin ont repouss\u00e9 ce mercredi, l\u2019intrusion d\u2019un groupe de pr\u00e9sum\u00e9s terror ...","robots":{"index":"index","follow":"follow","max-snippet":"max-snippet:-1","max-image-preview":"max-image-preview:large","max-video-preview":"max-video-preview:-1"},"canonical":"https:\/\/www.africa-press.net\/benin\/politique\/benin-une-intrusion-de-presumes-terroristes-repoussee-dans-le-nord","og_locale":"fr_FR","og_type":"article","og_title":"B\u00e9nin: une intrusion de pr\u00e9sum\u00e9s terroristes repouss\u00e9e dans le nord","og_description":"Les Forces de d\u00e9fense et de s\u00e9curit\u00e9 (Fds) du B\u00e9nin ont repouss\u00e9 ce mercredi, l\u2019intrusion d\u2019un groupe de pr\u00e9sum\u00e9s terror ...","og_url":"https:\/\/www.africa-press.net\/benin\/politique\/benin-une-intrusion-de-presumes-terroristes-repoussee-dans-le-nord","og_site_name":"B\u00e9nin","article_published_time":"2022-07-07T17:49:32+00:00","article_modified_time":"2022-07-07T17:58:14+00:00","og_image":[{"width":1200,"height":899,"url":"https:\/\/static.africa-press.net\/benin\/sites\/46\/2022\/07\/postQueueImg_12-62c71e941e857.jpg","type":"image\/jpeg"}],"author":"cfeditorfr","twitter_card":"summary_large_image","twitter_misc":{"\u00c9crit par":"cfeditorfr","Dur\u00e9e de lecture estim\u00e9e":"1 minute"},"schema":{"@context":"https:\/\/schema.org","@graph":[{"@type":"Article","@id":"https:\/\/www.africa-press.net\/benin\/politique\/benin-une-intrusion-de-presumes-terroristes-repoussee-dans-le-nord#article","isPartOf":{"@id":"https:\/\/www.africa-press.net\/benin\/politique\/benin-une-intrusion-de-presumes-terroristes-repoussee-dans-le-nord"},"author":{"name":"cfeditorfr","@id":"https:\/\/www.africa-press.net\/benin\/#\/schema\/person\/2b1cf3cd81a31e3cd26889ca66d677f1"},"headline":"B\u00e9nin: une intrusion de pr\u00e9sum\u00e9s terroristes repouss\u00e9e dans le nord","datePublished":"2022-07-07T17:49:32+00:00","dateModified":"2022-07-07T17:58:14+00:00","mainEntityOfPage":{"@id":"https:\/\/www.africa-press.net\/benin\/politique\/benin-une-intrusion-de-presumes-terroristes-repoussee-dans-le-nord"},"wordCount":257,"commentCount":0,"image":{"@id":"https:\/\/www.africa-press.net\/benin\/politique\/benin-une-intrusion-de-presumes-terroristes-repoussee-dans-le-nord#primaryimage"},"thumbnailUrl":"https:\/\/static.africa-press.net\/benin\/sites\/46\/2022\/07\/postQueueImg_12-62c71e941e857.jpg","keywords":["Africa Press","Africa Press-Benin","B\u00e9nin"],"articleSection":["homepage-french","Politique","Top Nouvelles","Toutes les actualit\u00e9s"],"inLanguage":"fr-FR","potentialAction":[{"@type":"CommentAction","name":"Comment","target":["https:\/\/www.africa-press.net\/benin\/politique\/benin-une-intrusion-de-presumes-terroristes-repoussee-dans-le-nord#respond"]}]},{"@type":"WebPage","@id":"https:\/\/www.africa-press.net\/benin\/politique\/benin-une-intrusion-de-presumes-terroristes-repoussee-dans-le-nord","url":"https:\/\/www.africa-press.net\/benin\/politique\/benin-une-intrusion-de-presumes-terroristes-repoussee-dans-le-nord","name":"B\u00e9nin: une intrusion de pr\u00e9sum\u00e9s terroristes repouss\u00e9e dans le nord - B\u00e9nin","isPartOf":{"@id":"https:\/\/www.africa-press.net\/benin\/#website"},"primaryImageOfPage":{"@id":"https:\/\/www.africa-press.net\/benin\/politique\/benin-une-intrusion-de-presumes-terroristes-repoussee-dans-le-nord#primaryimage"},"image":{"@id":"https:\/\/www.africa-press.net\/benin\/politique\/benin-une-intrusion-de-presumes-terroristes-repoussee-dans-le-nord#primaryimage"},"thumbnailUrl":"https:\/\/static.africa-press.net\/benin\/sites\/46\/2022\/07\/postQueueImg_12-62c71e941e857.jpg","datePublished":"2022-07-07T17:49:32+00:00","dateModified":"2022-07-07T17:58:14+00:00","author":{"@id":"https:\/\/www.africa-press.net\/benin\/#\/schema\/person\/2b1cf3cd81a31e3cd26889ca66d677f1"},"description":"Les Forces de d\u00e9fense et de s\u00e9curit\u00e9 (Fds) du B\u00e9nin ont repouss\u00e9 ce mercredi, l\u2019intrusion d\u2019un groupe de pr\u00e9sum\u00e9s terror ...","breadcrumb":{"@id":"https:\/\/www.africa-press.net\/benin\/politique\/benin-une-intrusion-de-presumes-terroristes-repoussee-dans-le-nord#breadcrumb"},"inLanguage":"fr-FR","potentialAction":[{"@type":"ReadAction","target":["https:\/\/www.africa-press.net\/benin\/politique\/benin-une-intrusion-de-presumes-terroristes-repoussee-dans-le-nord"]}]},{"@type":"ImageObject","inLanguage":"fr-FR","@id":"https:\/\/www.africa-press.net\/benin\/politique\/benin-une-intrusion-de-presumes-terroristes-repoussee-dans-le-nord#primaryimage","url":"https:\/\/static.africa-press.net\/benin\/sites\/46\/2022\/07\/postQueueImg_12-62c71e941e857.jpg","contentUrl":"https:\/\/static.africa-press.net\/benin\/sites\/46\/2022\/07\/postQueueImg_12-62c71e941e857.jpg","width":1200,"height":899,"caption":"B\u00e9nin: une intrusion de pr\u00e9sum\u00e9s terroristes repouss\u00e9e dans le nord"},{"@type":"BreadcrumbList","@id":"https:\/\/www.africa-press.net\/benin\/politique\/benin-une-intrusion-de-presumes-terroristes-repoussee-dans-le-nord#breadcrumb","itemListElement":[{"@type":"ListItem","position":1,"name":"Accueil","item":"https:\/\/www.africa-press.net\/benin\/"},{"@type":"ListItem","position":2,"name":"B\u00e9nin: une intrusion de pr\u00e9sum\u00e9s terroristes repouss\u00e9e dans le nord"}]},{"@type":"WebSite","@id":"https:\/\/www.africa-press.net\/benin\/#website","url":"https:\/\/www.africa-press.net\/benin\/","name":"B\u00e9nin","description":"Just another Africa News Agency Sites site","potentialAction":[{"@type":"SearchAction","target":{"@type":"EntryPoint","urlTemplate":"https:\/\/www.africa-press.net\/benin\/?s={search_term_string}"},"query-input":{"@type":"PropertyValueSpecification","valueRequired":true,"valueName":"search_term_string"}}],"inLanguage":"fr-FR"},{"@type":"Person","@id":"https:\/\/www.africa-press.net\/benin\/#\/schema\/person\/2b1cf3cd81a31e3cd26889ca66d677f1","name":"cfeditorfr"}]}},"_links":{"self":[{"href":"https:\/\/www.africa-press.net\/benin\/wp-json\/wp\/v2\/posts\/6645","targetHints":{"allow":["GET"]}}],"collection":[{"href":"https:\/\/www.africa-press.net\/benin\/wp-json\/wp\/v2\/posts"}],"about":[{"href":"https:\/\/www.africa-press.net\/benin\/wp-json\/wp\/v2\/types\/post"}],"author":[{"embeddable":true,"href":"https:\/\/www.africa-press.net\/benin\/wp-json\/wp\/v2\/users\/82"}],"replies":[{"embeddable":true,"href":"https:\/\/www.africa-press.net\/benin\/wp-json\/wp\/v2\/comments?post=6645"}],"version-history":[{"count":0,"href":"https:\/\/www.africa-press.net\/benin\/wp-json\/wp\/v2\/posts\/6645\/revisions"}],"wp:featuredmedia":[{"embeddable":true,"href":"https:\/\/www.africa-press.net\/benin\/wp-json\/wp\/v2\/media\/6644"}],"wp:attachment":[{"href":"https:\/\/www.africa-press.net\/benin\/wp-json\/wp\/v2\/media?parent=6645"}],"wp:term":[{"taxonomy":"category","embeddable":true,"href":"https:\/\/www.africa-press.net\/benin\/wp-json\/wp\/v2\/categories?post=6645"},{"taxonomy":"post_tag","embeddable":true,"href":"https:\/\/www.africa-press.net\/benin\/wp-json\/wp\/v2\/tags?post=6645"}],"curies":[{"name":"wp","href":"https:\/\/api.w.org\/{rel}","templated":true}]}}