{"id":6648,"date":"2022-07-07T17:49:40","date_gmt":"2022-07-07T17:49:40","guid":{"rendered":"https:\/\/www.africa-press.net\/benin\/politique\/benin-report-de-la-phase-payante-du-ramassage-des-ordures-menageres"},"modified":"2022-07-07T17:58:53","modified_gmt":"2022-07-07T17:58:53","slug":"benin-report-de-la-phase-payante-du-ramassage-des-ordures-menageres","status":"publish","type":"post","link":"https:\/\/www.africa-press.net\/benin\/toutes-les-actualites\/benin-report-de-la-phase-payante-du-ramassage-des-ordures-menageres","title":{"rendered":"B\u00e9nin: report de la phase payante du ramassage des ordures m\u00e9nag\u00e8res"},"content":{"rendered":"<p><span style=\"color: #ff6600\"><strong>Africa-Press &#8211; Benin. <\/strong><\/span>A compter de janvier 2023, le ramassage des d\u00e9chets m\u00e9nagers dans les communes du Grand Nokou\u00e9 sera payant. Selon le Directeur g\u00e9n\u00e9ral de la Soci\u00e9t\u00e9 de Gestion des D\u00e9chets et de la Salubrit\u00e9 du Grand Nokou\u00e9 (SGDS-GN), Val\u00e9rie Lawson, les r\u00e9flexions sont d\u00e9j\u00e0 engag\u00e9es pour la fixation du co\u00fbt du service.<\/p>\n<p>Pr\u00e9alablement pr\u00e9vue pour Avril 2022, la fin de la gratuit\u00e9 du ramassage des ordures m\u00e9nag\u00e8res dans le Grand Nokou\u00e9 interviendra d\u00e9sormais en janvier 2023. \u00ab Il est pr\u00e9vu que les m\u00e9nages paient une contribution. Au d\u00e9part, nous avons voulu que cette contribution soit adoss\u00e9e aux factures d\u2019\u00e9lectricit\u00e9 et d\u2019eau, mais les autorit\u00e9s au plus haut niveau ont d\u00e9cid\u00e9 de ne plus retenir cette option \u00bb, a expliqu\u00e9 Val\u00e9rie Lawson.<\/p>\n<p>La nouvelle option retenue consiste \u00e0 faire payer directement les m\u00e9nages, mais le co\u00fbt de la prestation n\u2019est pas encore connu. \u00ab Je ne pourrai pas vous dire le co\u00fbt r\u00e9el, parce qu\u2019il revient au gouvernement de donner officiellement ce prix \u00bb, avait confi\u00e9 le DG de la SGDS-GN en d\u00e9cembre dernier.<\/p>\n<p>Le Projet de Gestion des D\u00e9chets et de la Salubrit\u00e9 du Grand Nokou\u00e9 vise \u00e0 r\u00e9soudre durablement la probl\u00e9matique de salubrit\u00e9 urbaine afin d\u2019am\u00e9liorer les conditions de sant\u00e9 publique, le bien-\u00eatre des populations et de r\u00e9duire l\u2019impact n\u00e9faste de la prolif\u00e9ration des d\u00e9chets sur l\u2019environnement. Les localit\u00e9s concern\u00e9es pour le moment sont les 5 communes du Grand-Nokou\u00e9, \u00e0 savoir Cotonou, S\u00e8m\u00e8-Podji, Porto-Novo, Ouidah et Abomey-Calavi.<\/p>\n<p><strong>Pour plus d&rsquo;informations et d&rsquo;analyses sur la <a href=\"https:\/\/www.africa-press.net\/benin\">Benin<\/a>, suivez <a href=\"https:\/\/www.africa-press.net\/\">Africa-Press<\/a><\/strong><\/p>\n","protected":false},"excerpt":{"rendered":"<p>Africa-Press &#8211; Benin. A compter de janvier 2023, le ramassage des d\u00e9chets m\u00e9nagers dans les communes du Grand Nokou\u00e9 sera payant. Selon le Directeur g\u00e9n\u00e9ral de la Soci\u00e9t\u00e9 de Gestion des D\u00e9chets et de la Salubrit\u00e9 du Grand Nokou\u00e9 (SGDS-GN), Val\u00e9rie Lawson, les r\u00e9flexions sont d\u00e9j\u00e0 engag\u00e9es pour la fixation du co\u00fbt du service. Pr\u00e9alablement [&hellip;]<\/p>\n","protected":false},"author":82,"featured_media":6647,"comment_status":"open","ping_status":"closed","sticky":false,"template":"","format":"standard","meta":{"footnotes":""},"categories":[21,11,10],"tags":[36,50,45],"class_list":["post-6648","post","type-post","status-publish","format-standard","has-post-thumbnail","hentry","category-communaute","category-homepage-french","category-toutes-les-actualites","tag-africa-press","tag-africa-press-benin","tag-benin"],"yoast_head":"<!-- This site is optimized with the Yoast SEO Premium plugin v26.1 (Yoast SEO v27.0) - https:\/\/yoast.com\/product\/yoast-seo-premium-wordpress\/ -->\n<title>B\u00e9nin: report de la phase payante du ramassage des ordures m\u00e9nag\u00e8res - B\u00e9nin<\/title>\n<meta name=\"description\" content=\"A compter de janvier 2023, le ramassage des d\u00e9chets m\u00e9nagers dans les communes du Grand Nokou\u00e9 sera payant. Selon le Dir ...\" \/>\n<meta name=\"robots\" content=\"index, follow, max-snippet:-1, max-image-preview:large, max-video-preview:-1\" \/>\n<link rel=\"canonical\" href=\"https:\/\/www.africa-press.net\/benin\/toutes-les-actualites\/benin-report-de-la-phase-payante-du-ramassage-des-ordures-menageres\" \/>\n<meta property=\"og:locale\" content=\"fr_FR\" \/>\n<meta property=\"og:type\" content=\"article\" \/>\n<meta property=\"og:title\" content=\"B\u00e9nin: report de la phase payante du ramassage des ordures m\u00e9nag\u00e8res\" \/>\n<meta property=\"og:description\" content=\"A compter de janvier 2023, le ramassage des d\u00e9chets m\u00e9nagers dans les communes du Grand Nokou\u00e9 sera payant. Selon le Dir ...\" \/>\n<meta property=\"og:url\" content=\"https:\/\/www.africa-press.net\/benin\/toutes-les-actualites\/benin-report-de-la-phase-payante-du-ramassage-des-ordures-menageres\" \/>\n<meta property=\"og:site_name\" content=\"B\u00e9nin\" \/>\n<meta property=\"article:published_time\" content=\"2022-07-07T17:49:40+00:00\" \/>\n<meta property=\"article:modified_time\" content=\"2022-07-07T17:58:53+00:00\" \/>\n<meta property=\"og:image\" content=\"https:\/\/static.africa-press.net\/benin\/sites\/46\/2022\/07\/postQueueImg_13-62c71ebba2061.jpg\" \/>\n\t<meta property=\"og:image:width\" content=\"1024\" \/>\n\t<meta property=\"og:image:height\" content=\"651\" \/>\n\t<meta property=\"og:image:type\" content=\"image\/jpeg\" \/>\n<meta name=\"author\" content=\"cfeditorfr\" \/>\n<meta name=\"twitter:card\" content=\"summary_large_image\" \/>\n<meta name=\"twitter:label1\" content=\"\u00c9crit par\" \/>\n\t<meta name=\"twitter:data1\" content=\"cfeditorfr\" \/>\n\t<meta name=\"twitter:label2\" content=\"Dur\u00e9e de lecture estim\u00e9e\" \/>\n\t<meta name=\"twitter:data2\" content=\"1 minute\" \/>\n<script type=\"application\/ld+json\" class=\"yoast-schema-graph\">{\"@context\":\"https:\/\/schema.org\",\"@graph\":[{\"@type\":\"Article\",\"@id\":\"https:\/\/www.africa-press.net\/benin\/toutes-les-actualites\/benin-report-de-la-phase-payante-du-ramassage-des-ordures-menageres#article\",\"isPartOf\":{\"@id\":\"https:\/\/www.africa-press.net\/benin\/toutes-les-actualites\/benin-report-de-la-phase-payante-du-ramassage-des-ordures-menageres\"},\"author\":{\"name\":\"cfeditorfr\",\"@id\":\"https:\/\/www.africa-press.net\/benin\/#\/schema\/person\/2b1cf3cd81a31e3cd26889ca66d677f1\"},\"headline\":\"B\u00e9nin: report de la phase payante du ramassage des ordures m\u00e9nag\u00e8res\",\"datePublished\":\"2022-07-07T17:49:40+00:00\",\"dateModified\":\"2022-07-07T17:58:53+00:00\",\"mainEntityOfPage\":{\"@id\":\"https:\/\/www.africa-press.net\/benin\/toutes-les-actualites\/benin-report-de-la-phase-payante-du-ramassage-des-ordures-menageres\"},\"wordCount\":303,\"commentCount\":0,\"image\":{\"@id\":\"https:\/\/www.africa-press.net\/benin\/toutes-les-actualites\/benin-report-de-la-phase-payante-du-ramassage-des-ordures-menageres#primaryimage\"},\"thumbnailUrl\":\"https:\/\/static.africa-press.net\/benin\/sites\/46\/2022\/07\/postQueueImg_13-62c71ebba2061.jpg\",\"keywords\":[\"Africa Press\",\"Africa Press-Benin\",\"B\u00e9nin\"],\"articleSection\":[\"Communaut\u00e9\",\"homepage-french\",\"Toutes les actualit\u00e9s\"],\"inLanguage\":\"fr-FR\",\"potentialAction\":[{\"@type\":\"CommentAction\",\"name\":\"Comment\",\"target\":[\"https:\/\/www.africa-press.net\/benin\/toutes-les-actualites\/benin-report-de-la-phase-payante-du-ramassage-des-ordures-menageres#respond\"]}]},{\"@type\":\"WebPage\",\"@id\":\"https:\/\/www.africa-press.net\/benin\/toutes-les-actualites\/benin-report-de-la-phase-payante-du-ramassage-des-ordures-menageres\",\"url\":\"https:\/\/www.africa-press.net\/benin\/toutes-les-actualites\/benin-report-de-la-phase-payante-du-ramassage-des-ordures-menageres\",\"name\":\"B\u00e9nin: report de la phase payante du ramassage des ordures m\u00e9nag\u00e8res - B\u00e9nin\",\"isPartOf\":{\"@id\":\"https:\/\/www.africa-press.net\/benin\/#website\"},\"primaryImageOfPage\":{\"@id\":\"https:\/\/www.africa-press.net\/benin\/toutes-les-actualites\/benin-report-de-la-phase-payante-du-ramassage-des-ordures-menageres#primaryimage\"},\"image\":{\"@id\":\"https:\/\/www.africa-press.net\/benin\/toutes-les-actualites\/benin-report-de-la-phase-payante-du-ramassage-des-ordures-menageres#primaryimage\"},\"thumbnailUrl\":\"https:\/\/static.africa-press.net\/benin\/sites\/46\/2022\/07\/postQueueImg_13-62c71ebba2061.jpg\",\"datePublished\":\"2022-07-07T17:49:40+00:00\",\"dateModified\":\"2022-07-07T17:58:53+00:00\",\"author\":{\"@id\":\"https:\/\/www.africa-press.net\/benin\/#\/schema\/person\/2b1cf3cd81a31e3cd26889ca66d677f1\"},\"description\":\"A compter de janvier 2023, le ramassage des d\u00e9chets m\u00e9nagers dans les communes du Grand Nokou\u00e9 sera payant. Selon le Dir ...\",\"breadcrumb\":{\"@id\":\"https:\/\/www.africa-press.net\/benin\/toutes-les-actualites\/benin-report-de-la-phase-payante-du-ramassage-des-ordures-menageres#breadcrumb\"},\"inLanguage\":\"fr-FR\",\"potentialAction\":[{\"@type\":\"ReadAction\",\"target\":[\"https:\/\/www.africa-press.net\/benin\/toutes-les-actualites\/benin-report-de-la-phase-payante-du-ramassage-des-ordures-menageres\"]}]},{\"@type\":\"ImageObject\",\"inLanguage\":\"fr-FR\",\"@id\":\"https:\/\/www.africa-press.net\/benin\/toutes-les-actualites\/benin-report-de-la-phase-payante-du-ramassage-des-ordures-menageres#primaryimage\",\"url\":\"https:\/\/static.africa-press.net\/benin\/sites\/46\/2022\/07\/postQueueImg_13-62c71ebba2061.jpg\",\"contentUrl\":\"https:\/\/static.africa-press.net\/benin\/sites\/46\/2022\/07\/postQueueImg_13-62c71ebba2061.jpg\",\"width\":1024,\"height\":651,\"caption\":\"B\u00e9nin: report de la phase payante du ramassage des ordures m\u00e9nag\u00e8res\"},{\"@type\":\"BreadcrumbList\",\"@id\":\"https:\/\/www.africa-press.net\/benin\/toutes-les-actualites\/benin-report-de-la-phase-payante-du-ramassage-des-ordures-menageres#breadcrumb\",\"itemListElement\":[{\"@type\":\"ListItem\",\"position\":1,\"name\":\"Accueil\",\"item\":\"https:\/\/www.africa-press.net\/benin\/\"},{\"@type\":\"ListItem\",\"position\":2,\"name\":\"B\u00e9nin: report de la phase payante du ramassage des ordures m\u00e9nag\u00e8res\"}]},{\"@type\":\"WebSite\",\"@id\":\"https:\/\/www.africa-press.net\/benin\/#website\",\"url\":\"https:\/\/www.africa-press.net\/benin\/\",\"name\":\"B\u00e9nin\",\"description\":\"Just another Africa News Agency Sites site\",\"potentialAction\":[{\"@type\":\"SearchAction\",\"target\":{\"@type\":\"EntryPoint\",\"urlTemplate\":\"https:\/\/www.africa-press.net\/benin\/?s={search_term_string}\"},\"query-input\":{\"@type\":\"PropertyValueSpecification\",\"valueRequired\":true,\"valueName\":\"search_term_string\"}}],\"inLanguage\":\"fr-FR\"},{\"@type\":\"Person\",\"@id\":\"https:\/\/www.africa-press.net\/benin\/#\/schema\/person\/2b1cf3cd81a31e3cd26889ca66d677f1\",\"name\":\"cfeditorfr\"}]}<\/script>\n<!-- \/ Yoast SEO Premium plugin. -->","yoast_head_json":{"title":"B\u00e9nin: report de la phase payante du ramassage des ordures m\u00e9nag\u00e8res - B\u00e9nin","description":"A compter de janvier 2023, le ramassage des d\u00e9chets m\u00e9nagers dans les communes du Grand Nokou\u00e9 sera payant. Selon le Dir ...","robots":{"index":"index","follow":"follow","max-snippet":"max-snippet:-1","max-image-preview":"max-image-preview:large","max-video-preview":"max-video-preview:-1"},"canonical":"https:\/\/www.africa-press.net\/benin\/toutes-les-actualites\/benin-report-de-la-phase-payante-du-ramassage-des-ordures-menageres","og_locale":"fr_FR","og_type":"article","og_title":"B\u00e9nin: report de la phase payante du ramassage des ordures m\u00e9nag\u00e8res","og_description":"A compter de janvier 2023, le ramassage des d\u00e9chets m\u00e9nagers dans les communes du Grand Nokou\u00e9 sera payant. Selon le Dir ...","og_url":"https:\/\/www.africa-press.net\/benin\/toutes-les-actualites\/benin-report-de-la-phase-payante-du-ramassage-des-ordures-menageres","og_site_name":"B\u00e9nin","article_published_time":"2022-07-07T17:49:40+00:00","article_modified_time":"2022-07-07T17:58:53+00:00","og_image":[{"width":1024,"height":651,"url":"https:\/\/static.africa-press.net\/benin\/sites\/46\/2022\/07\/postQueueImg_13-62c71ebba2061.jpg","type":"image\/jpeg"}],"author":"cfeditorfr","twitter_card":"summary_large_image","twitter_misc":{"\u00c9crit par":"cfeditorfr","Dur\u00e9e de lecture estim\u00e9e":"1 minute"},"schema":{"@context":"https:\/\/schema.org","@graph":[{"@type":"Article","@id":"https:\/\/www.africa-press.net\/benin\/toutes-les-actualites\/benin-report-de-la-phase-payante-du-ramassage-des-ordures-menageres#article","isPartOf":{"@id":"https:\/\/www.africa-press.net\/benin\/toutes-les-actualites\/benin-report-de-la-phase-payante-du-ramassage-des-ordures-menageres"},"author":{"name":"cfeditorfr","@id":"https:\/\/www.africa-press.net\/benin\/#\/schema\/person\/2b1cf3cd81a31e3cd26889ca66d677f1"},"headline":"B\u00e9nin: report de la phase payante du ramassage des ordures m\u00e9nag\u00e8res","datePublished":"2022-07-07T17:49:40+00:00","dateModified":"2022-07-07T17:58:53+00:00","mainEntityOfPage":{"@id":"https:\/\/www.africa-press.net\/benin\/toutes-les-actualites\/benin-report-de-la-phase-payante-du-ramassage-des-ordures-menageres"},"wordCount":303,"commentCount":0,"image":{"@id":"https:\/\/www.africa-press.net\/benin\/toutes-les-actualites\/benin-report-de-la-phase-payante-du-ramassage-des-ordures-menageres#primaryimage"},"thumbnailUrl":"https:\/\/static.africa-press.net\/benin\/sites\/46\/2022\/07\/postQueueImg_13-62c71ebba2061.jpg","keywords":["Africa Press","Africa Press-Benin","B\u00e9nin"],"articleSection":["Communaut\u00e9","homepage-french","Toutes les actualit\u00e9s"],"inLanguage":"fr-FR","potentialAction":[{"@type":"CommentAction","name":"Comment","target":["https:\/\/www.africa-press.net\/benin\/toutes-les-actualites\/benin-report-de-la-phase-payante-du-ramassage-des-ordures-menageres#respond"]}]},{"@type":"WebPage","@id":"https:\/\/www.africa-press.net\/benin\/toutes-les-actualites\/benin-report-de-la-phase-payante-du-ramassage-des-ordures-menageres","url":"https:\/\/www.africa-press.net\/benin\/toutes-les-actualites\/benin-report-de-la-phase-payante-du-ramassage-des-ordures-menageres","name":"B\u00e9nin: report de la phase payante du ramassage des ordures m\u00e9nag\u00e8res - B\u00e9nin","isPartOf":{"@id":"https:\/\/www.africa-press.net\/benin\/#website"},"primaryImageOfPage":{"@id":"https:\/\/www.africa-press.net\/benin\/toutes-les-actualites\/benin-report-de-la-phase-payante-du-ramassage-des-ordures-menageres#primaryimage"},"image":{"@id":"https:\/\/www.africa-press.net\/benin\/toutes-les-actualites\/benin-report-de-la-phase-payante-du-ramassage-des-ordures-menageres#primaryimage"},"thumbnailUrl":"https:\/\/static.africa-press.net\/benin\/sites\/46\/2022\/07\/postQueueImg_13-62c71ebba2061.jpg","datePublished":"2022-07-07T17:49:40+00:00","dateModified":"2022-07-07T17:58:53+00:00","author":{"@id":"https:\/\/www.africa-press.net\/benin\/#\/schema\/person\/2b1cf3cd81a31e3cd26889ca66d677f1"},"description":"A compter de janvier 2023, le ramassage des d\u00e9chets m\u00e9nagers dans les communes du Grand Nokou\u00e9 sera payant. Selon le Dir ...","breadcrumb":{"@id":"https:\/\/www.africa-press.net\/benin\/toutes-les-actualites\/benin-report-de-la-phase-payante-du-ramassage-des-ordures-menageres#breadcrumb"},"inLanguage":"fr-FR","potentialAction":[{"@type":"ReadAction","target":["https:\/\/www.africa-press.net\/benin\/toutes-les-actualites\/benin-report-de-la-phase-payante-du-ramassage-des-ordures-menageres"]}]},{"@type":"ImageObject","inLanguage":"fr-FR","@id":"https:\/\/www.africa-press.net\/benin\/toutes-les-actualites\/benin-report-de-la-phase-payante-du-ramassage-des-ordures-menageres#primaryimage","url":"https:\/\/static.africa-press.net\/benin\/sites\/46\/2022\/07\/postQueueImg_13-62c71ebba2061.jpg","contentUrl":"https:\/\/static.africa-press.net\/benin\/sites\/46\/2022\/07\/postQueueImg_13-62c71ebba2061.jpg","width":1024,"height":651,"caption":"B\u00e9nin: report de la phase payante du ramassage des ordures m\u00e9nag\u00e8res"},{"@type":"BreadcrumbList","@id":"https:\/\/www.africa-press.net\/benin\/toutes-les-actualites\/benin-report-de-la-phase-payante-du-ramassage-des-ordures-menageres#breadcrumb","itemListElement":[{"@type":"ListItem","position":1,"name":"Accueil","item":"https:\/\/www.africa-press.net\/benin\/"},{"@type":"ListItem","position":2,"name":"B\u00e9nin: report de la phase payante du ramassage des ordures m\u00e9nag\u00e8res"}]},{"@type":"WebSite","@id":"https:\/\/www.africa-press.net\/benin\/#website","url":"https:\/\/www.africa-press.net\/benin\/","name":"B\u00e9nin","description":"Just another Africa News Agency Sites site","potentialAction":[{"@type":"SearchAction","target":{"@type":"EntryPoint","urlTemplate":"https:\/\/www.africa-press.net\/benin\/?s={search_term_string}"},"query-input":{"@type":"PropertyValueSpecification","valueRequired":true,"valueName":"search_term_string"}}],"inLanguage":"fr-FR"},{"@type":"Person","@id":"https:\/\/www.africa-press.net\/benin\/#\/schema\/person\/2b1cf3cd81a31e3cd26889ca66d677f1","name":"cfeditorfr"}]}},"_links":{"self":[{"href":"https:\/\/www.africa-press.net\/benin\/wp-json\/wp\/v2\/posts\/6648","targetHints":{"allow":["GET"]}}],"collection":[{"href":"https:\/\/www.africa-press.net\/benin\/wp-json\/wp\/v2\/posts"}],"about":[{"href":"https:\/\/www.africa-press.net\/benin\/wp-json\/wp\/v2\/types\/post"}],"author":[{"embeddable":true,"href":"https:\/\/www.africa-press.net\/benin\/wp-json\/wp\/v2\/users\/82"}],"replies":[{"embeddable":true,"href":"https:\/\/www.africa-press.net\/benin\/wp-json\/wp\/v2\/comments?post=6648"}],"version-history":[{"count":0,"href":"https:\/\/www.africa-press.net\/benin\/wp-json\/wp\/v2\/posts\/6648\/revisions"}],"wp:featuredmedia":[{"embeddable":true,"href":"https:\/\/www.africa-press.net\/benin\/wp-json\/wp\/v2\/media\/6647"}],"wp:attachment":[{"href":"https:\/\/www.africa-press.net\/benin\/wp-json\/wp\/v2\/media?parent=6648"}],"wp:term":[{"taxonomy":"category","embeddable":true,"href":"https:\/\/www.africa-press.net\/benin\/wp-json\/wp\/v2\/categories?post=6648"},{"taxonomy":"post_tag","embeddable":true,"href":"https:\/\/www.africa-press.net\/benin\/wp-json\/wp\/v2\/tags?post=6648"}],"curies":[{"name":"wp","href":"https:\/\/api.w.org\/{rel}","templated":true}]}}