{"id":6669,"date":"2022-07-08T18:17:45","date_gmt":"2022-07-08T18:17:45","guid":{"rendered":"https:\/\/www.africa-press.net\/benin\/politique\/benin-plus-de-300-nominations-dans-lenseignement-secondaire-au-titre-de-lannee-2022-2023-liste-2"},"modified":"2022-07-08T18:33:57","modified_gmt":"2022-07-08T18:33:57","slug":"benin-plus-de-300-nominations-dans-lenseignement-secondaire-au-titre-de-lannee-2022-2023-liste-2","status":"publish","type":"post","link":"https:\/\/www.africa-press.net\/benin\/toutes-les-actualites\/benin-plus-de-300-nominations-dans-lenseignement-secondaire-au-titre-de-lannee-2022-2023-liste-2","title":{"rendered":"B\u00e9nin: plus de 300 nominations dans l\u2019enseignement secondaire au titre de l\u2019ann\u00e9e 2022-2023 (liste)"},"content":{"rendered":"<p><span style=\"color: #ff6600\"><strong>Africa-Press &#8211; Benin. <\/strong><\/span>Le Minist\u00e8re des Enseignements Secondaire, Technique et de la Formation Professionnelle (MESTFP) a proc\u00e9d\u00e9 \u00e0 la nomination des responsables administratifs et p\u00e9dagogiques des lyc\u00e9es et coll\u00e8ges publics, au titre de l\u2019ann\u00e9e scolaire 2022-2023.<\/p>\n<p>L\u2019arr\u00eat\u00e9 de nomination a \u00e9t\u00e9 notifi\u00e9 aux Directeurs d\u00e9partementaux de Enseignements Secondaire, Technique et de la Formation Professionnelle le 6 juillet 2022. Sign\u00e9 par le ministre Kouaro Yves Chabi, il comporte la liste de plus de 300 responsables nomm\u00e9s.<\/p>\n<p><strong>Pour plus d&rsquo;informations et d&rsquo;analyses sur la <a href=\"https:\/\/www.africa-press.net\/benin\">Benin<\/a>, suivez <a href=\"https:\/\/www.africa-press.net\/\">Africa-Press<\/a><\/strong><\/p>\n","protected":false},"excerpt":{"rendered":"<p>Africa-Press &#8211; Benin. Le Minist\u00e8re des Enseignements Secondaire, Technique et de la Formation Professionnelle (MESTFP) a proc\u00e9d\u00e9 \u00e0 la nomination des responsables administratifs et p\u00e9dagogiques des lyc\u00e9es et coll\u00e8ges publics, au titre de l\u2019ann\u00e9e scolaire 2022-2023. L\u2019arr\u00eat\u00e9 de nomination a \u00e9t\u00e9 notifi\u00e9 aux Directeurs d\u00e9partementaux de Enseignements Secondaire, Technique et de la Formation Professionnelle le [&hellip;]<\/p>\n","protected":false},"author":82,"featured_media":6668,"comment_status":"open","ping_status":"closed","sticky":false,"template":"","format":"standard","meta":{"footnotes":""},"categories":[21,11,10],"tags":[36,50,45],"class_list":["post-6669","post","type-post","status-publish","format-standard","has-post-thumbnail","hentry","category-communaute","category-homepage-french","category-toutes-les-actualites","tag-africa-press","tag-africa-press-benin","tag-benin"],"yoast_head":"<!-- This site is optimized with the Yoast SEO Premium plugin v26.1 (Yoast SEO v27.0) - https:\/\/yoast.com\/product\/yoast-seo-premium-wordpress\/ -->\n<title>B\u00e9nin: plus de 300 nominations dans l\u2019enseignement secondaire au titre de l\u2019ann\u00e9e 2022-2023 (liste) - B\u00e9nin<\/title>\n<meta name=\"description\" content=\"Le Minist\u00e8re des Enseignements Secondaire, Technique et de la Formation Professionnelle (MESTFP) a proc\u00e9d\u00e9 \u00e0 la nominati ...\" \/>\n<meta name=\"robots\" content=\"index, follow, max-snippet:-1, max-image-preview:large, max-video-preview:-1\" \/>\n<link rel=\"canonical\" href=\"https:\/\/www.africa-press.net\/benin\/toutes-les-actualites\/benin-plus-de-300-nominations-dans-lenseignement-secondaire-au-titre-de-lannee-2022-2023-liste-2\" \/>\n<meta property=\"og:locale\" content=\"fr_FR\" \/>\n<meta property=\"og:type\" content=\"article\" \/>\n<meta property=\"og:title\" content=\"B\u00e9nin: plus de 300 nominations dans l\u2019enseignement secondaire au titre de l\u2019ann\u00e9e 2022-2023 (liste)\" \/>\n<meta property=\"og:description\" content=\"Le Minist\u00e8re des Enseignements Secondaire, Technique et de la Formation Professionnelle (MESTFP) a proc\u00e9d\u00e9 \u00e0 la nominati ...\" \/>\n<meta property=\"og:url\" content=\"https:\/\/www.africa-press.net\/benin\/toutes-les-actualites\/benin-plus-de-300-nominations-dans-lenseignement-secondaire-au-titre-de-lannee-2022-2023-liste-2\" \/>\n<meta property=\"og:site_name\" content=\"B\u00e9nin\" \/>\n<meta property=\"article:published_time\" content=\"2022-07-08T18:17:45+00:00\" \/>\n<meta property=\"article:modified_time\" content=\"2022-07-08T18:33:57+00:00\" \/>\n<meta property=\"og:image\" content=\"https:\/\/static.africa-press.net\/benin\/sites\/46\/2022\/07\/postQueueImg_15-62c87880af552.jpg\" \/>\n\t<meta property=\"og:image:width\" content=\"1200\" \/>\n\t<meta property=\"og:image:height\" content=\"675\" \/>\n\t<meta property=\"og:image:type\" content=\"image\/jpeg\" \/>\n<meta name=\"author\" content=\"cfeditorfr\" \/>\n<meta name=\"twitter:card\" content=\"summary_large_image\" \/>\n<meta name=\"twitter:label1\" content=\"\u00c9crit par\" \/>\n\t<meta name=\"twitter:data1\" content=\"cfeditorfr\" \/>\n<script type=\"application\/ld+json\" class=\"yoast-schema-graph\">{\"@context\":\"https:\/\/schema.org\",\"@graph\":[{\"@type\":\"Article\",\"@id\":\"https:\/\/www.africa-press.net\/benin\/toutes-les-actualites\/benin-plus-de-300-nominations-dans-lenseignement-secondaire-au-titre-de-lannee-2022-2023-liste-2#article\",\"isPartOf\":{\"@id\":\"https:\/\/www.africa-press.net\/benin\/toutes-les-actualites\/benin-plus-de-300-nominations-dans-lenseignement-secondaire-au-titre-de-lannee-2022-2023-liste-2\"},\"author\":{\"name\":\"cfeditorfr\",\"@id\":\"https:\/\/www.africa-press.net\/benin\/#\/schema\/person\/2b1cf3cd81a31e3cd26889ca66d677f1\"},\"headline\":\"B\u00e9nin: plus de 300 nominations dans l\u2019enseignement secondaire au titre de l\u2019ann\u00e9e 2022-2023 (liste)\",\"datePublished\":\"2022-07-08T18:17:45+00:00\",\"dateModified\":\"2022-07-08T18:33:57+00:00\",\"mainEntityOfPage\":{\"@id\":\"https:\/\/www.africa-press.net\/benin\/toutes-les-actualites\/benin-plus-de-300-nominations-dans-lenseignement-secondaire-au-titre-de-lannee-2022-2023-liste-2\"},\"wordCount\":111,\"commentCount\":0,\"image\":{\"@id\":\"https:\/\/www.africa-press.net\/benin\/toutes-les-actualites\/benin-plus-de-300-nominations-dans-lenseignement-secondaire-au-titre-de-lannee-2022-2023-liste-2#primaryimage\"},\"thumbnailUrl\":\"https:\/\/static.africa-press.net\/benin\/sites\/46\/2022\/07\/postQueueImg_15-62c87880af552.jpg\",\"keywords\":[\"Africa Press\",\"Africa Press-Benin\",\"B\u00e9nin\"],\"articleSection\":[\"Communaut\u00e9\",\"homepage-french\",\"Toutes les actualit\u00e9s\"],\"inLanguage\":\"fr-FR\",\"potentialAction\":[{\"@type\":\"CommentAction\",\"name\":\"Comment\",\"target\":[\"https:\/\/www.africa-press.net\/benin\/toutes-les-actualites\/benin-plus-de-300-nominations-dans-lenseignement-secondaire-au-titre-de-lannee-2022-2023-liste-2#respond\"]}]},{\"@type\":\"WebPage\",\"@id\":\"https:\/\/www.africa-press.net\/benin\/toutes-les-actualites\/benin-plus-de-300-nominations-dans-lenseignement-secondaire-au-titre-de-lannee-2022-2023-liste-2\",\"url\":\"https:\/\/www.africa-press.net\/benin\/toutes-les-actualites\/benin-plus-de-300-nominations-dans-lenseignement-secondaire-au-titre-de-lannee-2022-2023-liste-2\",\"name\":\"B\u00e9nin: plus de 300 nominations dans l\u2019enseignement secondaire au titre de l\u2019ann\u00e9e 2022-2023 (liste) - B\u00e9nin\",\"isPartOf\":{\"@id\":\"https:\/\/www.africa-press.net\/benin\/#website\"},\"primaryImageOfPage\":{\"@id\":\"https:\/\/www.africa-press.net\/benin\/toutes-les-actualites\/benin-plus-de-300-nominations-dans-lenseignement-secondaire-au-titre-de-lannee-2022-2023-liste-2#primaryimage\"},\"image\":{\"@id\":\"https:\/\/www.africa-press.net\/benin\/toutes-les-actualites\/benin-plus-de-300-nominations-dans-lenseignement-secondaire-au-titre-de-lannee-2022-2023-liste-2#primaryimage\"},\"thumbnailUrl\":\"https:\/\/static.africa-press.net\/benin\/sites\/46\/2022\/07\/postQueueImg_15-62c87880af552.jpg\",\"datePublished\":\"2022-07-08T18:17:45+00:00\",\"dateModified\":\"2022-07-08T18:33:57+00:00\",\"author\":{\"@id\":\"https:\/\/www.africa-press.net\/benin\/#\/schema\/person\/2b1cf3cd81a31e3cd26889ca66d677f1\"},\"description\":\"Le Minist\u00e8re des Enseignements Secondaire, Technique et de la Formation Professionnelle (MESTFP) a proc\u00e9d\u00e9 \u00e0 la nominati ...\",\"breadcrumb\":{\"@id\":\"https:\/\/www.africa-press.net\/benin\/toutes-les-actualites\/benin-plus-de-300-nominations-dans-lenseignement-secondaire-au-titre-de-lannee-2022-2023-liste-2#breadcrumb\"},\"inLanguage\":\"fr-FR\",\"potentialAction\":[{\"@type\":\"ReadAction\",\"target\":[\"https:\/\/www.africa-press.net\/benin\/toutes-les-actualites\/benin-plus-de-300-nominations-dans-lenseignement-secondaire-au-titre-de-lannee-2022-2023-liste-2\"]}]},{\"@type\":\"ImageObject\",\"inLanguage\":\"fr-FR\",\"@id\":\"https:\/\/www.africa-press.net\/benin\/toutes-les-actualites\/benin-plus-de-300-nominations-dans-lenseignement-secondaire-au-titre-de-lannee-2022-2023-liste-2#primaryimage\",\"url\":\"https:\/\/static.africa-press.net\/benin\/sites\/46\/2022\/07\/postQueueImg_15-62c87880af552.jpg\",\"contentUrl\":\"https:\/\/static.africa-press.net\/benin\/sites\/46\/2022\/07\/postQueueImg_15-62c87880af552.jpg\",\"width\":1200,\"height\":675,\"caption\":\"B\u00e9nin: plus de 300 nominations dans l\u2019enseignement secondaire au titre de l\u2019ann\u00e9e 2022-2023 (liste)\"},{\"@type\":\"BreadcrumbList\",\"@id\":\"https:\/\/www.africa-press.net\/benin\/toutes-les-actualites\/benin-plus-de-300-nominations-dans-lenseignement-secondaire-au-titre-de-lannee-2022-2023-liste-2#breadcrumb\",\"itemListElement\":[{\"@type\":\"ListItem\",\"position\":1,\"name\":\"Accueil\",\"item\":\"https:\/\/www.africa-press.net\/benin\/\"},{\"@type\":\"ListItem\",\"position\":2,\"name\":\"B\u00e9nin: plus de 300 nominations dans l\u2019enseignement secondaire au titre de l\u2019ann\u00e9e 2022-2023 (liste)\"}]},{\"@type\":\"WebSite\",\"@id\":\"https:\/\/www.africa-press.net\/benin\/#website\",\"url\":\"https:\/\/www.africa-press.net\/benin\/\",\"name\":\"B\u00e9nin\",\"description\":\"Just another Africa News Agency Sites site\",\"potentialAction\":[{\"@type\":\"SearchAction\",\"target\":{\"@type\":\"EntryPoint\",\"urlTemplate\":\"https:\/\/www.africa-press.net\/benin\/?s={search_term_string}\"},\"query-input\":{\"@type\":\"PropertyValueSpecification\",\"valueRequired\":true,\"valueName\":\"search_term_string\"}}],\"inLanguage\":\"fr-FR\"},{\"@type\":\"Person\",\"@id\":\"https:\/\/www.africa-press.net\/benin\/#\/schema\/person\/2b1cf3cd81a31e3cd26889ca66d677f1\",\"name\":\"cfeditorfr\"}]}<\/script>\n<!-- \/ Yoast SEO Premium plugin. -->","yoast_head_json":{"title":"B\u00e9nin: plus de 300 nominations dans l\u2019enseignement secondaire au titre de l\u2019ann\u00e9e 2022-2023 (liste) - B\u00e9nin","description":"Le Minist\u00e8re des Enseignements Secondaire, Technique et de la Formation Professionnelle (MESTFP) a proc\u00e9d\u00e9 \u00e0 la nominati ...","robots":{"index":"index","follow":"follow","max-snippet":"max-snippet:-1","max-image-preview":"max-image-preview:large","max-video-preview":"max-video-preview:-1"},"canonical":"https:\/\/www.africa-press.net\/benin\/toutes-les-actualites\/benin-plus-de-300-nominations-dans-lenseignement-secondaire-au-titre-de-lannee-2022-2023-liste-2","og_locale":"fr_FR","og_type":"article","og_title":"B\u00e9nin: plus de 300 nominations dans l\u2019enseignement secondaire au titre de l\u2019ann\u00e9e 2022-2023 (liste)","og_description":"Le Minist\u00e8re des Enseignements Secondaire, Technique et de la Formation Professionnelle (MESTFP) a proc\u00e9d\u00e9 \u00e0 la nominati ...","og_url":"https:\/\/www.africa-press.net\/benin\/toutes-les-actualites\/benin-plus-de-300-nominations-dans-lenseignement-secondaire-au-titre-de-lannee-2022-2023-liste-2","og_site_name":"B\u00e9nin","article_published_time":"2022-07-08T18:17:45+00:00","article_modified_time":"2022-07-08T18:33:57+00:00","og_image":[{"width":1200,"height":675,"url":"https:\/\/static.africa-press.net\/benin\/sites\/46\/2022\/07\/postQueueImg_15-62c87880af552.jpg","type":"image\/jpeg"}],"author":"cfeditorfr","twitter_card":"summary_large_image","twitter_misc":{"\u00c9crit par":"cfeditorfr"},"schema":{"@context":"https:\/\/schema.org","@graph":[{"@type":"Article","@id":"https:\/\/www.africa-press.net\/benin\/toutes-les-actualites\/benin-plus-de-300-nominations-dans-lenseignement-secondaire-au-titre-de-lannee-2022-2023-liste-2#article","isPartOf":{"@id":"https:\/\/www.africa-press.net\/benin\/toutes-les-actualites\/benin-plus-de-300-nominations-dans-lenseignement-secondaire-au-titre-de-lannee-2022-2023-liste-2"},"author":{"name":"cfeditorfr","@id":"https:\/\/www.africa-press.net\/benin\/#\/schema\/person\/2b1cf3cd81a31e3cd26889ca66d677f1"},"headline":"B\u00e9nin: plus de 300 nominations dans l\u2019enseignement secondaire au titre de l\u2019ann\u00e9e 2022-2023 (liste)","datePublished":"2022-07-08T18:17:45+00:00","dateModified":"2022-07-08T18:33:57+00:00","mainEntityOfPage":{"@id":"https:\/\/www.africa-press.net\/benin\/toutes-les-actualites\/benin-plus-de-300-nominations-dans-lenseignement-secondaire-au-titre-de-lannee-2022-2023-liste-2"},"wordCount":111,"commentCount":0,"image":{"@id":"https:\/\/www.africa-press.net\/benin\/toutes-les-actualites\/benin-plus-de-300-nominations-dans-lenseignement-secondaire-au-titre-de-lannee-2022-2023-liste-2#primaryimage"},"thumbnailUrl":"https:\/\/static.africa-press.net\/benin\/sites\/46\/2022\/07\/postQueueImg_15-62c87880af552.jpg","keywords":["Africa Press","Africa Press-Benin","B\u00e9nin"],"articleSection":["Communaut\u00e9","homepage-french","Toutes les actualit\u00e9s"],"inLanguage":"fr-FR","potentialAction":[{"@type":"CommentAction","name":"Comment","target":["https:\/\/www.africa-press.net\/benin\/toutes-les-actualites\/benin-plus-de-300-nominations-dans-lenseignement-secondaire-au-titre-de-lannee-2022-2023-liste-2#respond"]}]},{"@type":"WebPage","@id":"https:\/\/www.africa-press.net\/benin\/toutes-les-actualites\/benin-plus-de-300-nominations-dans-lenseignement-secondaire-au-titre-de-lannee-2022-2023-liste-2","url":"https:\/\/www.africa-press.net\/benin\/toutes-les-actualites\/benin-plus-de-300-nominations-dans-lenseignement-secondaire-au-titre-de-lannee-2022-2023-liste-2","name":"B\u00e9nin: plus de 300 nominations dans l\u2019enseignement secondaire au titre de l\u2019ann\u00e9e 2022-2023 (liste) - B\u00e9nin","isPartOf":{"@id":"https:\/\/www.africa-press.net\/benin\/#website"},"primaryImageOfPage":{"@id":"https:\/\/www.africa-press.net\/benin\/toutes-les-actualites\/benin-plus-de-300-nominations-dans-lenseignement-secondaire-au-titre-de-lannee-2022-2023-liste-2#primaryimage"},"image":{"@id":"https:\/\/www.africa-press.net\/benin\/toutes-les-actualites\/benin-plus-de-300-nominations-dans-lenseignement-secondaire-au-titre-de-lannee-2022-2023-liste-2#primaryimage"},"thumbnailUrl":"https:\/\/static.africa-press.net\/benin\/sites\/46\/2022\/07\/postQueueImg_15-62c87880af552.jpg","datePublished":"2022-07-08T18:17:45+00:00","dateModified":"2022-07-08T18:33:57+00:00","author":{"@id":"https:\/\/www.africa-press.net\/benin\/#\/schema\/person\/2b1cf3cd81a31e3cd26889ca66d677f1"},"description":"Le Minist\u00e8re des Enseignements Secondaire, Technique et de la Formation Professionnelle (MESTFP) a proc\u00e9d\u00e9 \u00e0 la nominati ...","breadcrumb":{"@id":"https:\/\/www.africa-press.net\/benin\/toutes-les-actualites\/benin-plus-de-300-nominations-dans-lenseignement-secondaire-au-titre-de-lannee-2022-2023-liste-2#breadcrumb"},"inLanguage":"fr-FR","potentialAction":[{"@type":"ReadAction","target":["https:\/\/www.africa-press.net\/benin\/toutes-les-actualites\/benin-plus-de-300-nominations-dans-lenseignement-secondaire-au-titre-de-lannee-2022-2023-liste-2"]}]},{"@type":"ImageObject","inLanguage":"fr-FR","@id":"https:\/\/www.africa-press.net\/benin\/toutes-les-actualites\/benin-plus-de-300-nominations-dans-lenseignement-secondaire-au-titre-de-lannee-2022-2023-liste-2#primaryimage","url":"https:\/\/static.africa-press.net\/benin\/sites\/46\/2022\/07\/postQueueImg_15-62c87880af552.jpg","contentUrl":"https:\/\/static.africa-press.net\/benin\/sites\/46\/2022\/07\/postQueueImg_15-62c87880af552.jpg","width":1200,"height":675,"caption":"B\u00e9nin: plus de 300 nominations dans l\u2019enseignement secondaire au titre de l\u2019ann\u00e9e 2022-2023 (liste)"},{"@type":"BreadcrumbList","@id":"https:\/\/www.africa-press.net\/benin\/toutes-les-actualites\/benin-plus-de-300-nominations-dans-lenseignement-secondaire-au-titre-de-lannee-2022-2023-liste-2#breadcrumb","itemListElement":[{"@type":"ListItem","position":1,"name":"Accueil","item":"https:\/\/www.africa-press.net\/benin\/"},{"@type":"ListItem","position":2,"name":"B\u00e9nin: plus de 300 nominations dans l\u2019enseignement secondaire au titre de l\u2019ann\u00e9e 2022-2023 (liste)"}]},{"@type":"WebSite","@id":"https:\/\/www.africa-press.net\/benin\/#website","url":"https:\/\/www.africa-press.net\/benin\/","name":"B\u00e9nin","description":"Just another Africa News Agency Sites site","potentialAction":[{"@type":"SearchAction","target":{"@type":"EntryPoint","urlTemplate":"https:\/\/www.africa-press.net\/benin\/?s={search_term_string}"},"query-input":{"@type":"PropertyValueSpecification","valueRequired":true,"valueName":"search_term_string"}}],"inLanguage":"fr-FR"},{"@type":"Person","@id":"https:\/\/www.africa-press.net\/benin\/#\/schema\/person\/2b1cf3cd81a31e3cd26889ca66d677f1","name":"cfeditorfr"}]}},"_links":{"self":[{"href":"https:\/\/www.africa-press.net\/benin\/wp-json\/wp\/v2\/posts\/6669","targetHints":{"allow":["GET"]}}],"collection":[{"href":"https:\/\/www.africa-press.net\/benin\/wp-json\/wp\/v2\/posts"}],"about":[{"href":"https:\/\/www.africa-press.net\/benin\/wp-json\/wp\/v2\/types\/post"}],"author":[{"embeddable":true,"href":"https:\/\/www.africa-press.net\/benin\/wp-json\/wp\/v2\/users\/82"}],"replies":[{"embeddable":true,"href":"https:\/\/www.africa-press.net\/benin\/wp-json\/wp\/v2\/comments?post=6669"}],"version-history":[{"count":0,"href":"https:\/\/www.africa-press.net\/benin\/wp-json\/wp\/v2\/posts\/6669\/revisions"}],"wp:featuredmedia":[{"embeddable":true,"href":"https:\/\/www.africa-press.net\/benin\/wp-json\/wp\/v2\/media\/6668"}],"wp:attachment":[{"href":"https:\/\/www.africa-press.net\/benin\/wp-json\/wp\/v2\/media?parent=6669"}],"wp:term":[{"taxonomy":"category","embeddable":true,"href":"https:\/\/www.africa-press.net\/benin\/wp-json\/wp\/v2\/categories?post=6669"},{"taxonomy":"post_tag","embeddable":true,"href":"https:\/\/www.africa-press.net\/benin\/wp-json\/wp\/v2\/tags?post=6669"}],"curies":[{"name":"wp","href":"https:\/\/api.w.org\/{rel}","templated":true}]}}