{"id":6672,"date":"2022-07-08T18:17:54","date_gmt":"2022-07-08T18:17:54","guid":{"rendered":"https:\/\/www.africa-press.net\/benin\/politique\/guinee-incertitude-autour-de-larrivee-de-la-delegation-conduite-par-boni-yayi"},"modified":"2022-07-08T18:34:23","modified_gmt":"2022-07-08T18:34:23","slug":"guinee-incertitude-autour-de-larrivee-de-la-delegation-conduite-par-boni-yayi","status":"publish","type":"post","link":"https:\/\/www.africa-press.net\/benin\/politique\/guinee-incertitude-autour-de-larrivee-de-la-delegation-conduite-par-boni-yayi","title":{"rendered":"Guin\u00e9e: incertitude autour de l\u2019arriv\u00e9e de la d\u00e9l\u00e9gation conduite par Boni Yayi"},"content":{"rendered":"<p><span style=\"color: #ff6600\"><strong>Africa-Press &#8211; Benin. <\/strong><\/span>Nomm\u00e9 m\u00e9diateur par la Communaut\u00e9 \u00e9conomique des \u00c9tats de l\u2019Afrique de l\u2019Ouest (Cedeao) en Guin\u00e9e, Boni Yayi est attendu \u00e0 Conakry ce jeudi 07 juillet 2022, mais aux derni\u00e8res nouvelles, le voyage pourrait \u00eatre report\u00e9.<\/p>\n<p>L\u2019arriv\u00e9e en Guin\u00e9e de la mission de la Cedeao conduite par l\u2019ancien pr\u00e9sident b\u00e9ninois Boni Yayi pourrait \u00eatre report\u00e9e. Pour cause, jusqu\u2019\u00e0 hier, les autorit\u00e9s guin\u00e9ennes n\u2019avaient pas \u00e9t\u00e9 officiellement inform\u00e9es de l\u2019arriv\u00e9e de la mission de la Cedeao, a rapport\u00e9 Mediaguin\u00e9e.<\/p>\n<p>Ainsi, pour des raisons administratives, le calendrier de la mission, pourrait \u00eatre revu. Selon le chronogramme \u00e9tabli pour ce premier d\u00e9placement, Boni Yayi et sa suite vont s\u00e9journer \u00e0 Conakry du jeudi 07 au dimanche 10 juillet 2022. L\u2019ancien pr\u00e9sident de l\u2019Union africaine doit conduire les discussions entre la junte militaire au pouvoir et la Cedeao afin d\u2019aboutir \u00e0 un calendrier \u00ab acceptable \u00bb pour la transition dirig\u00e9e par Mamadi Doumbouya.<\/p>\n<p><strong>Pour plus d&rsquo;informations et d&rsquo;analyses sur la <a href=\"https:\/\/www.africa-press.net\/benin\">Benin<\/a>, suivez <a href=\"https:\/\/www.africa-press.net\/\">Africa-Press<\/a><\/strong><\/p>\n","protected":false},"excerpt":{"rendered":"<p>Africa-Press &#8211; Benin. Nomm\u00e9 m\u00e9diateur par la Communaut\u00e9 \u00e9conomique des \u00c9tats de l\u2019Afrique de l\u2019Ouest (Cedeao) en Guin\u00e9e, Boni Yayi est attendu \u00e0 Conakry ce jeudi 07 juillet 2022, mais aux derni\u00e8res nouvelles, le voyage pourrait \u00eatre report\u00e9. L\u2019arriv\u00e9e en Guin\u00e9e de la mission de la Cedeao conduite par l\u2019ancien pr\u00e9sident b\u00e9ninois Boni Yayi pourrait [&hellip;]<\/p>\n","protected":false},"author":82,"featured_media":6671,"comment_status":"open","ping_status":"closed","sticky":false,"template":"","format":"standard","meta":{"footnotes":""},"categories":[11,2,10],"tags":[36,50,45],"class_list":["post-6672","post","type-post","status-publish","format-standard","has-post-thumbnail","hentry","category-homepage-french","category-politique","category-toutes-les-actualites","tag-africa-press","tag-africa-press-benin","tag-benin"],"yoast_head":"<!-- This site is optimized with the Yoast SEO Premium plugin v26.1 (Yoast SEO v27.0) - https:\/\/yoast.com\/product\/yoast-seo-premium-wordpress\/ -->\n<title>Guin\u00e9e: incertitude autour de l\u2019arriv\u00e9e de la d\u00e9l\u00e9gation conduite par Boni Yayi - B\u00e9nin<\/title>\n<meta name=\"description\" content=\"Nomm\u00e9 m\u00e9diateur par la Communaut\u00e9 \u00e9conomique des \u00c9tats de l\u2019Afrique de l\u2019Ouest (Cedeao) en Guin\u00e9e, Boni Yayi est attendu ...\" \/>\n<meta name=\"robots\" content=\"index, follow, max-snippet:-1, max-image-preview:large, max-video-preview:-1\" \/>\n<link rel=\"canonical\" href=\"https:\/\/www.africa-press.net\/benin\/politique\/guinee-incertitude-autour-de-larrivee-de-la-delegation-conduite-par-boni-yayi\" \/>\n<meta property=\"og:locale\" content=\"fr_FR\" \/>\n<meta property=\"og:type\" content=\"article\" \/>\n<meta property=\"og:title\" content=\"Guin\u00e9e: incertitude autour de l\u2019arriv\u00e9e de la d\u00e9l\u00e9gation conduite par Boni Yayi\" \/>\n<meta property=\"og:description\" content=\"Nomm\u00e9 m\u00e9diateur par la Communaut\u00e9 \u00e9conomique des \u00c9tats de l\u2019Afrique de l\u2019Ouest (Cedeao) en Guin\u00e9e, Boni Yayi est attendu ...\" \/>\n<meta property=\"og:url\" content=\"https:\/\/www.africa-press.net\/benin\/politique\/guinee-incertitude-autour-de-larrivee-de-la-delegation-conduite-par-boni-yayi\" \/>\n<meta property=\"og:site_name\" content=\"B\u00e9nin\" \/>\n<meta property=\"article:published_time\" content=\"2022-07-08T18:17:54+00:00\" \/>\n<meta property=\"article:modified_time\" content=\"2022-07-08T18:34:23+00:00\" \/>\n<meta property=\"og:image\" content=\"https:\/\/static.africa-press.net\/benin\/sites\/46\/2022\/07\/postQueueImg_16-62c8789aca899.jpg\" \/>\n\t<meta property=\"og:image:width\" content=\"1200\" \/>\n\t<meta property=\"og:image:height\" content=\"900\" \/>\n\t<meta property=\"og:image:type\" content=\"image\/jpeg\" \/>\n<meta name=\"author\" content=\"cfeditorfr\" \/>\n<meta name=\"twitter:card\" content=\"summary_large_image\" \/>\n<meta name=\"twitter:label1\" content=\"\u00c9crit par\" \/>\n\t<meta name=\"twitter:data1\" content=\"cfeditorfr\" \/>\n\t<meta name=\"twitter:label2\" content=\"Dur\u00e9e de lecture estim\u00e9e\" \/>\n\t<meta name=\"twitter:data2\" content=\"1 minute\" \/>\n<script type=\"application\/ld+json\" class=\"yoast-schema-graph\">{\"@context\":\"https:\/\/schema.org\",\"@graph\":[{\"@type\":\"Article\",\"@id\":\"https:\/\/www.africa-press.net\/benin\/politique\/guinee-incertitude-autour-de-larrivee-de-la-delegation-conduite-par-boni-yayi#article\",\"isPartOf\":{\"@id\":\"https:\/\/www.africa-press.net\/benin\/politique\/guinee-incertitude-autour-de-larrivee-de-la-delegation-conduite-par-boni-yayi\"},\"author\":{\"name\":\"cfeditorfr\",\"@id\":\"https:\/\/www.africa-press.net\/benin\/#\/schema\/person\/2b1cf3cd81a31e3cd26889ca66d677f1\"},\"headline\":\"Guin\u00e9e: incertitude autour de l\u2019arriv\u00e9e de la d\u00e9l\u00e9gation conduite par Boni Yayi\",\"datePublished\":\"2022-07-08T18:17:54+00:00\",\"dateModified\":\"2022-07-08T18:34:23+00:00\",\"mainEntityOfPage\":{\"@id\":\"https:\/\/www.africa-press.net\/benin\/politique\/guinee-incertitude-autour-de-larrivee-de-la-delegation-conduite-par-boni-yayi\"},\"wordCount\":196,\"commentCount\":0,\"image\":{\"@id\":\"https:\/\/www.africa-press.net\/benin\/politique\/guinee-incertitude-autour-de-larrivee-de-la-delegation-conduite-par-boni-yayi#primaryimage\"},\"thumbnailUrl\":\"https:\/\/static.africa-press.net\/benin\/sites\/46\/2022\/07\/postQueueImg_16-62c8789aca899.jpg\",\"keywords\":[\"Africa Press\",\"Africa Press-Benin\",\"B\u00e9nin\"],\"articleSection\":[\"homepage-french\",\"Politique\",\"Toutes les actualit\u00e9s\"],\"inLanguage\":\"fr-FR\",\"potentialAction\":[{\"@type\":\"CommentAction\",\"name\":\"Comment\",\"target\":[\"https:\/\/www.africa-press.net\/benin\/politique\/guinee-incertitude-autour-de-larrivee-de-la-delegation-conduite-par-boni-yayi#respond\"]}]},{\"@type\":\"WebPage\",\"@id\":\"https:\/\/www.africa-press.net\/benin\/politique\/guinee-incertitude-autour-de-larrivee-de-la-delegation-conduite-par-boni-yayi\",\"url\":\"https:\/\/www.africa-press.net\/benin\/politique\/guinee-incertitude-autour-de-larrivee-de-la-delegation-conduite-par-boni-yayi\",\"name\":\"Guin\u00e9e: incertitude autour de l\u2019arriv\u00e9e de la d\u00e9l\u00e9gation conduite par Boni Yayi - B\u00e9nin\",\"isPartOf\":{\"@id\":\"https:\/\/www.africa-press.net\/benin\/#website\"},\"primaryImageOfPage\":{\"@id\":\"https:\/\/www.africa-press.net\/benin\/politique\/guinee-incertitude-autour-de-larrivee-de-la-delegation-conduite-par-boni-yayi#primaryimage\"},\"image\":{\"@id\":\"https:\/\/www.africa-press.net\/benin\/politique\/guinee-incertitude-autour-de-larrivee-de-la-delegation-conduite-par-boni-yayi#primaryimage\"},\"thumbnailUrl\":\"https:\/\/static.africa-press.net\/benin\/sites\/46\/2022\/07\/postQueueImg_16-62c8789aca899.jpg\",\"datePublished\":\"2022-07-08T18:17:54+00:00\",\"dateModified\":\"2022-07-08T18:34:23+00:00\",\"author\":{\"@id\":\"https:\/\/www.africa-press.net\/benin\/#\/schema\/person\/2b1cf3cd81a31e3cd26889ca66d677f1\"},\"description\":\"Nomm\u00e9 m\u00e9diateur par la Communaut\u00e9 \u00e9conomique des \u00c9tats de l\u2019Afrique de l\u2019Ouest (Cedeao) en Guin\u00e9e, Boni Yayi est attendu ...\",\"breadcrumb\":{\"@id\":\"https:\/\/www.africa-press.net\/benin\/politique\/guinee-incertitude-autour-de-larrivee-de-la-delegation-conduite-par-boni-yayi#breadcrumb\"},\"inLanguage\":\"fr-FR\",\"potentialAction\":[{\"@type\":\"ReadAction\",\"target\":[\"https:\/\/www.africa-press.net\/benin\/politique\/guinee-incertitude-autour-de-larrivee-de-la-delegation-conduite-par-boni-yayi\"]}]},{\"@type\":\"ImageObject\",\"inLanguage\":\"fr-FR\",\"@id\":\"https:\/\/www.africa-press.net\/benin\/politique\/guinee-incertitude-autour-de-larrivee-de-la-delegation-conduite-par-boni-yayi#primaryimage\",\"url\":\"https:\/\/static.africa-press.net\/benin\/sites\/46\/2022\/07\/postQueueImg_16-62c8789aca899.jpg\",\"contentUrl\":\"https:\/\/static.africa-press.net\/benin\/sites\/46\/2022\/07\/postQueueImg_16-62c8789aca899.jpg\",\"width\":1200,\"height\":900,\"caption\":\"Guin\u00e9e: incertitude autour de l\u2019arriv\u00e9e de la d\u00e9l\u00e9gation conduite par Boni Yayi\"},{\"@type\":\"BreadcrumbList\",\"@id\":\"https:\/\/www.africa-press.net\/benin\/politique\/guinee-incertitude-autour-de-larrivee-de-la-delegation-conduite-par-boni-yayi#breadcrumb\",\"itemListElement\":[{\"@type\":\"ListItem\",\"position\":1,\"name\":\"Accueil\",\"item\":\"https:\/\/www.africa-press.net\/benin\/\"},{\"@type\":\"ListItem\",\"position\":2,\"name\":\"Guin\u00e9e: incertitude autour de l\u2019arriv\u00e9e de la d\u00e9l\u00e9gation conduite par Boni Yayi\"}]},{\"@type\":\"WebSite\",\"@id\":\"https:\/\/www.africa-press.net\/benin\/#website\",\"url\":\"https:\/\/www.africa-press.net\/benin\/\",\"name\":\"B\u00e9nin\",\"description\":\"Just another Africa News Agency Sites site\",\"potentialAction\":[{\"@type\":\"SearchAction\",\"target\":{\"@type\":\"EntryPoint\",\"urlTemplate\":\"https:\/\/www.africa-press.net\/benin\/?s={search_term_string}\"},\"query-input\":{\"@type\":\"PropertyValueSpecification\",\"valueRequired\":true,\"valueName\":\"search_term_string\"}}],\"inLanguage\":\"fr-FR\"},{\"@type\":\"Person\",\"@id\":\"https:\/\/www.africa-press.net\/benin\/#\/schema\/person\/2b1cf3cd81a31e3cd26889ca66d677f1\",\"name\":\"cfeditorfr\"}]}<\/script>\n<!-- \/ Yoast SEO Premium plugin. -->","yoast_head_json":{"title":"Guin\u00e9e: incertitude autour de l\u2019arriv\u00e9e de la d\u00e9l\u00e9gation conduite par Boni Yayi - B\u00e9nin","description":"Nomm\u00e9 m\u00e9diateur par la Communaut\u00e9 \u00e9conomique des \u00c9tats de l\u2019Afrique de l\u2019Ouest (Cedeao) en Guin\u00e9e, Boni Yayi est attendu ...","robots":{"index":"index","follow":"follow","max-snippet":"max-snippet:-1","max-image-preview":"max-image-preview:large","max-video-preview":"max-video-preview:-1"},"canonical":"https:\/\/www.africa-press.net\/benin\/politique\/guinee-incertitude-autour-de-larrivee-de-la-delegation-conduite-par-boni-yayi","og_locale":"fr_FR","og_type":"article","og_title":"Guin\u00e9e: incertitude autour de l\u2019arriv\u00e9e de la d\u00e9l\u00e9gation conduite par Boni Yayi","og_description":"Nomm\u00e9 m\u00e9diateur par la Communaut\u00e9 \u00e9conomique des \u00c9tats de l\u2019Afrique de l\u2019Ouest (Cedeao) en Guin\u00e9e, Boni Yayi est attendu ...","og_url":"https:\/\/www.africa-press.net\/benin\/politique\/guinee-incertitude-autour-de-larrivee-de-la-delegation-conduite-par-boni-yayi","og_site_name":"B\u00e9nin","article_published_time":"2022-07-08T18:17:54+00:00","article_modified_time":"2022-07-08T18:34:23+00:00","og_image":[{"width":1200,"height":900,"url":"https:\/\/static.africa-press.net\/benin\/sites\/46\/2022\/07\/postQueueImg_16-62c8789aca899.jpg","type":"image\/jpeg"}],"author":"cfeditorfr","twitter_card":"summary_large_image","twitter_misc":{"\u00c9crit par":"cfeditorfr","Dur\u00e9e de lecture estim\u00e9e":"1 minute"},"schema":{"@context":"https:\/\/schema.org","@graph":[{"@type":"Article","@id":"https:\/\/www.africa-press.net\/benin\/politique\/guinee-incertitude-autour-de-larrivee-de-la-delegation-conduite-par-boni-yayi#article","isPartOf":{"@id":"https:\/\/www.africa-press.net\/benin\/politique\/guinee-incertitude-autour-de-larrivee-de-la-delegation-conduite-par-boni-yayi"},"author":{"name":"cfeditorfr","@id":"https:\/\/www.africa-press.net\/benin\/#\/schema\/person\/2b1cf3cd81a31e3cd26889ca66d677f1"},"headline":"Guin\u00e9e: incertitude autour de l\u2019arriv\u00e9e de la d\u00e9l\u00e9gation conduite par Boni Yayi","datePublished":"2022-07-08T18:17:54+00:00","dateModified":"2022-07-08T18:34:23+00:00","mainEntityOfPage":{"@id":"https:\/\/www.africa-press.net\/benin\/politique\/guinee-incertitude-autour-de-larrivee-de-la-delegation-conduite-par-boni-yayi"},"wordCount":196,"commentCount":0,"image":{"@id":"https:\/\/www.africa-press.net\/benin\/politique\/guinee-incertitude-autour-de-larrivee-de-la-delegation-conduite-par-boni-yayi#primaryimage"},"thumbnailUrl":"https:\/\/static.africa-press.net\/benin\/sites\/46\/2022\/07\/postQueueImg_16-62c8789aca899.jpg","keywords":["Africa Press","Africa Press-Benin","B\u00e9nin"],"articleSection":["homepage-french","Politique","Toutes les actualit\u00e9s"],"inLanguage":"fr-FR","potentialAction":[{"@type":"CommentAction","name":"Comment","target":["https:\/\/www.africa-press.net\/benin\/politique\/guinee-incertitude-autour-de-larrivee-de-la-delegation-conduite-par-boni-yayi#respond"]}]},{"@type":"WebPage","@id":"https:\/\/www.africa-press.net\/benin\/politique\/guinee-incertitude-autour-de-larrivee-de-la-delegation-conduite-par-boni-yayi","url":"https:\/\/www.africa-press.net\/benin\/politique\/guinee-incertitude-autour-de-larrivee-de-la-delegation-conduite-par-boni-yayi","name":"Guin\u00e9e: incertitude autour de l\u2019arriv\u00e9e de la d\u00e9l\u00e9gation conduite par Boni Yayi - B\u00e9nin","isPartOf":{"@id":"https:\/\/www.africa-press.net\/benin\/#website"},"primaryImageOfPage":{"@id":"https:\/\/www.africa-press.net\/benin\/politique\/guinee-incertitude-autour-de-larrivee-de-la-delegation-conduite-par-boni-yayi#primaryimage"},"image":{"@id":"https:\/\/www.africa-press.net\/benin\/politique\/guinee-incertitude-autour-de-larrivee-de-la-delegation-conduite-par-boni-yayi#primaryimage"},"thumbnailUrl":"https:\/\/static.africa-press.net\/benin\/sites\/46\/2022\/07\/postQueueImg_16-62c8789aca899.jpg","datePublished":"2022-07-08T18:17:54+00:00","dateModified":"2022-07-08T18:34:23+00:00","author":{"@id":"https:\/\/www.africa-press.net\/benin\/#\/schema\/person\/2b1cf3cd81a31e3cd26889ca66d677f1"},"description":"Nomm\u00e9 m\u00e9diateur par la Communaut\u00e9 \u00e9conomique des \u00c9tats de l\u2019Afrique de l\u2019Ouest (Cedeao) en Guin\u00e9e, Boni Yayi est attendu ...","breadcrumb":{"@id":"https:\/\/www.africa-press.net\/benin\/politique\/guinee-incertitude-autour-de-larrivee-de-la-delegation-conduite-par-boni-yayi#breadcrumb"},"inLanguage":"fr-FR","potentialAction":[{"@type":"ReadAction","target":["https:\/\/www.africa-press.net\/benin\/politique\/guinee-incertitude-autour-de-larrivee-de-la-delegation-conduite-par-boni-yayi"]}]},{"@type":"ImageObject","inLanguage":"fr-FR","@id":"https:\/\/www.africa-press.net\/benin\/politique\/guinee-incertitude-autour-de-larrivee-de-la-delegation-conduite-par-boni-yayi#primaryimage","url":"https:\/\/static.africa-press.net\/benin\/sites\/46\/2022\/07\/postQueueImg_16-62c8789aca899.jpg","contentUrl":"https:\/\/static.africa-press.net\/benin\/sites\/46\/2022\/07\/postQueueImg_16-62c8789aca899.jpg","width":1200,"height":900,"caption":"Guin\u00e9e: incertitude autour de l\u2019arriv\u00e9e de la d\u00e9l\u00e9gation conduite par Boni Yayi"},{"@type":"BreadcrumbList","@id":"https:\/\/www.africa-press.net\/benin\/politique\/guinee-incertitude-autour-de-larrivee-de-la-delegation-conduite-par-boni-yayi#breadcrumb","itemListElement":[{"@type":"ListItem","position":1,"name":"Accueil","item":"https:\/\/www.africa-press.net\/benin\/"},{"@type":"ListItem","position":2,"name":"Guin\u00e9e: incertitude autour de l\u2019arriv\u00e9e de la d\u00e9l\u00e9gation conduite par Boni Yayi"}]},{"@type":"WebSite","@id":"https:\/\/www.africa-press.net\/benin\/#website","url":"https:\/\/www.africa-press.net\/benin\/","name":"B\u00e9nin","description":"Just another Africa News Agency Sites site","potentialAction":[{"@type":"SearchAction","target":{"@type":"EntryPoint","urlTemplate":"https:\/\/www.africa-press.net\/benin\/?s={search_term_string}"},"query-input":{"@type":"PropertyValueSpecification","valueRequired":true,"valueName":"search_term_string"}}],"inLanguage":"fr-FR"},{"@type":"Person","@id":"https:\/\/www.africa-press.net\/benin\/#\/schema\/person\/2b1cf3cd81a31e3cd26889ca66d677f1","name":"cfeditorfr"}]}},"_links":{"self":[{"href":"https:\/\/www.africa-press.net\/benin\/wp-json\/wp\/v2\/posts\/6672","targetHints":{"allow":["GET"]}}],"collection":[{"href":"https:\/\/www.africa-press.net\/benin\/wp-json\/wp\/v2\/posts"}],"about":[{"href":"https:\/\/www.africa-press.net\/benin\/wp-json\/wp\/v2\/types\/post"}],"author":[{"embeddable":true,"href":"https:\/\/www.africa-press.net\/benin\/wp-json\/wp\/v2\/users\/82"}],"replies":[{"embeddable":true,"href":"https:\/\/www.africa-press.net\/benin\/wp-json\/wp\/v2\/comments?post=6672"}],"version-history":[{"count":0,"href":"https:\/\/www.africa-press.net\/benin\/wp-json\/wp\/v2\/posts\/6672\/revisions"}],"wp:featuredmedia":[{"embeddable":true,"href":"https:\/\/www.africa-press.net\/benin\/wp-json\/wp\/v2\/media\/6671"}],"wp:attachment":[{"href":"https:\/\/www.africa-press.net\/benin\/wp-json\/wp\/v2\/media?parent=6672"}],"wp:term":[{"taxonomy":"category","embeddable":true,"href":"https:\/\/www.africa-press.net\/benin\/wp-json\/wp\/v2\/categories?post=6672"},{"taxonomy":"post_tag","embeddable":true,"href":"https:\/\/www.africa-press.net\/benin\/wp-json\/wp\/v2\/tags?post=6672"}],"curies":[{"name":"wp","href":"https:\/\/api.w.org\/{rel}","templated":true}]}}