{"id":6676,"date":"2022-07-08T18:18:01","date_gmt":"2022-07-08T18:18:01","guid":{"rendered":"https:\/\/www.africa-press.net\/benin\/politique\/benin-un-presume-djihadiste-arrete-dans-un-marche-a-malanville"},"modified":"2022-07-08T18:34:50","modified_gmt":"2022-07-08T18:34:50","slug":"benin-un-presume-djihadiste-arrete-dans-un-marche-a-malanville","status":"publish","type":"post","link":"https:\/\/www.africa-press.net\/benin\/toutes-les-actualites\/benin-un-presume-djihadiste-arrete-dans-un-marche-a-malanville","title":{"rendered":"B\u00e9nin: un pr\u00e9sum\u00e9 djihadiste arr\u00eat\u00e9 dans un march\u00e9 \u00e0 Malanville"},"content":{"rendered":"<p><span style=\"color: #ff6600\"><strong>Africa-Press &#8211; Benin. <\/strong><\/span>Un pr\u00e9sum\u00e9 djihadiste interpell\u00e9 dans le march\u00e9 Gu\u00e9n\u00e9 \u00e0 Malanville. L\u2019int\u00e9ress\u00e9 serait en plein ravitaillement quand il a \u00e9t\u00e9 arr\u00eat\u00e9 ce jeudi 07 juillet 2022.<\/p>\n<p>En plein ravitaillement dans un march\u00e9, un individu soup\u00e7onn\u00e9 d\u2019\u00eatre un djihadiste, a \u00e9t\u00e9 interpell\u00e9. Selon Frissons radio, l\u2019int\u00e9ress\u00e9 \u00e9tait avec un compagnon qui a pu s\u2019\u00e9chapper.<\/p>\n<p>Face \u00e0 la r\u00e9currence des attaques djihadistes dans le nord, les Forces de d\u00e9fense et de s\u00e9curit\u00e9 (Fds) ont redoubl\u00e9 de vigilance. D\u00e9ploy\u00e9 en nombre pour assurer la d\u00e9fense du territoire dans les zones frontali\u00e8res, elles agissent pour anticiper sur le mal.<\/p>\n<p><strong>Pour plus d&rsquo;informations et d&rsquo;analyses sur la <a href=\"https:\/\/www.africa-press.net\/benin\">Benin<\/a>, suivez <a href=\"https:\/\/www.africa-press.net\/\">Africa-Press<\/a><\/strong><\/p>\n","protected":false},"excerpt":{"rendered":"<p>Africa-Press &#8211; Benin. Un pr\u00e9sum\u00e9 djihadiste interpell\u00e9 dans le march\u00e9 Gu\u00e9n\u00e9 \u00e0 Malanville. L\u2019int\u00e9ress\u00e9 serait en plein ravitaillement quand il a \u00e9t\u00e9 arr\u00eat\u00e9 ce jeudi 07 juillet 2022. En plein ravitaillement dans un march\u00e9, un individu soup\u00e7onn\u00e9 d\u2019\u00eatre un djihadiste, a \u00e9t\u00e9 interpell\u00e9. Selon Frissons radio, l\u2019int\u00e9ress\u00e9 \u00e9tait avec un compagnon qui a pu s\u2019\u00e9chapper. [&hellip;]<\/p>\n","protected":false},"author":82,"featured_media":6674,"comment_status":"open","ping_status":"closed","sticky":false,"template":"","format":"standard","meta":{"footnotes":""},"categories":[21,11,10],"tags":[36,50,45],"class_list":["post-6676","post","type-post","status-publish","format-standard","has-post-thumbnail","hentry","category-communaute","category-homepage-french","category-toutes-les-actualites","tag-africa-press","tag-africa-press-benin","tag-benin"],"yoast_head":"<!-- This site is optimized with the Yoast SEO Premium plugin v26.1 (Yoast SEO v27.0) - https:\/\/yoast.com\/product\/yoast-seo-premium-wordpress\/ -->\n<title>B\u00e9nin: un pr\u00e9sum\u00e9 djihadiste arr\u00eat\u00e9 dans un march\u00e9 \u00e0 Malanville - B\u00e9nin<\/title>\n<meta name=\"description\" content=\"Un pr\u00e9sum\u00e9 djihadiste interpell\u00e9 dans le march\u00e9 Gu\u00e9n\u00e9 \u00e0 Malanville. L\u2019int\u00e9ress\u00e9 serait en plein ravitaillement quand il ...\" \/>\n<meta name=\"robots\" content=\"index, follow, max-snippet:-1, max-image-preview:large, max-video-preview:-1\" \/>\n<link rel=\"canonical\" href=\"https:\/\/www.africa-press.net\/benin\/toutes-les-actualites\/benin-un-presume-djihadiste-arrete-dans-un-marche-a-malanville\" \/>\n<meta property=\"og:locale\" content=\"fr_FR\" \/>\n<meta property=\"og:type\" content=\"article\" \/>\n<meta property=\"og:title\" content=\"B\u00e9nin: un pr\u00e9sum\u00e9 djihadiste arr\u00eat\u00e9 dans un march\u00e9 \u00e0 Malanville\" \/>\n<meta property=\"og:description\" content=\"Un pr\u00e9sum\u00e9 djihadiste interpell\u00e9 dans le march\u00e9 Gu\u00e9n\u00e9 \u00e0 Malanville. L\u2019int\u00e9ress\u00e9 serait en plein ravitaillement quand il ...\" \/>\n<meta property=\"og:url\" content=\"https:\/\/www.africa-press.net\/benin\/toutes-les-actualites\/benin-un-presume-djihadiste-arrete-dans-un-marche-a-malanville\" \/>\n<meta property=\"og:site_name\" content=\"B\u00e9nin\" \/>\n<meta property=\"article:published_time\" content=\"2022-07-08T18:18:01+00:00\" \/>\n<meta property=\"article:modified_time\" content=\"2022-07-08T18:34:50+00:00\" \/>\n<meta property=\"og:image\" content=\"https:\/\/static.africa-press.net\/benin\/sites\/46\/2022\/07\/postQueueImg_17-62c878b526b4e.jpg\" \/>\n\t<meta property=\"og:image:width\" content=\"1280\" \/>\n\t<meta property=\"og:image:height\" content=\"798\" \/>\n\t<meta property=\"og:image:type\" content=\"image\/jpeg\" \/>\n<meta name=\"author\" content=\"cfeditorfr\" \/>\n<meta name=\"twitter:card\" content=\"summary_large_image\" \/>\n<meta name=\"twitter:label1\" content=\"\u00c9crit par\" \/>\n\t<meta name=\"twitter:data1\" content=\"cfeditorfr\" \/>\n\t<meta name=\"twitter:label2\" content=\"Dur\u00e9e de lecture estim\u00e9e\" \/>\n\t<meta name=\"twitter:data2\" content=\"1 minute\" \/>\n<script type=\"application\/ld+json\" class=\"yoast-schema-graph\">{\"@context\":\"https:\/\/schema.org\",\"@graph\":[{\"@type\":\"Article\",\"@id\":\"https:\/\/www.africa-press.net\/benin\/toutes-les-actualites\/benin-un-presume-djihadiste-arrete-dans-un-marche-a-malanville#article\",\"isPartOf\":{\"@id\":\"https:\/\/www.africa-press.net\/benin\/toutes-les-actualites\/benin-un-presume-djihadiste-arrete-dans-un-marche-a-malanville\"},\"author\":{\"name\":\"cfeditorfr\",\"@id\":\"https:\/\/www.africa-press.net\/benin\/#\/schema\/person\/2b1cf3cd81a31e3cd26889ca66d677f1\"},\"headline\":\"B\u00e9nin: un pr\u00e9sum\u00e9 djihadiste arr\u00eat\u00e9 dans un march\u00e9 \u00e0 Malanville\",\"datePublished\":\"2022-07-08T18:18:01+00:00\",\"dateModified\":\"2022-07-08T18:34:50+00:00\",\"mainEntityOfPage\":{\"@id\":\"https:\/\/www.africa-press.net\/benin\/toutes-les-actualites\/benin-un-presume-djihadiste-arrete-dans-un-marche-a-malanville\"},\"wordCount\":133,\"commentCount\":0,\"image\":{\"@id\":\"https:\/\/www.africa-press.net\/benin\/toutes-les-actualites\/benin-un-presume-djihadiste-arrete-dans-un-marche-a-malanville#primaryimage\"},\"thumbnailUrl\":\"https:\/\/static.africa-press.net\/benin\/sites\/46\/2022\/07\/postQueueImg_17-62c878b526b4e.jpg\",\"keywords\":[\"Africa Press\",\"Africa Press-Benin\",\"B\u00e9nin\"],\"articleSection\":[\"Communaut\u00e9\",\"homepage-french\",\"Toutes les actualit\u00e9s\"],\"inLanguage\":\"fr-FR\",\"potentialAction\":[{\"@type\":\"CommentAction\",\"name\":\"Comment\",\"target\":[\"https:\/\/www.africa-press.net\/benin\/toutes-les-actualites\/benin-un-presume-djihadiste-arrete-dans-un-marche-a-malanville#respond\"]}]},{\"@type\":\"WebPage\",\"@id\":\"https:\/\/www.africa-press.net\/benin\/toutes-les-actualites\/benin-un-presume-djihadiste-arrete-dans-un-marche-a-malanville\",\"url\":\"https:\/\/www.africa-press.net\/benin\/toutes-les-actualites\/benin-un-presume-djihadiste-arrete-dans-un-marche-a-malanville\",\"name\":\"B\u00e9nin: un pr\u00e9sum\u00e9 djihadiste arr\u00eat\u00e9 dans un march\u00e9 \u00e0 Malanville - B\u00e9nin\",\"isPartOf\":{\"@id\":\"https:\/\/www.africa-press.net\/benin\/#website\"},\"primaryImageOfPage\":{\"@id\":\"https:\/\/www.africa-press.net\/benin\/toutes-les-actualites\/benin-un-presume-djihadiste-arrete-dans-un-marche-a-malanville#primaryimage\"},\"image\":{\"@id\":\"https:\/\/www.africa-press.net\/benin\/toutes-les-actualites\/benin-un-presume-djihadiste-arrete-dans-un-marche-a-malanville#primaryimage\"},\"thumbnailUrl\":\"https:\/\/static.africa-press.net\/benin\/sites\/46\/2022\/07\/postQueueImg_17-62c878b526b4e.jpg\",\"datePublished\":\"2022-07-08T18:18:01+00:00\",\"dateModified\":\"2022-07-08T18:34:50+00:00\",\"author\":{\"@id\":\"https:\/\/www.africa-press.net\/benin\/#\/schema\/person\/2b1cf3cd81a31e3cd26889ca66d677f1\"},\"description\":\"Un pr\u00e9sum\u00e9 djihadiste interpell\u00e9 dans le march\u00e9 Gu\u00e9n\u00e9 \u00e0 Malanville. L\u2019int\u00e9ress\u00e9 serait en plein ravitaillement quand il ...\",\"breadcrumb\":{\"@id\":\"https:\/\/www.africa-press.net\/benin\/toutes-les-actualites\/benin-un-presume-djihadiste-arrete-dans-un-marche-a-malanville#breadcrumb\"},\"inLanguage\":\"fr-FR\",\"potentialAction\":[{\"@type\":\"ReadAction\",\"target\":[\"https:\/\/www.africa-press.net\/benin\/toutes-les-actualites\/benin-un-presume-djihadiste-arrete-dans-un-marche-a-malanville\"]}]},{\"@type\":\"ImageObject\",\"inLanguage\":\"fr-FR\",\"@id\":\"https:\/\/www.africa-press.net\/benin\/toutes-les-actualites\/benin-un-presume-djihadiste-arrete-dans-un-marche-a-malanville#primaryimage\",\"url\":\"https:\/\/static.africa-press.net\/benin\/sites\/46\/2022\/07\/postQueueImg_17-62c878b526b4e.jpg\",\"contentUrl\":\"https:\/\/static.africa-press.net\/benin\/sites\/46\/2022\/07\/postQueueImg_17-62c878b526b4e.jpg\",\"width\":1280,\"height\":798,\"caption\":\"B\u00e9nin: un pr\u00e9sum\u00e9 djihadiste arr\u00eat\u00e9 dans un march\u00e9 \u00e0 Malanville\"},{\"@type\":\"BreadcrumbList\",\"@id\":\"https:\/\/www.africa-press.net\/benin\/toutes-les-actualites\/benin-un-presume-djihadiste-arrete-dans-un-marche-a-malanville#breadcrumb\",\"itemListElement\":[{\"@type\":\"ListItem\",\"position\":1,\"name\":\"Accueil\",\"item\":\"https:\/\/www.africa-press.net\/benin\/\"},{\"@type\":\"ListItem\",\"position\":2,\"name\":\"B\u00e9nin: un pr\u00e9sum\u00e9 djihadiste arr\u00eat\u00e9 dans un march\u00e9 \u00e0 Malanville\"}]},{\"@type\":\"WebSite\",\"@id\":\"https:\/\/www.africa-press.net\/benin\/#website\",\"url\":\"https:\/\/www.africa-press.net\/benin\/\",\"name\":\"B\u00e9nin\",\"description\":\"Just another Africa News Agency Sites site\",\"potentialAction\":[{\"@type\":\"SearchAction\",\"target\":{\"@type\":\"EntryPoint\",\"urlTemplate\":\"https:\/\/www.africa-press.net\/benin\/?s={search_term_string}\"},\"query-input\":{\"@type\":\"PropertyValueSpecification\",\"valueRequired\":true,\"valueName\":\"search_term_string\"}}],\"inLanguage\":\"fr-FR\"},{\"@type\":\"Person\",\"@id\":\"https:\/\/www.africa-press.net\/benin\/#\/schema\/person\/2b1cf3cd81a31e3cd26889ca66d677f1\",\"name\":\"cfeditorfr\"}]}<\/script>\n<!-- \/ Yoast SEO Premium plugin. -->","yoast_head_json":{"title":"B\u00e9nin: un pr\u00e9sum\u00e9 djihadiste arr\u00eat\u00e9 dans un march\u00e9 \u00e0 Malanville - B\u00e9nin","description":"Un pr\u00e9sum\u00e9 djihadiste interpell\u00e9 dans le march\u00e9 Gu\u00e9n\u00e9 \u00e0 Malanville. L\u2019int\u00e9ress\u00e9 serait en plein ravitaillement quand il ...","robots":{"index":"index","follow":"follow","max-snippet":"max-snippet:-1","max-image-preview":"max-image-preview:large","max-video-preview":"max-video-preview:-1"},"canonical":"https:\/\/www.africa-press.net\/benin\/toutes-les-actualites\/benin-un-presume-djihadiste-arrete-dans-un-marche-a-malanville","og_locale":"fr_FR","og_type":"article","og_title":"B\u00e9nin: un pr\u00e9sum\u00e9 djihadiste arr\u00eat\u00e9 dans un march\u00e9 \u00e0 Malanville","og_description":"Un pr\u00e9sum\u00e9 djihadiste interpell\u00e9 dans le march\u00e9 Gu\u00e9n\u00e9 \u00e0 Malanville. L\u2019int\u00e9ress\u00e9 serait en plein ravitaillement quand il ...","og_url":"https:\/\/www.africa-press.net\/benin\/toutes-les-actualites\/benin-un-presume-djihadiste-arrete-dans-un-marche-a-malanville","og_site_name":"B\u00e9nin","article_published_time":"2022-07-08T18:18:01+00:00","article_modified_time":"2022-07-08T18:34:50+00:00","og_image":[{"width":1280,"height":798,"url":"https:\/\/static.africa-press.net\/benin\/sites\/46\/2022\/07\/postQueueImg_17-62c878b526b4e.jpg","type":"image\/jpeg"}],"author":"cfeditorfr","twitter_card":"summary_large_image","twitter_misc":{"\u00c9crit par":"cfeditorfr","Dur\u00e9e de lecture estim\u00e9e":"1 minute"},"schema":{"@context":"https:\/\/schema.org","@graph":[{"@type":"Article","@id":"https:\/\/www.africa-press.net\/benin\/toutes-les-actualites\/benin-un-presume-djihadiste-arrete-dans-un-marche-a-malanville#article","isPartOf":{"@id":"https:\/\/www.africa-press.net\/benin\/toutes-les-actualites\/benin-un-presume-djihadiste-arrete-dans-un-marche-a-malanville"},"author":{"name":"cfeditorfr","@id":"https:\/\/www.africa-press.net\/benin\/#\/schema\/person\/2b1cf3cd81a31e3cd26889ca66d677f1"},"headline":"B\u00e9nin: un pr\u00e9sum\u00e9 djihadiste arr\u00eat\u00e9 dans un march\u00e9 \u00e0 Malanville","datePublished":"2022-07-08T18:18:01+00:00","dateModified":"2022-07-08T18:34:50+00:00","mainEntityOfPage":{"@id":"https:\/\/www.africa-press.net\/benin\/toutes-les-actualites\/benin-un-presume-djihadiste-arrete-dans-un-marche-a-malanville"},"wordCount":133,"commentCount":0,"image":{"@id":"https:\/\/www.africa-press.net\/benin\/toutes-les-actualites\/benin-un-presume-djihadiste-arrete-dans-un-marche-a-malanville#primaryimage"},"thumbnailUrl":"https:\/\/static.africa-press.net\/benin\/sites\/46\/2022\/07\/postQueueImg_17-62c878b526b4e.jpg","keywords":["Africa Press","Africa Press-Benin","B\u00e9nin"],"articleSection":["Communaut\u00e9","homepage-french","Toutes les actualit\u00e9s"],"inLanguage":"fr-FR","potentialAction":[{"@type":"CommentAction","name":"Comment","target":["https:\/\/www.africa-press.net\/benin\/toutes-les-actualites\/benin-un-presume-djihadiste-arrete-dans-un-marche-a-malanville#respond"]}]},{"@type":"WebPage","@id":"https:\/\/www.africa-press.net\/benin\/toutes-les-actualites\/benin-un-presume-djihadiste-arrete-dans-un-marche-a-malanville","url":"https:\/\/www.africa-press.net\/benin\/toutes-les-actualites\/benin-un-presume-djihadiste-arrete-dans-un-marche-a-malanville","name":"B\u00e9nin: un pr\u00e9sum\u00e9 djihadiste arr\u00eat\u00e9 dans un march\u00e9 \u00e0 Malanville - B\u00e9nin","isPartOf":{"@id":"https:\/\/www.africa-press.net\/benin\/#website"},"primaryImageOfPage":{"@id":"https:\/\/www.africa-press.net\/benin\/toutes-les-actualites\/benin-un-presume-djihadiste-arrete-dans-un-marche-a-malanville#primaryimage"},"image":{"@id":"https:\/\/www.africa-press.net\/benin\/toutes-les-actualites\/benin-un-presume-djihadiste-arrete-dans-un-marche-a-malanville#primaryimage"},"thumbnailUrl":"https:\/\/static.africa-press.net\/benin\/sites\/46\/2022\/07\/postQueueImg_17-62c878b526b4e.jpg","datePublished":"2022-07-08T18:18:01+00:00","dateModified":"2022-07-08T18:34:50+00:00","author":{"@id":"https:\/\/www.africa-press.net\/benin\/#\/schema\/person\/2b1cf3cd81a31e3cd26889ca66d677f1"},"description":"Un pr\u00e9sum\u00e9 djihadiste interpell\u00e9 dans le march\u00e9 Gu\u00e9n\u00e9 \u00e0 Malanville. L\u2019int\u00e9ress\u00e9 serait en plein ravitaillement quand il ...","breadcrumb":{"@id":"https:\/\/www.africa-press.net\/benin\/toutes-les-actualites\/benin-un-presume-djihadiste-arrete-dans-un-marche-a-malanville#breadcrumb"},"inLanguage":"fr-FR","potentialAction":[{"@type":"ReadAction","target":["https:\/\/www.africa-press.net\/benin\/toutes-les-actualites\/benin-un-presume-djihadiste-arrete-dans-un-marche-a-malanville"]}]},{"@type":"ImageObject","inLanguage":"fr-FR","@id":"https:\/\/www.africa-press.net\/benin\/toutes-les-actualites\/benin-un-presume-djihadiste-arrete-dans-un-marche-a-malanville#primaryimage","url":"https:\/\/static.africa-press.net\/benin\/sites\/46\/2022\/07\/postQueueImg_17-62c878b526b4e.jpg","contentUrl":"https:\/\/static.africa-press.net\/benin\/sites\/46\/2022\/07\/postQueueImg_17-62c878b526b4e.jpg","width":1280,"height":798,"caption":"B\u00e9nin: un pr\u00e9sum\u00e9 djihadiste arr\u00eat\u00e9 dans un march\u00e9 \u00e0 Malanville"},{"@type":"BreadcrumbList","@id":"https:\/\/www.africa-press.net\/benin\/toutes-les-actualites\/benin-un-presume-djihadiste-arrete-dans-un-marche-a-malanville#breadcrumb","itemListElement":[{"@type":"ListItem","position":1,"name":"Accueil","item":"https:\/\/www.africa-press.net\/benin\/"},{"@type":"ListItem","position":2,"name":"B\u00e9nin: un pr\u00e9sum\u00e9 djihadiste arr\u00eat\u00e9 dans un march\u00e9 \u00e0 Malanville"}]},{"@type":"WebSite","@id":"https:\/\/www.africa-press.net\/benin\/#website","url":"https:\/\/www.africa-press.net\/benin\/","name":"B\u00e9nin","description":"Just another Africa News Agency Sites site","potentialAction":[{"@type":"SearchAction","target":{"@type":"EntryPoint","urlTemplate":"https:\/\/www.africa-press.net\/benin\/?s={search_term_string}"},"query-input":{"@type":"PropertyValueSpecification","valueRequired":true,"valueName":"search_term_string"}}],"inLanguage":"fr-FR"},{"@type":"Person","@id":"https:\/\/www.africa-press.net\/benin\/#\/schema\/person\/2b1cf3cd81a31e3cd26889ca66d677f1","name":"cfeditorfr"}]}},"_links":{"self":[{"href":"https:\/\/www.africa-press.net\/benin\/wp-json\/wp\/v2\/posts\/6676","targetHints":{"allow":["GET"]}}],"collection":[{"href":"https:\/\/www.africa-press.net\/benin\/wp-json\/wp\/v2\/posts"}],"about":[{"href":"https:\/\/www.africa-press.net\/benin\/wp-json\/wp\/v2\/types\/post"}],"author":[{"embeddable":true,"href":"https:\/\/www.africa-press.net\/benin\/wp-json\/wp\/v2\/users\/82"}],"replies":[{"embeddable":true,"href":"https:\/\/www.africa-press.net\/benin\/wp-json\/wp\/v2\/comments?post=6676"}],"version-history":[{"count":0,"href":"https:\/\/www.africa-press.net\/benin\/wp-json\/wp\/v2\/posts\/6676\/revisions"}],"wp:featuredmedia":[{"embeddable":true,"href":"https:\/\/www.africa-press.net\/benin\/wp-json\/wp\/v2\/media\/6674"}],"wp:attachment":[{"href":"https:\/\/www.africa-press.net\/benin\/wp-json\/wp\/v2\/media?parent=6676"}],"wp:term":[{"taxonomy":"category","embeddable":true,"href":"https:\/\/www.africa-press.net\/benin\/wp-json\/wp\/v2\/categories?post=6676"},{"taxonomy":"post_tag","embeddable":true,"href":"https:\/\/www.africa-press.net\/benin\/wp-json\/wp\/v2\/tags?post=6676"}],"curies":[{"name":"wp","href":"https:\/\/api.w.org\/{rel}","templated":true}]}}