{"id":6681,"date":"2022-07-08T18:18:10","date_gmt":"2022-07-08T18:18:10","guid":{"rendered":"https:\/\/www.africa-press.net\/benin\/politique\/benin-la-journee-du-samedi-9-juillet-declaree-feriee-chomee-et-payee"},"modified":"2022-07-08T18:35:18","modified_gmt":"2022-07-08T18:35:18","slug":"benin-la-journee-du-samedi-9-juillet-declaree-feriee-chomee-et-payee","status":"publish","type":"post","link":"https:\/\/www.africa-press.net\/benin\/toutes-les-actualites\/benin-la-journee-du-samedi-9-juillet-declaree-feriee-chomee-et-payee","title":{"rendered":"B\u00e9nin: la journ\u00e9e du samedi 9 juillet d\u00e9clar\u00e9e f\u00e9ri\u00e9e, ch\u00f4m\u00e9e et pay\u00e9e"},"content":{"rendered":"<p><span style=\"color: #ff6600\"><strong>Africa-Press &#8211; Benin. <\/strong><\/span>Par un communiqu\u00e9 en date du jeudi 07 juillet, le Ministre du travail et de la fonction publique informe que la journ\u00e9e du samedi 09 juillet 2022 est d\u00e9clar\u00e9e f\u00e9ri\u00e9e, ch\u00f4m\u00e9e et pay\u00e9e.<\/p>\n<p>En raison de la c\u00e9l\u00e9bration de la f\u00eate de Tabaski, la journ\u00e9e du samedi 09 juillet est f\u00e9ri\u00e9e, ch\u00f4m\u00e9e et pay\u00e9e. C\u2019est une d\u00e9cision prise par le gouvernement conform\u00e9ment aux dispositions de la loi n\u00b090-019 du 27 juillet 1990 fixant les f\u00eates l\u00e9gales en R\u00e9publique du B\u00e9nin.<\/p>\n<p>L\u2019A\u00efd al-Adha ou l\u2019A\u00efd el-Kebir, est la plus importante des f\u00eates musulmanes. Elle est appel\u00e9e Tabaski dans les pays d\u2019Afrique de l\u2019Ouest et d\u2019Afrique Centrale et appel\u00e9e Ghorban en Iran et en Afghanistan ayant une importante communaut\u00e9 musulmane.<\/p>\n<p><strong>Pour plus d&rsquo;informations et d&rsquo;analyses sur la <a href=\"https:\/\/www.africa-press.net\/benin\">Benin<\/a>, suivez <a href=\"https:\/\/www.africa-press.net\/\">Africa-Press<\/a><\/strong><\/p>\n","protected":false},"excerpt":{"rendered":"<p>Africa-Press &#8211; Benin. Par un communiqu\u00e9 en date du jeudi 07 juillet, le Ministre du travail et de la fonction publique informe que la journ\u00e9e du samedi 09 juillet 2022 est d\u00e9clar\u00e9e f\u00e9ri\u00e9e, ch\u00f4m\u00e9e et pay\u00e9e. En raison de la c\u00e9l\u00e9bration de la f\u00eate de Tabaski, la journ\u00e9e du samedi 09 juillet est f\u00e9ri\u00e9e, ch\u00f4m\u00e9e [&hellip;]<\/p>\n","protected":false},"author":82,"featured_media":6680,"comment_status":"open","ping_status":"closed","sticky":false,"template":"","format":"standard","meta":{"footnotes":""},"categories":[21,11,10],"tags":[36,50,45],"class_list":["post-6681","post","type-post","status-publish","format-standard","has-post-thumbnail","hentry","category-communaute","category-homepage-french","category-toutes-les-actualites","tag-africa-press","tag-africa-press-benin","tag-benin"],"yoast_head":"<!-- This site is optimized with the Yoast SEO Premium plugin v26.1 (Yoast SEO v27.0) - https:\/\/yoast.com\/product\/yoast-seo-premium-wordpress\/ -->\n<title>B\u00e9nin: la journ\u00e9e du samedi 9 juillet d\u00e9clar\u00e9e f\u00e9ri\u00e9e, ch\u00f4m\u00e9e et pay\u00e9e - B\u00e9nin<\/title>\n<meta name=\"description\" content=\"Par un communiqu\u00e9 en date du jeudi 07 juillet, le Ministre du travail et de la fonction publique informe que la journ\u00e9e ...\" \/>\n<meta name=\"robots\" content=\"index, follow, max-snippet:-1, max-image-preview:large, max-video-preview:-1\" \/>\n<link rel=\"canonical\" href=\"https:\/\/www.africa-press.net\/benin\/toutes-les-actualites\/benin-la-journee-du-samedi-9-juillet-declaree-feriee-chomee-et-payee\" \/>\n<meta property=\"og:locale\" content=\"fr_FR\" \/>\n<meta property=\"og:type\" content=\"article\" \/>\n<meta property=\"og:title\" content=\"B\u00e9nin: la journ\u00e9e du samedi 9 juillet d\u00e9clar\u00e9e f\u00e9ri\u00e9e, ch\u00f4m\u00e9e et pay\u00e9e\" \/>\n<meta property=\"og:description\" content=\"Par un communiqu\u00e9 en date du jeudi 07 juillet, le Ministre du travail et de la fonction publique informe que la journ\u00e9e ...\" \/>\n<meta property=\"og:url\" content=\"https:\/\/www.africa-press.net\/benin\/toutes-les-actualites\/benin-la-journee-du-samedi-9-juillet-declaree-feriee-chomee-et-payee\" \/>\n<meta property=\"og:site_name\" content=\"B\u00e9nin\" \/>\n<meta property=\"article:published_time\" content=\"2022-07-08T18:18:10+00:00\" \/>\n<meta property=\"article:modified_time\" content=\"2022-07-08T18:35:18+00:00\" \/>\n<meta property=\"og:image\" content=\"https:\/\/static.africa-press.net\/benin\/sites\/46\/2022\/07\/postQueueImg_18-62c878d093b81.jpg\" \/>\n\t<meta property=\"og:image:width\" content=\"1280\" \/>\n\t<meta property=\"og:image:height\" content=\"900\" \/>\n\t<meta property=\"og:image:type\" content=\"image\/jpeg\" \/>\n<meta name=\"author\" content=\"cfeditorfr\" \/>\n<meta name=\"twitter:card\" content=\"summary_large_image\" \/>\n<meta name=\"twitter:label1\" content=\"\u00c9crit par\" \/>\n\t<meta name=\"twitter:data1\" content=\"cfeditorfr\" \/>\n\t<meta name=\"twitter:label2\" content=\"Dur\u00e9e de lecture estim\u00e9e\" \/>\n\t<meta name=\"twitter:data2\" content=\"1 minute\" \/>\n<script type=\"application\/ld+json\" class=\"yoast-schema-graph\">{\"@context\":\"https:\/\/schema.org\",\"@graph\":[{\"@type\":\"Article\",\"@id\":\"https:\/\/www.africa-press.net\/benin\/toutes-les-actualites\/benin-la-journee-du-samedi-9-juillet-declaree-feriee-chomee-et-payee#article\",\"isPartOf\":{\"@id\":\"https:\/\/www.africa-press.net\/benin\/toutes-les-actualites\/benin-la-journee-du-samedi-9-juillet-declaree-feriee-chomee-et-payee\"},\"author\":{\"name\":\"cfeditorfr\",\"@id\":\"https:\/\/www.africa-press.net\/benin\/#\/schema\/person\/2b1cf3cd81a31e3cd26889ca66d677f1\"},\"headline\":\"B\u00e9nin: la journ\u00e9e du samedi 9 juillet d\u00e9clar\u00e9e f\u00e9ri\u00e9e, ch\u00f4m\u00e9e et pay\u00e9e\",\"datePublished\":\"2022-07-08T18:18:10+00:00\",\"dateModified\":\"2022-07-08T18:35:18+00:00\",\"mainEntityOfPage\":{\"@id\":\"https:\/\/www.africa-press.net\/benin\/toutes-les-actualites\/benin-la-journee-du-samedi-9-juillet-declaree-feriee-chomee-et-payee\"},\"wordCount\":182,\"commentCount\":0,\"image\":{\"@id\":\"https:\/\/www.africa-press.net\/benin\/toutes-les-actualites\/benin-la-journee-du-samedi-9-juillet-declaree-feriee-chomee-et-payee#primaryimage\"},\"thumbnailUrl\":\"https:\/\/static.africa-press.net\/benin\/sites\/46\/2022\/07\/postQueueImg_18-62c878d093b81.jpg\",\"keywords\":[\"Africa Press\",\"Africa Press-Benin\",\"B\u00e9nin\"],\"articleSection\":[\"Communaut\u00e9\",\"homepage-french\",\"Toutes les actualit\u00e9s\"],\"inLanguage\":\"fr-FR\",\"potentialAction\":[{\"@type\":\"CommentAction\",\"name\":\"Comment\",\"target\":[\"https:\/\/www.africa-press.net\/benin\/toutes-les-actualites\/benin-la-journee-du-samedi-9-juillet-declaree-feriee-chomee-et-payee#respond\"]}]},{\"@type\":\"WebPage\",\"@id\":\"https:\/\/www.africa-press.net\/benin\/toutes-les-actualites\/benin-la-journee-du-samedi-9-juillet-declaree-feriee-chomee-et-payee\",\"url\":\"https:\/\/www.africa-press.net\/benin\/toutes-les-actualites\/benin-la-journee-du-samedi-9-juillet-declaree-feriee-chomee-et-payee\",\"name\":\"B\u00e9nin: la journ\u00e9e du samedi 9 juillet d\u00e9clar\u00e9e f\u00e9ri\u00e9e, ch\u00f4m\u00e9e et pay\u00e9e - B\u00e9nin\",\"isPartOf\":{\"@id\":\"https:\/\/www.africa-press.net\/benin\/#website\"},\"primaryImageOfPage\":{\"@id\":\"https:\/\/www.africa-press.net\/benin\/toutes-les-actualites\/benin-la-journee-du-samedi-9-juillet-declaree-feriee-chomee-et-payee#primaryimage\"},\"image\":{\"@id\":\"https:\/\/www.africa-press.net\/benin\/toutes-les-actualites\/benin-la-journee-du-samedi-9-juillet-declaree-feriee-chomee-et-payee#primaryimage\"},\"thumbnailUrl\":\"https:\/\/static.africa-press.net\/benin\/sites\/46\/2022\/07\/postQueueImg_18-62c878d093b81.jpg\",\"datePublished\":\"2022-07-08T18:18:10+00:00\",\"dateModified\":\"2022-07-08T18:35:18+00:00\",\"author\":{\"@id\":\"https:\/\/www.africa-press.net\/benin\/#\/schema\/person\/2b1cf3cd81a31e3cd26889ca66d677f1\"},\"description\":\"Par un communiqu\u00e9 en date du jeudi 07 juillet, le Ministre du travail et de la fonction publique informe que la journ\u00e9e ...\",\"breadcrumb\":{\"@id\":\"https:\/\/www.africa-press.net\/benin\/toutes-les-actualites\/benin-la-journee-du-samedi-9-juillet-declaree-feriee-chomee-et-payee#breadcrumb\"},\"inLanguage\":\"fr-FR\",\"potentialAction\":[{\"@type\":\"ReadAction\",\"target\":[\"https:\/\/www.africa-press.net\/benin\/toutes-les-actualites\/benin-la-journee-du-samedi-9-juillet-declaree-feriee-chomee-et-payee\"]}]},{\"@type\":\"ImageObject\",\"inLanguage\":\"fr-FR\",\"@id\":\"https:\/\/www.africa-press.net\/benin\/toutes-les-actualites\/benin-la-journee-du-samedi-9-juillet-declaree-feriee-chomee-et-payee#primaryimage\",\"url\":\"https:\/\/static.africa-press.net\/benin\/sites\/46\/2022\/07\/postQueueImg_18-62c878d093b81.jpg\",\"contentUrl\":\"https:\/\/static.africa-press.net\/benin\/sites\/46\/2022\/07\/postQueueImg_18-62c878d093b81.jpg\",\"width\":1280,\"height\":900,\"caption\":\"B\u00e9nin: la journ\u00e9e du samedi 9 juillet d\u00e9clar\u00e9e f\u00e9ri\u00e9e, ch\u00f4m\u00e9e et pay\u00e9e\"},{\"@type\":\"BreadcrumbList\",\"@id\":\"https:\/\/www.africa-press.net\/benin\/toutes-les-actualites\/benin-la-journee-du-samedi-9-juillet-declaree-feriee-chomee-et-payee#breadcrumb\",\"itemListElement\":[{\"@type\":\"ListItem\",\"position\":1,\"name\":\"Accueil\",\"item\":\"https:\/\/www.africa-press.net\/benin\/\"},{\"@type\":\"ListItem\",\"position\":2,\"name\":\"B\u00e9nin: la journ\u00e9e du samedi 9 juillet d\u00e9clar\u00e9e f\u00e9ri\u00e9e, ch\u00f4m\u00e9e et pay\u00e9e\"}]},{\"@type\":\"WebSite\",\"@id\":\"https:\/\/www.africa-press.net\/benin\/#website\",\"url\":\"https:\/\/www.africa-press.net\/benin\/\",\"name\":\"B\u00e9nin\",\"description\":\"Just another Africa News Agency Sites site\",\"potentialAction\":[{\"@type\":\"SearchAction\",\"target\":{\"@type\":\"EntryPoint\",\"urlTemplate\":\"https:\/\/www.africa-press.net\/benin\/?s={search_term_string}\"},\"query-input\":{\"@type\":\"PropertyValueSpecification\",\"valueRequired\":true,\"valueName\":\"search_term_string\"}}],\"inLanguage\":\"fr-FR\"},{\"@type\":\"Person\",\"@id\":\"https:\/\/www.africa-press.net\/benin\/#\/schema\/person\/2b1cf3cd81a31e3cd26889ca66d677f1\",\"name\":\"cfeditorfr\"}]}<\/script>\n<!-- \/ Yoast SEO Premium plugin. -->","yoast_head_json":{"title":"B\u00e9nin: la journ\u00e9e du samedi 9 juillet d\u00e9clar\u00e9e f\u00e9ri\u00e9e, ch\u00f4m\u00e9e et pay\u00e9e - B\u00e9nin","description":"Par un communiqu\u00e9 en date du jeudi 07 juillet, le Ministre du travail et de la fonction publique informe que la journ\u00e9e ...","robots":{"index":"index","follow":"follow","max-snippet":"max-snippet:-1","max-image-preview":"max-image-preview:large","max-video-preview":"max-video-preview:-1"},"canonical":"https:\/\/www.africa-press.net\/benin\/toutes-les-actualites\/benin-la-journee-du-samedi-9-juillet-declaree-feriee-chomee-et-payee","og_locale":"fr_FR","og_type":"article","og_title":"B\u00e9nin: la journ\u00e9e du samedi 9 juillet d\u00e9clar\u00e9e f\u00e9ri\u00e9e, ch\u00f4m\u00e9e et pay\u00e9e","og_description":"Par un communiqu\u00e9 en date du jeudi 07 juillet, le Ministre du travail et de la fonction publique informe que la journ\u00e9e ...","og_url":"https:\/\/www.africa-press.net\/benin\/toutes-les-actualites\/benin-la-journee-du-samedi-9-juillet-declaree-feriee-chomee-et-payee","og_site_name":"B\u00e9nin","article_published_time":"2022-07-08T18:18:10+00:00","article_modified_time":"2022-07-08T18:35:18+00:00","og_image":[{"width":1280,"height":900,"url":"https:\/\/static.africa-press.net\/benin\/sites\/46\/2022\/07\/postQueueImg_18-62c878d093b81.jpg","type":"image\/jpeg"}],"author":"cfeditorfr","twitter_card":"summary_large_image","twitter_misc":{"\u00c9crit par":"cfeditorfr","Dur\u00e9e de lecture estim\u00e9e":"1 minute"},"schema":{"@context":"https:\/\/schema.org","@graph":[{"@type":"Article","@id":"https:\/\/www.africa-press.net\/benin\/toutes-les-actualites\/benin-la-journee-du-samedi-9-juillet-declaree-feriee-chomee-et-payee#article","isPartOf":{"@id":"https:\/\/www.africa-press.net\/benin\/toutes-les-actualites\/benin-la-journee-du-samedi-9-juillet-declaree-feriee-chomee-et-payee"},"author":{"name":"cfeditorfr","@id":"https:\/\/www.africa-press.net\/benin\/#\/schema\/person\/2b1cf3cd81a31e3cd26889ca66d677f1"},"headline":"B\u00e9nin: la journ\u00e9e du samedi 9 juillet d\u00e9clar\u00e9e f\u00e9ri\u00e9e, ch\u00f4m\u00e9e et pay\u00e9e","datePublished":"2022-07-08T18:18:10+00:00","dateModified":"2022-07-08T18:35:18+00:00","mainEntityOfPage":{"@id":"https:\/\/www.africa-press.net\/benin\/toutes-les-actualites\/benin-la-journee-du-samedi-9-juillet-declaree-feriee-chomee-et-payee"},"wordCount":182,"commentCount":0,"image":{"@id":"https:\/\/www.africa-press.net\/benin\/toutes-les-actualites\/benin-la-journee-du-samedi-9-juillet-declaree-feriee-chomee-et-payee#primaryimage"},"thumbnailUrl":"https:\/\/static.africa-press.net\/benin\/sites\/46\/2022\/07\/postQueueImg_18-62c878d093b81.jpg","keywords":["Africa Press","Africa Press-Benin","B\u00e9nin"],"articleSection":["Communaut\u00e9","homepage-french","Toutes les actualit\u00e9s"],"inLanguage":"fr-FR","potentialAction":[{"@type":"CommentAction","name":"Comment","target":["https:\/\/www.africa-press.net\/benin\/toutes-les-actualites\/benin-la-journee-du-samedi-9-juillet-declaree-feriee-chomee-et-payee#respond"]}]},{"@type":"WebPage","@id":"https:\/\/www.africa-press.net\/benin\/toutes-les-actualites\/benin-la-journee-du-samedi-9-juillet-declaree-feriee-chomee-et-payee","url":"https:\/\/www.africa-press.net\/benin\/toutes-les-actualites\/benin-la-journee-du-samedi-9-juillet-declaree-feriee-chomee-et-payee","name":"B\u00e9nin: la journ\u00e9e du samedi 9 juillet d\u00e9clar\u00e9e f\u00e9ri\u00e9e, ch\u00f4m\u00e9e et pay\u00e9e - B\u00e9nin","isPartOf":{"@id":"https:\/\/www.africa-press.net\/benin\/#website"},"primaryImageOfPage":{"@id":"https:\/\/www.africa-press.net\/benin\/toutes-les-actualites\/benin-la-journee-du-samedi-9-juillet-declaree-feriee-chomee-et-payee#primaryimage"},"image":{"@id":"https:\/\/www.africa-press.net\/benin\/toutes-les-actualites\/benin-la-journee-du-samedi-9-juillet-declaree-feriee-chomee-et-payee#primaryimage"},"thumbnailUrl":"https:\/\/static.africa-press.net\/benin\/sites\/46\/2022\/07\/postQueueImg_18-62c878d093b81.jpg","datePublished":"2022-07-08T18:18:10+00:00","dateModified":"2022-07-08T18:35:18+00:00","author":{"@id":"https:\/\/www.africa-press.net\/benin\/#\/schema\/person\/2b1cf3cd81a31e3cd26889ca66d677f1"},"description":"Par un communiqu\u00e9 en date du jeudi 07 juillet, le Ministre du travail et de la fonction publique informe que la journ\u00e9e ...","breadcrumb":{"@id":"https:\/\/www.africa-press.net\/benin\/toutes-les-actualites\/benin-la-journee-du-samedi-9-juillet-declaree-feriee-chomee-et-payee#breadcrumb"},"inLanguage":"fr-FR","potentialAction":[{"@type":"ReadAction","target":["https:\/\/www.africa-press.net\/benin\/toutes-les-actualites\/benin-la-journee-du-samedi-9-juillet-declaree-feriee-chomee-et-payee"]}]},{"@type":"ImageObject","inLanguage":"fr-FR","@id":"https:\/\/www.africa-press.net\/benin\/toutes-les-actualites\/benin-la-journee-du-samedi-9-juillet-declaree-feriee-chomee-et-payee#primaryimage","url":"https:\/\/static.africa-press.net\/benin\/sites\/46\/2022\/07\/postQueueImg_18-62c878d093b81.jpg","contentUrl":"https:\/\/static.africa-press.net\/benin\/sites\/46\/2022\/07\/postQueueImg_18-62c878d093b81.jpg","width":1280,"height":900,"caption":"B\u00e9nin: la journ\u00e9e du samedi 9 juillet d\u00e9clar\u00e9e f\u00e9ri\u00e9e, ch\u00f4m\u00e9e et pay\u00e9e"},{"@type":"BreadcrumbList","@id":"https:\/\/www.africa-press.net\/benin\/toutes-les-actualites\/benin-la-journee-du-samedi-9-juillet-declaree-feriee-chomee-et-payee#breadcrumb","itemListElement":[{"@type":"ListItem","position":1,"name":"Accueil","item":"https:\/\/www.africa-press.net\/benin\/"},{"@type":"ListItem","position":2,"name":"B\u00e9nin: la journ\u00e9e du samedi 9 juillet d\u00e9clar\u00e9e f\u00e9ri\u00e9e, ch\u00f4m\u00e9e et pay\u00e9e"}]},{"@type":"WebSite","@id":"https:\/\/www.africa-press.net\/benin\/#website","url":"https:\/\/www.africa-press.net\/benin\/","name":"B\u00e9nin","description":"Just another Africa News Agency Sites site","potentialAction":[{"@type":"SearchAction","target":{"@type":"EntryPoint","urlTemplate":"https:\/\/www.africa-press.net\/benin\/?s={search_term_string}"},"query-input":{"@type":"PropertyValueSpecification","valueRequired":true,"valueName":"search_term_string"}}],"inLanguage":"fr-FR"},{"@type":"Person","@id":"https:\/\/www.africa-press.net\/benin\/#\/schema\/person\/2b1cf3cd81a31e3cd26889ca66d677f1","name":"cfeditorfr"}]}},"_links":{"self":[{"href":"https:\/\/www.africa-press.net\/benin\/wp-json\/wp\/v2\/posts\/6681","targetHints":{"allow":["GET"]}}],"collection":[{"href":"https:\/\/www.africa-press.net\/benin\/wp-json\/wp\/v2\/posts"}],"about":[{"href":"https:\/\/www.africa-press.net\/benin\/wp-json\/wp\/v2\/types\/post"}],"author":[{"embeddable":true,"href":"https:\/\/www.africa-press.net\/benin\/wp-json\/wp\/v2\/users\/82"}],"replies":[{"embeddable":true,"href":"https:\/\/www.africa-press.net\/benin\/wp-json\/wp\/v2\/comments?post=6681"}],"version-history":[{"count":0,"href":"https:\/\/www.africa-press.net\/benin\/wp-json\/wp\/v2\/posts\/6681\/revisions"}],"wp:featuredmedia":[{"embeddable":true,"href":"https:\/\/www.africa-press.net\/benin\/wp-json\/wp\/v2\/media\/6680"}],"wp:attachment":[{"href":"https:\/\/www.africa-press.net\/benin\/wp-json\/wp\/v2\/media?parent=6681"}],"wp:term":[{"taxonomy":"category","embeddable":true,"href":"https:\/\/www.africa-press.net\/benin\/wp-json\/wp\/v2\/categories?post=6681"},{"taxonomy":"post_tag","embeddable":true,"href":"https:\/\/www.africa-press.net\/benin\/wp-json\/wp\/v2\/tags?post=6681"}],"curies":[{"name":"wp","href":"https:\/\/api.w.org\/{rel}","templated":true}]}}