{"id":6709,"date":"2022-07-10T04:18:36","date_gmt":"2022-07-10T04:18:36","guid":{"rendered":"https:\/\/www.africa-press.net\/benin\/politique\/benin-criet-liberation-de-02-responsables-du-parti-les-democrates-2"},"modified":"2022-07-10T04:35:06","modified_gmt":"2022-07-10T04:35:06","slug":"benin-criet-liberation-de-02-responsables-du-parti-les-democrates-2","status":"publish","type":"post","link":"https:\/\/www.africa-press.net\/benin\/parties\/benin-criet-liberation-de-02-responsables-du-parti-les-democrates-2","title":{"rendered":"B\u00e9nin \u2013 Criet: lib\u00e9ration de 02 responsables du parti \u00ab\u00a0Les D\u00e9mocrates\u00a0\u00bb"},"content":{"rendered":"<p><span style=\"color: #ff6600\"><strong>Africa-Press &#8211; Benin. <\/strong><\/span>La Cour de r\u00e9pression des infractions \u00e9conomiques et du terrorisme (Criet) a lev\u00e9 le mandat de d\u00e9p\u00f4t deux (02) responsables du parti \u00ab Les D\u00e9mocrates \u00bb. Ils avait \u00e9t\u00e9 d\u00e9pos\u00e9s en prison depuis la p\u00e9riode de la pr\u00e9sidentielle d\u2019avril 2021.<\/p>\n<p>Mis sous mandat de d\u00e9p\u00f4t dans le cadre des violences \u00e9lectorales d\u2019avril 2021, Adrien Nounagnon et Adam Alao sont d\u00e9sormais libres de leurs mouvements. Au moment de leur arrestation, ils \u00e9taient respectivement coordonnateur de la 20e circonscription \u00e9lectorale et coordonnateur de la ville de Porto-Novo pour le compte des D\u00e9mocrates.<\/p>\n<p>Il s\u2019agit d\u2019une nouvelle vague de lib\u00e9ration de d\u00e9tenus d\u00e9pos\u00e9s en prison pour des faits li\u00e9s \u00e0 la pr\u00e9sidentielle d\u2019avril 2021. Beaucoup de personnes arr\u00eat\u00e9es dans cette p\u00e9riode sont des membres du parti \u00ab Les D\u00e9mocrates \u00bb, c\u2019est d\u2019ailleurs pour \u00e7a que le parti fait de la lib\u00e9ration des \u00ab d\u00e9tenus politiques \u00bb, une condition importante pour sa participation aux prochaines l\u00e9gislatives.<\/p>\n<p><strong>Pour plus d&rsquo;informations et d&rsquo;analyses sur la <a href=\"https:\/\/www.africa-press.net\/benin\">Benin<\/a>, suivez <a href=\"https:\/\/www.africa-press.net\/\">Africa-Press<\/a><\/strong><\/p>\n","protected":false},"excerpt":{"rendered":"<p>Africa-Press &#8211; Benin. La Cour de r\u00e9pression des infractions \u00e9conomiques et du terrorisme (Criet) a lev\u00e9 le mandat de d\u00e9p\u00f4t deux (02) responsables du parti \u00ab Les D\u00e9mocrates \u00bb. Ils avait \u00e9t\u00e9 d\u00e9pos\u00e9s en prison depuis la p\u00e9riode de la pr\u00e9sidentielle d\u2019avril 2021. Mis sous mandat de d\u00e9p\u00f4t dans le cadre des violences \u00e9lectorales d\u2019avril [&hellip;]<\/p>\n","protected":false},"author":82,"featured_media":6708,"comment_status":"open","ping_status":"closed","sticky":false,"template":"","format":"standard","meta":{"footnotes":""},"categories":[11,4,10],"tags":[36,50,45],"class_list":["post-6709","post","type-post","status-publish","format-standard","has-post-thumbnail","hentry","category-homepage-french","category-parties","category-toutes-les-actualites","tag-africa-press","tag-africa-press-benin","tag-benin"],"yoast_head":"<!-- This site is optimized with the Yoast SEO Premium plugin v26.1 (Yoast SEO v27.0) - https:\/\/yoast.com\/product\/yoast-seo-premium-wordpress\/ -->\n<title>B\u00e9nin \u2013 Criet: lib\u00e9ration de 02 responsables du parti \u00ab\u00a0Les D\u00e9mocrates\u00a0\u00bb - B\u00e9nin<\/title>\n<meta name=\"description\" content=\"La Cour de r\u00e9pression des infractions \u00e9conomiques et du terrorisme (Criet) a lev\u00e9 le mandat de d\u00e9p\u00f4t deux (02) responsab ...\" \/>\n<meta name=\"robots\" content=\"index, follow, max-snippet:-1, max-image-preview:large, max-video-preview:-1\" \/>\n<link rel=\"canonical\" href=\"https:\/\/www.africa-press.net\/benin\/parties\/benin-criet-liberation-de-02-responsables-du-parti-les-democrates-2\" \/>\n<meta property=\"og:locale\" content=\"fr_FR\" \/>\n<meta property=\"og:type\" content=\"article\" \/>\n<meta property=\"og:title\" content=\"B\u00e9nin \u2013 Criet: lib\u00e9ration de 02 responsables du parti \u00ab\u00a0Les D\u00e9mocrates\u00a0\u00bb\" \/>\n<meta property=\"og:description\" content=\"La Cour de r\u00e9pression des infractions \u00e9conomiques et du terrorisme (Criet) a lev\u00e9 le mandat de d\u00e9p\u00f4t deux (02) responsab ...\" \/>\n<meta property=\"og:url\" content=\"https:\/\/www.africa-press.net\/benin\/parties\/benin-criet-liberation-de-02-responsables-du-parti-les-democrates-2\" \/>\n<meta property=\"og:site_name\" content=\"B\u00e9nin\" \/>\n<meta property=\"article:published_time\" content=\"2022-07-10T04:18:36+00:00\" \/>\n<meta property=\"article:modified_time\" content=\"2022-07-10T04:35:06+00:00\" \/>\n<meta property=\"og:image\" content=\"https:\/\/static.africa-press.net\/benin\/sites\/46\/2022\/07\/postQueueImg_11-62ca56e37ee83.jpg\" \/>\n\t<meta property=\"og:image:width\" content=\"1500\" \/>\n\t<meta property=\"og:image:height\" content=\"800\" \/>\n\t<meta property=\"og:image:type\" content=\"image\/jpeg\" \/>\n<meta name=\"author\" content=\"cfeditorfr\" \/>\n<meta name=\"twitter:card\" content=\"summary_large_image\" \/>\n<meta name=\"twitter:label1\" content=\"\u00c9crit par\" \/>\n\t<meta name=\"twitter:data1\" content=\"cfeditorfr\" \/>\n\t<meta name=\"twitter:label2\" content=\"Dur\u00e9e de lecture estim\u00e9e\" \/>\n\t<meta name=\"twitter:data2\" content=\"1 minute\" \/>\n<script type=\"application\/ld+json\" class=\"yoast-schema-graph\">{\"@context\":\"https:\/\/schema.org\",\"@graph\":[{\"@type\":\"Article\",\"@id\":\"https:\/\/www.africa-press.net\/benin\/parties\/benin-criet-liberation-de-02-responsables-du-parti-les-democrates-2#article\",\"isPartOf\":{\"@id\":\"https:\/\/www.africa-press.net\/benin\/parties\/benin-criet-liberation-de-02-responsables-du-parti-les-democrates-2\"},\"author\":{\"name\":\"cfeditorfr\",\"@id\":\"https:\/\/www.africa-press.net\/benin\/#\/schema\/person\/2b1cf3cd81a31e3cd26889ca66d677f1\"},\"headline\":\"B\u00e9nin \u2013 Criet: lib\u00e9ration de 02 responsables du parti \u00ab\u00a0Les D\u00e9mocrates\u00a0\u00bb\",\"datePublished\":\"2022-07-10T04:18:36+00:00\",\"dateModified\":\"2022-07-10T04:35:06+00:00\",\"mainEntityOfPage\":{\"@id\":\"https:\/\/www.africa-press.net\/benin\/parties\/benin-criet-liberation-de-02-responsables-du-parti-les-democrates-2\"},\"wordCount\":200,\"commentCount\":0,\"image\":{\"@id\":\"https:\/\/www.africa-press.net\/benin\/parties\/benin-criet-liberation-de-02-responsables-du-parti-les-democrates-2#primaryimage\"},\"thumbnailUrl\":\"https:\/\/static.africa-press.net\/benin\/sites\/46\/2022\/07\/postQueueImg_11-62ca56e37ee83.jpg\",\"keywords\":[\"Africa Press\",\"Africa Press-Benin\",\"B\u00e9nin\"],\"articleSection\":[\"homepage-french\",\"Parties\",\"Toutes les actualit\u00e9s\"],\"inLanguage\":\"fr-FR\",\"potentialAction\":[{\"@type\":\"CommentAction\",\"name\":\"Comment\",\"target\":[\"https:\/\/www.africa-press.net\/benin\/parties\/benin-criet-liberation-de-02-responsables-du-parti-les-democrates-2#respond\"]}]},{\"@type\":\"WebPage\",\"@id\":\"https:\/\/www.africa-press.net\/benin\/parties\/benin-criet-liberation-de-02-responsables-du-parti-les-democrates-2\",\"url\":\"https:\/\/www.africa-press.net\/benin\/parties\/benin-criet-liberation-de-02-responsables-du-parti-les-democrates-2\",\"name\":\"B\u00e9nin \u2013 Criet: lib\u00e9ration de 02 responsables du parti \u00ab\u00a0Les D\u00e9mocrates\u00a0\u00bb - B\u00e9nin\",\"isPartOf\":{\"@id\":\"https:\/\/www.africa-press.net\/benin\/#website\"},\"primaryImageOfPage\":{\"@id\":\"https:\/\/www.africa-press.net\/benin\/parties\/benin-criet-liberation-de-02-responsables-du-parti-les-democrates-2#primaryimage\"},\"image\":{\"@id\":\"https:\/\/www.africa-press.net\/benin\/parties\/benin-criet-liberation-de-02-responsables-du-parti-les-democrates-2#primaryimage\"},\"thumbnailUrl\":\"https:\/\/static.africa-press.net\/benin\/sites\/46\/2022\/07\/postQueueImg_11-62ca56e37ee83.jpg\",\"datePublished\":\"2022-07-10T04:18:36+00:00\",\"dateModified\":\"2022-07-10T04:35:06+00:00\",\"author\":{\"@id\":\"https:\/\/www.africa-press.net\/benin\/#\/schema\/person\/2b1cf3cd81a31e3cd26889ca66d677f1\"},\"description\":\"La Cour de r\u00e9pression des infractions \u00e9conomiques et du terrorisme (Criet) a lev\u00e9 le mandat de d\u00e9p\u00f4t deux (02) responsab ...\",\"breadcrumb\":{\"@id\":\"https:\/\/www.africa-press.net\/benin\/parties\/benin-criet-liberation-de-02-responsables-du-parti-les-democrates-2#breadcrumb\"},\"inLanguage\":\"fr-FR\",\"potentialAction\":[{\"@type\":\"ReadAction\",\"target\":[\"https:\/\/www.africa-press.net\/benin\/parties\/benin-criet-liberation-de-02-responsables-du-parti-les-democrates-2\"]}]},{\"@type\":\"ImageObject\",\"inLanguage\":\"fr-FR\",\"@id\":\"https:\/\/www.africa-press.net\/benin\/parties\/benin-criet-liberation-de-02-responsables-du-parti-les-democrates-2#primaryimage\",\"url\":\"https:\/\/static.africa-press.net\/benin\/sites\/46\/2022\/07\/postQueueImg_11-62ca56e37ee83.jpg\",\"contentUrl\":\"https:\/\/static.africa-press.net\/benin\/sites\/46\/2022\/07\/postQueueImg_11-62ca56e37ee83.jpg\",\"width\":1500,\"height\":800,\"caption\":\"B\u00e9nin \u2013 Criet: lib\u00e9ration de 02 responsables du parti \u00ab\u00a0Les D\u00e9mocrates\u00a0\u00bb\"},{\"@type\":\"BreadcrumbList\",\"@id\":\"https:\/\/www.africa-press.net\/benin\/parties\/benin-criet-liberation-de-02-responsables-du-parti-les-democrates-2#breadcrumb\",\"itemListElement\":[{\"@type\":\"ListItem\",\"position\":1,\"name\":\"Accueil\",\"item\":\"https:\/\/www.africa-press.net\/benin\/\"},{\"@type\":\"ListItem\",\"position\":2,\"name\":\"B\u00e9nin \u2013 Criet: lib\u00e9ration de 02 responsables du parti \u00ab\u00a0Les D\u00e9mocrates\u00a0\u00bb\"}]},{\"@type\":\"WebSite\",\"@id\":\"https:\/\/www.africa-press.net\/benin\/#website\",\"url\":\"https:\/\/www.africa-press.net\/benin\/\",\"name\":\"B\u00e9nin\",\"description\":\"Just another Africa News Agency Sites site\",\"potentialAction\":[{\"@type\":\"SearchAction\",\"target\":{\"@type\":\"EntryPoint\",\"urlTemplate\":\"https:\/\/www.africa-press.net\/benin\/?s={search_term_string}\"},\"query-input\":{\"@type\":\"PropertyValueSpecification\",\"valueRequired\":true,\"valueName\":\"search_term_string\"}}],\"inLanguage\":\"fr-FR\"},{\"@type\":\"Person\",\"@id\":\"https:\/\/www.africa-press.net\/benin\/#\/schema\/person\/2b1cf3cd81a31e3cd26889ca66d677f1\",\"name\":\"cfeditorfr\"}]}<\/script>\n<!-- \/ Yoast SEO Premium plugin. -->","yoast_head_json":{"title":"B\u00e9nin \u2013 Criet: lib\u00e9ration de 02 responsables du parti \u00ab\u00a0Les D\u00e9mocrates\u00a0\u00bb - B\u00e9nin","description":"La Cour de r\u00e9pression des infractions \u00e9conomiques et du terrorisme (Criet) a lev\u00e9 le mandat de d\u00e9p\u00f4t deux (02) responsab ...","robots":{"index":"index","follow":"follow","max-snippet":"max-snippet:-1","max-image-preview":"max-image-preview:large","max-video-preview":"max-video-preview:-1"},"canonical":"https:\/\/www.africa-press.net\/benin\/parties\/benin-criet-liberation-de-02-responsables-du-parti-les-democrates-2","og_locale":"fr_FR","og_type":"article","og_title":"B\u00e9nin \u2013 Criet: lib\u00e9ration de 02 responsables du parti \u00ab\u00a0Les D\u00e9mocrates\u00a0\u00bb","og_description":"La Cour de r\u00e9pression des infractions \u00e9conomiques et du terrorisme (Criet) a lev\u00e9 le mandat de d\u00e9p\u00f4t deux (02) responsab ...","og_url":"https:\/\/www.africa-press.net\/benin\/parties\/benin-criet-liberation-de-02-responsables-du-parti-les-democrates-2","og_site_name":"B\u00e9nin","article_published_time":"2022-07-10T04:18:36+00:00","article_modified_time":"2022-07-10T04:35:06+00:00","og_image":[{"width":1500,"height":800,"url":"https:\/\/static.africa-press.net\/benin\/sites\/46\/2022\/07\/postQueueImg_11-62ca56e37ee83.jpg","type":"image\/jpeg"}],"author":"cfeditorfr","twitter_card":"summary_large_image","twitter_misc":{"\u00c9crit par":"cfeditorfr","Dur\u00e9e de lecture estim\u00e9e":"1 minute"},"schema":{"@context":"https:\/\/schema.org","@graph":[{"@type":"Article","@id":"https:\/\/www.africa-press.net\/benin\/parties\/benin-criet-liberation-de-02-responsables-du-parti-les-democrates-2#article","isPartOf":{"@id":"https:\/\/www.africa-press.net\/benin\/parties\/benin-criet-liberation-de-02-responsables-du-parti-les-democrates-2"},"author":{"name":"cfeditorfr","@id":"https:\/\/www.africa-press.net\/benin\/#\/schema\/person\/2b1cf3cd81a31e3cd26889ca66d677f1"},"headline":"B\u00e9nin \u2013 Criet: lib\u00e9ration de 02 responsables du parti \u00ab\u00a0Les D\u00e9mocrates\u00a0\u00bb","datePublished":"2022-07-10T04:18:36+00:00","dateModified":"2022-07-10T04:35:06+00:00","mainEntityOfPage":{"@id":"https:\/\/www.africa-press.net\/benin\/parties\/benin-criet-liberation-de-02-responsables-du-parti-les-democrates-2"},"wordCount":200,"commentCount":0,"image":{"@id":"https:\/\/www.africa-press.net\/benin\/parties\/benin-criet-liberation-de-02-responsables-du-parti-les-democrates-2#primaryimage"},"thumbnailUrl":"https:\/\/static.africa-press.net\/benin\/sites\/46\/2022\/07\/postQueueImg_11-62ca56e37ee83.jpg","keywords":["Africa Press","Africa Press-Benin","B\u00e9nin"],"articleSection":["homepage-french","Parties","Toutes les actualit\u00e9s"],"inLanguage":"fr-FR","potentialAction":[{"@type":"CommentAction","name":"Comment","target":["https:\/\/www.africa-press.net\/benin\/parties\/benin-criet-liberation-de-02-responsables-du-parti-les-democrates-2#respond"]}]},{"@type":"WebPage","@id":"https:\/\/www.africa-press.net\/benin\/parties\/benin-criet-liberation-de-02-responsables-du-parti-les-democrates-2","url":"https:\/\/www.africa-press.net\/benin\/parties\/benin-criet-liberation-de-02-responsables-du-parti-les-democrates-2","name":"B\u00e9nin \u2013 Criet: lib\u00e9ration de 02 responsables du parti \u00ab\u00a0Les D\u00e9mocrates\u00a0\u00bb - B\u00e9nin","isPartOf":{"@id":"https:\/\/www.africa-press.net\/benin\/#website"},"primaryImageOfPage":{"@id":"https:\/\/www.africa-press.net\/benin\/parties\/benin-criet-liberation-de-02-responsables-du-parti-les-democrates-2#primaryimage"},"image":{"@id":"https:\/\/www.africa-press.net\/benin\/parties\/benin-criet-liberation-de-02-responsables-du-parti-les-democrates-2#primaryimage"},"thumbnailUrl":"https:\/\/static.africa-press.net\/benin\/sites\/46\/2022\/07\/postQueueImg_11-62ca56e37ee83.jpg","datePublished":"2022-07-10T04:18:36+00:00","dateModified":"2022-07-10T04:35:06+00:00","author":{"@id":"https:\/\/www.africa-press.net\/benin\/#\/schema\/person\/2b1cf3cd81a31e3cd26889ca66d677f1"},"description":"La Cour de r\u00e9pression des infractions \u00e9conomiques et du terrorisme (Criet) a lev\u00e9 le mandat de d\u00e9p\u00f4t deux (02) responsab ...","breadcrumb":{"@id":"https:\/\/www.africa-press.net\/benin\/parties\/benin-criet-liberation-de-02-responsables-du-parti-les-democrates-2#breadcrumb"},"inLanguage":"fr-FR","potentialAction":[{"@type":"ReadAction","target":["https:\/\/www.africa-press.net\/benin\/parties\/benin-criet-liberation-de-02-responsables-du-parti-les-democrates-2"]}]},{"@type":"ImageObject","inLanguage":"fr-FR","@id":"https:\/\/www.africa-press.net\/benin\/parties\/benin-criet-liberation-de-02-responsables-du-parti-les-democrates-2#primaryimage","url":"https:\/\/static.africa-press.net\/benin\/sites\/46\/2022\/07\/postQueueImg_11-62ca56e37ee83.jpg","contentUrl":"https:\/\/static.africa-press.net\/benin\/sites\/46\/2022\/07\/postQueueImg_11-62ca56e37ee83.jpg","width":1500,"height":800,"caption":"B\u00e9nin \u2013 Criet: lib\u00e9ration de 02 responsables du parti \u00ab\u00a0Les D\u00e9mocrates\u00a0\u00bb"},{"@type":"BreadcrumbList","@id":"https:\/\/www.africa-press.net\/benin\/parties\/benin-criet-liberation-de-02-responsables-du-parti-les-democrates-2#breadcrumb","itemListElement":[{"@type":"ListItem","position":1,"name":"Accueil","item":"https:\/\/www.africa-press.net\/benin\/"},{"@type":"ListItem","position":2,"name":"B\u00e9nin \u2013 Criet: lib\u00e9ration de 02 responsables du parti \u00ab\u00a0Les D\u00e9mocrates\u00a0\u00bb"}]},{"@type":"WebSite","@id":"https:\/\/www.africa-press.net\/benin\/#website","url":"https:\/\/www.africa-press.net\/benin\/","name":"B\u00e9nin","description":"Just another Africa News Agency Sites site","potentialAction":[{"@type":"SearchAction","target":{"@type":"EntryPoint","urlTemplate":"https:\/\/www.africa-press.net\/benin\/?s={search_term_string}"},"query-input":{"@type":"PropertyValueSpecification","valueRequired":true,"valueName":"search_term_string"}}],"inLanguage":"fr-FR"},{"@type":"Person","@id":"https:\/\/www.africa-press.net\/benin\/#\/schema\/person\/2b1cf3cd81a31e3cd26889ca66d677f1","name":"cfeditorfr"}]}},"_links":{"self":[{"href":"https:\/\/www.africa-press.net\/benin\/wp-json\/wp\/v2\/posts\/6709","targetHints":{"allow":["GET"]}}],"collection":[{"href":"https:\/\/www.africa-press.net\/benin\/wp-json\/wp\/v2\/posts"}],"about":[{"href":"https:\/\/www.africa-press.net\/benin\/wp-json\/wp\/v2\/types\/post"}],"author":[{"embeddable":true,"href":"https:\/\/www.africa-press.net\/benin\/wp-json\/wp\/v2\/users\/82"}],"replies":[{"embeddable":true,"href":"https:\/\/www.africa-press.net\/benin\/wp-json\/wp\/v2\/comments?post=6709"}],"version-history":[{"count":0,"href":"https:\/\/www.africa-press.net\/benin\/wp-json\/wp\/v2\/posts\/6709\/revisions"}],"wp:featuredmedia":[{"embeddable":true,"href":"https:\/\/www.africa-press.net\/benin\/wp-json\/wp\/v2\/media\/6708"}],"wp:attachment":[{"href":"https:\/\/www.africa-press.net\/benin\/wp-json\/wp\/v2\/media?parent=6709"}],"wp:term":[{"taxonomy":"category","embeddable":true,"href":"https:\/\/www.africa-press.net\/benin\/wp-json\/wp\/v2\/categories?post=6709"},{"taxonomy":"post_tag","embeddable":true,"href":"https:\/\/www.africa-press.net\/benin\/wp-json\/wp\/v2\/tags?post=6709"}],"curies":[{"name":"wp","href":"https:\/\/api.w.org\/{rel}","templated":true}]}}