{"id":6721,"date":"2022-07-10T04:19:27","date_gmt":"2022-07-10T04:19:27","guid":{"rendered":"https:\/\/www.africa-press.net\/benin\/politique\/benin-jules-patipe-nomme-commissaire-central-interimaire-de-cotonou"},"modified":"2022-07-10T04:37:43","modified_gmt":"2022-07-10T04:37:43","slug":"benin-jules-patipe-nomme-commissaire-central-interimaire-de-cotonou","status":"publish","type":"post","link":"https:\/\/www.africa-press.net\/benin\/toutes-les-actualites\/benin-jules-patipe-nomme-commissaire-central-interimaire-de-cotonou","title":{"rendered":"B\u00e9nin: Jules Patip\u00e9 nomm\u00e9 commissaire central int\u00e9rimaire de Cotonou"},"content":{"rendered":"<p><span style=\"color: #ff6600\"><strong>Africa-Press &#8211; Benin. <\/strong><\/span>Le commissariat central de la ville de Cotonou change de main. Jules Patip\u00e9 est le nouveau patron des lieux. Il a \u00e9t\u00e9 nomm\u00e9 par le Directeur g\u00e9n\u00e9ral de la police r\u00e9publicaine par d\u00e9cision en date du 08 juillet 2022.<\/p>\n<p>Le commissaire major de police Jules Patip\u00e9 va assurer l\u2019int\u00e9rimaire \u00e0 la t\u00eate du commissariat central de Cotonou. Ainsi en a d\u00e9cid\u00e9 le Directeur g\u00e9n\u00e9ral de la police r\u00e9publicaine Souma\u00efla Yaya.<\/p>\n<p>Pr\u00e9c\u00e9demment en poste au commissariat d\u2019arrondissement d\u2019Abomey-Calavi, Jules Patip\u00e9 remplace Fiacre B\u00e9hanzin \u00e0 Cotonou. Sa nomination intervient dans un contexte d\u2019ins\u00e9curit\u00e9 grandissant dans la capitale \u00e9conomique.<\/p>\n<p>D\u00e8s sa prise de service le lundi 11 juillet 2022, le nouveau commissaire int\u00e9rimaire devra mettre en place une strat\u00e9gie pour barrer la voie aux hors la loi, qui dictent de plus en plus leur loi en plein jour \u00e0 Cotonou.<\/p>\n<p><strong>Pour plus d&rsquo;informations et d&rsquo;analyses sur la <a href=\"https:\/\/www.africa-press.net\/benin\">Benin<\/a>, suivez <a href=\"https:\/\/www.africa-press.net\/\">Africa-Press<\/a><\/strong><\/p>\n","protected":false},"excerpt":{"rendered":"<p>Africa-Press &#8211; Benin. Le commissariat central de la ville de Cotonou change de main. Jules Patip\u00e9 est le nouveau patron des lieux. Il a \u00e9t\u00e9 nomm\u00e9 par le Directeur g\u00e9n\u00e9ral de la police r\u00e9publicaine par d\u00e9cision en date du 08 juillet 2022. Le commissaire major de police Jules Patip\u00e9 va assurer l\u2019int\u00e9rimaire \u00e0 la t\u00eate [&hellip;]<\/p>\n","protected":false},"author":82,"featured_media":6720,"comment_status":"open","ping_status":"closed","sticky":false,"template":"","format":"standard","meta":{"footnotes":""},"categories":[21,11,10],"tags":[36,50,45],"class_list":["post-6721","post","type-post","status-publish","format-standard","has-post-thumbnail","hentry","category-communaute","category-homepage-french","category-toutes-les-actualites","tag-africa-press","tag-africa-press-benin","tag-benin"],"yoast_head":"<!-- This site is optimized with the Yoast SEO Premium plugin v26.1 (Yoast SEO v27.0) - https:\/\/yoast.com\/product\/yoast-seo-premium-wordpress\/ -->\n<title>B\u00e9nin: Jules Patip\u00e9 nomm\u00e9 commissaire central int\u00e9rimaire de Cotonou - B\u00e9nin<\/title>\n<meta name=\"description\" content=\"Le commissariat central de la ville de Cotonou change de main. Jules Patip\u00e9 est le nouveau patron des lieux. Il a \u00e9t\u00e9 no ...\" \/>\n<meta name=\"robots\" content=\"index, follow, max-snippet:-1, max-image-preview:large, max-video-preview:-1\" \/>\n<link rel=\"canonical\" href=\"https:\/\/www.africa-press.net\/benin\/toutes-les-actualites\/benin-jules-patipe-nomme-commissaire-central-interimaire-de-cotonou\" \/>\n<meta property=\"og:locale\" content=\"fr_FR\" \/>\n<meta property=\"og:type\" content=\"article\" \/>\n<meta property=\"og:title\" content=\"B\u00e9nin: Jules Patip\u00e9 nomm\u00e9 commissaire central int\u00e9rimaire de Cotonou\" \/>\n<meta property=\"og:description\" content=\"Le commissariat central de la ville de Cotonou change de main. Jules Patip\u00e9 est le nouveau patron des lieux. Il a \u00e9t\u00e9 no ...\" \/>\n<meta property=\"og:url\" content=\"https:\/\/www.africa-press.net\/benin\/toutes-les-actualites\/benin-jules-patipe-nomme-commissaire-central-interimaire-de-cotonou\" \/>\n<meta property=\"og:site_name\" content=\"B\u00e9nin\" \/>\n<meta property=\"article:published_time\" content=\"2022-07-10T04:19:27+00:00\" \/>\n<meta property=\"article:modified_time\" content=\"2022-07-10T04:37:43+00:00\" \/>\n<meta property=\"og:image\" content=\"https:\/\/static.africa-press.net\/benin\/sites\/46\/2022\/07\/postQueueImg_15-62ca578148a71.jpg\" \/>\n\t<meta property=\"og:image:width\" content=\"1300\" \/>\n\t<meta property=\"og:image:height\" content=\"812\" \/>\n\t<meta property=\"og:image:type\" content=\"image\/jpeg\" \/>\n<meta name=\"author\" content=\"cfeditorfr\" \/>\n<meta name=\"twitter:card\" content=\"summary_large_image\" \/>\n<meta name=\"twitter:label1\" content=\"\u00c9crit par\" \/>\n\t<meta name=\"twitter:data1\" content=\"cfeditorfr\" \/>\n\t<meta name=\"twitter:label2\" content=\"Dur\u00e9e de lecture estim\u00e9e\" \/>\n\t<meta name=\"twitter:data2\" content=\"1 minute\" \/>\n<script type=\"application\/ld+json\" class=\"yoast-schema-graph\">{\"@context\":\"https:\/\/schema.org\",\"@graph\":[{\"@type\":\"Article\",\"@id\":\"https:\/\/www.africa-press.net\/benin\/toutes-les-actualites\/benin-jules-patipe-nomme-commissaire-central-interimaire-de-cotonou#article\",\"isPartOf\":{\"@id\":\"https:\/\/www.africa-press.net\/benin\/toutes-les-actualites\/benin-jules-patipe-nomme-commissaire-central-interimaire-de-cotonou\"},\"author\":{\"name\":\"cfeditorfr\",\"@id\":\"https:\/\/www.africa-press.net\/benin\/#\/schema\/person\/2b1cf3cd81a31e3cd26889ca66d677f1\"},\"headline\":\"B\u00e9nin: Jules Patip\u00e9 nomm\u00e9 commissaire central int\u00e9rimaire de Cotonou\",\"datePublished\":\"2022-07-10T04:19:27+00:00\",\"dateModified\":\"2022-07-10T04:37:43+00:00\",\"mainEntityOfPage\":{\"@id\":\"https:\/\/www.africa-press.net\/benin\/toutes-les-actualites\/benin-jules-patipe-nomme-commissaire-central-interimaire-de-cotonou\"},\"wordCount\":178,\"commentCount\":0,\"image\":{\"@id\":\"https:\/\/www.africa-press.net\/benin\/toutes-les-actualites\/benin-jules-patipe-nomme-commissaire-central-interimaire-de-cotonou#primaryimage\"},\"thumbnailUrl\":\"https:\/\/static.africa-press.net\/benin\/sites\/46\/2022\/07\/postQueueImg_15-62ca578148a71.jpg\",\"keywords\":[\"Africa Press\",\"Africa Press-Benin\",\"B\u00e9nin\"],\"articleSection\":[\"Communaut\u00e9\",\"homepage-french\",\"Toutes les actualit\u00e9s\"],\"inLanguage\":\"fr-FR\",\"potentialAction\":[{\"@type\":\"CommentAction\",\"name\":\"Comment\",\"target\":[\"https:\/\/www.africa-press.net\/benin\/toutes-les-actualites\/benin-jules-patipe-nomme-commissaire-central-interimaire-de-cotonou#respond\"]}]},{\"@type\":\"WebPage\",\"@id\":\"https:\/\/www.africa-press.net\/benin\/toutes-les-actualites\/benin-jules-patipe-nomme-commissaire-central-interimaire-de-cotonou\",\"url\":\"https:\/\/www.africa-press.net\/benin\/toutes-les-actualites\/benin-jules-patipe-nomme-commissaire-central-interimaire-de-cotonou\",\"name\":\"B\u00e9nin: Jules Patip\u00e9 nomm\u00e9 commissaire central int\u00e9rimaire de Cotonou - B\u00e9nin\",\"isPartOf\":{\"@id\":\"https:\/\/www.africa-press.net\/benin\/#website\"},\"primaryImageOfPage\":{\"@id\":\"https:\/\/www.africa-press.net\/benin\/toutes-les-actualites\/benin-jules-patipe-nomme-commissaire-central-interimaire-de-cotonou#primaryimage\"},\"image\":{\"@id\":\"https:\/\/www.africa-press.net\/benin\/toutes-les-actualites\/benin-jules-patipe-nomme-commissaire-central-interimaire-de-cotonou#primaryimage\"},\"thumbnailUrl\":\"https:\/\/static.africa-press.net\/benin\/sites\/46\/2022\/07\/postQueueImg_15-62ca578148a71.jpg\",\"datePublished\":\"2022-07-10T04:19:27+00:00\",\"dateModified\":\"2022-07-10T04:37:43+00:00\",\"author\":{\"@id\":\"https:\/\/www.africa-press.net\/benin\/#\/schema\/person\/2b1cf3cd81a31e3cd26889ca66d677f1\"},\"description\":\"Le commissariat central de la ville de Cotonou change de main. Jules Patip\u00e9 est le nouveau patron des lieux. Il a \u00e9t\u00e9 no ...\",\"breadcrumb\":{\"@id\":\"https:\/\/www.africa-press.net\/benin\/toutes-les-actualites\/benin-jules-patipe-nomme-commissaire-central-interimaire-de-cotonou#breadcrumb\"},\"inLanguage\":\"fr-FR\",\"potentialAction\":[{\"@type\":\"ReadAction\",\"target\":[\"https:\/\/www.africa-press.net\/benin\/toutes-les-actualites\/benin-jules-patipe-nomme-commissaire-central-interimaire-de-cotonou\"]}]},{\"@type\":\"ImageObject\",\"inLanguage\":\"fr-FR\",\"@id\":\"https:\/\/www.africa-press.net\/benin\/toutes-les-actualites\/benin-jules-patipe-nomme-commissaire-central-interimaire-de-cotonou#primaryimage\",\"url\":\"https:\/\/static.africa-press.net\/benin\/sites\/46\/2022\/07\/postQueueImg_15-62ca578148a71.jpg\",\"contentUrl\":\"https:\/\/static.africa-press.net\/benin\/sites\/46\/2022\/07\/postQueueImg_15-62ca578148a71.jpg\",\"width\":1300,\"height\":812,\"caption\":\"B\u00e9nin: Jules Patip\u00e9 nomm\u00e9 commissaire central int\u00e9rimaire de Cotonou\"},{\"@type\":\"BreadcrumbList\",\"@id\":\"https:\/\/www.africa-press.net\/benin\/toutes-les-actualites\/benin-jules-patipe-nomme-commissaire-central-interimaire-de-cotonou#breadcrumb\",\"itemListElement\":[{\"@type\":\"ListItem\",\"position\":1,\"name\":\"Accueil\",\"item\":\"https:\/\/www.africa-press.net\/benin\/\"},{\"@type\":\"ListItem\",\"position\":2,\"name\":\"B\u00e9nin: Jules Patip\u00e9 nomm\u00e9 commissaire central int\u00e9rimaire de Cotonou\"}]},{\"@type\":\"WebSite\",\"@id\":\"https:\/\/www.africa-press.net\/benin\/#website\",\"url\":\"https:\/\/www.africa-press.net\/benin\/\",\"name\":\"B\u00e9nin\",\"description\":\"Just another Africa News Agency Sites site\",\"potentialAction\":[{\"@type\":\"SearchAction\",\"target\":{\"@type\":\"EntryPoint\",\"urlTemplate\":\"https:\/\/www.africa-press.net\/benin\/?s={search_term_string}\"},\"query-input\":{\"@type\":\"PropertyValueSpecification\",\"valueRequired\":true,\"valueName\":\"search_term_string\"}}],\"inLanguage\":\"fr-FR\"},{\"@type\":\"Person\",\"@id\":\"https:\/\/www.africa-press.net\/benin\/#\/schema\/person\/2b1cf3cd81a31e3cd26889ca66d677f1\",\"name\":\"cfeditorfr\"}]}<\/script>\n<!-- \/ Yoast SEO Premium plugin. -->","yoast_head_json":{"title":"B\u00e9nin: Jules Patip\u00e9 nomm\u00e9 commissaire central int\u00e9rimaire de Cotonou - B\u00e9nin","description":"Le commissariat central de la ville de Cotonou change de main. Jules Patip\u00e9 est le nouveau patron des lieux. Il a \u00e9t\u00e9 no ...","robots":{"index":"index","follow":"follow","max-snippet":"max-snippet:-1","max-image-preview":"max-image-preview:large","max-video-preview":"max-video-preview:-1"},"canonical":"https:\/\/www.africa-press.net\/benin\/toutes-les-actualites\/benin-jules-patipe-nomme-commissaire-central-interimaire-de-cotonou","og_locale":"fr_FR","og_type":"article","og_title":"B\u00e9nin: Jules Patip\u00e9 nomm\u00e9 commissaire central int\u00e9rimaire de Cotonou","og_description":"Le commissariat central de la ville de Cotonou change de main. Jules Patip\u00e9 est le nouveau patron des lieux. Il a \u00e9t\u00e9 no ...","og_url":"https:\/\/www.africa-press.net\/benin\/toutes-les-actualites\/benin-jules-patipe-nomme-commissaire-central-interimaire-de-cotonou","og_site_name":"B\u00e9nin","article_published_time":"2022-07-10T04:19:27+00:00","article_modified_time":"2022-07-10T04:37:43+00:00","og_image":[{"width":1300,"height":812,"url":"https:\/\/static.africa-press.net\/benin\/sites\/46\/2022\/07\/postQueueImg_15-62ca578148a71.jpg","type":"image\/jpeg"}],"author":"cfeditorfr","twitter_card":"summary_large_image","twitter_misc":{"\u00c9crit par":"cfeditorfr","Dur\u00e9e de lecture estim\u00e9e":"1 minute"},"schema":{"@context":"https:\/\/schema.org","@graph":[{"@type":"Article","@id":"https:\/\/www.africa-press.net\/benin\/toutes-les-actualites\/benin-jules-patipe-nomme-commissaire-central-interimaire-de-cotonou#article","isPartOf":{"@id":"https:\/\/www.africa-press.net\/benin\/toutes-les-actualites\/benin-jules-patipe-nomme-commissaire-central-interimaire-de-cotonou"},"author":{"name":"cfeditorfr","@id":"https:\/\/www.africa-press.net\/benin\/#\/schema\/person\/2b1cf3cd81a31e3cd26889ca66d677f1"},"headline":"B\u00e9nin: Jules Patip\u00e9 nomm\u00e9 commissaire central int\u00e9rimaire de Cotonou","datePublished":"2022-07-10T04:19:27+00:00","dateModified":"2022-07-10T04:37:43+00:00","mainEntityOfPage":{"@id":"https:\/\/www.africa-press.net\/benin\/toutes-les-actualites\/benin-jules-patipe-nomme-commissaire-central-interimaire-de-cotonou"},"wordCount":178,"commentCount":0,"image":{"@id":"https:\/\/www.africa-press.net\/benin\/toutes-les-actualites\/benin-jules-patipe-nomme-commissaire-central-interimaire-de-cotonou#primaryimage"},"thumbnailUrl":"https:\/\/static.africa-press.net\/benin\/sites\/46\/2022\/07\/postQueueImg_15-62ca578148a71.jpg","keywords":["Africa Press","Africa Press-Benin","B\u00e9nin"],"articleSection":["Communaut\u00e9","homepage-french","Toutes les actualit\u00e9s"],"inLanguage":"fr-FR","potentialAction":[{"@type":"CommentAction","name":"Comment","target":["https:\/\/www.africa-press.net\/benin\/toutes-les-actualites\/benin-jules-patipe-nomme-commissaire-central-interimaire-de-cotonou#respond"]}]},{"@type":"WebPage","@id":"https:\/\/www.africa-press.net\/benin\/toutes-les-actualites\/benin-jules-patipe-nomme-commissaire-central-interimaire-de-cotonou","url":"https:\/\/www.africa-press.net\/benin\/toutes-les-actualites\/benin-jules-patipe-nomme-commissaire-central-interimaire-de-cotonou","name":"B\u00e9nin: Jules Patip\u00e9 nomm\u00e9 commissaire central int\u00e9rimaire de Cotonou - B\u00e9nin","isPartOf":{"@id":"https:\/\/www.africa-press.net\/benin\/#website"},"primaryImageOfPage":{"@id":"https:\/\/www.africa-press.net\/benin\/toutes-les-actualites\/benin-jules-patipe-nomme-commissaire-central-interimaire-de-cotonou#primaryimage"},"image":{"@id":"https:\/\/www.africa-press.net\/benin\/toutes-les-actualites\/benin-jules-patipe-nomme-commissaire-central-interimaire-de-cotonou#primaryimage"},"thumbnailUrl":"https:\/\/static.africa-press.net\/benin\/sites\/46\/2022\/07\/postQueueImg_15-62ca578148a71.jpg","datePublished":"2022-07-10T04:19:27+00:00","dateModified":"2022-07-10T04:37:43+00:00","author":{"@id":"https:\/\/www.africa-press.net\/benin\/#\/schema\/person\/2b1cf3cd81a31e3cd26889ca66d677f1"},"description":"Le commissariat central de la ville de Cotonou change de main. Jules Patip\u00e9 est le nouveau patron des lieux. Il a \u00e9t\u00e9 no ...","breadcrumb":{"@id":"https:\/\/www.africa-press.net\/benin\/toutes-les-actualites\/benin-jules-patipe-nomme-commissaire-central-interimaire-de-cotonou#breadcrumb"},"inLanguage":"fr-FR","potentialAction":[{"@type":"ReadAction","target":["https:\/\/www.africa-press.net\/benin\/toutes-les-actualites\/benin-jules-patipe-nomme-commissaire-central-interimaire-de-cotonou"]}]},{"@type":"ImageObject","inLanguage":"fr-FR","@id":"https:\/\/www.africa-press.net\/benin\/toutes-les-actualites\/benin-jules-patipe-nomme-commissaire-central-interimaire-de-cotonou#primaryimage","url":"https:\/\/static.africa-press.net\/benin\/sites\/46\/2022\/07\/postQueueImg_15-62ca578148a71.jpg","contentUrl":"https:\/\/static.africa-press.net\/benin\/sites\/46\/2022\/07\/postQueueImg_15-62ca578148a71.jpg","width":1300,"height":812,"caption":"B\u00e9nin: Jules Patip\u00e9 nomm\u00e9 commissaire central int\u00e9rimaire de Cotonou"},{"@type":"BreadcrumbList","@id":"https:\/\/www.africa-press.net\/benin\/toutes-les-actualites\/benin-jules-patipe-nomme-commissaire-central-interimaire-de-cotonou#breadcrumb","itemListElement":[{"@type":"ListItem","position":1,"name":"Accueil","item":"https:\/\/www.africa-press.net\/benin\/"},{"@type":"ListItem","position":2,"name":"B\u00e9nin: Jules Patip\u00e9 nomm\u00e9 commissaire central int\u00e9rimaire de Cotonou"}]},{"@type":"WebSite","@id":"https:\/\/www.africa-press.net\/benin\/#website","url":"https:\/\/www.africa-press.net\/benin\/","name":"B\u00e9nin","description":"Just another Africa News Agency Sites site","potentialAction":[{"@type":"SearchAction","target":{"@type":"EntryPoint","urlTemplate":"https:\/\/www.africa-press.net\/benin\/?s={search_term_string}"},"query-input":{"@type":"PropertyValueSpecification","valueRequired":true,"valueName":"search_term_string"}}],"inLanguage":"fr-FR"},{"@type":"Person","@id":"https:\/\/www.africa-press.net\/benin\/#\/schema\/person\/2b1cf3cd81a31e3cd26889ca66d677f1","name":"cfeditorfr"}]}},"_links":{"self":[{"href":"https:\/\/www.africa-press.net\/benin\/wp-json\/wp\/v2\/posts\/6721","targetHints":{"allow":["GET"]}}],"collection":[{"href":"https:\/\/www.africa-press.net\/benin\/wp-json\/wp\/v2\/posts"}],"about":[{"href":"https:\/\/www.africa-press.net\/benin\/wp-json\/wp\/v2\/types\/post"}],"author":[{"embeddable":true,"href":"https:\/\/www.africa-press.net\/benin\/wp-json\/wp\/v2\/users\/82"}],"replies":[{"embeddable":true,"href":"https:\/\/www.africa-press.net\/benin\/wp-json\/wp\/v2\/comments?post=6721"}],"version-history":[{"count":0,"href":"https:\/\/www.africa-press.net\/benin\/wp-json\/wp\/v2\/posts\/6721\/revisions"}],"wp:featuredmedia":[{"embeddable":true,"href":"https:\/\/www.africa-press.net\/benin\/wp-json\/wp\/v2\/media\/6720"}],"wp:attachment":[{"href":"https:\/\/www.africa-press.net\/benin\/wp-json\/wp\/v2\/media?parent=6721"}],"wp:term":[{"taxonomy":"category","embeddable":true,"href":"https:\/\/www.africa-press.net\/benin\/wp-json\/wp\/v2\/categories?post=6721"},{"taxonomy":"post_tag","embeddable":true,"href":"https:\/\/www.africa-press.net\/benin\/wp-json\/wp\/v2\/tags?post=6721"}],"curies":[{"name":"wp","href":"https:\/\/api.w.org\/{rel}","templated":true}]}}