{"id":6787,"date":"2022-07-11T16:35:08","date_gmt":"2022-07-11T16:35:08","guid":{"rendered":"https:\/\/www.africa-press.net\/benin\/politique\/reouverture-de-lexposition-des-tresors-du-benin-lacces-obligatoirement-conditionne-a-une-reservation"},"modified":"2022-07-11T16:52:48","modified_gmt":"2022-07-11T16:52:48","slug":"reouverture-de-lexposition-des-tresors-du-benin-lacces-obligatoirement-conditionne-a-une-reservation","status":"publish","type":"post","link":"https:\/\/www.africa-press.net\/benin\/toutes-les-actualites\/reouverture-de-lexposition-des-tresors-du-benin-lacces-obligatoirement-conditionne-a-une-reservation","title":{"rendered":"R\u00e9ouverture de l\u2019exposition des tr\u00e9sors du B\u00e9nin: l\u2019acc\u00e8s obligatoirement conditionn\u00e9 \u00e0 une r\u00e9servation"},"content":{"rendered":"<p><span style=\"color: #ff6600\"><strong>Africa-Press &#8211; Benin. <\/strong><\/span>D\u00e8s ce samedi 16 Juillet, le public b\u00e9ninois pourra \u00e0 nouveau avoir acc\u00e8s au Palais de la Marina, \u00e0 l\u2019occasion de la saison 2 de l\u2019exposition \u00ab Art du B\u00e9nin, d\u2019hier et d\u2019aujourd\u2019hui, de la restitution \u00e0 la r\u00e9v\u00e9lation \u00bb. Mais cette fois-ci, l\u2019acc\u00e8s \u00e0 l\u2019exposition est obligatoirement conditionn\u00e9 \u00e0 une r\u00e9servation en ligne qui est gratuite.<\/p>\n<p>Apr\u00e8s le succ\u00e8s de la saison 1 de l\u2019exposition \u00ab Art du B\u00e9nin, d\u2019hier et d\u2019aujourd\u2019hui, de la restitution \u00e0 la r\u00e9v\u00e9lation \u00bb, qui a pris fin le dimanche 22 mai dernier, le gouvernement a annonc\u00e9 sa r\u00e9ouverture pour le 16 Juillet prochain. Mais, si lors de la Saison 1, le public pouvait avoir acc\u00e8s \u00e0 la Pr\u00e9sidence sans avoir r\u00e9serv\u00e9 au pr\u00e9alable, la Saison 2 ne compte pas faire pareil.<\/p>\n<p>\u00ab En ce qui concerne cette r\u00e9ouverture, ce n\u2019est plus une entr\u00e9e automatique et de grande masse comme nous l\u2019avions organis\u00e9 pour la premi\u00e8re phase. \u00c7a sera une entr\u00e9e sur r\u00e9servation. La r\u00e9servation, \u00e9videmment, n\u2019est pas payante, \u00bb a d\u00e9clar\u00e9 le Ministre du Tourisme de la Culture et des Arts, Jean-Michel ABIMBOLA, lors d\u2019une visioconf\u00e9rence organis\u00e9e par Vital Panou et la Coordination Nouveau D\u00e9part Diaspora B\u00e9nin, ce dimanche 10 Juillet.<\/p>\n<p><b>Une discrimination positive pour la Diaopora b\u00e9ninoise<\/b><\/p>\n<p>Selon les propos du Ministre du Tourisme de la Culture et des Arts, cette r\u00e9ouverture est \u00e9galement le fruit d\u2019une forte demande de la diaspora b\u00e9ninoise qui compte rentrer pour les vacances afin de visiter ces \u0153uvres. \u00ab C\u2019est une r\u00e9ouverture que nous faisons \u00e0 la suite d\u2019une forte demande, en particulier des b\u00e9ninois vivant \u00e0 l\u2019\u00e9tranger et du professionnel du monde des arts. Le gouvernement du B\u00e9nin a estim\u00e9 qu\u2019il fallait donner suite \u00e0 cet enthousiasme et de faire profiter des vacances estivales pour donner l\u2019occasion \u00e0 nos compatriotes de la diaspora de venir au pays pour une immersion dans trois si\u00e8cles de l\u2019histoire de l\u2019art notre pays le B\u00e9nin, \u00bb a fait savoir M. Abimbola.<\/p>\n<p>Par la suite, le ministre a pr\u00e9cis\u00e9 que pour les membres de la diaspora, la pr\u00e9cision du pays de r\u00e9sidence habituelle dans le remplissage du formulaire de r\u00e9servation est un crit\u00e8re de discrimination positive pour les membres de la diaspora. Selon Jean-Michel ABIMBOLA, la premi\u00e8re saison de l\u2019exposition a vir\u00e9 \u00e0 un p\u00e8lerinage qu\u2019\u00e0 une visite mus\u00e9ale. C\u2019est ainsi pour corriger le tir que, non seulement la r\u00e9servation est obligatoire pour pouvoir r\u00e9guler le flux de la visite, mais aussi pour prioriser les b\u00e9ninois venus en vacances.<\/p>\n<p><strong>Pour plus d&rsquo;informations et d&rsquo;analyses sur la <a href=\"https:\/\/www.africa-press.net\/benin\">Benin<\/a>, suivez <a href=\"https:\/\/www.africa-press.net\/\">Africa-Press<\/a><\/strong><\/p>\n","protected":false},"excerpt":{"rendered":"<p>Africa-Press &#8211; Benin. D\u00e8s ce samedi 16 Juillet, le public b\u00e9ninois pourra \u00e0 nouveau avoir acc\u00e8s au Palais de la Marina, \u00e0 l\u2019occasion de la saison 2 de l\u2019exposition \u00ab Art du B\u00e9nin, d\u2019hier et d\u2019aujourd\u2019hui, de la restitution \u00e0 la r\u00e9v\u00e9lation \u00bb. Mais cette fois-ci, l\u2019acc\u00e8s \u00e0 l\u2019exposition est obligatoirement conditionn\u00e9 \u00e0 une r\u00e9servation [&hellip;]<\/p>\n","protected":false},"author":82,"featured_media":6786,"comment_status":"open","ping_status":"closed","sticky":false,"template":"","format":"standard","meta":{"footnotes":""},"categories":[21,11,10],"tags":[36,50,45],"class_list":["post-6787","post","type-post","status-publish","format-standard","has-post-thumbnail","hentry","category-communaute","category-homepage-french","category-toutes-les-actualites","tag-africa-press","tag-africa-press-benin","tag-benin"],"yoast_head":"<!-- This site is optimized with the Yoast SEO Premium plugin v26.1 (Yoast SEO v27.0) - https:\/\/yoast.com\/product\/yoast-seo-premium-wordpress\/ -->\n<title>R\u00e9ouverture de l\u2019exposition des tr\u00e9sors du B\u00e9nin: l\u2019acc\u00e8s obligatoirement conditionn\u00e9 \u00e0 une r\u00e9servation - B\u00e9nin<\/title>\n<meta name=\"description\" content=\"D\u00e8s ce samedi 16 Juillet, le public b\u00e9ninois pourra \u00e0 nouveau avoir acc\u00e8s au Palais de la Marina, \u00e0 l\u2019occasion de la sai ...\" \/>\n<meta name=\"robots\" content=\"index, follow, max-snippet:-1, max-image-preview:large, max-video-preview:-1\" \/>\n<link rel=\"canonical\" href=\"https:\/\/www.africa-press.net\/benin\/toutes-les-actualites\/reouverture-de-lexposition-des-tresors-du-benin-lacces-obligatoirement-conditionne-a-une-reservation\" \/>\n<meta property=\"og:locale\" content=\"fr_FR\" \/>\n<meta property=\"og:type\" content=\"article\" \/>\n<meta property=\"og:title\" content=\"R\u00e9ouverture de l\u2019exposition des tr\u00e9sors du B\u00e9nin: l\u2019acc\u00e8s obligatoirement conditionn\u00e9 \u00e0 une r\u00e9servation\" \/>\n<meta property=\"og:description\" content=\"D\u00e8s ce samedi 16 Juillet, le public b\u00e9ninois pourra \u00e0 nouveau avoir acc\u00e8s au Palais de la Marina, \u00e0 l\u2019occasion de la sai ...\" \/>\n<meta property=\"og:url\" content=\"https:\/\/www.africa-press.net\/benin\/toutes-les-actualites\/reouverture-de-lexposition-des-tresors-du-benin-lacces-obligatoirement-conditionne-a-une-reservation\" \/>\n<meta property=\"og:site_name\" content=\"B\u00e9nin\" \/>\n<meta property=\"article:published_time\" content=\"2022-07-11T16:35:08+00:00\" \/>\n<meta property=\"article:modified_time\" content=\"2022-07-11T16:52:48+00:00\" \/>\n<meta property=\"og:image\" content=\"https:\/\/static.africa-press.net\/benin\/sites\/46\/2022\/07\/postQueueImg_29.jpg\" \/>\n\t<meta property=\"og:image:width\" content=\"1200\" \/>\n\t<meta property=\"og:image:height\" content=\"800\" \/>\n\t<meta property=\"og:image:type\" content=\"image\/jpeg\" \/>\n<meta name=\"author\" content=\"cfeditorfr\" \/>\n<meta name=\"twitter:card\" content=\"summary_large_image\" \/>\n<meta name=\"twitter:label1\" content=\"\u00c9crit par\" \/>\n\t<meta name=\"twitter:data1\" content=\"cfeditorfr\" \/>\n\t<meta name=\"twitter:label2\" content=\"Dur\u00e9e de lecture estim\u00e9e\" \/>\n\t<meta name=\"twitter:data2\" content=\"2 minutes\" \/>\n<script type=\"application\/ld+json\" class=\"yoast-schema-graph\">{\"@context\":\"https:\/\/schema.org\",\"@graph\":[{\"@type\":\"Article\",\"@id\":\"https:\/\/www.africa-press.net\/benin\/toutes-les-actualites\/reouverture-de-lexposition-des-tresors-du-benin-lacces-obligatoirement-conditionne-a-une-reservation#article\",\"isPartOf\":{\"@id\":\"https:\/\/www.africa-press.net\/benin\/toutes-les-actualites\/reouverture-de-lexposition-des-tresors-du-benin-lacces-obligatoirement-conditionne-a-une-reservation\"},\"author\":{\"name\":\"cfeditorfr\",\"@id\":\"https:\/\/www.africa-press.net\/benin\/#\/schema\/person\/2b1cf3cd81a31e3cd26889ca66d677f1\"},\"headline\":\"R\u00e9ouverture de l\u2019exposition des tr\u00e9sors du B\u00e9nin: l\u2019acc\u00e8s obligatoirement conditionn\u00e9 \u00e0 une r\u00e9servation\",\"datePublished\":\"2022-07-11T16:35:08+00:00\",\"dateModified\":\"2022-07-11T16:52:48+00:00\",\"mainEntityOfPage\":{\"@id\":\"https:\/\/www.africa-press.net\/benin\/toutes-les-actualites\/reouverture-de-lexposition-des-tresors-du-benin-lacces-obligatoirement-conditionne-a-une-reservation\"},\"wordCount\":488,\"commentCount\":0,\"image\":{\"@id\":\"https:\/\/www.africa-press.net\/benin\/toutes-les-actualites\/reouverture-de-lexposition-des-tresors-du-benin-lacces-obligatoirement-conditionne-a-une-reservation#primaryimage\"},\"thumbnailUrl\":\"https:\/\/static.africa-press.net\/benin\/sites\/46\/2022\/07\/postQueueImg_29.jpg\",\"keywords\":[\"Africa Press\",\"Africa Press-Benin\",\"B\u00e9nin\"],\"articleSection\":[\"Communaut\u00e9\",\"homepage-french\",\"Toutes les actualit\u00e9s\"],\"inLanguage\":\"fr-FR\",\"potentialAction\":[{\"@type\":\"CommentAction\",\"name\":\"Comment\",\"target\":[\"https:\/\/www.africa-press.net\/benin\/toutes-les-actualites\/reouverture-de-lexposition-des-tresors-du-benin-lacces-obligatoirement-conditionne-a-une-reservation#respond\"]}]},{\"@type\":\"WebPage\",\"@id\":\"https:\/\/www.africa-press.net\/benin\/toutes-les-actualites\/reouverture-de-lexposition-des-tresors-du-benin-lacces-obligatoirement-conditionne-a-une-reservation\",\"url\":\"https:\/\/www.africa-press.net\/benin\/toutes-les-actualites\/reouverture-de-lexposition-des-tresors-du-benin-lacces-obligatoirement-conditionne-a-une-reservation\",\"name\":\"R\u00e9ouverture de l\u2019exposition des tr\u00e9sors du B\u00e9nin: l\u2019acc\u00e8s obligatoirement conditionn\u00e9 \u00e0 une r\u00e9servation - B\u00e9nin\",\"isPartOf\":{\"@id\":\"https:\/\/www.africa-press.net\/benin\/#website\"},\"primaryImageOfPage\":{\"@id\":\"https:\/\/www.africa-press.net\/benin\/toutes-les-actualites\/reouverture-de-lexposition-des-tresors-du-benin-lacces-obligatoirement-conditionne-a-une-reservation#primaryimage\"},\"image\":{\"@id\":\"https:\/\/www.africa-press.net\/benin\/toutes-les-actualites\/reouverture-de-lexposition-des-tresors-du-benin-lacces-obligatoirement-conditionne-a-une-reservation#primaryimage\"},\"thumbnailUrl\":\"https:\/\/static.africa-press.net\/benin\/sites\/46\/2022\/07\/postQueueImg_29.jpg\",\"datePublished\":\"2022-07-11T16:35:08+00:00\",\"dateModified\":\"2022-07-11T16:52:48+00:00\",\"author\":{\"@id\":\"https:\/\/www.africa-press.net\/benin\/#\/schema\/person\/2b1cf3cd81a31e3cd26889ca66d677f1\"},\"description\":\"D\u00e8s ce samedi 16 Juillet, le public b\u00e9ninois pourra \u00e0 nouveau avoir acc\u00e8s au Palais de la Marina, \u00e0 l\u2019occasion de la sai ...\",\"breadcrumb\":{\"@id\":\"https:\/\/www.africa-press.net\/benin\/toutes-les-actualites\/reouverture-de-lexposition-des-tresors-du-benin-lacces-obligatoirement-conditionne-a-une-reservation#breadcrumb\"},\"inLanguage\":\"fr-FR\",\"potentialAction\":[{\"@type\":\"ReadAction\",\"target\":[\"https:\/\/www.africa-press.net\/benin\/toutes-les-actualites\/reouverture-de-lexposition-des-tresors-du-benin-lacces-obligatoirement-conditionne-a-une-reservation\"]}]},{\"@type\":\"ImageObject\",\"inLanguage\":\"fr-FR\",\"@id\":\"https:\/\/www.africa-press.net\/benin\/toutes-les-actualites\/reouverture-de-lexposition-des-tresors-du-benin-lacces-obligatoirement-conditionne-a-une-reservation#primaryimage\",\"url\":\"https:\/\/static.africa-press.net\/benin\/sites\/46\/2022\/07\/postQueueImg_29.jpg\",\"contentUrl\":\"https:\/\/static.africa-press.net\/benin\/sites\/46\/2022\/07\/postQueueImg_29.jpg\",\"width\":1200,\"height\":800,\"caption\":\"R\u00e9ouverture de l\u2019exposition des tr\u00e9sors du B\u00e9nin: l\u2019acc\u00e8s obligatoirement conditionn\u00e9 \u00e0 une r\u00e9servation\"},{\"@type\":\"BreadcrumbList\",\"@id\":\"https:\/\/www.africa-press.net\/benin\/toutes-les-actualites\/reouverture-de-lexposition-des-tresors-du-benin-lacces-obligatoirement-conditionne-a-une-reservation#breadcrumb\",\"itemListElement\":[{\"@type\":\"ListItem\",\"position\":1,\"name\":\"Accueil\",\"item\":\"https:\/\/www.africa-press.net\/benin\/\"},{\"@type\":\"ListItem\",\"position\":2,\"name\":\"R\u00e9ouverture de l\u2019exposition des tr\u00e9sors du B\u00e9nin: l\u2019acc\u00e8s obligatoirement conditionn\u00e9 \u00e0 une r\u00e9servation\"}]},{\"@type\":\"WebSite\",\"@id\":\"https:\/\/www.africa-press.net\/benin\/#website\",\"url\":\"https:\/\/www.africa-press.net\/benin\/\",\"name\":\"B\u00e9nin\",\"description\":\"Just another Africa News Agency Sites site\",\"potentialAction\":[{\"@type\":\"SearchAction\",\"target\":{\"@type\":\"EntryPoint\",\"urlTemplate\":\"https:\/\/www.africa-press.net\/benin\/?s={search_term_string}\"},\"query-input\":{\"@type\":\"PropertyValueSpecification\",\"valueRequired\":true,\"valueName\":\"search_term_string\"}}],\"inLanguage\":\"fr-FR\"},{\"@type\":\"Person\",\"@id\":\"https:\/\/www.africa-press.net\/benin\/#\/schema\/person\/2b1cf3cd81a31e3cd26889ca66d677f1\",\"name\":\"cfeditorfr\"}]}<\/script>\n<!-- \/ Yoast SEO Premium plugin. -->","yoast_head_json":{"title":"R\u00e9ouverture de l\u2019exposition des tr\u00e9sors du B\u00e9nin: l\u2019acc\u00e8s obligatoirement conditionn\u00e9 \u00e0 une r\u00e9servation - B\u00e9nin","description":"D\u00e8s ce samedi 16 Juillet, le public b\u00e9ninois pourra \u00e0 nouveau avoir acc\u00e8s au Palais de la Marina, \u00e0 l\u2019occasion de la sai ...","robots":{"index":"index","follow":"follow","max-snippet":"max-snippet:-1","max-image-preview":"max-image-preview:large","max-video-preview":"max-video-preview:-1"},"canonical":"https:\/\/www.africa-press.net\/benin\/toutes-les-actualites\/reouverture-de-lexposition-des-tresors-du-benin-lacces-obligatoirement-conditionne-a-une-reservation","og_locale":"fr_FR","og_type":"article","og_title":"R\u00e9ouverture de l\u2019exposition des tr\u00e9sors du B\u00e9nin: l\u2019acc\u00e8s obligatoirement conditionn\u00e9 \u00e0 une r\u00e9servation","og_description":"D\u00e8s ce samedi 16 Juillet, le public b\u00e9ninois pourra \u00e0 nouveau avoir acc\u00e8s au Palais de la Marina, \u00e0 l\u2019occasion de la sai ...","og_url":"https:\/\/www.africa-press.net\/benin\/toutes-les-actualites\/reouverture-de-lexposition-des-tresors-du-benin-lacces-obligatoirement-conditionne-a-une-reservation","og_site_name":"B\u00e9nin","article_published_time":"2022-07-11T16:35:08+00:00","article_modified_time":"2022-07-11T16:52:48+00:00","og_image":[{"width":1200,"height":800,"url":"https:\/\/static.africa-press.net\/benin\/sites\/46\/2022\/07\/postQueueImg_29.jpg","type":"image\/jpeg"}],"author":"cfeditorfr","twitter_card":"summary_large_image","twitter_misc":{"\u00c9crit par":"cfeditorfr","Dur\u00e9e de lecture estim\u00e9e":"2 minutes"},"schema":{"@context":"https:\/\/schema.org","@graph":[{"@type":"Article","@id":"https:\/\/www.africa-press.net\/benin\/toutes-les-actualites\/reouverture-de-lexposition-des-tresors-du-benin-lacces-obligatoirement-conditionne-a-une-reservation#article","isPartOf":{"@id":"https:\/\/www.africa-press.net\/benin\/toutes-les-actualites\/reouverture-de-lexposition-des-tresors-du-benin-lacces-obligatoirement-conditionne-a-une-reservation"},"author":{"name":"cfeditorfr","@id":"https:\/\/www.africa-press.net\/benin\/#\/schema\/person\/2b1cf3cd81a31e3cd26889ca66d677f1"},"headline":"R\u00e9ouverture de l\u2019exposition des tr\u00e9sors du B\u00e9nin: l\u2019acc\u00e8s obligatoirement conditionn\u00e9 \u00e0 une r\u00e9servation","datePublished":"2022-07-11T16:35:08+00:00","dateModified":"2022-07-11T16:52:48+00:00","mainEntityOfPage":{"@id":"https:\/\/www.africa-press.net\/benin\/toutes-les-actualites\/reouverture-de-lexposition-des-tresors-du-benin-lacces-obligatoirement-conditionne-a-une-reservation"},"wordCount":488,"commentCount":0,"image":{"@id":"https:\/\/www.africa-press.net\/benin\/toutes-les-actualites\/reouverture-de-lexposition-des-tresors-du-benin-lacces-obligatoirement-conditionne-a-une-reservation#primaryimage"},"thumbnailUrl":"https:\/\/static.africa-press.net\/benin\/sites\/46\/2022\/07\/postQueueImg_29.jpg","keywords":["Africa Press","Africa Press-Benin","B\u00e9nin"],"articleSection":["Communaut\u00e9","homepage-french","Toutes les actualit\u00e9s"],"inLanguage":"fr-FR","potentialAction":[{"@type":"CommentAction","name":"Comment","target":["https:\/\/www.africa-press.net\/benin\/toutes-les-actualites\/reouverture-de-lexposition-des-tresors-du-benin-lacces-obligatoirement-conditionne-a-une-reservation#respond"]}]},{"@type":"WebPage","@id":"https:\/\/www.africa-press.net\/benin\/toutes-les-actualites\/reouverture-de-lexposition-des-tresors-du-benin-lacces-obligatoirement-conditionne-a-une-reservation","url":"https:\/\/www.africa-press.net\/benin\/toutes-les-actualites\/reouverture-de-lexposition-des-tresors-du-benin-lacces-obligatoirement-conditionne-a-une-reservation","name":"R\u00e9ouverture de l\u2019exposition des tr\u00e9sors du B\u00e9nin: l\u2019acc\u00e8s obligatoirement conditionn\u00e9 \u00e0 une r\u00e9servation - B\u00e9nin","isPartOf":{"@id":"https:\/\/www.africa-press.net\/benin\/#website"},"primaryImageOfPage":{"@id":"https:\/\/www.africa-press.net\/benin\/toutes-les-actualites\/reouverture-de-lexposition-des-tresors-du-benin-lacces-obligatoirement-conditionne-a-une-reservation#primaryimage"},"image":{"@id":"https:\/\/www.africa-press.net\/benin\/toutes-les-actualites\/reouverture-de-lexposition-des-tresors-du-benin-lacces-obligatoirement-conditionne-a-une-reservation#primaryimage"},"thumbnailUrl":"https:\/\/static.africa-press.net\/benin\/sites\/46\/2022\/07\/postQueueImg_29.jpg","datePublished":"2022-07-11T16:35:08+00:00","dateModified":"2022-07-11T16:52:48+00:00","author":{"@id":"https:\/\/www.africa-press.net\/benin\/#\/schema\/person\/2b1cf3cd81a31e3cd26889ca66d677f1"},"description":"D\u00e8s ce samedi 16 Juillet, le public b\u00e9ninois pourra \u00e0 nouveau avoir acc\u00e8s au Palais de la Marina, \u00e0 l\u2019occasion de la sai ...","breadcrumb":{"@id":"https:\/\/www.africa-press.net\/benin\/toutes-les-actualites\/reouverture-de-lexposition-des-tresors-du-benin-lacces-obligatoirement-conditionne-a-une-reservation#breadcrumb"},"inLanguage":"fr-FR","potentialAction":[{"@type":"ReadAction","target":["https:\/\/www.africa-press.net\/benin\/toutes-les-actualites\/reouverture-de-lexposition-des-tresors-du-benin-lacces-obligatoirement-conditionne-a-une-reservation"]}]},{"@type":"ImageObject","inLanguage":"fr-FR","@id":"https:\/\/www.africa-press.net\/benin\/toutes-les-actualites\/reouverture-de-lexposition-des-tresors-du-benin-lacces-obligatoirement-conditionne-a-une-reservation#primaryimage","url":"https:\/\/static.africa-press.net\/benin\/sites\/46\/2022\/07\/postQueueImg_29.jpg","contentUrl":"https:\/\/static.africa-press.net\/benin\/sites\/46\/2022\/07\/postQueueImg_29.jpg","width":1200,"height":800,"caption":"R\u00e9ouverture de l\u2019exposition des tr\u00e9sors du B\u00e9nin: l\u2019acc\u00e8s obligatoirement conditionn\u00e9 \u00e0 une r\u00e9servation"},{"@type":"BreadcrumbList","@id":"https:\/\/www.africa-press.net\/benin\/toutes-les-actualites\/reouverture-de-lexposition-des-tresors-du-benin-lacces-obligatoirement-conditionne-a-une-reservation#breadcrumb","itemListElement":[{"@type":"ListItem","position":1,"name":"Accueil","item":"https:\/\/www.africa-press.net\/benin\/"},{"@type":"ListItem","position":2,"name":"R\u00e9ouverture de l\u2019exposition des tr\u00e9sors du B\u00e9nin: l\u2019acc\u00e8s obligatoirement conditionn\u00e9 \u00e0 une r\u00e9servation"}]},{"@type":"WebSite","@id":"https:\/\/www.africa-press.net\/benin\/#website","url":"https:\/\/www.africa-press.net\/benin\/","name":"B\u00e9nin","description":"Just another Africa News Agency Sites site","potentialAction":[{"@type":"SearchAction","target":{"@type":"EntryPoint","urlTemplate":"https:\/\/www.africa-press.net\/benin\/?s={search_term_string}"},"query-input":{"@type":"PropertyValueSpecification","valueRequired":true,"valueName":"search_term_string"}}],"inLanguage":"fr-FR"},{"@type":"Person","@id":"https:\/\/www.africa-press.net\/benin\/#\/schema\/person\/2b1cf3cd81a31e3cd26889ca66d677f1","name":"cfeditorfr"}]}},"_links":{"self":[{"href":"https:\/\/www.africa-press.net\/benin\/wp-json\/wp\/v2\/posts\/6787","targetHints":{"allow":["GET"]}}],"collection":[{"href":"https:\/\/www.africa-press.net\/benin\/wp-json\/wp\/v2\/posts"}],"about":[{"href":"https:\/\/www.africa-press.net\/benin\/wp-json\/wp\/v2\/types\/post"}],"author":[{"embeddable":true,"href":"https:\/\/www.africa-press.net\/benin\/wp-json\/wp\/v2\/users\/82"}],"replies":[{"embeddable":true,"href":"https:\/\/www.africa-press.net\/benin\/wp-json\/wp\/v2\/comments?post=6787"}],"version-history":[{"count":0,"href":"https:\/\/www.africa-press.net\/benin\/wp-json\/wp\/v2\/posts\/6787\/revisions"}],"wp:featuredmedia":[{"embeddable":true,"href":"https:\/\/www.africa-press.net\/benin\/wp-json\/wp\/v2\/media\/6786"}],"wp:attachment":[{"href":"https:\/\/www.africa-press.net\/benin\/wp-json\/wp\/v2\/media?parent=6787"}],"wp:term":[{"taxonomy":"category","embeddable":true,"href":"https:\/\/www.africa-press.net\/benin\/wp-json\/wp\/v2\/categories?post=6787"},{"taxonomy":"post_tag","embeddable":true,"href":"https:\/\/www.africa-press.net\/benin\/wp-json\/wp\/v2\/tags?post=6787"}],"curies":[{"name":"wp","href":"https:\/\/api.w.org\/{rel}","templated":true}]}}