{"id":6790,"date":"2022-07-11T16:35:20","date_gmt":"2022-07-11T16:35:20","guid":{"rendered":"https:\/\/www.africa-press.net\/benin\/politique\/plainte-de-boni-yayi-contre-letat-beninois-la-cour-de-justice-de-la-cedeao-delibere-ce-mercredi"},"modified":"2022-07-11T16:53:20","modified_gmt":"2022-07-11T16:53:20","slug":"plainte-de-boni-yayi-contre-letat-beninois-la-cour-de-justice-de-la-cedeao-delibere-ce-mercredi","status":"publish","type":"post","link":"https:\/\/www.africa-press.net\/benin\/toutes-les-actualites\/plainte-de-boni-yayi-contre-letat-beninois-la-cour-de-justice-de-la-cedeao-delibere-ce-mercredi","title":{"rendered":"Plainte de Boni Yayi contre l\u2019Etat b\u00e9ninois: la Cour de justice de la Cedeao d\u00e9lib\u00e8re ce mercredi"},"content":{"rendered":"<p><span style=\"color: #ff6600\"><strong>Africa-Press &#8211; Benin. <\/strong><\/span>Le dossier opposant l\u2019ancien pr\u00e9sident Boni Yayi et l\u2019Etat b\u00e9ninois est programm\u00e9 \u00e0 l\u2019audience du mercredi 13 juillet 2022 de la Cour de justice de la Communaut\u00e9 \u00e9conomique des \u00c9tats de l\u2019Afrique de l\u2019Ouest (Cedeao).<\/p>\n<p>La d\u00e9cision de la Cour de justice de la Cedeao dans le dossier Boni Yayi Vs Etat b\u00e9ninois est attendue pour le mercredi prochain. L\u2019ancien pr\u00e9sident b\u00e9ninois avait port\u00e9 plainte pour torture morale, violation des droits humains, apr\u00e8s avoir \u00e9t\u00e9 \u00ab enferm\u00e9 \u00bb pendant pr\u00e8s de deux mois dans sa maison.<\/p>\n<p>En effet, dans la p\u00e9riode \u00e9lectorale d\u2019avril 2019, l\u2019ex-Chef d\u2019Etat a \u00e9t\u00e9 contraint de rester dans les quatre murs de son domicile. Sa maison avait \u00e9t\u00e9 mise sur surveillance polici\u00e8re pendant 52 jours. Ses partisans avaient d\u00e9nonc\u00e9 une assignation en r\u00e9sidence surveill\u00e9e de leur leader charismatique sans une d\u00e9cision de justice.<\/p>\n<p><b>soup\u00e7on d\u2019implication dans les violences \u00e9lectorales<\/b><\/p>\n<p>Les violentes manifestations enregistr\u00e9es en mai 2019 au quartier Cadjehoun restent dans les m\u00e9moires. C\u2019est d\u2019ailleurs au lendemain de ces manifestations que la police avait pris d\u2019assaut la rue menant au domicile de Boni Yayi. L\u2019ancien pr\u00e9sident avait \u00e9t\u00e9 soup\u00e7onn\u00e9 par la justice, qui lui avait m\u00eame envoy\u00e9 un juge pour audition \u00e0 domicile.<\/p>\n<p><strong>Pour plus d&rsquo;informations et d&rsquo;analyses sur la <a href=\"https:\/\/www.africa-press.net\/benin\">Benin<\/a>, suivez <a href=\"https:\/\/www.africa-press.net\/\">Africa-Press<\/a><\/strong><\/p>\n","protected":false},"excerpt":{"rendered":"<p>Africa-Press &#8211; Benin. Le dossier opposant l\u2019ancien pr\u00e9sident Boni Yayi et l\u2019Etat b\u00e9ninois est programm\u00e9 \u00e0 l\u2019audience du mercredi 13 juillet 2022 de la Cour de justice de la Communaut\u00e9 \u00e9conomique des \u00c9tats de l\u2019Afrique de l\u2019Ouest (Cedeao). La d\u00e9cision de la Cour de justice de la Cedeao dans le dossier Boni Yayi Vs Etat [&hellip;]<\/p>\n","protected":false},"author":82,"featured_media":6789,"comment_status":"open","ping_status":"closed","sticky":false,"template":"","format":"standard","meta":{"footnotes":""},"categories":[21,11,10],"tags":[36,50,45],"class_list":["post-6790","post","type-post","status-publish","format-standard","has-post-thumbnail","hentry","category-communaute","category-homepage-french","category-toutes-les-actualites","tag-africa-press","tag-africa-press-benin","tag-benin"],"yoast_head":"<!-- This site is optimized with the Yoast SEO Premium plugin v26.1 (Yoast SEO v27.0) - https:\/\/yoast.com\/product\/yoast-seo-premium-wordpress\/ -->\n<title>Plainte de Boni Yayi contre l\u2019Etat b\u00e9ninois: la Cour de justice de la Cedeao d\u00e9lib\u00e8re ce mercredi - B\u00e9nin<\/title>\n<meta name=\"description\" content=\"Le dossier opposant l\u2019ancien pr\u00e9sident Boni Yayi et l\u2019Etat b\u00e9ninois est programm\u00e9 \u00e0 l\u2019audience du mercredi 13 juillet 20 ...\" \/>\n<meta name=\"robots\" content=\"index, follow, max-snippet:-1, max-image-preview:large, max-video-preview:-1\" \/>\n<link rel=\"canonical\" href=\"https:\/\/www.africa-press.net\/benin\/toutes-les-actualites\/plainte-de-boni-yayi-contre-letat-beninois-la-cour-de-justice-de-la-cedeao-delibere-ce-mercredi\" \/>\n<meta property=\"og:locale\" content=\"fr_FR\" \/>\n<meta property=\"og:type\" content=\"article\" \/>\n<meta property=\"og:title\" content=\"Plainte de Boni Yayi contre l\u2019Etat b\u00e9ninois: la Cour de justice de la Cedeao d\u00e9lib\u00e8re ce mercredi\" \/>\n<meta property=\"og:description\" content=\"Le dossier opposant l\u2019ancien pr\u00e9sident Boni Yayi et l\u2019Etat b\u00e9ninois est programm\u00e9 \u00e0 l\u2019audience du mercredi 13 juillet 20 ...\" \/>\n<meta property=\"og:url\" content=\"https:\/\/www.africa-press.net\/benin\/toutes-les-actualites\/plainte-de-boni-yayi-contre-letat-beninois-la-cour-de-justice-de-la-cedeao-delibere-ce-mercredi\" \/>\n<meta property=\"og:site_name\" content=\"B\u00e9nin\" \/>\n<meta property=\"article:published_time\" content=\"2022-07-11T16:35:20+00:00\" \/>\n<meta property=\"article:modified_time\" content=\"2022-07-11T16:53:20+00:00\" \/>\n<meta property=\"og:image\" content=\"https:\/\/static.africa-press.net\/benin\/sites\/46\/2022\/07\/postQueueImg_30.jpg\" \/>\n\t<meta property=\"og:image:width\" content=\"1440\" \/>\n\t<meta property=\"og:image:height\" content=\"720\" \/>\n\t<meta property=\"og:image:type\" content=\"image\/jpeg\" \/>\n<meta name=\"author\" content=\"cfeditorfr\" \/>\n<meta name=\"twitter:card\" content=\"summary_large_image\" \/>\n<meta name=\"twitter:label1\" content=\"\u00c9crit par\" \/>\n\t<meta name=\"twitter:data1\" content=\"cfeditorfr\" \/>\n\t<meta name=\"twitter:label2\" content=\"Dur\u00e9e de lecture estim\u00e9e\" \/>\n\t<meta name=\"twitter:data2\" content=\"1 minute\" \/>\n<script type=\"application\/ld+json\" class=\"yoast-schema-graph\">{\"@context\":\"https:\/\/schema.org\",\"@graph\":[{\"@type\":\"Article\",\"@id\":\"https:\/\/www.africa-press.net\/benin\/toutes-les-actualites\/plainte-de-boni-yayi-contre-letat-beninois-la-cour-de-justice-de-la-cedeao-delibere-ce-mercredi#article\",\"isPartOf\":{\"@id\":\"https:\/\/www.africa-press.net\/benin\/toutes-les-actualites\/plainte-de-boni-yayi-contre-letat-beninois-la-cour-de-justice-de-la-cedeao-delibere-ce-mercredi\"},\"author\":{\"name\":\"cfeditorfr\",\"@id\":\"https:\/\/www.africa-press.net\/benin\/#\/schema\/person\/2b1cf3cd81a31e3cd26889ca66d677f1\"},\"headline\":\"Plainte de Boni Yayi contre l\u2019Etat b\u00e9ninois: la Cour de justice de la Cedeao d\u00e9lib\u00e8re ce mercredi\",\"datePublished\":\"2022-07-11T16:35:20+00:00\",\"dateModified\":\"2022-07-11T16:53:20+00:00\",\"mainEntityOfPage\":{\"@id\":\"https:\/\/www.africa-press.net\/benin\/toutes-les-actualites\/plainte-de-boni-yayi-contre-letat-beninois-la-cour-de-justice-de-la-cedeao-delibere-ce-mercredi\"},\"wordCount\":258,\"commentCount\":0,\"image\":{\"@id\":\"https:\/\/www.africa-press.net\/benin\/toutes-les-actualites\/plainte-de-boni-yayi-contre-letat-beninois-la-cour-de-justice-de-la-cedeao-delibere-ce-mercredi#primaryimage\"},\"thumbnailUrl\":\"https:\/\/static.africa-press.net\/benin\/sites\/46\/2022\/07\/postQueueImg_30.jpg\",\"keywords\":[\"Africa Press\",\"Africa Press-Benin\",\"B\u00e9nin\"],\"articleSection\":[\"Communaut\u00e9\",\"homepage-french\",\"Toutes les actualit\u00e9s\"],\"inLanguage\":\"fr-FR\",\"potentialAction\":[{\"@type\":\"CommentAction\",\"name\":\"Comment\",\"target\":[\"https:\/\/www.africa-press.net\/benin\/toutes-les-actualites\/plainte-de-boni-yayi-contre-letat-beninois-la-cour-de-justice-de-la-cedeao-delibere-ce-mercredi#respond\"]}]},{\"@type\":\"WebPage\",\"@id\":\"https:\/\/www.africa-press.net\/benin\/toutes-les-actualites\/plainte-de-boni-yayi-contre-letat-beninois-la-cour-de-justice-de-la-cedeao-delibere-ce-mercredi\",\"url\":\"https:\/\/www.africa-press.net\/benin\/toutes-les-actualites\/plainte-de-boni-yayi-contre-letat-beninois-la-cour-de-justice-de-la-cedeao-delibere-ce-mercredi\",\"name\":\"Plainte de Boni Yayi contre l\u2019Etat b\u00e9ninois: la Cour de justice de la Cedeao d\u00e9lib\u00e8re ce mercredi - B\u00e9nin\",\"isPartOf\":{\"@id\":\"https:\/\/www.africa-press.net\/benin\/#website\"},\"primaryImageOfPage\":{\"@id\":\"https:\/\/www.africa-press.net\/benin\/toutes-les-actualites\/plainte-de-boni-yayi-contre-letat-beninois-la-cour-de-justice-de-la-cedeao-delibere-ce-mercredi#primaryimage\"},\"image\":{\"@id\":\"https:\/\/www.africa-press.net\/benin\/toutes-les-actualites\/plainte-de-boni-yayi-contre-letat-beninois-la-cour-de-justice-de-la-cedeao-delibere-ce-mercredi#primaryimage\"},\"thumbnailUrl\":\"https:\/\/static.africa-press.net\/benin\/sites\/46\/2022\/07\/postQueueImg_30.jpg\",\"datePublished\":\"2022-07-11T16:35:20+00:00\",\"dateModified\":\"2022-07-11T16:53:20+00:00\",\"author\":{\"@id\":\"https:\/\/www.africa-press.net\/benin\/#\/schema\/person\/2b1cf3cd81a31e3cd26889ca66d677f1\"},\"description\":\"Le dossier opposant l\u2019ancien pr\u00e9sident Boni Yayi et l\u2019Etat b\u00e9ninois est programm\u00e9 \u00e0 l\u2019audience du mercredi 13 juillet 20 ...\",\"breadcrumb\":{\"@id\":\"https:\/\/www.africa-press.net\/benin\/toutes-les-actualites\/plainte-de-boni-yayi-contre-letat-beninois-la-cour-de-justice-de-la-cedeao-delibere-ce-mercredi#breadcrumb\"},\"inLanguage\":\"fr-FR\",\"potentialAction\":[{\"@type\":\"ReadAction\",\"target\":[\"https:\/\/www.africa-press.net\/benin\/toutes-les-actualites\/plainte-de-boni-yayi-contre-letat-beninois-la-cour-de-justice-de-la-cedeao-delibere-ce-mercredi\"]}]},{\"@type\":\"ImageObject\",\"inLanguage\":\"fr-FR\",\"@id\":\"https:\/\/www.africa-press.net\/benin\/toutes-les-actualites\/plainte-de-boni-yayi-contre-letat-beninois-la-cour-de-justice-de-la-cedeao-delibere-ce-mercredi#primaryimage\",\"url\":\"https:\/\/static.africa-press.net\/benin\/sites\/46\/2022\/07\/postQueueImg_30.jpg\",\"contentUrl\":\"https:\/\/static.africa-press.net\/benin\/sites\/46\/2022\/07\/postQueueImg_30.jpg\",\"width\":1440,\"height\":720,\"caption\":\"Plainte de Boni Yayi contre l\u2019Etat b\u00e9ninois: la Cour de justice de la Cedeao d\u00e9lib\u00e8re ce mercredi\"},{\"@type\":\"BreadcrumbList\",\"@id\":\"https:\/\/www.africa-press.net\/benin\/toutes-les-actualites\/plainte-de-boni-yayi-contre-letat-beninois-la-cour-de-justice-de-la-cedeao-delibere-ce-mercredi#breadcrumb\",\"itemListElement\":[{\"@type\":\"ListItem\",\"position\":1,\"name\":\"Accueil\",\"item\":\"https:\/\/www.africa-press.net\/benin\/\"},{\"@type\":\"ListItem\",\"position\":2,\"name\":\"Plainte de Boni Yayi contre l\u2019Etat b\u00e9ninois: la Cour de justice de la Cedeao d\u00e9lib\u00e8re ce mercredi\"}]},{\"@type\":\"WebSite\",\"@id\":\"https:\/\/www.africa-press.net\/benin\/#website\",\"url\":\"https:\/\/www.africa-press.net\/benin\/\",\"name\":\"B\u00e9nin\",\"description\":\"Just another Africa News Agency Sites site\",\"potentialAction\":[{\"@type\":\"SearchAction\",\"target\":{\"@type\":\"EntryPoint\",\"urlTemplate\":\"https:\/\/www.africa-press.net\/benin\/?s={search_term_string}\"},\"query-input\":{\"@type\":\"PropertyValueSpecification\",\"valueRequired\":true,\"valueName\":\"search_term_string\"}}],\"inLanguage\":\"fr-FR\"},{\"@type\":\"Person\",\"@id\":\"https:\/\/www.africa-press.net\/benin\/#\/schema\/person\/2b1cf3cd81a31e3cd26889ca66d677f1\",\"name\":\"cfeditorfr\"}]}<\/script>\n<!-- \/ Yoast SEO Premium plugin. -->","yoast_head_json":{"title":"Plainte de Boni Yayi contre l\u2019Etat b\u00e9ninois: la Cour de justice de la Cedeao d\u00e9lib\u00e8re ce mercredi - B\u00e9nin","description":"Le dossier opposant l\u2019ancien pr\u00e9sident Boni Yayi et l\u2019Etat b\u00e9ninois est programm\u00e9 \u00e0 l\u2019audience du mercredi 13 juillet 20 ...","robots":{"index":"index","follow":"follow","max-snippet":"max-snippet:-1","max-image-preview":"max-image-preview:large","max-video-preview":"max-video-preview:-1"},"canonical":"https:\/\/www.africa-press.net\/benin\/toutes-les-actualites\/plainte-de-boni-yayi-contre-letat-beninois-la-cour-de-justice-de-la-cedeao-delibere-ce-mercredi","og_locale":"fr_FR","og_type":"article","og_title":"Plainte de Boni Yayi contre l\u2019Etat b\u00e9ninois: la Cour de justice de la Cedeao d\u00e9lib\u00e8re ce mercredi","og_description":"Le dossier opposant l\u2019ancien pr\u00e9sident Boni Yayi et l\u2019Etat b\u00e9ninois est programm\u00e9 \u00e0 l\u2019audience du mercredi 13 juillet 20 ...","og_url":"https:\/\/www.africa-press.net\/benin\/toutes-les-actualites\/plainte-de-boni-yayi-contre-letat-beninois-la-cour-de-justice-de-la-cedeao-delibere-ce-mercredi","og_site_name":"B\u00e9nin","article_published_time":"2022-07-11T16:35:20+00:00","article_modified_time":"2022-07-11T16:53:20+00:00","og_image":[{"width":1440,"height":720,"url":"https:\/\/static.africa-press.net\/benin\/sites\/46\/2022\/07\/postQueueImg_30.jpg","type":"image\/jpeg"}],"author":"cfeditorfr","twitter_card":"summary_large_image","twitter_misc":{"\u00c9crit par":"cfeditorfr","Dur\u00e9e de lecture estim\u00e9e":"1 minute"},"schema":{"@context":"https:\/\/schema.org","@graph":[{"@type":"Article","@id":"https:\/\/www.africa-press.net\/benin\/toutes-les-actualites\/plainte-de-boni-yayi-contre-letat-beninois-la-cour-de-justice-de-la-cedeao-delibere-ce-mercredi#article","isPartOf":{"@id":"https:\/\/www.africa-press.net\/benin\/toutes-les-actualites\/plainte-de-boni-yayi-contre-letat-beninois-la-cour-de-justice-de-la-cedeao-delibere-ce-mercredi"},"author":{"name":"cfeditorfr","@id":"https:\/\/www.africa-press.net\/benin\/#\/schema\/person\/2b1cf3cd81a31e3cd26889ca66d677f1"},"headline":"Plainte de Boni Yayi contre l\u2019Etat b\u00e9ninois: la Cour de justice de la Cedeao d\u00e9lib\u00e8re ce mercredi","datePublished":"2022-07-11T16:35:20+00:00","dateModified":"2022-07-11T16:53:20+00:00","mainEntityOfPage":{"@id":"https:\/\/www.africa-press.net\/benin\/toutes-les-actualites\/plainte-de-boni-yayi-contre-letat-beninois-la-cour-de-justice-de-la-cedeao-delibere-ce-mercredi"},"wordCount":258,"commentCount":0,"image":{"@id":"https:\/\/www.africa-press.net\/benin\/toutes-les-actualites\/plainte-de-boni-yayi-contre-letat-beninois-la-cour-de-justice-de-la-cedeao-delibere-ce-mercredi#primaryimage"},"thumbnailUrl":"https:\/\/static.africa-press.net\/benin\/sites\/46\/2022\/07\/postQueueImg_30.jpg","keywords":["Africa Press","Africa Press-Benin","B\u00e9nin"],"articleSection":["Communaut\u00e9","homepage-french","Toutes les actualit\u00e9s"],"inLanguage":"fr-FR","potentialAction":[{"@type":"CommentAction","name":"Comment","target":["https:\/\/www.africa-press.net\/benin\/toutes-les-actualites\/plainte-de-boni-yayi-contre-letat-beninois-la-cour-de-justice-de-la-cedeao-delibere-ce-mercredi#respond"]}]},{"@type":"WebPage","@id":"https:\/\/www.africa-press.net\/benin\/toutes-les-actualites\/plainte-de-boni-yayi-contre-letat-beninois-la-cour-de-justice-de-la-cedeao-delibere-ce-mercredi","url":"https:\/\/www.africa-press.net\/benin\/toutes-les-actualites\/plainte-de-boni-yayi-contre-letat-beninois-la-cour-de-justice-de-la-cedeao-delibere-ce-mercredi","name":"Plainte de Boni Yayi contre l\u2019Etat b\u00e9ninois: la Cour de justice de la Cedeao d\u00e9lib\u00e8re ce mercredi - B\u00e9nin","isPartOf":{"@id":"https:\/\/www.africa-press.net\/benin\/#website"},"primaryImageOfPage":{"@id":"https:\/\/www.africa-press.net\/benin\/toutes-les-actualites\/plainte-de-boni-yayi-contre-letat-beninois-la-cour-de-justice-de-la-cedeao-delibere-ce-mercredi#primaryimage"},"image":{"@id":"https:\/\/www.africa-press.net\/benin\/toutes-les-actualites\/plainte-de-boni-yayi-contre-letat-beninois-la-cour-de-justice-de-la-cedeao-delibere-ce-mercredi#primaryimage"},"thumbnailUrl":"https:\/\/static.africa-press.net\/benin\/sites\/46\/2022\/07\/postQueueImg_30.jpg","datePublished":"2022-07-11T16:35:20+00:00","dateModified":"2022-07-11T16:53:20+00:00","author":{"@id":"https:\/\/www.africa-press.net\/benin\/#\/schema\/person\/2b1cf3cd81a31e3cd26889ca66d677f1"},"description":"Le dossier opposant l\u2019ancien pr\u00e9sident Boni Yayi et l\u2019Etat b\u00e9ninois est programm\u00e9 \u00e0 l\u2019audience du mercredi 13 juillet 20 ...","breadcrumb":{"@id":"https:\/\/www.africa-press.net\/benin\/toutes-les-actualites\/plainte-de-boni-yayi-contre-letat-beninois-la-cour-de-justice-de-la-cedeao-delibere-ce-mercredi#breadcrumb"},"inLanguage":"fr-FR","potentialAction":[{"@type":"ReadAction","target":["https:\/\/www.africa-press.net\/benin\/toutes-les-actualites\/plainte-de-boni-yayi-contre-letat-beninois-la-cour-de-justice-de-la-cedeao-delibere-ce-mercredi"]}]},{"@type":"ImageObject","inLanguage":"fr-FR","@id":"https:\/\/www.africa-press.net\/benin\/toutes-les-actualites\/plainte-de-boni-yayi-contre-letat-beninois-la-cour-de-justice-de-la-cedeao-delibere-ce-mercredi#primaryimage","url":"https:\/\/static.africa-press.net\/benin\/sites\/46\/2022\/07\/postQueueImg_30.jpg","contentUrl":"https:\/\/static.africa-press.net\/benin\/sites\/46\/2022\/07\/postQueueImg_30.jpg","width":1440,"height":720,"caption":"Plainte de Boni Yayi contre l\u2019Etat b\u00e9ninois: la Cour de justice de la Cedeao d\u00e9lib\u00e8re ce mercredi"},{"@type":"BreadcrumbList","@id":"https:\/\/www.africa-press.net\/benin\/toutes-les-actualites\/plainte-de-boni-yayi-contre-letat-beninois-la-cour-de-justice-de-la-cedeao-delibere-ce-mercredi#breadcrumb","itemListElement":[{"@type":"ListItem","position":1,"name":"Accueil","item":"https:\/\/www.africa-press.net\/benin\/"},{"@type":"ListItem","position":2,"name":"Plainte de Boni Yayi contre l\u2019Etat b\u00e9ninois: la Cour de justice de la Cedeao d\u00e9lib\u00e8re ce mercredi"}]},{"@type":"WebSite","@id":"https:\/\/www.africa-press.net\/benin\/#website","url":"https:\/\/www.africa-press.net\/benin\/","name":"B\u00e9nin","description":"Just another Africa News Agency Sites site","potentialAction":[{"@type":"SearchAction","target":{"@type":"EntryPoint","urlTemplate":"https:\/\/www.africa-press.net\/benin\/?s={search_term_string}"},"query-input":{"@type":"PropertyValueSpecification","valueRequired":true,"valueName":"search_term_string"}}],"inLanguage":"fr-FR"},{"@type":"Person","@id":"https:\/\/www.africa-press.net\/benin\/#\/schema\/person\/2b1cf3cd81a31e3cd26889ca66d677f1","name":"cfeditorfr"}]}},"_links":{"self":[{"href":"https:\/\/www.africa-press.net\/benin\/wp-json\/wp\/v2\/posts\/6790","targetHints":{"allow":["GET"]}}],"collection":[{"href":"https:\/\/www.africa-press.net\/benin\/wp-json\/wp\/v2\/posts"}],"about":[{"href":"https:\/\/www.africa-press.net\/benin\/wp-json\/wp\/v2\/types\/post"}],"author":[{"embeddable":true,"href":"https:\/\/www.africa-press.net\/benin\/wp-json\/wp\/v2\/users\/82"}],"replies":[{"embeddable":true,"href":"https:\/\/www.africa-press.net\/benin\/wp-json\/wp\/v2\/comments?post=6790"}],"version-history":[{"count":0,"href":"https:\/\/www.africa-press.net\/benin\/wp-json\/wp\/v2\/posts\/6790\/revisions"}],"wp:featuredmedia":[{"embeddable":true,"href":"https:\/\/www.africa-press.net\/benin\/wp-json\/wp\/v2\/media\/6789"}],"wp:attachment":[{"href":"https:\/\/www.africa-press.net\/benin\/wp-json\/wp\/v2\/media?parent=6790"}],"wp:term":[{"taxonomy":"category","embeddable":true,"href":"https:\/\/www.africa-press.net\/benin\/wp-json\/wp\/v2\/categories?post=6790"},{"taxonomy":"post_tag","embeddable":true,"href":"https:\/\/www.africa-press.net\/benin\/wp-json\/wp\/v2\/tags?post=6790"}],"curies":[{"name":"wp","href":"https:\/\/api.w.org\/{rel}","templated":true}]}}