{"id":6793,"date":"2022-07-11T16:35:34","date_gmt":"2022-07-11T16:35:34","guid":{"rendered":"https:\/\/www.africa-press.net\/benin\/politique\/benin-accuse-descroquerie-un-agent-de-la-prefecture-devant-la-criet-le-25-juillet"},"modified":"2022-07-11T16:53:51","modified_gmt":"2022-07-11T16:53:51","slug":"benin-accuse-descroquerie-un-agent-de-la-prefecture-devant-la-criet-le-25-juillet","status":"publish","type":"post","link":"https:\/\/www.africa-press.net\/benin\/toutes-les-actualites\/benin-accuse-descroquerie-un-agent-de-la-prefecture-devant-la-criet-le-25-juillet","title":{"rendered":"B\u00e9nin: accus\u00e9 d\u2019escroquerie, un agent de la pr\u00e9fecture devant la CRIET le 25 Juillet"},"content":{"rendered":"<p><span style=\"color: #ff6600\"><strong>Africa-Press &#8211; Benin. <\/strong><\/span>Un fonctionnaire de la pr\u00e9fecture de Cotonou sera devant la cour de r\u00e9pression des infractions \u00e9conomiques et du terrorisme (CRIET) le 25 Juillet prochain. Soup\u00e7onn\u00e9 d\u2019escroquerie et pr\u00e9sent\u00e9 le vendredi 08 Juillet dernier au procureur, il a \u00e9t\u00e9 plac\u00e9 en d\u00e9tention provisoire.<\/p>\n<p>Selon les faits tels que rapport\u00e9s, le fonctionnaire de la pr\u00e9fecture de Cotonou en complicit\u00e9 avec une dame, se fait passer pour des proches du procureur sp\u00e9cial de la cour de r\u00e9pression des infractions \u00e9conomiques et du terrorisme (CRIET) pour escroquer des \u00e2mes na\u00efves qui sont dans les liens de la justice.<\/p>\n<p>Gr\u00e2ce \u00e0 leur man\u0153uvre, les deux complices ont r\u00e9ussi \u00e0 extorquer une somme de deux millions et demi (2.500.000) de francs cfa \u00e0 un d\u00e9tenu \u00e0 qui ils ont fait des promesses d\u2019acquittement \u00e0 l\u2019issue de son proc\u00e8s.<\/p>\n<p>Mais au cours du proc\u00e8s, les choses ne se sont plus d\u00e9roul\u00e9es comme convenu; le pr\u00e9venu fut condamn\u00e9. Retenue dans les liens de la justice apr\u00e8s son proc\u00e8s, la victime des deux pr\u00e9sum\u00e9s escrocs est pass\u00e9 aux d\u00e9nonciations.<\/p>\n<p>Le fonctionnaire de la pr\u00e9fecture de Cotonou impliqu\u00e9 dans ce dossier et sa complice furent alors interpell\u00e9s. Pr\u00e9sent\u00e9s au procureur sp\u00e9cial de la cour de r\u00e9pression des infractions \u00e9conomiques et du terrorisme (CRIET), les deux ont \u00e9t\u00e9 plac\u00e9s en d\u00e9tention provisoire. Leur proc\u00e8s est programm\u00e9 pour le 25 Juillet prochain.<\/p>\n<p><strong>Pour plus d&rsquo;informations et d&rsquo;analyses sur la <a href=\"https:\/\/www.africa-press.net\/benin\">Benin<\/a>, suivez <a href=\"https:\/\/www.africa-press.net\/\">Africa-Press<\/a><\/strong><\/p>\n","protected":false},"excerpt":{"rendered":"<p>Africa-Press &#8211; Benin. Un fonctionnaire de la pr\u00e9fecture de Cotonou sera devant la cour de r\u00e9pression des infractions \u00e9conomiques et du terrorisme (CRIET) le 25 Juillet prochain. Soup\u00e7onn\u00e9 d\u2019escroquerie et pr\u00e9sent\u00e9 le vendredi 08 Juillet dernier au procureur, il a \u00e9t\u00e9 plac\u00e9 en d\u00e9tention provisoire. Selon les faits tels que rapport\u00e9s, le fonctionnaire de la [&hellip;]<\/p>\n","protected":false},"author":82,"featured_media":6792,"comment_status":"open","ping_status":"closed","sticky":false,"template":"","format":"standard","meta":{"footnotes":""},"categories":[21,11,10],"tags":[36,50,45],"class_list":["post-6793","post","type-post","status-publish","format-standard","has-post-thumbnail","hentry","category-communaute","category-homepage-french","category-toutes-les-actualites","tag-africa-press","tag-africa-press-benin","tag-benin"],"yoast_head":"<!-- This site is optimized with the Yoast SEO Premium plugin v26.1 (Yoast SEO v27.0) - https:\/\/yoast.com\/product\/yoast-seo-premium-wordpress\/ -->\n<title>B\u00e9nin: accus\u00e9 d\u2019escroquerie, un agent de la pr\u00e9fecture devant la CRIET le 25 Juillet - B\u00e9nin<\/title>\n<meta name=\"description\" content=\"Un fonctionnaire de la pr\u00e9fecture de Cotonou sera devant la cour de r\u00e9pression des infractions \u00e9conomiques et du terrori ...\" \/>\n<meta name=\"robots\" content=\"index, follow, max-snippet:-1, max-image-preview:large, max-video-preview:-1\" \/>\n<link rel=\"canonical\" href=\"https:\/\/www.africa-press.net\/benin\/toutes-les-actualites\/benin-accuse-descroquerie-un-agent-de-la-prefecture-devant-la-criet-le-25-juillet\" \/>\n<meta property=\"og:locale\" content=\"fr_FR\" \/>\n<meta property=\"og:type\" content=\"article\" \/>\n<meta property=\"og:title\" content=\"B\u00e9nin: accus\u00e9 d\u2019escroquerie, un agent de la pr\u00e9fecture devant la CRIET le 25 Juillet\" \/>\n<meta property=\"og:description\" content=\"Un fonctionnaire de la pr\u00e9fecture de Cotonou sera devant la cour de r\u00e9pression des infractions \u00e9conomiques et du terrori ...\" \/>\n<meta property=\"og:url\" content=\"https:\/\/www.africa-press.net\/benin\/toutes-les-actualites\/benin-accuse-descroquerie-un-agent-de-la-prefecture-devant-la-criet-le-25-juillet\" \/>\n<meta property=\"og:site_name\" content=\"B\u00e9nin\" \/>\n<meta property=\"article:published_time\" content=\"2022-07-11T16:35:34+00:00\" \/>\n<meta property=\"article:modified_time\" content=\"2022-07-11T16:53:51+00:00\" \/>\n<meta property=\"og:image\" content=\"https:\/\/static.africa-press.net\/benin\/sites\/46\/2022\/07\/postQueueImg_31.jpg\" \/>\n\t<meta property=\"og:image:width\" content=\"1280\" \/>\n\t<meta property=\"og:image:height\" content=\"720\" \/>\n\t<meta property=\"og:image:type\" content=\"image\/jpeg\" \/>\n<meta name=\"author\" content=\"cfeditorfr\" \/>\n<meta name=\"twitter:card\" content=\"summary_large_image\" \/>\n<meta name=\"twitter:label1\" content=\"\u00c9crit par\" \/>\n\t<meta name=\"twitter:data1\" content=\"cfeditorfr\" \/>\n\t<meta name=\"twitter:label2\" content=\"Dur\u00e9e de lecture estim\u00e9e\" \/>\n\t<meta name=\"twitter:data2\" content=\"1 minute\" \/>\n<script type=\"application\/ld+json\" class=\"yoast-schema-graph\">{\"@context\":\"https:\/\/schema.org\",\"@graph\":[{\"@type\":\"Article\",\"@id\":\"https:\/\/www.africa-press.net\/benin\/toutes-les-actualites\/benin-accuse-descroquerie-un-agent-de-la-prefecture-devant-la-criet-le-25-juillet#article\",\"isPartOf\":{\"@id\":\"https:\/\/www.africa-press.net\/benin\/toutes-les-actualites\/benin-accuse-descroquerie-un-agent-de-la-prefecture-devant-la-criet-le-25-juillet\"},\"author\":{\"name\":\"cfeditorfr\",\"@id\":\"https:\/\/www.africa-press.net\/benin\/#\/schema\/person\/2b1cf3cd81a31e3cd26889ca66d677f1\"},\"headline\":\"B\u00e9nin: accus\u00e9 d\u2019escroquerie, un agent de la pr\u00e9fecture devant la CRIET le 25 Juillet\",\"datePublished\":\"2022-07-11T16:35:34+00:00\",\"dateModified\":\"2022-07-11T16:53:51+00:00\",\"mainEntityOfPage\":{\"@id\":\"https:\/\/www.africa-press.net\/benin\/toutes-les-actualites\/benin-accuse-descroquerie-un-agent-de-la-prefecture-devant-la-criet-le-25-juillet\"},\"wordCount\":278,\"commentCount\":0,\"image\":{\"@id\":\"https:\/\/www.africa-press.net\/benin\/toutes-les-actualites\/benin-accuse-descroquerie-un-agent-de-la-prefecture-devant-la-criet-le-25-juillet#primaryimage\"},\"thumbnailUrl\":\"https:\/\/static.africa-press.net\/benin\/sites\/46\/2022\/07\/postQueueImg_31.jpg\",\"keywords\":[\"Africa Press\",\"Africa Press-Benin\",\"B\u00e9nin\"],\"articleSection\":[\"Communaut\u00e9\",\"homepage-french\",\"Toutes les actualit\u00e9s\"],\"inLanguage\":\"fr-FR\",\"potentialAction\":[{\"@type\":\"CommentAction\",\"name\":\"Comment\",\"target\":[\"https:\/\/www.africa-press.net\/benin\/toutes-les-actualites\/benin-accuse-descroquerie-un-agent-de-la-prefecture-devant-la-criet-le-25-juillet#respond\"]}]},{\"@type\":\"WebPage\",\"@id\":\"https:\/\/www.africa-press.net\/benin\/toutes-les-actualites\/benin-accuse-descroquerie-un-agent-de-la-prefecture-devant-la-criet-le-25-juillet\",\"url\":\"https:\/\/www.africa-press.net\/benin\/toutes-les-actualites\/benin-accuse-descroquerie-un-agent-de-la-prefecture-devant-la-criet-le-25-juillet\",\"name\":\"B\u00e9nin: accus\u00e9 d\u2019escroquerie, un agent de la pr\u00e9fecture devant la CRIET le 25 Juillet - B\u00e9nin\",\"isPartOf\":{\"@id\":\"https:\/\/www.africa-press.net\/benin\/#website\"},\"primaryImageOfPage\":{\"@id\":\"https:\/\/www.africa-press.net\/benin\/toutes-les-actualites\/benin-accuse-descroquerie-un-agent-de-la-prefecture-devant-la-criet-le-25-juillet#primaryimage\"},\"image\":{\"@id\":\"https:\/\/www.africa-press.net\/benin\/toutes-les-actualites\/benin-accuse-descroquerie-un-agent-de-la-prefecture-devant-la-criet-le-25-juillet#primaryimage\"},\"thumbnailUrl\":\"https:\/\/static.africa-press.net\/benin\/sites\/46\/2022\/07\/postQueueImg_31.jpg\",\"datePublished\":\"2022-07-11T16:35:34+00:00\",\"dateModified\":\"2022-07-11T16:53:51+00:00\",\"author\":{\"@id\":\"https:\/\/www.africa-press.net\/benin\/#\/schema\/person\/2b1cf3cd81a31e3cd26889ca66d677f1\"},\"description\":\"Un fonctionnaire de la pr\u00e9fecture de Cotonou sera devant la cour de r\u00e9pression des infractions \u00e9conomiques et du terrori ...\",\"breadcrumb\":{\"@id\":\"https:\/\/www.africa-press.net\/benin\/toutes-les-actualites\/benin-accuse-descroquerie-un-agent-de-la-prefecture-devant-la-criet-le-25-juillet#breadcrumb\"},\"inLanguage\":\"fr-FR\",\"potentialAction\":[{\"@type\":\"ReadAction\",\"target\":[\"https:\/\/www.africa-press.net\/benin\/toutes-les-actualites\/benin-accuse-descroquerie-un-agent-de-la-prefecture-devant-la-criet-le-25-juillet\"]}]},{\"@type\":\"ImageObject\",\"inLanguage\":\"fr-FR\",\"@id\":\"https:\/\/www.africa-press.net\/benin\/toutes-les-actualites\/benin-accuse-descroquerie-un-agent-de-la-prefecture-devant-la-criet-le-25-juillet#primaryimage\",\"url\":\"https:\/\/static.africa-press.net\/benin\/sites\/46\/2022\/07\/postQueueImg_31.jpg\",\"contentUrl\":\"https:\/\/static.africa-press.net\/benin\/sites\/46\/2022\/07\/postQueueImg_31.jpg\",\"width\":1280,\"height\":720,\"caption\":\"B\u00e9nin: accus\u00e9 d\u2019escroquerie, un agent de la pr\u00e9fecture devant la CRIET le 25 Juillet\"},{\"@type\":\"BreadcrumbList\",\"@id\":\"https:\/\/www.africa-press.net\/benin\/toutes-les-actualites\/benin-accuse-descroquerie-un-agent-de-la-prefecture-devant-la-criet-le-25-juillet#breadcrumb\",\"itemListElement\":[{\"@type\":\"ListItem\",\"position\":1,\"name\":\"Accueil\",\"item\":\"https:\/\/www.africa-press.net\/benin\/\"},{\"@type\":\"ListItem\",\"position\":2,\"name\":\"B\u00e9nin: accus\u00e9 d\u2019escroquerie, un agent de la pr\u00e9fecture devant la CRIET le 25 Juillet\"}]},{\"@type\":\"WebSite\",\"@id\":\"https:\/\/www.africa-press.net\/benin\/#website\",\"url\":\"https:\/\/www.africa-press.net\/benin\/\",\"name\":\"B\u00e9nin\",\"description\":\"Just another Africa News Agency Sites site\",\"potentialAction\":[{\"@type\":\"SearchAction\",\"target\":{\"@type\":\"EntryPoint\",\"urlTemplate\":\"https:\/\/www.africa-press.net\/benin\/?s={search_term_string}\"},\"query-input\":{\"@type\":\"PropertyValueSpecification\",\"valueRequired\":true,\"valueName\":\"search_term_string\"}}],\"inLanguage\":\"fr-FR\"},{\"@type\":\"Person\",\"@id\":\"https:\/\/www.africa-press.net\/benin\/#\/schema\/person\/2b1cf3cd81a31e3cd26889ca66d677f1\",\"name\":\"cfeditorfr\"}]}<\/script>\n<!-- \/ Yoast SEO Premium plugin. -->","yoast_head_json":{"title":"B\u00e9nin: accus\u00e9 d\u2019escroquerie, un agent de la pr\u00e9fecture devant la CRIET le 25 Juillet - B\u00e9nin","description":"Un fonctionnaire de la pr\u00e9fecture de Cotonou sera devant la cour de r\u00e9pression des infractions \u00e9conomiques et du terrori ...","robots":{"index":"index","follow":"follow","max-snippet":"max-snippet:-1","max-image-preview":"max-image-preview:large","max-video-preview":"max-video-preview:-1"},"canonical":"https:\/\/www.africa-press.net\/benin\/toutes-les-actualites\/benin-accuse-descroquerie-un-agent-de-la-prefecture-devant-la-criet-le-25-juillet","og_locale":"fr_FR","og_type":"article","og_title":"B\u00e9nin: accus\u00e9 d\u2019escroquerie, un agent de la pr\u00e9fecture devant la CRIET le 25 Juillet","og_description":"Un fonctionnaire de la pr\u00e9fecture de Cotonou sera devant la cour de r\u00e9pression des infractions \u00e9conomiques et du terrori ...","og_url":"https:\/\/www.africa-press.net\/benin\/toutes-les-actualites\/benin-accuse-descroquerie-un-agent-de-la-prefecture-devant-la-criet-le-25-juillet","og_site_name":"B\u00e9nin","article_published_time":"2022-07-11T16:35:34+00:00","article_modified_time":"2022-07-11T16:53:51+00:00","og_image":[{"width":1280,"height":720,"url":"https:\/\/static.africa-press.net\/benin\/sites\/46\/2022\/07\/postQueueImg_31.jpg","type":"image\/jpeg"}],"author":"cfeditorfr","twitter_card":"summary_large_image","twitter_misc":{"\u00c9crit par":"cfeditorfr","Dur\u00e9e de lecture estim\u00e9e":"1 minute"},"schema":{"@context":"https:\/\/schema.org","@graph":[{"@type":"Article","@id":"https:\/\/www.africa-press.net\/benin\/toutes-les-actualites\/benin-accuse-descroquerie-un-agent-de-la-prefecture-devant-la-criet-le-25-juillet#article","isPartOf":{"@id":"https:\/\/www.africa-press.net\/benin\/toutes-les-actualites\/benin-accuse-descroquerie-un-agent-de-la-prefecture-devant-la-criet-le-25-juillet"},"author":{"name":"cfeditorfr","@id":"https:\/\/www.africa-press.net\/benin\/#\/schema\/person\/2b1cf3cd81a31e3cd26889ca66d677f1"},"headline":"B\u00e9nin: accus\u00e9 d\u2019escroquerie, un agent de la pr\u00e9fecture devant la CRIET le 25 Juillet","datePublished":"2022-07-11T16:35:34+00:00","dateModified":"2022-07-11T16:53:51+00:00","mainEntityOfPage":{"@id":"https:\/\/www.africa-press.net\/benin\/toutes-les-actualites\/benin-accuse-descroquerie-un-agent-de-la-prefecture-devant-la-criet-le-25-juillet"},"wordCount":278,"commentCount":0,"image":{"@id":"https:\/\/www.africa-press.net\/benin\/toutes-les-actualites\/benin-accuse-descroquerie-un-agent-de-la-prefecture-devant-la-criet-le-25-juillet#primaryimage"},"thumbnailUrl":"https:\/\/static.africa-press.net\/benin\/sites\/46\/2022\/07\/postQueueImg_31.jpg","keywords":["Africa Press","Africa Press-Benin","B\u00e9nin"],"articleSection":["Communaut\u00e9","homepage-french","Toutes les actualit\u00e9s"],"inLanguage":"fr-FR","potentialAction":[{"@type":"CommentAction","name":"Comment","target":["https:\/\/www.africa-press.net\/benin\/toutes-les-actualites\/benin-accuse-descroquerie-un-agent-de-la-prefecture-devant-la-criet-le-25-juillet#respond"]}]},{"@type":"WebPage","@id":"https:\/\/www.africa-press.net\/benin\/toutes-les-actualites\/benin-accuse-descroquerie-un-agent-de-la-prefecture-devant-la-criet-le-25-juillet","url":"https:\/\/www.africa-press.net\/benin\/toutes-les-actualites\/benin-accuse-descroquerie-un-agent-de-la-prefecture-devant-la-criet-le-25-juillet","name":"B\u00e9nin: accus\u00e9 d\u2019escroquerie, un agent de la pr\u00e9fecture devant la CRIET le 25 Juillet - B\u00e9nin","isPartOf":{"@id":"https:\/\/www.africa-press.net\/benin\/#website"},"primaryImageOfPage":{"@id":"https:\/\/www.africa-press.net\/benin\/toutes-les-actualites\/benin-accuse-descroquerie-un-agent-de-la-prefecture-devant-la-criet-le-25-juillet#primaryimage"},"image":{"@id":"https:\/\/www.africa-press.net\/benin\/toutes-les-actualites\/benin-accuse-descroquerie-un-agent-de-la-prefecture-devant-la-criet-le-25-juillet#primaryimage"},"thumbnailUrl":"https:\/\/static.africa-press.net\/benin\/sites\/46\/2022\/07\/postQueueImg_31.jpg","datePublished":"2022-07-11T16:35:34+00:00","dateModified":"2022-07-11T16:53:51+00:00","author":{"@id":"https:\/\/www.africa-press.net\/benin\/#\/schema\/person\/2b1cf3cd81a31e3cd26889ca66d677f1"},"description":"Un fonctionnaire de la pr\u00e9fecture de Cotonou sera devant la cour de r\u00e9pression des infractions \u00e9conomiques et du terrori ...","breadcrumb":{"@id":"https:\/\/www.africa-press.net\/benin\/toutes-les-actualites\/benin-accuse-descroquerie-un-agent-de-la-prefecture-devant-la-criet-le-25-juillet#breadcrumb"},"inLanguage":"fr-FR","potentialAction":[{"@type":"ReadAction","target":["https:\/\/www.africa-press.net\/benin\/toutes-les-actualites\/benin-accuse-descroquerie-un-agent-de-la-prefecture-devant-la-criet-le-25-juillet"]}]},{"@type":"ImageObject","inLanguage":"fr-FR","@id":"https:\/\/www.africa-press.net\/benin\/toutes-les-actualites\/benin-accuse-descroquerie-un-agent-de-la-prefecture-devant-la-criet-le-25-juillet#primaryimage","url":"https:\/\/static.africa-press.net\/benin\/sites\/46\/2022\/07\/postQueueImg_31.jpg","contentUrl":"https:\/\/static.africa-press.net\/benin\/sites\/46\/2022\/07\/postQueueImg_31.jpg","width":1280,"height":720,"caption":"B\u00e9nin: accus\u00e9 d\u2019escroquerie, un agent de la pr\u00e9fecture devant la CRIET le 25 Juillet"},{"@type":"BreadcrumbList","@id":"https:\/\/www.africa-press.net\/benin\/toutes-les-actualites\/benin-accuse-descroquerie-un-agent-de-la-prefecture-devant-la-criet-le-25-juillet#breadcrumb","itemListElement":[{"@type":"ListItem","position":1,"name":"Accueil","item":"https:\/\/www.africa-press.net\/benin\/"},{"@type":"ListItem","position":2,"name":"B\u00e9nin: accus\u00e9 d\u2019escroquerie, un agent de la pr\u00e9fecture devant la CRIET le 25 Juillet"}]},{"@type":"WebSite","@id":"https:\/\/www.africa-press.net\/benin\/#website","url":"https:\/\/www.africa-press.net\/benin\/","name":"B\u00e9nin","description":"Just another Africa News Agency Sites site","potentialAction":[{"@type":"SearchAction","target":{"@type":"EntryPoint","urlTemplate":"https:\/\/www.africa-press.net\/benin\/?s={search_term_string}"},"query-input":{"@type":"PropertyValueSpecification","valueRequired":true,"valueName":"search_term_string"}}],"inLanguage":"fr-FR"},{"@type":"Person","@id":"https:\/\/www.africa-press.net\/benin\/#\/schema\/person\/2b1cf3cd81a31e3cd26889ca66d677f1","name":"cfeditorfr"}]}},"_links":{"self":[{"href":"https:\/\/www.africa-press.net\/benin\/wp-json\/wp\/v2\/posts\/6793","targetHints":{"allow":["GET"]}}],"collection":[{"href":"https:\/\/www.africa-press.net\/benin\/wp-json\/wp\/v2\/posts"}],"about":[{"href":"https:\/\/www.africa-press.net\/benin\/wp-json\/wp\/v2\/types\/post"}],"author":[{"embeddable":true,"href":"https:\/\/www.africa-press.net\/benin\/wp-json\/wp\/v2\/users\/82"}],"replies":[{"embeddable":true,"href":"https:\/\/www.africa-press.net\/benin\/wp-json\/wp\/v2\/comments?post=6793"}],"version-history":[{"count":0,"href":"https:\/\/www.africa-press.net\/benin\/wp-json\/wp\/v2\/posts\/6793\/revisions"}],"wp:featuredmedia":[{"embeddable":true,"href":"https:\/\/www.africa-press.net\/benin\/wp-json\/wp\/v2\/media\/6792"}],"wp:attachment":[{"href":"https:\/\/www.africa-press.net\/benin\/wp-json\/wp\/v2\/media?parent=6793"}],"wp:term":[{"taxonomy":"category","embeddable":true,"href":"https:\/\/www.africa-press.net\/benin\/wp-json\/wp\/v2\/categories?post=6793"},{"taxonomy":"post_tag","embeddable":true,"href":"https:\/\/www.africa-press.net\/benin\/wp-json\/wp\/v2\/tags?post=6793"}],"curies":[{"name":"wp","href":"https:\/\/api.w.org\/{rel}","templated":true}]}}