{"id":6796,"date":"2022-07-11T16:35:43","date_gmt":"2022-07-11T16:35:43","guid":{"rendered":"https:\/\/www.africa-press.net\/benin\/politique\/palais-de-la-marina-joseph-djogbenou-recu-en-audience-par-patrice-talon"},"modified":"2022-07-11T16:54:22","modified_gmt":"2022-07-11T16:54:22","slug":"palais-de-la-marina-joseph-djogbenou-recu-en-audience-par-patrice-talon","status":"publish","type":"post","link":"https:\/\/www.africa-press.net\/benin\/politique\/palais-de-la-marina-joseph-djogbenou-recu-en-audience-par-patrice-talon","title":{"rendered":"Palais de la Marina: Joseph Djogb\u00e9nou re\u00e7u en audience par Patrice Talon"},"content":{"rendered":"<p><span style=\"color: #ff6600\"><strong>Africa-Press &#8211; Benin. <\/strong><\/span>Le pr\u00e9sident de la cour constitutionnelle, le professeur Joseph Djogb\u00e9nou a \u00e9t\u00e9 re\u00e7u en audience dans la matin\u00e9e de ce lundi 11 Juillet 2022, par le chef de l\u2019Etat, le pr\u00e9sident Patrice Talon.<\/p>\n<p>Le chef de l\u2019Etat, le pr\u00e9sident Patrice Talon a re\u00e7u en audience ce lundi 11 Juillet, Joseph Djogb\u00e9nou, pr\u00e9sident de la cour constitutionnelle. Les \u00e9changes entre les deux personnalit\u00e9s ont \u00e9t\u00e9 tenus loin des cam\u00e9ras et micros. A sa sortie d\u2019audience, l\u2019h\u00f4te du chef de l\u2019Etat n\u2019a fait aucune d\u00e9claration.<\/p>\n<p>Ex avocat personnel du chef de l\u2019Etat et universitaire, Me Joseph Djogb\u00e9nou est depuis le 8 juin 2018, le pr\u00e9sident de la cour constitutionnelle du B\u00e9nin, sixi\u00e8me mandature.<\/p>\n<p>Avant l\u2019audience de ce lundi 11 Juillet 2022, le pr\u00e9sident de la cour constitutionnelle, Joseph Djogb\u00e9nou avait \u00e9t\u00e9 d\u00e9j\u00e0 re\u00e7u par l\u2019ancien pr\u00e9sident de l\u2019assembl\u00e9e nationale, Me Adrien Houngb\u00e9dji. Au cours de cette visite de courtoisie, les deux personnalit\u00e9s ont \u00e9voqu\u00e9 des sujets d\u2019int\u00e9r\u00eat national.<\/p>\n<p>Mais depuis cette visite, des indiscr\u00e9tions font \u00e9tat de ce que le pr\u00e9sident de la cour constitutionnelle n\u2019aura pas un second mandat \u00e0 la t\u00eate de la haute juridiction. Il serait pressenti pour remplacer l\u2019actuel pr\u00e9sident de l\u2019assembl\u00e9e nationale en 2023. Il faut pr\u00e9ciser que Joseph Djogb\u00e9nou est \u00e0 moins d\u2019un an de la fin de son mandat.<\/p>\n<p><strong>Pour plus d&rsquo;informations et d&rsquo;analyses sur la <a href=\"https:\/\/www.africa-press.net\/benin\">Benin<\/a>, suivez <a href=\"https:\/\/www.africa-press.net\/\">Africa-Press<\/a><\/strong><\/p>\n","protected":false},"excerpt":{"rendered":"<p>Africa-Press &#8211; Benin. Le pr\u00e9sident de la cour constitutionnelle, le professeur Joseph Djogb\u00e9nou a \u00e9t\u00e9 re\u00e7u en audience dans la matin\u00e9e de ce lundi 11 Juillet 2022, par le chef de l\u2019Etat, le pr\u00e9sident Patrice Talon. Le chef de l\u2019Etat, le pr\u00e9sident Patrice Talon a re\u00e7u en audience ce lundi 11 Juillet, Joseph Djogb\u00e9nou, pr\u00e9sident [&hellip;]<\/p>\n","protected":false},"author":82,"featured_media":6795,"comment_status":"open","ping_status":"closed","sticky":false,"template":"","format":"standard","meta":{"footnotes":""},"categories":[11,2,10],"tags":[36,50,45],"class_list":["post-6796","post","type-post","status-publish","format-standard","has-post-thumbnail","hentry","category-homepage-french","category-politique","category-toutes-les-actualites","tag-africa-press","tag-africa-press-benin","tag-benin"],"yoast_head":"<!-- This site is optimized with the Yoast SEO Premium plugin v26.1 (Yoast SEO v27.0) - https:\/\/yoast.com\/product\/yoast-seo-premium-wordpress\/ -->\n<title>Palais de la Marina: Joseph Djogb\u00e9nou re\u00e7u en audience par Patrice Talon - B\u00e9nin<\/title>\n<meta name=\"description\" content=\"Le pr\u00e9sident de la cour constitutionnelle, le professeur Joseph Djogb\u00e9nou a \u00e9t\u00e9 re\u00e7u en audience dans la matin\u00e9e de ce l ...\" \/>\n<meta name=\"robots\" content=\"index, follow, max-snippet:-1, max-image-preview:large, max-video-preview:-1\" \/>\n<link rel=\"canonical\" href=\"https:\/\/www.africa-press.net\/benin\/politique\/palais-de-la-marina-joseph-djogbenou-recu-en-audience-par-patrice-talon\" \/>\n<meta property=\"og:locale\" content=\"fr_FR\" \/>\n<meta property=\"og:type\" content=\"article\" \/>\n<meta property=\"og:title\" content=\"Palais de la Marina: Joseph Djogb\u00e9nou re\u00e7u en audience par Patrice Talon\" \/>\n<meta property=\"og:description\" content=\"Le pr\u00e9sident de la cour constitutionnelle, le professeur Joseph Djogb\u00e9nou a \u00e9t\u00e9 re\u00e7u en audience dans la matin\u00e9e de ce l ...\" \/>\n<meta property=\"og:url\" content=\"https:\/\/www.africa-press.net\/benin\/politique\/palais-de-la-marina-joseph-djogbenou-recu-en-audience-par-patrice-talon\" \/>\n<meta property=\"og:site_name\" content=\"B\u00e9nin\" \/>\n<meta property=\"article:published_time\" content=\"2022-07-11T16:35:43+00:00\" \/>\n<meta property=\"article:modified_time\" content=\"2022-07-11T16:54:22+00:00\" \/>\n<meta property=\"og:image\" content=\"https:\/\/static.africa-press.net\/benin\/sites\/46\/2022\/07\/postQueueImg_32.jpg\" \/>\n\t<meta property=\"og:image:width\" content=\"1200\" \/>\n\t<meta property=\"og:image:height\" content=\"680\" \/>\n\t<meta property=\"og:image:type\" content=\"image\/jpeg\" \/>\n<meta name=\"author\" content=\"cfeditorfr\" \/>\n<meta name=\"twitter:card\" content=\"summary_large_image\" \/>\n<meta name=\"twitter:label1\" content=\"\u00c9crit par\" \/>\n\t<meta name=\"twitter:data1\" content=\"cfeditorfr\" \/>\n\t<meta name=\"twitter:label2\" content=\"Dur\u00e9e de lecture estim\u00e9e\" \/>\n\t<meta name=\"twitter:data2\" content=\"1 minute\" \/>\n<script type=\"application\/ld+json\" class=\"yoast-schema-graph\">{\"@context\":\"https:\/\/schema.org\",\"@graph\":[{\"@type\":\"Article\",\"@id\":\"https:\/\/www.africa-press.net\/benin\/politique\/palais-de-la-marina-joseph-djogbenou-recu-en-audience-par-patrice-talon#article\",\"isPartOf\":{\"@id\":\"https:\/\/www.africa-press.net\/benin\/politique\/palais-de-la-marina-joseph-djogbenou-recu-en-audience-par-patrice-talon\"},\"author\":{\"name\":\"cfeditorfr\",\"@id\":\"https:\/\/www.africa-press.net\/benin\/#\/schema\/person\/2b1cf3cd81a31e3cd26889ca66d677f1\"},\"headline\":\"Palais de la Marina: Joseph Djogb\u00e9nou re\u00e7u en audience par Patrice Talon\",\"datePublished\":\"2022-07-11T16:35:43+00:00\",\"dateModified\":\"2022-07-11T16:54:22+00:00\",\"mainEntityOfPage\":{\"@id\":\"https:\/\/www.africa-press.net\/benin\/politique\/palais-de-la-marina-joseph-djogbenou-recu-en-audience-par-patrice-talon\"},\"wordCount\":282,\"commentCount\":0,\"image\":{\"@id\":\"https:\/\/www.africa-press.net\/benin\/politique\/palais-de-la-marina-joseph-djogbenou-recu-en-audience-par-patrice-talon#primaryimage\"},\"thumbnailUrl\":\"https:\/\/static.africa-press.net\/benin\/sites\/46\/2022\/07\/postQueueImg_32.jpg\",\"keywords\":[\"Africa Press\",\"Africa Press-Benin\",\"B\u00e9nin\"],\"articleSection\":[\"homepage-french\",\"Politique\",\"Toutes les actualit\u00e9s\"],\"inLanguage\":\"fr-FR\",\"potentialAction\":[{\"@type\":\"CommentAction\",\"name\":\"Comment\",\"target\":[\"https:\/\/www.africa-press.net\/benin\/politique\/palais-de-la-marina-joseph-djogbenou-recu-en-audience-par-patrice-talon#respond\"]}]},{\"@type\":\"WebPage\",\"@id\":\"https:\/\/www.africa-press.net\/benin\/politique\/palais-de-la-marina-joseph-djogbenou-recu-en-audience-par-patrice-talon\",\"url\":\"https:\/\/www.africa-press.net\/benin\/politique\/palais-de-la-marina-joseph-djogbenou-recu-en-audience-par-patrice-talon\",\"name\":\"Palais de la Marina: Joseph Djogb\u00e9nou re\u00e7u en audience par Patrice Talon - B\u00e9nin\",\"isPartOf\":{\"@id\":\"https:\/\/www.africa-press.net\/benin\/#website\"},\"primaryImageOfPage\":{\"@id\":\"https:\/\/www.africa-press.net\/benin\/politique\/palais-de-la-marina-joseph-djogbenou-recu-en-audience-par-patrice-talon#primaryimage\"},\"image\":{\"@id\":\"https:\/\/www.africa-press.net\/benin\/politique\/palais-de-la-marina-joseph-djogbenou-recu-en-audience-par-patrice-talon#primaryimage\"},\"thumbnailUrl\":\"https:\/\/static.africa-press.net\/benin\/sites\/46\/2022\/07\/postQueueImg_32.jpg\",\"datePublished\":\"2022-07-11T16:35:43+00:00\",\"dateModified\":\"2022-07-11T16:54:22+00:00\",\"author\":{\"@id\":\"https:\/\/www.africa-press.net\/benin\/#\/schema\/person\/2b1cf3cd81a31e3cd26889ca66d677f1\"},\"description\":\"Le pr\u00e9sident de la cour constitutionnelle, le professeur Joseph Djogb\u00e9nou a \u00e9t\u00e9 re\u00e7u en audience dans la matin\u00e9e de ce l ...\",\"breadcrumb\":{\"@id\":\"https:\/\/www.africa-press.net\/benin\/politique\/palais-de-la-marina-joseph-djogbenou-recu-en-audience-par-patrice-talon#breadcrumb\"},\"inLanguage\":\"fr-FR\",\"potentialAction\":[{\"@type\":\"ReadAction\",\"target\":[\"https:\/\/www.africa-press.net\/benin\/politique\/palais-de-la-marina-joseph-djogbenou-recu-en-audience-par-patrice-talon\"]}]},{\"@type\":\"ImageObject\",\"inLanguage\":\"fr-FR\",\"@id\":\"https:\/\/www.africa-press.net\/benin\/politique\/palais-de-la-marina-joseph-djogbenou-recu-en-audience-par-patrice-talon#primaryimage\",\"url\":\"https:\/\/static.africa-press.net\/benin\/sites\/46\/2022\/07\/postQueueImg_32.jpg\",\"contentUrl\":\"https:\/\/static.africa-press.net\/benin\/sites\/46\/2022\/07\/postQueueImg_32.jpg\",\"width\":1200,\"height\":680,\"caption\":\"Palais de la Marina: Joseph Djogb\u00e9nou re\u00e7u en audience par Patrice Talon\"},{\"@type\":\"BreadcrumbList\",\"@id\":\"https:\/\/www.africa-press.net\/benin\/politique\/palais-de-la-marina-joseph-djogbenou-recu-en-audience-par-patrice-talon#breadcrumb\",\"itemListElement\":[{\"@type\":\"ListItem\",\"position\":1,\"name\":\"Accueil\",\"item\":\"https:\/\/www.africa-press.net\/benin\/\"},{\"@type\":\"ListItem\",\"position\":2,\"name\":\"Palais de la Marina: Joseph Djogb\u00e9nou re\u00e7u en audience par Patrice Talon\"}]},{\"@type\":\"WebSite\",\"@id\":\"https:\/\/www.africa-press.net\/benin\/#website\",\"url\":\"https:\/\/www.africa-press.net\/benin\/\",\"name\":\"B\u00e9nin\",\"description\":\"Just another Africa News Agency Sites site\",\"potentialAction\":[{\"@type\":\"SearchAction\",\"target\":{\"@type\":\"EntryPoint\",\"urlTemplate\":\"https:\/\/www.africa-press.net\/benin\/?s={search_term_string}\"},\"query-input\":{\"@type\":\"PropertyValueSpecification\",\"valueRequired\":true,\"valueName\":\"search_term_string\"}}],\"inLanguage\":\"fr-FR\"},{\"@type\":\"Person\",\"@id\":\"https:\/\/www.africa-press.net\/benin\/#\/schema\/person\/2b1cf3cd81a31e3cd26889ca66d677f1\",\"name\":\"cfeditorfr\"}]}<\/script>\n<!-- \/ Yoast SEO Premium plugin. -->","yoast_head_json":{"title":"Palais de la Marina: Joseph Djogb\u00e9nou re\u00e7u en audience par Patrice Talon - B\u00e9nin","description":"Le pr\u00e9sident de la cour constitutionnelle, le professeur Joseph Djogb\u00e9nou a \u00e9t\u00e9 re\u00e7u en audience dans la matin\u00e9e de ce l ...","robots":{"index":"index","follow":"follow","max-snippet":"max-snippet:-1","max-image-preview":"max-image-preview:large","max-video-preview":"max-video-preview:-1"},"canonical":"https:\/\/www.africa-press.net\/benin\/politique\/palais-de-la-marina-joseph-djogbenou-recu-en-audience-par-patrice-talon","og_locale":"fr_FR","og_type":"article","og_title":"Palais de la Marina: Joseph Djogb\u00e9nou re\u00e7u en audience par Patrice Talon","og_description":"Le pr\u00e9sident de la cour constitutionnelle, le professeur Joseph Djogb\u00e9nou a \u00e9t\u00e9 re\u00e7u en audience dans la matin\u00e9e de ce l ...","og_url":"https:\/\/www.africa-press.net\/benin\/politique\/palais-de-la-marina-joseph-djogbenou-recu-en-audience-par-patrice-talon","og_site_name":"B\u00e9nin","article_published_time":"2022-07-11T16:35:43+00:00","article_modified_time":"2022-07-11T16:54:22+00:00","og_image":[{"width":1200,"height":680,"url":"https:\/\/static.africa-press.net\/benin\/sites\/46\/2022\/07\/postQueueImg_32.jpg","type":"image\/jpeg"}],"author":"cfeditorfr","twitter_card":"summary_large_image","twitter_misc":{"\u00c9crit par":"cfeditorfr","Dur\u00e9e de lecture estim\u00e9e":"1 minute"},"schema":{"@context":"https:\/\/schema.org","@graph":[{"@type":"Article","@id":"https:\/\/www.africa-press.net\/benin\/politique\/palais-de-la-marina-joseph-djogbenou-recu-en-audience-par-patrice-talon#article","isPartOf":{"@id":"https:\/\/www.africa-press.net\/benin\/politique\/palais-de-la-marina-joseph-djogbenou-recu-en-audience-par-patrice-talon"},"author":{"name":"cfeditorfr","@id":"https:\/\/www.africa-press.net\/benin\/#\/schema\/person\/2b1cf3cd81a31e3cd26889ca66d677f1"},"headline":"Palais de la Marina: Joseph Djogb\u00e9nou re\u00e7u en audience par Patrice Talon","datePublished":"2022-07-11T16:35:43+00:00","dateModified":"2022-07-11T16:54:22+00:00","mainEntityOfPage":{"@id":"https:\/\/www.africa-press.net\/benin\/politique\/palais-de-la-marina-joseph-djogbenou-recu-en-audience-par-patrice-talon"},"wordCount":282,"commentCount":0,"image":{"@id":"https:\/\/www.africa-press.net\/benin\/politique\/palais-de-la-marina-joseph-djogbenou-recu-en-audience-par-patrice-talon#primaryimage"},"thumbnailUrl":"https:\/\/static.africa-press.net\/benin\/sites\/46\/2022\/07\/postQueueImg_32.jpg","keywords":["Africa Press","Africa Press-Benin","B\u00e9nin"],"articleSection":["homepage-french","Politique","Toutes les actualit\u00e9s"],"inLanguage":"fr-FR","potentialAction":[{"@type":"CommentAction","name":"Comment","target":["https:\/\/www.africa-press.net\/benin\/politique\/palais-de-la-marina-joseph-djogbenou-recu-en-audience-par-patrice-talon#respond"]}]},{"@type":"WebPage","@id":"https:\/\/www.africa-press.net\/benin\/politique\/palais-de-la-marina-joseph-djogbenou-recu-en-audience-par-patrice-talon","url":"https:\/\/www.africa-press.net\/benin\/politique\/palais-de-la-marina-joseph-djogbenou-recu-en-audience-par-patrice-talon","name":"Palais de la Marina: Joseph Djogb\u00e9nou re\u00e7u en audience par Patrice Talon - B\u00e9nin","isPartOf":{"@id":"https:\/\/www.africa-press.net\/benin\/#website"},"primaryImageOfPage":{"@id":"https:\/\/www.africa-press.net\/benin\/politique\/palais-de-la-marina-joseph-djogbenou-recu-en-audience-par-patrice-talon#primaryimage"},"image":{"@id":"https:\/\/www.africa-press.net\/benin\/politique\/palais-de-la-marina-joseph-djogbenou-recu-en-audience-par-patrice-talon#primaryimage"},"thumbnailUrl":"https:\/\/static.africa-press.net\/benin\/sites\/46\/2022\/07\/postQueueImg_32.jpg","datePublished":"2022-07-11T16:35:43+00:00","dateModified":"2022-07-11T16:54:22+00:00","author":{"@id":"https:\/\/www.africa-press.net\/benin\/#\/schema\/person\/2b1cf3cd81a31e3cd26889ca66d677f1"},"description":"Le pr\u00e9sident de la cour constitutionnelle, le professeur Joseph Djogb\u00e9nou a \u00e9t\u00e9 re\u00e7u en audience dans la matin\u00e9e de ce l ...","breadcrumb":{"@id":"https:\/\/www.africa-press.net\/benin\/politique\/palais-de-la-marina-joseph-djogbenou-recu-en-audience-par-patrice-talon#breadcrumb"},"inLanguage":"fr-FR","potentialAction":[{"@type":"ReadAction","target":["https:\/\/www.africa-press.net\/benin\/politique\/palais-de-la-marina-joseph-djogbenou-recu-en-audience-par-patrice-talon"]}]},{"@type":"ImageObject","inLanguage":"fr-FR","@id":"https:\/\/www.africa-press.net\/benin\/politique\/palais-de-la-marina-joseph-djogbenou-recu-en-audience-par-patrice-talon#primaryimage","url":"https:\/\/static.africa-press.net\/benin\/sites\/46\/2022\/07\/postQueueImg_32.jpg","contentUrl":"https:\/\/static.africa-press.net\/benin\/sites\/46\/2022\/07\/postQueueImg_32.jpg","width":1200,"height":680,"caption":"Palais de la Marina: Joseph Djogb\u00e9nou re\u00e7u en audience par Patrice Talon"},{"@type":"BreadcrumbList","@id":"https:\/\/www.africa-press.net\/benin\/politique\/palais-de-la-marina-joseph-djogbenou-recu-en-audience-par-patrice-talon#breadcrumb","itemListElement":[{"@type":"ListItem","position":1,"name":"Accueil","item":"https:\/\/www.africa-press.net\/benin\/"},{"@type":"ListItem","position":2,"name":"Palais de la Marina: Joseph Djogb\u00e9nou re\u00e7u en audience par Patrice Talon"}]},{"@type":"WebSite","@id":"https:\/\/www.africa-press.net\/benin\/#website","url":"https:\/\/www.africa-press.net\/benin\/","name":"B\u00e9nin","description":"Just another Africa News Agency Sites site","potentialAction":[{"@type":"SearchAction","target":{"@type":"EntryPoint","urlTemplate":"https:\/\/www.africa-press.net\/benin\/?s={search_term_string}"},"query-input":{"@type":"PropertyValueSpecification","valueRequired":true,"valueName":"search_term_string"}}],"inLanguage":"fr-FR"},{"@type":"Person","@id":"https:\/\/www.africa-press.net\/benin\/#\/schema\/person\/2b1cf3cd81a31e3cd26889ca66d677f1","name":"cfeditorfr"}]}},"_links":{"self":[{"href":"https:\/\/www.africa-press.net\/benin\/wp-json\/wp\/v2\/posts\/6796","targetHints":{"allow":["GET"]}}],"collection":[{"href":"https:\/\/www.africa-press.net\/benin\/wp-json\/wp\/v2\/posts"}],"about":[{"href":"https:\/\/www.africa-press.net\/benin\/wp-json\/wp\/v2\/types\/post"}],"author":[{"embeddable":true,"href":"https:\/\/www.africa-press.net\/benin\/wp-json\/wp\/v2\/users\/82"}],"replies":[{"embeddable":true,"href":"https:\/\/www.africa-press.net\/benin\/wp-json\/wp\/v2\/comments?post=6796"}],"version-history":[{"count":0,"href":"https:\/\/www.africa-press.net\/benin\/wp-json\/wp\/v2\/posts\/6796\/revisions"}],"wp:featuredmedia":[{"embeddable":true,"href":"https:\/\/www.africa-press.net\/benin\/wp-json\/wp\/v2\/media\/6795"}],"wp:attachment":[{"href":"https:\/\/www.africa-press.net\/benin\/wp-json\/wp\/v2\/media?parent=6796"}],"wp:term":[{"taxonomy":"category","embeddable":true,"href":"https:\/\/www.africa-press.net\/benin\/wp-json\/wp\/v2\/categories?post=6796"},{"taxonomy":"post_tag","embeddable":true,"href":"https:\/\/www.africa-press.net\/benin\/wp-json\/wp\/v2\/tags?post=6796"}],"curies":[{"name":"wp","href":"https:\/\/api.w.org\/{rel}","templated":true}]}}