{"id":6799,"date":"2022-07-11T16:35:58","date_gmt":"2022-07-11T16:35:58","guid":{"rendered":"https:\/\/www.africa-press.net\/benin\/politique\/le-president-francais-emmanuel-macron-en-visite-officielle-au-benin"},"modified":"2022-07-11T16:54:49","modified_gmt":"2022-07-11T16:54:49","slug":"le-president-francais-emmanuel-macron-en-visite-officielle-au-benin","status":"publish","type":"post","link":"https:\/\/www.africa-press.net\/benin\/politique\/le-president-francais-emmanuel-macron-en-visite-officielle-au-benin","title":{"rendered":"Le pr\u00e9sident fran\u00e7ais Emmanuel Macron en visite officielle au B\u00e9nin"},"content":{"rendered":"<p><span style=\"color: #ff6600\"><strong>Africa-Press &#8211; Benin. <\/strong><\/span>Emmanuel Macron est attendu le mercredi 27 juillet au B\u00e9nin pour une premi\u00e8re visite officielle. Selon notre source le pr\u00e9sident fran\u00e7ais devra \u00e9galement se rendre au Cameroun apr\u00e8s l\u2019\u00e9tape du B\u00e9nin.<\/p>\n<p>Le pr\u00e9sident fran\u00e7ais Emmanuel Macron effectuera, le 27 juillet, son premier voyage pr\u00e9sidentiel au B\u00e9nin. Selon la journaliste Emmanuelle Sodji qui rapporte l\u2019information, Emmanuel Macron sera en terre b\u00e9ninoise pour \u00ab encourager le processus de d\u00e9mocratisation et les r\u00e9formes \u00e9conomiques \u00bb entreprise par le gouvernement actuel.<\/p>\n<p>Cette visite officielle sera la premi\u00e8re en Afrique du pr\u00e9sident fran\u00e7ais, pour ce deuxi\u00e8me mandat. Emmanuel Macron (44 ans) a \u00e9t\u00e9 r\u00e9\u00e9lu pr\u00e9sident de la R\u00e9publique Fran\u00e7aise face \u00e0 sa rivale Marine Le Pen, avec 58,8%. Ce premier quinquennat a \u00e9t\u00e9 particuli\u00e8rement marqu\u00e9 par la brouille diplomatique avec les autorit\u00e9s maliennes et les multiples propos condescendants de son ancien ministre des affaires \u00e9trang\u00e8res Jean-Yves Le Drian.<\/p>\n<p><b>Relations tendues<\/b><\/p>\n<p>Il faut rappeler qu\u2019en dehors du Mali, les relations entre la diplomatie b\u00e9ninoise et celle Fran\u00e7aise ne sont pas aussi au beau fixe. Et pour cause, les \u00e9lections pr\u00e9sidentielles d\u2019Avril 2021 au B\u00e9nin et les emprisonnement des opposants Reckya Madougou et Jo\u00ebl A\u00efvo \u00e0 de lourdes peines. En effet, dans sa correspondance en date du 12 mai 2021, Emmanuel Macron n\u2019a pas daign\u00e9 f\u00e9licit\u00e9 son homologue b\u00e9ninois qui selon la Cour constitutionnelle avait remport\u00e9 la pr\u00e9sidentielle avec plus de 86% des voix.<\/p>\n<p>Comme une r\u00e9ponse du berger \u00e0 la berg\u00e8re, au soir des \u00e9lections l\u00e9gislatives du 19 juin 2022 en France, le pr\u00e9sident b\u00e9ninois Patrice Talon a adress\u00e9 un message \u00e0 son homologue fran\u00e7ais Emmanuel Macron. Pour beaucoup, Patrice Talon a profit\u00e9 de l\u2019occasion pour r\u00e9gler ses comptes avec Emmanuel Macron.<\/p>\n<p><strong>Pour plus d&rsquo;informations et d&rsquo;analyses sur la <a href=\"https:\/\/www.africa-press.net\/benin\">Benin<\/a>, suivez <a href=\"https:\/\/www.africa-press.net\/\">Africa-Press<\/a><\/strong><\/p>\n","protected":false},"excerpt":{"rendered":"<p>Africa-Press &#8211; Benin. Emmanuel Macron est attendu le mercredi 27 juillet au B\u00e9nin pour une premi\u00e8re visite officielle. Selon notre source le pr\u00e9sident fran\u00e7ais devra \u00e9galement se rendre au Cameroun apr\u00e8s l\u2019\u00e9tape du B\u00e9nin. Le pr\u00e9sident fran\u00e7ais Emmanuel Macron effectuera, le 27 juillet, son premier voyage pr\u00e9sidentiel au B\u00e9nin. Selon la journaliste Emmanuelle Sodji qui [&hellip;]<\/p>\n","protected":false},"author":82,"featured_media":6798,"comment_status":"open","ping_status":"closed","sticky":false,"template":"","format":"standard","meta":{"footnotes":""},"categories":[11,2,20,10],"tags":[36,50,45],"class_list":["post-6799","post","type-post","status-publish","format-standard","has-post-thumbnail","hentry","category-homepage-french","category-politique","category-top-nouvelles","category-toutes-les-actualites","tag-africa-press","tag-africa-press-benin","tag-benin"],"yoast_head":"<!-- This site is optimized with the Yoast SEO Premium plugin v26.1 (Yoast SEO v27.0) - https:\/\/yoast.com\/product\/yoast-seo-premium-wordpress\/ -->\n<title>Le pr\u00e9sident fran\u00e7ais Emmanuel Macron en visite officielle au B\u00e9nin - B\u00e9nin<\/title>\n<meta name=\"description\" content=\"Emmanuel Macron est attendu le mercredi 27 juillet au B\u00e9nin pour une premi\u00e8re visite officielle. Selon notre source le p ...\" \/>\n<meta name=\"robots\" content=\"index, follow, max-snippet:-1, max-image-preview:large, max-video-preview:-1\" \/>\n<link rel=\"canonical\" href=\"https:\/\/www.africa-press.net\/benin\/politique\/le-president-francais-emmanuel-macron-en-visite-officielle-au-benin\" \/>\n<meta property=\"og:locale\" content=\"fr_FR\" \/>\n<meta property=\"og:type\" content=\"article\" \/>\n<meta property=\"og:title\" content=\"Le pr\u00e9sident fran\u00e7ais Emmanuel Macron en visite officielle au B\u00e9nin\" \/>\n<meta property=\"og:description\" content=\"Emmanuel Macron est attendu le mercredi 27 juillet au B\u00e9nin pour une premi\u00e8re visite officielle. Selon notre source le p ...\" \/>\n<meta property=\"og:url\" content=\"https:\/\/www.africa-press.net\/benin\/politique\/le-president-francais-emmanuel-macron-en-visite-officielle-au-benin\" \/>\n<meta property=\"og:site_name\" content=\"B\u00e9nin\" \/>\n<meta property=\"article:published_time\" content=\"2022-07-11T16:35:58+00:00\" \/>\n<meta property=\"article:modified_time\" content=\"2022-07-11T16:54:49+00:00\" \/>\n<meta property=\"og:image\" content=\"https:\/\/static.africa-press.net\/benin\/sites\/46\/2022\/07\/postQueueImg_33.jpg\" \/>\n\t<meta property=\"og:image:width\" content=\"1500\" \/>\n\t<meta property=\"og:image:height\" content=\"844\" \/>\n\t<meta property=\"og:image:type\" content=\"image\/jpeg\" \/>\n<meta name=\"author\" content=\"cfeditorfr\" \/>\n<meta name=\"twitter:card\" content=\"summary_large_image\" \/>\n<meta name=\"twitter:label1\" content=\"\u00c9crit par\" \/>\n\t<meta name=\"twitter:data1\" content=\"cfeditorfr\" \/>\n\t<meta name=\"twitter:label2\" content=\"Dur\u00e9e de lecture estim\u00e9e\" \/>\n\t<meta name=\"twitter:data2\" content=\"2 minutes\" \/>\n<script type=\"application\/ld+json\" class=\"yoast-schema-graph\">{\"@context\":\"https:\/\/schema.org\",\"@graph\":[{\"@type\":\"Article\",\"@id\":\"https:\/\/www.africa-press.net\/benin\/politique\/le-president-francais-emmanuel-macron-en-visite-officielle-au-benin#article\",\"isPartOf\":{\"@id\":\"https:\/\/www.africa-press.net\/benin\/politique\/le-president-francais-emmanuel-macron-en-visite-officielle-au-benin\"},\"author\":{\"name\":\"cfeditorfr\",\"@id\":\"https:\/\/www.africa-press.net\/benin\/#\/schema\/person\/2b1cf3cd81a31e3cd26889ca66d677f1\"},\"headline\":\"Le pr\u00e9sident fran\u00e7ais Emmanuel Macron en visite officielle au B\u00e9nin\",\"datePublished\":\"2022-07-11T16:35:58+00:00\",\"dateModified\":\"2022-07-11T16:54:49+00:00\",\"mainEntityOfPage\":{\"@id\":\"https:\/\/www.africa-press.net\/benin\/politique\/le-president-francais-emmanuel-macron-en-visite-officielle-au-benin\"},\"wordCount\":334,\"commentCount\":0,\"image\":{\"@id\":\"https:\/\/www.africa-press.net\/benin\/politique\/le-president-francais-emmanuel-macron-en-visite-officielle-au-benin#primaryimage\"},\"thumbnailUrl\":\"https:\/\/static.africa-press.net\/benin\/sites\/46\/2022\/07\/postQueueImg_33.jpg\",\"keywords\":[\"Africa Press\",\"Africa Press-Benin\",\"B\u00e9nin\"],\"articleSection\":[\"homepage-french\",\"Politique\",\"Top Nouvelles\",\"Toutes les actualit\u00e9s\"],\"inLanguage\":\"fr-FR\",\"potentialAction\":[{\"@type\":\"CommentAction\",\"name\":\"Comment\",\"target\":[\"https:\/\/www.africa-press.net\/benin\/politique\/le-president-francais-emmanuel-macron-en-visite-officielle-au-benin#respond\"]}]},{\"@type\":\"WebPage\",\"@id\":\"https:\/\/www.africa-press.net\/benin\/politique\/le-president-francais-emmanuel-macron-en-visite-officielle-au-benin\",\"url\":\"https:\/\/www.africa-press.net\/benin\/politique\/le-president-francais-emmanuel-macron-en-visite-officielle-au-benin\",\"name\":\"Le pr\u00e9sident fran\u00e7ais Emmanuel Macron en visite officielle au B\u00e9nin - B\u00e9nin\",\"isPartOf\":{\"@id\":\"https:\/\/www.africa-press.net\/benin\/#website\"},\"primaryImageOfPage\":{\"@id\":\"https:\/\/www.africa-press.net\/benin\/politique\/le-president-francais-emmanuel-macron-en-visite-officielle-au-benin#primaryimage\"},\"image\":{\"@id\":\"https:\/\/www.africa-press.net\/benin\/politique\/le-president-francais-emmanuel-macron-en-visite-officielle-au-benin#primaryimage\"},\"thumbnailUrl\":\"https:\/\/static.africa-press.net\/benin\/sites\/46\/2022\/07\/postQueueImg_33.jpg\",\"datePublished\":\"2022-07-11T16:35:58+00:00\",\"dateModified\":\"2022-07-11T16:54:49+00:00\",\"author\":{\"@id\":\"https:\/\/www.africa-press.net\/benin\/#\/schema\/person\/2b1cf3cd81a31e3cd26889ca66d677f1\"},\"description\":\"Emmanuel Macron est attendu le mercredi 27 juillet au B\u00e9nin pour une premi\u00e8re visite officielle. Selon notre source le p ...\",\"breadcrumb\":{\"@id\":\"https:\/\/www.africa-press.net\/benin\/politique\/le-president-francais-emmanuel-macron-en-visite-officielle-au-benin#breadcrumb\"},\"inLanguage\":\"fr-FR\",\"potentialAction\":[{\"@type\":\"ReadAction\",\"target\":[\"https:\/\/www.africa-press.net\/benin\/politique\/le-president-francais-emmanuel-macron-en-visite-officielle-au-benin\"]}]},{\"@type\":\"ImageObject\",\"inLanguage\":\"fr-FR\",\"@id\":\"https:\/\/www.africa-press.net\/benin\/politique\/le-president-francais-emmanuel-macron-en-visite-officielle-au-benin#primaryimage\",\"url\":\"https:\/\/static.africa-press.net\/benin\/sites\/46\/2022\/07\/postQueueImg_33.jpg\",\"contentUrl\":\"https:\/\/static.africa-press.net\/benin\/sites\/46\/2022\/07\/postQueueImg_33.jpg\",\"width\":1500,\"height\":844,\"caption\":\"Le pr\u00e9sident fran\u00e7ais Emmanuel Macron en visite officielle au B\u00e9nin\"},{\"@type\":\"BreadcrumbList\",\"@id\":\"https:\/\/www.africa-press.net\/benin\/politique\/le-president-francais-emmanuel-macron-en-visite-officielle-au-benin#breadcrumb\",\"itemListElement\":[{\"@type\":\"ListItem\",\"position\":1,\"name\":\"Accueil\",\"item\":\"https:\/\/www.africa-press.net\/benin\/\"},{\"@type\":\"ListItem\",\"position\":2,\"name\":\"Le pr\u00e9sident fran\u00e7ais Emmanuel Macron en visite officielle au B\u00e9nin\"}]},{\"@type\":\"WebSite\",\"@id\":\"https:\/\/www.africa-press.net\/benin\/#website\",\"url\":\"https:\/\/www.africa-press.net\/benin\/\",\"name\":\"B\u00e9nin\",\"description\":\"Just another Africa News Agency Sites site\",\"potentialAction\":[{\"@type\":\"SearchAction\",\"target\":{\"@type\":\"EntryPoint\",\"urlTemplate\":\"https:\/\/www.africa-press.net\/benin\/?s={search_term_string}\"},\"query-input\":{\"@type\":\"PropertyValueSpecification\",\"valueRequired\":true,\"valueName\":\"search_term_string\"}}],\"inLanguage\":\"fr-FR\"},{\"@type\":\"Person\",\"@id\":\"https:\/\/www.africa-press.net\/benin\/#\/schema\/person\/2b1cf3cd81a31e3cd26889ca66d677f1\",\"name\":\"cfeditorfr\"}]}<\/script>\n<!-- \/ Yoast SEO Premium plugin. -->","yoast_head_json":{"title":"Le pr\u00e9sident fran\u00e7ais Emmanuel Macron en visite officielle au B\u00e9nin - B\u00e9nin","description":"Emmanuel Macron est attendu le mercredi 27 juillet au B\u00e9nin pour une premi\u00e8re visite officielle. Selon notre source le p ...","robots":{"index":"index","follow":"follow","max-snippet":"max-snippet:-1","max-image-preview":"max-image-preview:large","max-video-preview":"max-video-preview:-1"},"canonical":"https:\/\/www.africa-press.net\/benin\/politique\/le-president-francais-emmanuel-macron-en-visite-officielle-au-benin","og_locale":"fr_FR","og_type":"article","og_title":"Le pr\u00e9sident fran\u00e7ais Emmanuel Macron en visite officielle au B\u00e9nin","og_description":"Emmanuel Macron est attendu le mercredi 27 juillet au B\u00e9nin pour une premi\u00e8re visite officielle. Selon notre source le p ...","og_url":"https:\/\/www.africa-press.net\/benin\/politique\/le-president-francais-emmanuel-macron-en-visite-officielle-au-benin","og_site_name":"B\u00e9nin","article_published_time":"2022-07-11T16:35:58+00:00","article_modified_time":"2022-07-11T16:54:49+00:00","og_image":[{"width":1500,"height":844,"url":"https:\/\/static.africa-press.net\/benin\/sites\/46\/2022\/07\/postQueueImg_33.jpg","type":"image\/jpeg"}],"author":"cfeditorfr","twitter_card":"summary_large_image","twitter_misc":{"\u00c9crit par":"cfeditorfr","Dur\u00e9e de lecture estim\u00e9e":"2 minutes"},"schema":{"@context":"https:\/\/schema.org","@graph":[{"@type":"Article","@id":"https:\/\/www.africa-press.net\/benin\/politique\/le-president-francais-emmanuel-macron-en-visite-officielle-au-benin#article","isPartOf":{"@id":"https:\/\/www.africa-press.net\/benin\/politique\/le-president-francais-emmanuel-macron-en-visite-officielle-au-benin"},"author":{"name":"cfeditorfr","@id":"https:\/\/www.africa-press.net\/benin\/#\/schema\/person\/2b1cf3cd81a31e3cd26889ca66d677f1"},"headline":"Le pr\u00e9sident fran\u00e7ais Emmanuel Macron en visite officielle au B\u00e9nin","datePublished":"2022-07-11T16:35:58+00:00","dateModified":"2022-07-11T16:54:49+00:00","mainEntityOfPage":{"@id":"https:\/\/www.africa-press.net\/benin\/politique\/le-president-francais-emmanuel-macron-en-visite-officielle-au-benin"},"wordCount":334,"commentCount":0,"image":{"@id":"https:\/\/www.africa-press.net\/benin\/politique\/le-president-francais-emmanuel-macron-en-visite-officielle-au-benin#primaryimage"},"thumbnailUrl":"https:\/\/static.africa-press.net\/benin\/sites\/46\/2022\/07\/postQueueImg_33.jpg","keywords":["Africa Press","Africa Press-Benin","B\u00e9nin"],"articleSection":["homepage-french","Politique","Top Nouvelles","Toutes les actualit\u00e9s"],"inLanguage":"fr-FR","potentialAction":[{"@type":"CommentAction","name":"Comment","target":["https:\/\/www.africa-press.net\/benin\/politique\/le-president-francais-emmanuel-macron-en-visite-officielle-au-benin#respond"]}]},{"@type":"WebPage","@id":"https:\/\/www.africa-press.net\/benin\/politique\/le-president-francais-emmanuel-macron-en-visite-officielle-au-benin","url":"https:\/\/www.africa-press.net\/benin\/politique\/le-president-francais-emmanuel-macron-en-visite-officielle-au-benin","name":"Le pr\u00e9sident fran\u00e7ais Emmanuel Macron en visite officielle au B\u00e9nin - B\u00e9nin","isPartOf":{"@id":"https:\/\/www.africa-press.net\/benin\/#website"},"primaryImageOfPage":{"@id":"https:\/\/www.africa-press.net\/benin\/politique\/le-president-francais-emmanuel-macron-en-visite-officielle-au-benin#primaryimage"},"image":{"@id":"https:\/\/www.africa-press.net\/benin\/politique\/le-president-francais-emmanuel-macron-en-visite-officielle-au-benin#primaryimage"},"thumbnailUrl":"https:\/\/static.africa-press.net\/benin\/sites\/46\/2022\/07\/postQueueImg_33.jpg","datePublished":"2022-07-11T16:35:58+00:00","dateModified":"2022-07-11T16:54:49+00:00","author":{"@id":"https:\/\/www.africa-press.net\/benin\/#\/schema\/person\/2b1cf3cd81a31e3cd26889ca66d677f1"},"description":"Emmanuel Macron est attendu le mercredi 27 juillet au B\u00e9nin pour une premi\u00e8re visite officielle. Selon notre source le p ...","breadcrumb":{"@id":"https:\/\/www.africa-press.net\/benin\/politique\/le-president-francais-emmanuel-macron-en-visite-officielle-au-benin#breadcrumb"},"inLanguage":"fr-FR","potentialAction":[{"@type":"ReadAction","target":["https:\/\/www.africa-press.net\/benin\/politique\/le-president-francais-emmanuel-macron-en-visite-officielle-au-benin"]}]},{"@type":"ImageObject","inLanguage":"fr-FR","@id":"https:\/\/www.africa-press.net\/benin\/politique\/le-president-francais-emmanuel-macron-en-visite-officielle-au-benin#primaryimage","url":"https:\/\/static.africa-press.net\/benin\/sites\/46\/2022\/07\/postQueueImg_33.jpg","contentUrl":"https:\/\/static.africa-press.net\/benin\/sites\/46\/2022\/07\/postQueueImg_33.jpg","width":1500,"height":844,"caption":"Le pr\u00e9sident fran\u00e7ais Emmanuel Macron en visite officielle au B\u00e9nin"},{"@type":"BreadcrumbList","@id":"https:\/\/www.africa-press.net\/benin\/politique\/le-president-francais-emmanuel-macron-en-visite-officielle-au-benin#breadcrumb","itemListElement":[{"@type":"ListItem","position":1,"name":"Accueil","item":"https:\/\/www.africa-press.net\/benin\/"},{"@type":"ListItem","position":2,"name":"Le pr\u00e9sident fran\u00e7ais Emmanuel Macron en visite officielle au B\u00e9nin"}]},{"@type":"WebSite","@id":"https:\/\/www.africa-press.net\/benin\/#website","url":"https:\/\/www.africa-press.net\/benin\/","name":"B\u00e9nin","description":"Just another Africa News Agency Sites site","potentialAction":[{"@type":"SearchAction","target":{"@type":"EntryPoint","urlTemplate":"https:\/\/www.africa-press.net\/benin\/?s={search_term_string}"},"query-input":{"@type":"PropertyValueSpecification","valueRequired":true,"valueName":"search_term_string"}}],"inLanguage":"fr-FR"},{"@type":"Person","@id":"https:\/\/www.africa-press.net\/benin\/#\/schema\/person\/2b1cf3cd81a31e3cd26889ca66d677f1","name":"cfeditorfr"}]}},"_links":{"self":[{"href":"https:\/\/www.africa-press.net\/benin\/wp-json\/wp\/v2\/posts\/6799","targetHints":{"allow":["GET"]}}],"collection":[{"href":"https:\/\/www.africa-press.net\/benin\/wp-json\/wp\/v2\/posts"}],"about":[{"href":"https:\/\/www.africa-press.net\/benin\/wp-json\/wp\/v2\/types\/post"}],"author":[{"embeddable":true,"href":"https:\/\/www.africa-press.net\/benin\/wp-json\/wp\/v2\/users\/82"}],"replies":[{"embeddable":true,"href":"https:\/\/www.africa-press.net\/benin\/wp-json\/wp\/v2\/comments?post=6799"}],"version-history":[{"count":0,"href":"https:\/\/www.africa-press.net\/benin\/wp-json\/wp\/v2\/posts\/6799\/revisions"}],"wp:featuredmedia":[{"embeddable":true,"href":"https:\/\/www.africa-press.net\/benin\/wp-json\/wp\/v2\/media\/6798"}],"wp:attachment":[{"href":"https:\/\/www.africa-press.net\/benin\/wp-json\/wp\/v2\/media?parent=6799"}],"wp:term":[{"taxonomy":"category","embeddable":true,"href":"https:\/\/www.africa-press.net\/benin\/wp-json\/wp\/v2\/categories?post=6799"},{"taxonomy":"post_tag","embeddable":true,"href":"https:\/\/www.africa-press.net\/benin\/wp-json\/wp\/v2\/tags?post=6799"}],"curies":[{"name":"wp","href":"https:\/\/api.w.org\/{rel}","templated":true}]}}