{"id":6820,"date":"2022-07-12T17:46:01","date_gmt":"2022-07-12T17:46:01","guid":{"rendered":"https:\/\/www.africa-press.net\/benin\/politique\/benin-wilfried-leandre-houngbedji-fait-une-revelation-sur-la-derniere-attaque-terroriste"},"modified":"2022-07-12T18:07:10","modified_gmt":"2022-07-12T18:07:10","slug":"benin-wilfried-leandre-houngbedji-fait-une-revelation-sur-la-derniere-attaque-terroriste","status":"publish","type":"post","link":"https:\/\/www.africa-press.net\/benin\/politique\/benin-wilfried-leandre-houngbedji-fait-une-revelation-sur-la-derniere-attaque-terroriste","title":{"rendered":"B\u00e9nin: Wilfried L\u00e9andre Houngb\u00e9dji fait une r\u00e9v\u00e9lation sur la derni\u00e8re attaque terroriste"},"content":{"rendered":"<p><span style=\"color: #ff6600\"><strong>Africa-Press &#8211; Benin. <\/strong><\/span>Le porte-parole du gouvernement a r\u00e9v\u00e9l\u00e9 quelques \u00e9l\u00e9ments du rapport sur la derni\u00e8re attaque terroriste survenue dans le nord. Sur l\u2019\u00e9mission \u00ab Questions d\u2019actualit\u00e9 \u00bb diffus\u00e9e sur ETELE le dimanche 10 juillet 2022, Wilfried L\u00e9andre Houngb\u00e9dji a confi\u00e9 que les deux soldats tu\u00e9s auraient \u00e9t\u00e9 au-del\u00e0 des consignes de leur hi\u00e9rarchie.<\/p>\n<p><b>\u00ab Les deux \u00e9l\u00e9ments que nous avons perdus, s\u2019ils avaient respect\u00e9 les consignes, nous n\u2019en serions pas l\u00e0 \u00bb<\/b>, a d\u00e9clar\u00e9 Wilfried L\u00e9andre Houngb\u00e9dji, apr\u00e8s s\u2019\u00eatre inclin\u00e9 devant leur m\u00e9moire. \u00ab Les rapports indiquent qu\u2019ils ont \u00e9t\u00e9 au-del\u00e0 de ce qu\u2019il fallait faire \u00bb, a-t-il ajout\u00e9 en \u00e9voquant les constats fait par le haut commandement militaire.<\/p>\n<p>Pour le Secr\u00e9taire g\u00e9n\u00e9ral adjoint du gouvernement, l\u2019attitude des agents de s\u00e9curit\u00e9 peuvent \u00eatre per\u00e7ue comme un d\u00e9passement de soi au service de la nation. Wilfried L\u00e9andre Houngb\u00e9dji note un engagement qui montre la d\u00e9termination de toute l\u2019arm\u00e9e \u00e0 faire barri\u00e8re contre le ph\u00e9nom\u00e8ne du terrorisme. \u00ab Je peux vous dire que ce genre de situation d\u00e9cuple la volont\u00e9 de leurs coll\u00e8gues d\u2019en d\u00e9coudre avec ceux qui essaient de perturber notre qui\u00e9tude et il en sera ainsi \u00bb, a-t-il assur\u00e9.<\/p>\n<p><b>\u00ab Nous montons en puissance \u00bb<\/b><\/p>\n<p>Selon le porte-parole du gouvernement, le B\u00e9nin tient debout face aux attaques terrorismes et prend m\u00eame l\u2019ascendance dans la lutte. \u00ab Nous montons en puissance \u00bb, a-t-il lass\u00e9 entendre.<\/p>\n<p>J\u2019ai eu l\u2019occasion de dire, nous montons en puissance. Plus les \u00e9quipements sophistiqu\u00e9s que nous avons command\u00e9s arriveront, mieux notre riposte sera davantage \u00e9clatantes.<\/p>\n<p>La lutte contre le terrorisme ne peut \u00eatre l\u2019affaire d\u2019un seul pays. Le B\u00e9nin en est conscient. C\u2019est d\u2019ailleurs pourquoi, le pays participe activement au fonctionnement des initiatives comme celle d\u2019Accra. \u00ab Le B\u00e9nin travaille avec le voisinage pour mutualiser les moyens, les strat\u00e9gies, les efforts ; afin que toute la zone soit d\u00e9barrass\u00e9e du ph\u00e9nom\u00e8ne \u00bb, a assur\u00e9 Wilfried L\u00e9andre Houngb\u00e9dji<\/p>\n<p><strong>Pour plus d&rsquo;informations et d&rsquo;analyses sur la <a href=\"https:\/\/www.africa-press.net\/benin\">Benin<\/a>, suivez <a href=\"https:\/\/www.africa-press.net\/\">Africa-Press<\/a><\/strong><\/p>\n","protected":false},"excerpt":{"rendered":"<p>Africa-Press &#8211; Benin. Le porte-parole du gouvernement a r\u00e9v\u00e9l\u00e9 quelques \u00e9l\u00e9ments du rapport sur la derni\u00e8re attaque terroriste survenue dans le nord. Sur l\u2019\u00e9mission \u00ab Questions d\u2019actualit\u00e9 \u00bb diffus\u00e9e sur ETELE le dimanche 10 juillet 2022, Wilfried L\u00e9andre Houngb\u00e9dji a confi\u00e9 que les deux soldats tu\u00e9s auraient \u00e9t\u00e9 au-del\u00e0 des consignes de leur hi\u00e9rarchie. \u00ab [&hellip;]<\/p>\n","protected":false},"author":82,"featured_media":6819,"comment_status":"open","ping_status":"closed","sticky":false,"template":"","format":"standard","meta":{"footnotes":""},"categories":[11,2,10],"tags":[36,50,45],"class_list":["post-6820","post","type-post","status-publish","format-standard","has-post-thumbnail","hentry","category-homepage-french","category-politique","category-toutes-les-actualites","tag-africa-press","tag-africa-press-benin","tag-benin"],"yoast_head":"<!-- This site is optimized with the Yoast SEO Premium plugin v26.1 (Yoast SEO v27.0) - https:\/\/yoast.com\/product\/yoast-seo-premium-wordpress\/ -->\n<title>B\u00e9nin: Wilfried L\u00e9andre Houngb\u00e9dji fait une r\u00e9v\u00e9lation sur la derni\u00e8re attaque terroriste - B\u00e9nin<\/title>\n<meta name=\"description\" content=\"Le porte-parole du gouvernement a r\u00e9v\u00e9l\u00e9 quelques \u00e9l\u00e9ments du rapport sur la derni\u00e8re attaque terroriste survenue dans l ...\" \/>\n<meta name=\"robots\" content=\"index, follow, max-snippet:-1, max-image-preview:large, max-video-preview:-1\" \/>\n<link rel=\"canonical\" href=\"https:\/\/www.africa-press.net\/benin\/politique\/benin-wilfried-leandre-houngbedji-fait-une-revelation-sur-la-derniere-attaque-terroriste\" \/>\n<meta property=\"og:locale\" content=\"fr_FR\" \/>\n<meta property=\"og:type\" content=\"article\" \/>\n<meta property=\"og:title\" content=\"B\u00e9nin: Wilfried L\u00e9andre Houngb\u00e9dji fait une r\u00e9v\u00e9lation sur la derni\u00e8re attaque terroriste\" \/>\n<meta property=\"og:description\" content=\"Le porte-parole du gouvernement a r\u00e9v\u00e9l\u00e9 quelques \u00e9l\u00e9ments du rapport sur la derni\u00e8re attaque terroriste survenue dans l ...\" \/>\n<meta property=\"og:url\" content=\"https:\/\/www.africa-press.net\/benin\/politique\/benin-wilfried-leandre-houngbedji-fait-une-revelation-sur-la-derniere-attaque-terroriste\" \/>\n<meta property=\"og:site_name\" content=\"B\u00e9nin\" \/>\n<meta property=\"article:published_time\" content=\"2022-07-12T17:46:01+00:00\" \/>\n<meta property=\"article:modified_time\" content=\"2022-07-12T18:07:10+00:00\" \/>\n<meta property=\"og:image\" content=\"https:\/\/static.africa-press.net\/benin\/sites\/46\/2022\/07\/postQueueImg_22-62cdb83aa7c20.jpg\" \/>\n\t<meta property=\"og:image:width\" content=\"1200\" \/>\n\t<meta property=\"og:image:height\" content=\"675\" \/>\n\t<meta property=\"og:image:type\" content=\"image\/jpeg\" \/>\n<meta name=\"author\" content=\"cfeditorfr\" \/>\n<meta name=\"twitter:card\" content=\"summary_large_image\" \/>\n<meta name=\"twitter:label1\" content=\"\u00c9crit par\" \/>\n\t<meta name=\"twitter:data1\" content=\"cfeditorfr\" \/>\n\t<meta name=\"twitter:label2\" content=\"Dur\u00e9e de lecture estim\u00e9e\" \/>\n\t<meta name=\"twitter:data2\" content=\"2 minutes\" \/>\n<script type=\"application\/ld+json\" class=\"yoast-schema-graph\">{\"@context\":\"https:\/\/schema.org\",\"@graph\":[{\"@type\":\"Article\",\"@id\":\"https:\/\/www.africa-press.net\/benin\/politique\/benin-wilfried-leandre-houngbedji-fait-une-revelation-sur-la-derniere-attaque-terroriste#article\",\"isPartOf\":{\"@id\":\"https:\/\/www.africa-press.net\/benin\/politique\/benin-wilfried-leandre-houngbedji-fait-une-revelation-sur-la-derniere-attaque-terroriste\"},\"author\":{\"name\":\"cfeditorfr\",\"@id\":\"https:\/\/www.africa-press.net\/benin\/#\/schema\/person\/2b1cf3cd81a31e3cd26889ca66d677f1\"},\"headline\":\"B\u00e9nin: Wilfried L\u00e9andre Houngb\u00e9dji fait une r\u00e9v\u00e9lation sur la derni\u00e8re attaque terroriste\",\"datePublished\":\"2022-07-12T17:46:01+00:00\",\"dateModified\":\"2022-07-12T18:07:10+00:00\",\"mainEntityOfPage\":{\"@id\":\"https:\/\/www.africa-press.net\/benin\/politique\/benin-wilfried-leandre-houngbedji-fait-une-revelation-sur-la-derniere-attaque-terroriste\"},\"wordCount\":386,\"commentCount\":0,\"image\":{\"@id\":\"https:\/\/www.africa-press.net\/benin\/politique\/benin-wilfried-leandre-houngbedji-fait-une-revelation-sur-la-derniere-attaque-terroriste#primaryimage\"},\"thumbnailUrl\":\"https:\/\/static.africa-press.net\/benin\/sites\/46\/2022\/07\/postQueueImg_22-62cdb83aa7c20.jpg\",\"keywords\":[\"Africa Press\",\"Africa Press-Benin\",\"B\u00e9nin\"],\"articleSection\":[\"homepage-french\",\"Politique\",\"Toutes les actualit\u00e9s\"],\"inLanguage\":\"fr-FR\",\"potentialAction\":[{\"@type\":\"CommentAction\",\"name\":\"Comment\",\"target\":[\"https:\/\/www.africa-press.net\/benin\/politique\/benin-wilfried-leandre-houngbedji-fait-une-revelation-sur-la-derniere-attaque-terroriste#respond\"]}]},{\"@type\":\"WebPage\",\"@id\":\"https:\/\/www.africa-press.net\/benin\/politique\/benin-wilfried-leandre-houngbedji-fait-une-revelation-sur-la-derniere-attaque-terroriste\",\"url\":\"https:\/\/www.africa-press.net\/benin\/politique\/benin-wilfried-leandre-houngbedji-fait-une-revelation-sur-la-derniere-attaque-terroriste\",\"name\":\"B\u00e9nin: Wilfried L\u00e9andre Houngb\u00e9dji fait une r\u00e9v\u00e9lation sur la derni\u00e8re attaque terroriste - B\u00e9nin\",\"isPartOf\":{\"@id\":\"https:\/\/www.africa-press.net\/benin\/#website\"},\"primaryImageOfPage\":{\"@id\":\"https:\/\/www.africa-press.net\/benin\/politique\/benin-wilfried-leandre-houngbedji-fait-une-revelation-sur-la-derniere-attaque-terroriste#primaryimage\"},\"image\":{\"@id\":\"https:\/\/www.africa-press.net\/benin\/politique\/benin-wilfried-leandre-houngbedji-fait-une-revelation-sur-la-derniere-attaque-terroriste#primaryimage\"},\"thumbnailUrl\":\"https:\/\/static.africa-press.net\/benin\/sites\/46\/2022\/07\/postQueueImg_22-62cdb83aa7c20.jpg\",\"datePublished\":\"2022-07-12T17:46:01+00:00\",\"dateModified\":\"2022-07-12T18:07:10+00:00\",\"author\":{\"@id\":\"https:\/\/www.africa-press.net\/benin\/#\/schema\/person\/2b1cf3cd81a31e3cd26889ca66d677f1\"},\"description\":\"Le porte-parole du gouvernement a r\u00e9v\u00e9l\u00e9 quelques \u00e9l\u00e9ments du rapport sur la derni\u00e8re attaque terroriste survenue dans l ...\",\"breadcrumb\":{\"@id\":\"https:\/\/www.africa-press.net\/benin\/politique\/benin-wilfried-leandre-houngbedji-fait-une-revelation-sur-la-derniere-attaque-terroriste#breadcrumb\"},\"inLanguage\":\"fr-FR\",\"potentialAction\":[{\"@type\":\"ReadAction\",\"target\":[\"https:\/\/www.africa-press.net\/benin\/politique\/benin-wilfried-leandre-houngbedji-fait-une-revelation-sur-la-derniere-attaque-terroriste\"]}]},{\"@type\":\"ImageObject\",\"inLanguage\":\"fr-FR\",\"@id\":\"https:\/\/www.africa-press.net\/benin\/politique\/benin-wilfried-leandre-houngbedji-fait-une-revelation-sur-la-derniere-attaque-terroriste#primaryimage\",\"url\":\"https:\/\/static.africa-press.net\/benin\/sites\/46\/2022\/07\/postQueueImg_22-62cdb83aa7c20.jpg\",\"contentUrl\":\"https:\/\/static.africa-press.net\/benin\/sites\/46\/2022\/07\/postQueueImg_22-62cdb83aa7c20.jpg\",\"width\":1200,\"height\":675,\"caption\":\"B\u00e9nin: Wilfried L\u00e9andre Houngb\u00e9dji fait une r\u00e9v\u00e9lation sur la derni\u00e8re attaque terroriste\"},{\"@type\":\"BreadcrumbList\",\"@id\":\"https:\/\/www.africa-press.net\/benin\/politique\/benin-wilfried-leandre-houngbedji-fait-une-revelation-sur-la-derniere-attaque-terroriste#breadcrumb\",\"itemListElement\":[{\"@type\":\"ListItem\",\"position\":1,\"name\":\"Accueil\",\"item\":\"https:\/\/www.africa-press.net\/benin\/\"},{\"@type\":\"ListItem\",\"position\":2,\"name\":\"B\u00e9nin: Wilfried L\u00e9andre Houngb\u00e9dji fait une r\u00e9v\u00e9lation sur la derni\u00e8re attaque terroriste\"}]},{\"@type\":\"WebSite\",\"@id\":\"https:\/\/www.africa-press.net\/benin\/#website\",\"url\":\"https:\/\/www.africa-press.net\/benin\/\",\"name\":\"B\u00e9nin\",\"description\":\"Just another Africa News Agency Sites site\",\"potentialAction\":[{\"@type\":\"SearchAction\",\"target\":{\"@type\":\"EntryPoint\",\"urlTemplate\":\"https:\/\/www.africa-press.net\/benin\/?s={search_term_string}\"},\"query-input\":{\"@type\":\"PropertyValueSpecification\",\"valueRequired\":true,\"valueName\":\"search_term_string\"}}],\"inLanguage\":\"fr-FR\"},{\"@type\":\"Person\",\"@id\":\"https:\/\/www.africa-press.net\/benin\/#\/schema\/person\/2b1cf3cd81a31e3cd26889ca66d677f1\",\"name\":\"cfeditorfr\"}]}<\/script>\n<!-- \/ Yoast SEO Premium plugin. -->","yoast_head_json":{"title":"B\u00e9nin: Wilfried L\u00e9andre Houngb\u00e9dji fait une r\u00e9v\u00e9lation sur la derni\u00e8re attaque terroriste - B\u00e9nin","description":"Le porte-parole du gouvernement a r\u00e9v\u00e9l\u00e9 quelques \u00e9l\u00e9ments du rapport sur la derni\u00e8re attaque terroriste survenue dans l ...","robots":{"index":"index","follow":"follow","max-snippet":"max-snippet:-1","max-image-preview":"max-image-preview:large","max-video-preview":"max-video-preview:-1"},"canonical":"https:\/\/www.africa-press.net\/benin\/politique\/benin-wilfried-leandre-houngbedji-fait-une-revelation-sur-la-derniere-attaque-terroriste","og_locale":"fr_FR","og_type":"article","og_title":"B\u00e9nin: Wilfried L\u00e9andre Houngb\u00e9dji fait une r\u00e9v\u00e9lation sur la derni\u00e8re attaque terroriste","og_description":"Le porte-parole du gouvernement a r\u00e9v\u00e9l\u00e9 quelques \u00e9l\u00e9ments du rapport sur la derni\u00e8re attaque terroriste survenue dans l ...","og_url":"https:\/\/www.africa-press.net\/benin\/politique\/benin-wilfried-leandre-houngbedji-fait-une-revelation-sur-la-derniere-attaque-terroriste","og_site_name":"B\u00e9nin","article_published_time":"2022-07-12T17:46:01+00:00","article_modified_time":"2022-07-12T18:07:10+00:00","og_image":[{"width":1200,"height":675,"url":"https:\/\/static.africa-press.net\/benin\/sites\/46\/2022\/07\/postQueueImg_22-62cdb83aa7c20.jpg","type":"image\/jpeg"}],"author":"cfeditorfr","twitter_card":"summary_large_image","twitter_misc":{"\u00c9crit par":"cfeditorfr","Dur\u00e9e de lecture estim\u00e9e":"2 minutes"},"schema":{"@context":"https:\/\/schema.org","@graph":[{"@type":"Article","@id":"https:\/\/www.africa-press.net\/benin\/politique\/benin-wilfried-leandre-houngbedji-fait-une-revelation-sur-la-derniere-attaque-terroriste#article","isPartOf":{"@id":"https:\/\/www.africa-press.net\/benin\/politique\/benin-wilfried-leandre-houngbedji-fait-une-revelation-sur-la-derniere-attaque-terroriste"},"author":{"name":"cfeditorfr","@id":"https:\/\/www.africa-press.net\/benin\/#\/schema\/person\/2b1cf3cd81a31e3cd26889ca66d677f1"},"headline":"B\u00e9nin: Wilfried L\u00e9andre Houngb\u00e9dji fait une r\u00e9v\u00e9lation sur la derni\u00e8re attaque terroriste","datePublished":"2022-07-12T17:46:01+00:00","dateModified":"2022-07-12T18:07:10+00:00","mainEntityOfPage":{"@id":"https:\/\/www.africa-press.net\/benin\/politique\/benin-wilfried-leandre-houngbedji-fait-une-revelation-sur-la-derniere-attaque-terroriste"},"wordCount":386,"commentCount":0,"image":{"@id":"https:\/\/www.africa-press.net\/benin\/politique\/benin-wilfried-leandre-houngbedji-fait-une-revelation-sur-la-derniere-attaque-terroriste#primaryimage"},"thumbnailUrl":"https:\/\/static.africa-press.net\/benin\/sites\/46\/2022\/07\/postQueueImg_22-62cdb83aa7c20.jpg","keywords":["Africa Press","Africa Press-Benin","B\u00e9nin"],"articleSection":["homepage-french","Politique","Toutes les actualit\u00e9s"],"inLanguage":"fr-FR","potentialAction":[{"@type":"CommentAction","name":"Comment","target":["https:\/\/www.africa-press.net\/benin\/politique\/benin-wilfried-leandre-houngbedji-fait-une-revelation-sur-la-derniere-attaque-terroriste#respond"]}]},{"@type":"WebPage","@id":"https:\/\/www.africa-press.net\/benin\/politique\/benin-wilfried-leandre-houngbedji-fait-une-revelation-sur-la-derniere-attaque-terroriste","url":"https:\/\/www.africa-press.net\/benin\/politique\/benin-wilfried-leandre-houngbedji-fait-une-revelation-sur-la-derniere-attaque-terroriste","name":"B\u00e9nin: Wilfried L\u00e9andre Houngb\u00e9dji fait une r\u00e9v\u00e9lation sur la derni\u00e8re attaque terroriste - B\u00e9nin","isPartOf":{"@id":"https:\/\/www.africa-press.net\/benin\/#website"},"primaryImageOfPage":{"@id":"https:\/\/www.africa-press.net\/benin\/politique\/benin-wilfried-leandre-houngbedji-fait-une-revelation-sur-la-derniere-attaque-terroriste#primaryimage"},"image":{"@id":"https:\/\/www.africa-press.net\/benin\/politique\/benin-wilfried-leandre-houngbedji-fait-une-revelation-sur-la-derniere-attaque-terroriste#primaryimage"},"thumbnailUrl":"https:\/\/static.africa-press.net\/benin\/sites\/46\/2022\/07\/postQueueImg_22-62cdb83aa7c20.jpg","datePublished":"2022-07-12T17:46:01+00:00","dateModified":"2022-07-12T18:07:10+00:00","author":{"@id":"https:\/\/www.africa-press.net\/benin\/#\/schema\/person\/2b1cf3cd81a31e3cd26889ca66d677f1"},"description":"Le porte-parole du gouvernement a r\u00e9v\u00e9l\u00e9 quelques \u00e9l\u00e9ments du rapport sur la derni\u00e8re attaque terroriste survenue dans l ...","breadcrumb":{"@id":"https:\/\/www.africa-press.net\/benin\/politique\/benin-wilfried-leandre-houngbedji-fait-une-revelation-sur-la-derniere-attaque-terroriste#breadcrumb"},"inLanguage":"fr-FR","potentialAction":[{"@type":"ReadAction","target":["https:\/\/www.africa-press.net\/benin\/politique\/benin-wilfried-leandre-houngbedji-fait-une-revelation-sur-la-derniere-attaque-terroriste"]}]},{"@type":"ImageObject","inLanguage":"fr-FR","@id":"https:\/\/www.africa-press.net\/benin\/politique\/benin-wilfried-leandre-houngbedji-fait-une-revelation-sur-la-derniere-attaque-terroriste#primaryimage","url":"https:\/\/static.africa-press.net\/benin\/sites\/46\/2022\/07\/postQueueImg_22-62cdb83aa7c20.jpg","contentUrl":"https:\/\/static.africa-press.net\/benin\/sites\/46\/2022\/07\/postQueueImg_22-62cdb83aa7c20.jpg","width":1200,"height":675,"caption":"B\u00e9nin: Wilfried L\u00e9andre Houngb\u00e9dji fait une r\u00e9v\u00e9lation sur la derni\u00e8re attaque terroriste"},{"@type":"BreadcrumbList","@id":"https:\/\/www.africa-press.net\/benin\/politique\/benin-wilfried-leandre-houngbedji-fait-une-revelation-sur-la-derniere-attaque-terroriste#breadcrumb","itemListElement":[{"@type":"ListItem","position":1,"name":"Accueil","item":"https:\/\/www.africa-press.net\/benin\/"},{"@type":"ListItem","position":2,"name":"B\u00e9nin: Wilfried L\u00e9andre Houngb\u00e9dji fait une r\u00e9v\u00e9lation sur la derni\u00e8re attaque terroriste"}]},{"@type":"WebSite","@id":"https:\/\/www.africa-press.net\/benin\/#website","url":"https:\/\/www.africa-press.net\/benin\/","name":"B\u00e9nin","description":"Just another Africa News Agency Sites site","potentialAction":[{"@type":"SearchAction","target":{"@type":"EntryPoint","urlTemplate":"https:\/\/www.africa-press.net\/benin\/?s={search_term_string}"},"query-input":{"@type":"PropertyValueSpecification","valueRequired":true,"valueName":"search_term_string"}}],"inLanguage":"fr-FR"},{"@type":"Person","@id":"https:\/\/www.africa-press.net\/benin\/#\/schema\/person\/2b1cf3cd81a31e3cd26889ca66d677f1","name":"cfeditorfr"}]}},"_links":{"self":[{"href":"https:\/\/www.africa-press.net\/benin\/wp-json\/wp\/v2\/posts\/6820","targetHints":{"allow":["GET"]}}],"collection":[{"href":"https:\/\/www.africa-press.net\/benin\/wp-json\/wp\/v2\/posts"}],"about":[{"href":"https:\/\/www.africa-press.net\/benin\/wp-json\/wp\/v2\/types\/post"}],"author":[{"embeddable":true,"href":"https:\/\/www.africa-press.net\/benin\/wp-json\/wp\/v2\/users\/82"}],"replies":[{"embeddable":true,"href":"https:\/\/www.africa-press.net\/benin\/wp-json\/wp\/v2\/comments?post=6820"}],"version-history":[{"count":0,"href":"https:\/\/www.africa-press.net\/benin\/wp-json\/wp\/v2\/posts\/6820\/revisions"}],"wp:featuredmedia":[{"embeddable":true,"href":"https:\/\/www.africa-press.net\/benin\/wp-json\/wp\/v2\/media\/6819"}],"wp:attachment":[{"href":"https:\/\/www.africa-press.net\/benin\/wp-json\/wp\/v2\/media?parent=6820"}],"wp:term":[{"taxonomy":"category","embeddable":true,"href":"https:\/\/www.africa-press.net\/benin\/wp-json\/wp\/v2\/categories?post=6820"},{"taxonomy":"post_tag","embeddable":true,"href":"https:\/\/www.africa-press.net\/benin\/wp-json\/wp\/v2\/tags?post=6820"}],"curies":[{"name":"wp","href":"https:\/\/api.w.org\/{rel}","templated":true}]}}