{"id":6823,"date":"2022-07-12T17:46:24","date_gmt":"2022-07-12T17:46:24","guid":{"rendered":"https:\/\/www.africa-press.net\/benin\/politique\/benin-joseph-djogbenou-demissionne-de-la-cour-constitutionnelle"},"modified":"2022-07-12T18:07:37","modified_gmt":"2022-07-12T18:07:37","slug":"benin-joseph-djogbenou-demissionne-de-la-cour-constitutionnelle","status":"publish","type":"post","link":"https:\/\/www.africa-press.net\/benin\/politique\/benin-joseph-djogbenou-demissionne-de-la-cour-constitutionnelle","title":{"rendered":"B\u00e9nin: Joseph Djogb\u00e9nou d\u00e9missionne de la Cour constitutionnelle"},"content":{"rendered":"<p><span style=\"color: #ff6600\"><strong>Africa-Press &#8211; Benin. <\/strong><\/span>Le Professeur Joseph Djogb\u00e9nou a d\u00e9missionn\u00e9 de son poste de pr\u00e9sident de la Cour constitutionnelle. Sa lettre de d\u00e9mission a \u00e9t\u00e9 d\u00e9pos\u00e9e ce mardi 12 juillet 2022 \u00e0 la haute juridiction.<\/p>\n<p>Selon le communiqu\u00e9 du secr\u00e9taire g\u00e9n\u00e9ral de la Cour, le Vice-pr\u00e9sident de la Cour constitutionnelle Razaki Amouda-Issifou va prendre les r\u00eanes de la juridiction. La passation de charges entre ce dernier et le pr\u00e9sident sortant est pr\u00e9vue pour demain mercredi 13 juillet 2022.<\/p>\n<p>L\u2019ancien Garde des Sceaux, ministre de la Justice, de la L\u00e9gislation et des Droits de l\u2019Homme, Joseph Djogb\u00e9nou avait \u00e9t\u00e9 port\u00e9 \u00e0 la t\u00eate de la Cour constitutionnelle en 2018. Soutien inconditionnel du pr\u00e9sident de la R\u00e9publique, son \u00e9lection avait suscit\u00e9 de vives r\u00e9actions au sein de l\u2019opinion. Il avait tr\u00e8s t\u00f4t confort\u00e9 les critiques apr\u00e8s certaines de ses d\u00e9cisions qui donnaient l\u2019impression d\u2019une remise en cause de celles de ses pr\u00e9d\u00e9cesseurs.<\/p>\n<p><b>Ce qu\u2019il faut savoir sur Joseph Djogb\u00e9nou<\/b><\/p>\n<p>Professeur Titulaire, agr\u00e9g\u00e9 des facult\u00e9s de droit, droit priv\u00e9 et sciences criminelles, de l\u2019universit\u00e9 d\u2019Abomey-Calavi, Joseph Djogb\u00e9nou est avocat au Barreau du B\u00e9nin, ancien leader de la soci\u00e9t\u00e9 civile, il avait tr\u00e8s vite vir\u00e9 en politique en prenant la pr\u00e9sidence d\u2019honneur du parti Alternative citoyenne.<\/p>\n<p>Joseph Djogb\u00e9nou a \u00e9t\u00e9 \u00e9lu d\u00e9put\u00e9 de la septi\u00e8me l\u00e9gislature et avait dirig\u00e9 la Commission des lois. Apr\u00e8s son passage au parlement, il a \u00e9t\u00e9 nomm\u00e9 Garde des sceaux pour le compte du premier mandat de Patrice Talon.<\/p>\n<p><strong>Pour plus d&rsquo;informations et d&rsquo;analyses sur la <a href=\"https:\/\/www.africa-press.net\/benin\">Benin<\/a>, suivez <a href=\"https:\/\/www.africa-press.net\/\">Africa-Press<\/a><\/strong><\/p>\n","protected":false},"excerpt":{"rendered":"<p>Africa-Press &#8211; Benin. Le Professeur Joseph Djogb\u00e9nou a d\u00e9missionn\u00e9 de son poste de pr\u00e9sident de la Cour constitutionnelle. Sa lettre de d\u00e9mission a \u00e9t\u00e9 d\u00e9pos\u00e9e ce mardi 12 juillet 2022 \u00e0 la haute juridiction. Selon le communiqu\u00e9 du secr\u00e9taire g\u00e9n\u00e9ral de la Cour, le Vice-pr\u00e9sident de la Cour constitutionnelle Razaki Amouda-Issifou va prendre les r\u00eanes [&hellip;]<\/p>\n","protected":false},"author":82,"featured_media":6822,"comment_status":"open","ping_status":"closed","sticky":false,"template":"","format":"standard","meta":{"footnotes":""},"categories":[11,2,10],"tags":[36,50,45],"class_list":["post-6823","post","type-post","status-publish","format-standard","has-post-thumbnail","hentry","category-homepage-french","category-politique","category-toutes-les-actualites","tag-africa-press","tag-africa-press-benin","tag-benin"],"yoast_head":"<!-- This site is optimized with the Yoast SEO Premium plugin v26.1 (Yoast SEO v27.0) - https:\/\/yoast.com\/product\/yoast-seo-premium-wordpress\/ -->\n<title>B\u00e9nin: Joseph Djogb\u00e9nou d\u00e9missionne de la Cour constitutionnelle - B\u00e9nin<\/title>\n<meta name=\"description\" content=\"Le Professeur Joseph Djogb\u00e9nou a d\u00e9missionn\u00e9 de son poste de pr\u00e9sident de la Cour constitutionnelle. Sa lettre de d\u00e9miss ...\" \/>\n<meta name=\"robots\" content=\"index, follow, max-snippet:-1, max-image-preview:large, max-video-preview:-1\" \/>\n<link rel=\"canonical\" href=\"https:\/\/www.africa-press.net\/benin\/politique\/benin-joseph-djogbenou-demissionne-de-la-cour-constitutionnelle\" \/>\n<meta property=\"og:locale\" content=\"fr_FR\" \/>\n<meta property=\"og:type\" content=\"article\" \/>\n<meta property=\"og:title\" content=\"B\u00e9nin: Joseph Djogb\u00e9nou d\u00e9missionne de la Cour constitutionnelle\" \/>\n<meta property=\"og:description\" content=\"Le Professeur Joseph Djogb\u00e9nou a d\u00e9missionn\u00e9 de son poste de pr\u00e9sident de la Cour constitutionnelle. Sa lettre de d\u00e9miss ...\" \/>\n<meta property=\"og:url\" content=\"https:\/\/www.africa-press.net\/benin\/politique\/benin-joseph-djogbenou-demissionne-de-la-cour-constitutionnelle\" \/>\n<meta property=\"og:site_name\" content=\"B\u00e9nin\" \/>\n<meta property=\"article:published_time\" content=\"2022-07-12T17:46:24+00:00\" \/>\n<meta property=\"article:modified_time\" content=\"2022-07-12T18:07:37+00:00\" \/>\n<meta property=\"og:image\" content=\"https:\/\/static.africa-press.net\/benin\/sites\/46\/2022\/07\/postQueueImg_23-62cdb8542bd11.jpg\" \/>\n\t<meta property=\"og:image:width\" content=\"1200\" \/>\n\t<meta property=\"og:image:height\" content=\"680\" \/>\n\t<meta property=\"og:image:type\" content=\"image\/jpeg\" \/>\n<meta name=\"author\" content=\"cfeditorfr\" \/>\n<meta name=\"twitter:card\" content=\"summary_large_image\" \/>\n<meta name=\"twitter:label1\" content=\"\u00c9crit par\" \/>\n\t<meta name=\"twitter:data1\" content=\"cfeditorfr\" \/>\n\t<meta name=\"twitter:label2\" content=\"Dur\u00e9e de lecture estim\u00e9e\" \/>\n\t<meta name=\"twitter:data2\" content=\"1 minute\" \/>\n<script type=\"application\/ld+json\" class=\"yoast-schema-graph\">{\"@context\":\"https:\/\/schema.org\",\"@graph\":[{\"@type\":\"Article\",\"@id\":\"https:\/\/www.africa-press.net\/benin\/politique\/benin-joseph-djogbenou-demissionne-de-la-cour-constitutionnelle#article\",\"isPartOf\":{\"@id\":\"https:\/\/www.africa-press.net\/benin\/politique\/benin-joseph-djogbenou-demissionne-de-la-cour-constitutionnelle\"},\"author\":{\"name\":\"cfeditorfr\",\"@id\":\"https:\/\/www.africa-press.net\/benin\/#\/schema\/person\/2b1cf3cd81a31e3cd26889ca66d677f1\"},\"headline\":\"B\u00e9nin: Joseph Djogb\u00e9nou d\u00e9missionne de la Cour constitutionnelle\",\"datePublished\":\"2022-07-12T17:46:24+00:00\",\"dateModified\":\"2022-07-12T18:07:37+00:00\",\"mainEntityOfPage\":{\"@id\":\"https:\/\/www.africa-press.net\/benin\/politique\/benin-joseph-djogbenou-demissionne-de-la-cour-constitutionnelle\"},\"wordCount\":302,\"commentCount\":0,\"image\":{\"@id\":\"https:\/\/www.africa-press.net\/benin\/politique\/benin-joseph-djogbenou-demissionne-de-la-cour-constitutionnelle#primaryimage\"},\"thumbnailUrl\":\"https:\/\/static.africa-press.net\/benin\/sites\/46\/2022\/07\/postQueueImg_23-62cdb8542bd11.jpg\",\"keywords\":[\"Africa Press\",\"Africa Press-Benin\",\"B\u00e9nin\"],\"articleSection\":[\"homepage-french\",\"Politique\",\"Toutes les actualit\u00e9s\"],\"inLanguage\":\"fr-FR\",\"potentialAction\":[{\"@type\":\"CommentAction\",\"name\":\"Comment\",\"target\":[\"https:\/\/www.africa-press.net\/benin\/politique\/benin-joseph-djogbenou-demissionne-de-la-cour-constitutionnelle#respond\"]}]},{\"@type\":\"WebPage\",\"@id\":\"https:\/\/www.africa-press.net\/benin\/politique\/benin-joseph-djogbenou-demissionne-de-la-cour-constitutionnelle\",\"url\":\"https:\/\/www.africa-press.net\/benin\/politique\/benin-joseph-djogbenou-demissionne-de-la-cour-constitutionnelle\",\"name\":\"B\u00e9nin: Joseph Djogb\u00e9nou d\u00e9missionne de la Cour constitutionnelle - B\u00e9nin\",\"isPartOf\":{\"@id\":\"https:\/\/www.africa-press.net\/benin\/#website\"},\"primaryImageOfPage\":{\"@id\":\"https:\/\/www.africa-press.net\/benin\/politique\/benin-joseph-djogbenou-demissionne-de-la-cour-constitutionnelle#primaryimage\"},\"image\":{\"@id\":\"https:\/\/www.africa-press.net\/benin\/politique\/benin-joseph-djogbenou-demissionne-de-la-cour-constitutionnelle#primaryimage\"},\"thumbnailUrl\":\"https:\/\/static.africa-press.net\/benin\/sites\/46\/2022\/07\/postQueueImg_23-62cdb8542bd11.jpg\",\"datePublished\":\"2022-07-12T17:46:24+00:00\",\"dateModified\":\"2022-07-12T18:07:37+00:00\",\"author\":{\"@id\":\"https:\/\/www.africa-press.net\/benin\/#\/schema\/person\/2b1cf3cd81a31e3cd26889ca66d677f1\"},\"description\":\"Le Professeur Joseph Djogb\u00e9nou a d\u00e9missionn\u00e9 de son poste de pr\u00e9sident de la Cour constitutionnelle. Sa lettre de d\u00e9miss ...\",\"breadcrumb\":{\"@id\":\"https:\/\/www.africa-press.net\/benin\/politique\/benin-joseph-djogbenou-demissionne-de-la-cour-constitutionnelle#breadcrumb\"},\"inLanguage\":\"fr-FR\",\"potentialAction\":[{\"@type\":\"ReadAction\",\"target\":[\"https:\/\/www.africa-press.net\/benin\/politique\/benin-joseph-djogbenou-demissionne-de-la-cour-constitutionnelle\"]}]},{\"@type\":\"ImageObject\",\"inLanguage\":\"fr-FR\",\"@id\":\"https:\/\/www.africa-press.net\/benin\/politique\/benin-joseph-djogbenou-demissionne-de-la-cour-constitutionnelle#primaryimage\",\"url\":\"https:\/\/static.africa-press.net\/benin\/sites\/46\/2022\/07\/postQueueImg_23-62cdb8542bd11.jpg\",\"contentUrl\":\"https:\/\/static.africa-press.net\/benin\/sites\/46\/2022\/07\/postQueueImg_23-62cdb8542bd11.jpg\",\"width\":1200,\"height\":680,\"caption\":\"B\u00e9nin: Joseph Djogb\u00e9nou d\u00e9missionne de la Cour constitutionnelle\"},{\"@type\":\"BreadcrumbList\",\"@id\":\"https:\/\/www.africa-press.net\/benin\/politique\/benin-joseph-djogbenou-demissionne-de-la-cour-constitutionnelle#breadcrumb\",\"itemListElement\":[{\"@type\":\"ListItem\",\"position\":1,\"name\":\"Accueil\",\"item\":\"https:\/\/www.africa-press.net\/benin\/\"},{\"@type\":\"ListItem\",\"position\":2,\"name\":\"B\u00e9nin: Joseph Djogb\u00e9nou d\u00e9missionne de la Cour constitutionnelle\"}]},{\"@type\":\"WebSite\",\"@id\":\"https:\/\/www.africa-press.net\/benin\/#website\",\"url\":\"https:\/\/www.africa-press.net\/benin\/\",\"name\":\"B\u00e9nin\",\"description\":\"Just another Africa News Agency Sites site\",\"potentialAction\":[{\"@type\":\"SearchAction\",\"target\":{\"@type\":\"EntryPoint\",\"urlTemplate\":\"https:\/\/www.africa-press.net\/benin\/?s={search_term_string}\"},\"query-input\":{\"@type\":\"PropertyValueSpecification\",\"valueRequired\":true,\"valueName\":\"search_term_string\"}}],\"inLanguage\":\"fr-FR\"},{\"@type\":\"Person\",\"@id\":\"https:\/\/www.africa-press.net\/benin\/#\/schema\/person\/2b1cf3cd81a31e3cd26889ca66d677f1\",\"name\":\"cfeditorfr\"}]}<\/script>\n<!-- \/ Yoast SEO Premium plugin. -->","yoast_head_json":{"title":"B\u00e9nin: Joseph Djogb\u00e9nou d\u00e9missionne de la Cour constitutionnelle - B\u00e9nin","description":"Le Professeur Joseph Djogb\u00e9nou a d\u00e9missionn\u00e9 de son poste de pr\u00e9sident de la Cour constitutionnelle. Sa lettre de d\u00e9miss ...","robots":{"index":"index","follow":"follow","max-snippet":"max-snippet:-1","max-image-preview":"max-image-preview:large","max-video-preview":"max-video-preview:-1"},"canonical":"https:\/\/www.africa-press.net\/benin\/politique\/benin-joseph-djogbenou-demissionne-de-la-cour-constitutionnelle","og_locale":"fr_FR","og_type":"article","og_title":"B\u00e9nin: Joseph Djogb\u00e9nou d\u00e9missionne de la Cour constitutionnelle","og_description":"Le Professeur Joseph Djogb\u00e9nou a d\u00e9missionn\u00e9 de son poste de pr\u00e9sident de la Cour constitutionnelle. Sa lettre de d\u00e9miss ...","og_url":"https:\/\/www.africa-press.net\/benin\/politique\/benin-joseph-djogbenou-demissionne-de-la-cour-constitutionnelle","og_site_name":"B\u00e9nin","article_published_time":"2022-07-12T17:46:24+00:00","article_modified_time":"2022-07-12T18:07:37+00:00","og_image":[{"width":1200,"height":680,"url":"https:\/\/static.africa-press.net\/benin\/sites\/46\/2022\/07\/postQueueImg_23-62cdb8542bd11.jpg","type":"image\/jpeg"}],"author":"cfeditorfr","twitter_card":"summary_large_image","twitter_misc":{"\u00c9crit par":"cfeditorfr","Dur\u00e9e de lecture estim\u00e9e":"1 minute"},"schema":{"@context":"https:\/\/schema.org","@graph":[{"@type":"Article","@id":"https:\/\/www.africa-press.net\/benin\/politique\/benin-joseph-djogbenou-demissionne-de-la-cour-constitutionnelle#article","isPartOf":{"@id":"https:\/\/www.africa-press.net\/benin\/politique\/benin-joseph-djogbenou-demissionne-de-la-cour-constitutionnelle"},"author":{"name":"cfeditorfr","@id":"https:\/\/www.africa-press.net\/benin\/#\/schema\/person\/2b1cf3cd81a31e3cd26889ca66d677f1"},"headline":"B\u00e9nin: Joseph Djogb\u00e9nou d\u00e9missionne de la Cour constitutionnelle","datePublished":"2022-07-12T17:46:24+00:00","dateModified":"2022-07-12T18:07:37+00:00","mainEntityOfPage":{"@id":"https:\/\/www.africa-press.net\/benin\/politique\/benin-joseph-djogbenou-demissionne-de-la-cour-constitutionnelle"},"wordCount":302,"commentCount":0,"image":{"@id":"https:\/\/www.africa-press.net\/benin\/politique\/benin-joseph-djogbenou-demissionne-de-la-cour-constitutionnelle#primaryimage"},"thumbnailUrl":"https:\/\/static.africa-press.net\/benin\/sites\/46\/2022\/07\/postQueueImg_23-62cdb8542bd11.jpg","keywords":["Africa Press","Africa Press-Benin","B\u00e9nin"],"articleSection":["homepage-french","Politique","Toutes les actualit\u00e9s"],"inLanguage":"fr-FR","potentialAction":[{"@type":"CommentAction","name":"Comment","target":["https:\/\/www.africa-press.net\/benin\/politique\/benin-joseph-djogbenou-demissionne-de-la-cour-constitutionnelle#respond"]}]},{"@type":"WebPage","@id":"https:\/\/www.africa-press.net\/benin\/politique\/benin-joseph-djogbenou-demissionne-de-la-cour-constitutionnelle","url":"https:\/\/www.africa-press.net\/benin\/politique\/benin-joseph-djogbenou-demissionne-de-la-cour-constitutionnelle","name":"B\u00e9nin: Joseph Djogb\u00e9nou d\u00e9missionne de la Cour constitutionnelle - B\u00e9nin","isPartOf":{"@id":"https:\/\/www.africa-press.net\/benin\/#website"},"primaryImageOfPage":{"@id":"https:\/\/www.africa-press.net\/benin\/politique\/benin-joseph-djogbenou-demissionne-de-la-cour-constitutionnelle#primaryimage"},"image":{"@id":"https:\/\/www.africa-press.net\/benin\/politique\/benin-joseph-djogbenou-demissionne-de-la-cour-constitutionnelle#primaryimage"},"thumbnailUrl":"https:\/\/static.africa-press.net\/benin\/sites\/46\/2022\/07\/postQueueImg_23-62cdb8542bd11.jpg","datePublished":"2022-07-12T17:46:24+00:00","dateModified":"2022-07-12T18:07:37+00:00","author":{"@id":"https:\/\/www.africa-press.net\/benin\/#\/schema\/person\/2b1cf3cd81a31e3cd26889ca66d677f1"},"description":"Le Professeur Joseph Djogb\u00e9nou a d\u00e9missionn\u00e9 de son poste de pr\u00e9sident de la Cour constitutionnelle. Sa lettre de d\u00e9miss ...","breadcrumb":{"@id":"https:\/\/www.africa-press.net\/benin\/politique\/benin-joseph-djogbenou-demissionne-de-la-cour-constitutionnelle#breadcrumb"},"inLanguage":"fr-FR","potentialAction":[{"@type":"ReadAction","target":["https:\/\/www.africa-press.net\/benin\/politique\/benin-joseph-djogbenou-demissionne-de-la-cour-constitutionnelle"]}]},{"@type":"ImageObject","inLanguage":"fr-FR","@id":"https:\/\/www.africa-press.net\/benin\/politique\/benin-joseph-djogbenou-demissionne-de-la-cour-constitutionnelle#primaryimage","url":"https:\/\/static.africa-press.net\/benin\/sites\/46\/2022\/07\/postQueueImg_23-62cdb8542bd11.jpg","contentUrl":"https:\/\/static.africa-press.net\/benin\/sites\/46\/2022\/07\/postQueueImg_23-62cdb8542bd11.jpg","width":1200,"height":680,"caption":"B\u00e9nin: Joseph Djogb\u00e9nou d\u00e9missionne de la Cour constitutionnelle"},{"@type":"BreadcrumbList","@id":"https:\/\/www.africa-press.net\/benin\/politique\/benin-joseph-djogbenou-demissionne-de-la-cour-constitutionnelle#breadcrumb","itemListElement":[{"@type":"ListItem","position":1,"name":"Accueil","item":"https:\/\/www.africa-press.net\/benin\/"},{"@type":"ListItem","position":2,"name":"B\u00e9nin: Joseph Djogb\u00e9nou d\u00e9missionne de la Cour constitutionnelle"}]},{"@type":"WebSite","@id":"https:\/\/www.africa-press.net\/benin\/#website","url":"https:\/\/www.africa-press.net\/benin\/","name":"B\u00e9nin","description":"Just another Africa News Agency Sites site","potentialAction":[{"@type":"SearchAction","target":{"@type":"EntryPoint","urlTemplate":"https:\/\/www.africa-press.net\/benin\/?s={search_term_string}"},"query-input":{"@type":"PropertyValueSpecification","valueRequired":true,"valueName":"search_term_string"}}],"inLanguage":"fr-FR"},{"@type":"Person","@id":"https:\/\/www.africa-press.net\/benin\/#\/schema\/person\/2b1cf3cd81a31e3cd26889ca66d677f1","name":"cfeditorfr"}]}},"_links":{"self":[{"href":"https:\/\/www.africa-press.net\/benin\/wp-json\/wp\/v2\/posts\/6823","targetHints":{"allow":["GET"]}}],"collection":[{"href":"https:\/\/www.africa-press.net\/benin\/wp-json\/wp\/v2\/posts"}],"about":[{"href":"https:\/\/www.africa-press.net\/benin\/wp-json\/wp\/v2\/types\/post"}],"author":[{"embeddable":true,"href":"https:\/\/www.africa-press.net\/benin\/wp-json\/wp\/v2\/users\/82"}],"replies":[{"embeddable":true,"href":"https:\/\/www.africa-press.net\/benin\/wp-json\/wp\/v2\/comments?post=6823"}],"version-history":[{"count":0,"href":"https:\/\/www.africa-press.net\/benin\/wp-json\/wp\/v2\/posts\/6823\/revisions"}],"wp:featuredmedia":[{"embeddable":true,"href":"https:\/\/www.africa-press.net\/benin\/wp-json\/wp\/v2\/media\/6822"}],"wp:attachment":[{"href":"https:\/\/www.africa-press.net\/benin\/wp-json\/wp\/v2\/media?parent=6823"}],"wp:term":[{"taxonomy":"category","embeddable":true,"href":"https:\/\/www.africa-press.net\/benin\/wp-json\/wp\/v2\/categories?post=6823"},{"taxonomy":"post_tag","embeddable":true,"href":"https:\/\/www.africa-press.net\/benin\/wp-json\/wp\/v2\/tags?post=6823"}],"curies":[{"name":"wp","href":"https:\/\/api.w.org\/{rel}","templated":true}]}}