{"id":6826,"date":"2022-07-12T17:46:31","date_gmt":"2022-07-12T17:46:31","guid":{"rendered":"https:\/\/www.africa-press.net\/benin\/politique\/benin-apres-sa-demission-de-la-cour-joseph-djogbenou-pressenti-a-la-tete-de-lup"},"modified":"2022-07-12T18:08:03","modified_gmt":"2022-07-12T18:08:03","slug":"benin-apres-sa-demission-de-la-cour-joseph-djogbenou-pressenti-a-la-tete-de-lup","status":"publish","type":"post","link":"https:\/\/www.africa-press.net\/benin\/politique\/benin-apres-sa-demission-de-la-cour-joseph-djogbenou-pressenti-a-la-tete-de-lup","title":{"rendered":"B\u00e9nin: apr\u00e8s sa d\u00e9mission de la Cour, Joseph Djogb\u00e9nou pressenti \u00e0 la t\u00eate de l\u2019UP"},"content":{"rendered":"<p><span style=\"color: #ff6600\"><strong>Africa-Press &#8211; Benin. <\/strong><\/span>Joseph Djogb\u00e9nou a d\u00e9missionn\u00e9 de la Cour constitutionnelle ce mardi 12 juillet 2022. Apr\u00e8s cette d\u00e9mission \u00e0 quelques mois de la fin de son mandat, l\u2019ancien ministre de la justice est pressenti pour remplacer Bruno Amoussou \u00e0 la t\u00eate du parti Union Progressiste (UP).<\/p>\n<p>D\u00e9sormais ex-pr\u00e9sident de la Cour constitutionnelle, la nouvelle destination de Joseph Djogb\u00e9nou serait d\u00e9j\u00e0 connue. L\u2019ancien acteur de la soci\u00e9t\u00e9 civile pourrait signer son retour dans l\u2019action politique. De sources concordances, il est pressenti pour \u00eatre d\u00e9sign\u00e9 pr\u00e9sident de l\u2019Union Progressiste (UP), l\u2019un des blocs de la mouvance pr\u00e9sentielle.<\/p>\n<p>Si les bruits de couloirs se confirment, Bruno Amoussou, alias le Renard de Djakotomey, devra alors abandonner les commandes du parti \u00ab baobab \u00bb. Des sources rapportent que sa d\u00e9mission serait m\u00eame d\u00e9j\u00e0 envisag\u00e9e.<\/p>\n<p><b>Pr\u00e9sidence de l\u2019UP la transition pour l\u2019Assembl\u00e9e nationale ?<\/b><\/p>\n<p>Joseph Djogb\u00e9nou est annonc\u00e9 pour prendre les r\u00eanes de l\u2019Union Progressiste (UP), mais ceci ne serait pas sa destination finale apr\u00e8s sa d\u00e9mission de la Cour constitutionnelle. La pr\u00e9sidence de l\u2019Union Progressiste serait juste une transition pour l\u2019ancien pr\u00e9sident d\u2019honneur du parti Alternative Citoyenne.<\/p>\n<p>En effet, Joseph Djogb\u00e9nou pourrait \u00eatre le prochain pr\u00e9sident de l\u2019Assembl\u00e9e nationale. L\u2019occupation de ce poste serait d\u2019ailleurs l\u2019objectif de sa d\u00e9mission, intervenue apr\u00e8s sa rencontre avec le Chef de l\u2019Etat et celle tenue avec l\u2019actuel pr\u00e9sident du parlement Louis Vlavonou.<\/p>\n<p><b>De la soci\u00e9t\u00e9 civile \u00e0 la politique<\/b><\/p>\n<p>Professeur Titulaire, agr\u00e9g\u00e9 des facult\u00e9s de droit, droit priv\u00e9 et sciences criminelles, de l\u2019universit\u00e9 d\u2019Abomey-Calavi, Joseph Djogb\u00e9nou est avocat au Barreau du B\u00e9nin. Ancien leader de la soci\u00e9t\u00e9 civile, il avait tr\u00e8s vite vir\u00e9 en politique en prenant la pr\u00e9sidence d\u2019honneur du parti Alternative citoyenne.<\/p>\n<p>Joseph Djogb\u00e9nou a \u00e9t\u00e9 \u00e9lu d\u00e9put\u00e9 de la septi\u00e8me l\u00e9gislature et avait dirig\u00e9 la Commission des lois. Apr\u00e8s son passage au parlement, il a \u00e9t\u00e9 nomm\u00e9 Garde des sceaux pour le compte du premier mandat de Patrice Talon.<\/p>\n<p><strong>Pour plus d&rsquo;informations et d&rsquo;analyses sur la <a href=\"https:\/\/www.africa-press.net\/benin\">Benin<\/a>, suivez <a href=\"https:\/\/www.africa-press.net\/\">Africa-Press<\/a><\/strong><\/p>\n","protected":false},"excerpt":{"rendered":"<p>Africa-Press &#8211; Benin. Joseph Djogb\u00e9nou a d\u00e9missionn\u00e9 de la Cour constitutionnelle ce mardi 12 juillet 2022. Apr\u00e8s cette d\u00e9mission \u00e0 quelques mois de la fin de son mandat, l\u2019ancien ministre de la justice est pressenti pour remplacer Bruno Amoussou \u00e0 la t\u00eate du parti Union Progressiste (UP). D\u00e9sormais ex-pr\u00e9sident de la Cour constitutionnelle, la nouvelle [&hellip;]<\/p>\n","protected":false},"author":82,"featured_media":6825,"comment_status":"open","ping_status":"closed","sticky":false,"template":"","format":"standard","meta":{"footnotes":""},"categories":[11,2,10],"tags":[36,50,45],"class_list":["post-6826","post","type-post","status-publish","format-standard","has-post-thumbnail","hentry","category-homepage-french","category-politique","category-toutes-les-actualites","tag-africa-press","tag-africa-press-benin","tag-benin"],"yoast_head":"<!-- This site is optimized with the Yoast SEO Premium plugin v26.1 (Yoast SEO v27.0) - https:\/\/yoast.com\/product\/yoast-seo-premium-wordpress\/ -->\n<title>B\u00e9nin: apr\u00e8s sa d\u00e9mission de la Cour, Joseph Djogb\u00e9nou pressenti \u00e0 la t\u00eate de l\u2019UP - B\u00e9nin<\/title>\n<meta name=\"description\" content=\"Joseph Djogb\u00e9nou a d\u00e9missionn\u00e9 de la Cour constitutionnelle ce mardi 12 juillet 2022. Apr\u00e8s cette d\u00e9mission \u00e0 quelques m ...\" \/>\n<meta name=\"robots\" content=\"index, follow, max-snippet:-1, max-image-preview:large, max-video-preview:-1\" \/>\n<link rel=\"canonical\" href=\"https:\/\/www.africa-press.net\/benin\/politique\/benin-apres-sa-demission-de-la-cour-joseph-djogbenou-pressenti-a-la-tete-de-lup\" \/>\n<meta property=\"og:locale\" content=\"fr_FR\" \/>\n<meta property=\"og:type\" content=\"article\" \/>\n<meta property=\"og:title\" content=\"B\u00e9nin: apr\u00e8s sa d\u00e9mission de la Cour, Joseph Djogb\u00e9nou pressenti \u00e0 la t\u00eate de l\u2019UP\" \/>\n<meta property=\"og:description\" content=\"Joseph Djogb\u00e9nou a d\u00e9missionn\u00e9 de la Cour constitutionnelle ce mardi 12 juillet 2022. Apr\u00e8s cette d\u00e9mission \u00e0 quelques m ...\" \/>\n<meta property=\"og:url\" content=\"https:\/\/www.africa-press.net\/benin\/politique\/benin-apres-sa-demission-de-la-cour-joseph-djogbenou-pressenti-a-la-tete-de-lup\" \/>\n<meta property=\"og:site_name\" content=\"B\u00e9nin\" \/>\n<meta property=\"article:published_time\" content=\"2022-07-12T17:46:31+00:00\" \/>\n<meta property=\"article:modified_time\" content=\"2022-07-12T18:08:03+00:00\" \/>\n<meta property=\"og:image\" content=\"https:\/\/static.africa-press.net\/benin\/sites\/46\/2022\/07\/postQueueImg_24-62cdb86f3183d.jpg\" \/>\n\t<meta property=\"og:image:width\" content=\"1280\" \/>\n\t<meta property=\"og:image:height\" content=\"720\" \/>\n\t<meta property=\"og:image:type\" content=\"image\/jpeg\" \/>\n<meta name=\"author\" content=\"cfeditorfr\" \/>\n<meta name=\"twitter:card\" content=\"summary_large_image\" \/>\n<meta name=\"twitter:label1\" content=\"\u00c9crit par\" \/>\n\t<meta name=\"twitter:data1\" content=\"cfeditorfr\" \/>\n\t<meta name=\"twitter:label2\" content=\"Dur\u00e9e de lecture estim\u00e9e\" \/>\n\t<meta name=\"twitter:data2\" content=\"2 minutes\" \/>\n<script type=\"application\/ld+json\" class=\"yoast-schema-graph\">{\"@context\":\"https:\/\/schema.org\",\"@graph\":[{\"@type\":\"Article\",\"@id\":\"https:\/\/www.africa-press.net\/benin\/politique\/benin-apres-sa-demission-de-la-cour-joseph-djogbenou-pressenti-a-la-tete-de-lup#article\",\"isPartOf\":{\"@id\":\"https:\/\/www.africa-press.net\/benin\/politique\/benin-apres-sa-demission-de-la-cour-joseph-djogbenou-pressenti-a-la-tete-de-lup\"},\"author\":{\"name\":\"cfeditorfr\",\"@id\":\"https:\/\/www.africa-press.net\/benin\/#\/schema\/person\/2b1cf3cd81a31e3cd26889ca66d677f1\"},\"headline\":\"B\u00e9nin: apr\u00e8s sa d\u00e9mission de la Cour, Joseph Djogb\u00e9nou pressenti \u00e0 la t\u00eate de l\u2019UP\",\"datePublished\":\"2022-07-12T17:46:31+00:00\",\"dateModified\":\"2022-07-12T18:08:03+00:00\",\"mainEntityOfPage\":{\"@id\":\"https:\/\/www.africa-press.net\/benin\/politique\/benin-apres-sa-demission-de-la-cour-joseph-djogbenou-pressenti-a-la-tete-de-lup\"},\"wordCount\":402,\"commentCount\":0,\"image\":{\"@id\":\"https:\/\/www.africa-press.net\/benin\/politique\/benin-apres-sa-demission-de-la-cour-joseph-djogbenou-pressenti-a-la-tete-de-lup#primaryimage\"},\"thumbnailUrl\":\"https:\/\/static.africa-press.net\/benin\/sites\/46\/2022\/07\/postQueueImg_24-62cdb86f3183d.jpg\",\"keywords\":[\"Africa Press\",\"Africa Press-Benin\",\"B\u00e9nin\"],\"articleSection\":[\"homepage-french\",\"Politique\",\"Toutes les actualit\u00e9s\"],\"inLanguage\":\"fr-FR\",\"potentialAction\":[{\"@type\":\"CommentAction\",\"name\":\"Comment\",\"target\":[\"https:\/\/www.africa-press.net\/benin\/politique\/benin-apres-sa-demission-de-la-cour-joseph-djogbenou-pressenti-a-la-tete-de-lup#respond\"]}]},{\"@type\":\"WebPage\",\"@id\":\"https:\/\/www.africa-press.net\/benin\/politique\/benin-apres-sa-demission-de-la-cour-joseph-djogbenou-pressenti-a-la-tete-de-lup\",\"url\":\"https:\/\/www.africa-press.net\/benin\/politique\/benin-apres-sa-demission-de-la-cour-joseph-djogbenou-pressenti-a-la-tete-de-lup\",\"name\":\"B\u00e9nin: apr\u00e8s sa d\u00e9mission de la Cour, Joseph Djogb\u00e9nou pressenti \u00e0 la t\u00eate de l\u2019UP - B\u00e9nin\",\"isPartOf\":{\"@id\":\"https:\/\/www.africa-press.net\/benin\/#website\"},\"primaryImageOfPage\":{\"@id\":\"https:\/\/www.africa-press.net\/benin\/politique\/benin-apres-sa-demission-de-la-cour-joseph-djogbenou-pressenti-a-la-tete-de-lup#primaryimage\"},\"image\":{\"@id\":\"https:\/\/www.africa-press.net\/benin\/politique\/benin-apres-sa-demission-de-la-cour-joseph-djogbenou-pressenti-a-la-tete-de-lup#primaryimage\"},\"thumbnailUrl\":\"https:\/\/static.africa-press.net\/benin\/sites\/46\/2022\/07\/postQueueImg_24-62cdb86f3183d.jpg\",\"datePublished\":\"2022-07-12T17:46:31+00:00\",\"dateModified\":\"2022-07-12T18:08:03+00:00\",\"author\":{\"@id\":\"https:\/\/www.africa-press.net\/benin\/#\/schema\/person\/2b1cf3cd81a31e3cd26889ca66d677f1\"},\"description\":\"Joseph Djogb\u00e9nou a d\u00e9missionn\u00e9 de la Cour constitutionnelle ce mardi 12 juillet 2022. Apr\u00e8s cette d\u00e9mission \u00e0 quelques m ...\",\"breadcrumb\":{\"@id\":\"https:\/\/www.africa-press.net\/benin\/politique\/benin-apres-sa-demission-de-la-cour-joseph-djogbenou-pressenti-a-la-tete-de-lup#breadcrumb\"},\"inLanguage\":\"fr-FR\",\"potentialAction\":[{\"@type\":\"ReadAction\",\"target\":[\"https:\/\/www.africa-press.net\/benin\/politique\/benin-apres-sa-demission-de-la-cour-joseph-djogbenou-pressenti-a-la-tete-de-lup\"]}]},{\"@type\":\"ImageObject\",\"inLanguage\":\"fr-FR\",\"@id\":\"https:\/\/www.africa-press.net\/benin\/politique\/benin-apres-sa-demission-de-la-cour-joseph-djogbenou-pressenti-a-la-tete-de-lup#primaryimage\",\"url\":\"https:\/\/static.africa-press.net\/benin\/sites\/46\/2022\/07\/postQueueImg_24-62cdb86f3183d.jpg\",\"contentUrl\":\"https:\/\/static.africa-press.net\/benin\/sites\/46\/2022\/07\/postQueueImg_24-62cdb86f3183d.jpg\",\"width\":1280,\"height\":720,\"caption\":\"B\u00e9nin: apr\u00e8s sa d\u00e9mission de la Cour, Joseph Djogb\u00e9nou pressenti \u00e0 la t\u00eate de l\u2019UP\"},{\"@type\":\"BreadcrumbList\",\"@id\":\"https:\/\/www.africa-press.net\/benin\/politique\/benin-apres-sa-demission-de-la-cour-joseph-djogbenou-pressenti-a-la-tete-de-lup#breadcrumb\",\"itemListElement\":[{\"@type\":\"ListItem\",\"position\":1,\"name\":\"Accueil\",\"item\":\"https:\/\/www.africa-press.net\/benin\/\"},{\"@type\":\"ListItem\",\"position\":2,\"name\":\"B\u00e9nin: apr\u00e8s sa d\u00e9mission de la Cour, Joseph Djogb\u00e9nou pressenti \u00e0 la t\u00eate de l\u2019UP\"}]},{\"@type\":\"WebSite\",\"@id\":\"https:\/\/www.africa-press.net\/benin\/#website\",\"url\":\"https:\/\/www.africa-press.net\/benin\/\",\"name\":\"B\u00e9nin\",\"description\":\"Just another Africa News Agency Sites site\",\"potentialAction\":[{\"@type\":\"SearchAction\",\"target\":{\"@type\":\"EntryPoint\",\"urlTemplate\":\"https:\/\/www.africa-press.net\/benin\/?s={search_term_string}\"},\"query-input\":{\"@type\":\"PropertyValueSpecification\",\"valueRequired\":true,\"valueName\":\"search_term_string\"}}],\"inLanguage\":\"fr-FR\"},{\"@type\":\"Person\",\"@id\":\"https:\/\/www.africa-press.net\/benin\/#\/schema\/person\/2b1cf3cd81a31e3cd26889ca66d677f1\",\"name\":\"cfeditorfr\"}]}<\/script>\n<!-- \/ Yoast SEO Premium plugin. -->","yoast_head_json":{"title":"B\u00e9nin: apr\u00e8s sa d\u00e9mission de la Cour, Joseph Djogb\u00e9nou pressenti \u00e0 la t\u00eate de l\u2019UP - B\u00e9nin","description":"Joseph Djogb\u00e9nou a d\u00e9missionn\u00e9 de la Cour constitutionnelle ce mardi 12 juillet 2022. Apr\u00e8s cette d\u00e9mission \u00e0 quelques m ...","robots":{"index":"index","follow":"follow","max-snippet":"max-snippet:-1","max-image-preview":"max-image-preview:large","max-video-preview":"max-video-preview:-1"},"canonical":"https:\/\/www.africa-press.net\/benin\/politique\/benin-apres-sa-demission-de-la-cour-joseph-djogbenou-pressenti-a-la-tete-de-lup","og_locale":"fr_FR","og_type":"article","og_title":"B\u00e9nin: apr\u00e8s sa d\u00e9mission de la Cour, Joseph Djogb\u00e9nou pressenti \u00e0 la t\u00eate de l\u2019UP","og_description":"Joseph Djogb\u00e9nou a d\u00e9missionn\u00e9 de la Cour constitutionnelle ce mardi 12 juillet 2022. Apr\u00e8s cette d\u00e9mission \u00e0 quelques m ...","og_url":"https:\/\/www.africa-press.net\/benin\/politique\/benin-apres-sa-demission-de-la-cour-joseph-djogbenou-pressenti-a-la-tete-de-lup","og_site_name":"B\u00e9nin","article_published_time":"2022-07-12T17:46:31+00:00","article_modified_time":"2022-07-12T18:08:03+00:00","og_image":[{"width":1280,"height":720,"url":"https:\/\/static.africa-press.net\/benin\/sites\/46\/2022\/07\/postQueueImg_24-62cdb86f3183d.jpg","type":"image\/jpeg"}],"author":"cfeditorfr","twitter_card":"summary_large_image","twitter_misc":{"\u00c9crit par":"cfeditorfr","Dur\u00e9e de lecture estim\u00e9e":"2 minutes"},"schema":{"@context":"https:\/\/schema.org","@graph":[{"@type":"Article","@id":"https:\/\/www.africa-press.net\/benin\/politique\/benin-apres-sa-demission-de-la-cour-joseph-djogbenou-pressenti-a-la-tete-de-lup#article","isPartOf":{"@id":"https:\/\/www.africa-press.net\/benin\/politique\/benin-apres-sa-demission-de-la-cour-joseph-djogbenou-pressenti-a-la-tete-de-lup"},"author":{"name":"cfeditorfr","@id":"https:\/\/www.africa-press.net\/benin\/#\/schema\/person\/2b1cf3cd81a31e3cd26889ca66d677f1"},"headline":"B\u00e9nin: apr\u00e8s sa d\u00e9mission de la Cour, Joseph Djogb\u00e9nou pressenti \u00e0 la t\u00eate de l\u2019UP","datePublished":"2022-07-12T17:46:31+00:00","dateModified":"2022-07-12T18:08:03+00:00","mainEntityOfPage":{"@id":"https:\/\/www.africa-press.net\/benin\/politique\/benin-apres-sa-demission-de-la-cour-joseph-djogbenou-pressenti-a-la-tete-de-lup"},"wordCount":402,"commentCount":0,"image":{"@id":"https:\/\/www.africa-press.net\/benin\/politique\/benin-apres-sa-demission-de-la-cour-joseph-djogbenou-pressenti-a-la-tete-de-lup#primaryimage"},"thumbnailUrl":"https:\/\/static.africa-press.net\/benin\/sites\/46\/2022\/07\/postQueueImg_24-62cdb86f3183d.jpg","keywords":["Africa Press","Africa Press-Benin","B\u00e9nin"],"articleSection":["homepage-french","Politique","Toutes les actualit\u00e9s"],"inLanguage":"fr-FR","potentialAction":[{"@type":"CommentAction","name":"Comment","target":["https:\/\/www.africa-press.net\/benin\/politique\/benin-apres-sa-demission-de-la-cour-joseph-djogbenou-pressenti-a-la-tete-de-lup#respond"]}]},{"@type":"WebPage","@id":"https:\/\/www.africa-press.net\/benin\/politique\/benin-apres-sa-demission-de-la-cour-joseph-djogbenou-pressenti-a-la-tete-de-lup","url":"https:\/\/www.africa-press.net\/benin\/politique\/benin-apres-sa-demission-de-la-cour-joseph-djogbenou-pressenti-a-la-tete-de-lup","name":"B\u00e9nin: apr\u00e8s sa d\u00e9mission de la Cour, Joseph Djogb\u00e9nou pressenti \u00e0 la t\u00eate de l\u2019UP - B\u00e9nin","isPartOf":{"@id":"https:\/\/www.africa-press.net\/benin\/#website"},"primaryImageOfPage":{"@id":"https:\/\/www.africa-press.net\/benin\/politique\/benin-apres-sa-demission-de-la-cour-joseph-djogbenou-pressenti-a-la-tete-de-lup#primaryimage"},"image":{"@id":"https:\/\/www.africa-press.net\/benin\/politique\/benin-apres-sa-demission-de-la-cour-joseph-djogbenou-pressenti-a-la-tete-de-lup#primaryimage"},"thumbnailUrl":"https:\/\/static.africa-press.net\/benin\/sites\/46\/2022\/07\/postQueueImg_24-62cdb86f3183d.jpg","datePublished":"2022-07-12T17:46:31+00:00","dateModified":"2022-07-12T18:08:03+00:00","author":{"@id":"https:\/\/www.africa-press.net\/benin\/#\/schema\/person\/2b1cf3cd81a31e3cd26889ca66d677f1"},"description":"Joseph Djogb\u00e9nou a d\u00e9missionn\u00e9 de la Cour constitutionnelle ce mardi 12 juillet 2022. Apr\u00e8s cette d\u00e9mission \u00e0 quelques m ...","breadcrumb":{"@id":"https:\/\/www.africa-press.net\/benin\/politique\/benin-apres-sa-demission-de-la-cour-joseph-djogbenou-pressenti-a-la-tete-de-lup#breadcrumb"},"inLanguage":"fr-FR","potentialAction":[{"@type":"ReadAction","target":["https:\/\/www.africa-press.net\/benin\/politique\/benin-apres-sa-demission-de-la-cour-joseph-djogbenou-pressenti-a-la-tete-de-lup"]}]},{"@type":"ImageObject","inLanguage":"fr-FR","@id":"https:\/\/www.africa-press.net\/benin\/politique\/benin-apres-sa-demission-de-la-cour-joseph-djogbenou-pressenti-a-la-tete-de-lup#primaryimage","url":"https:\/\/static.africa-press.net\/benin\/sites\/46\/2022\/07\/postQueueImg_24-62cdb86f3183d.jpg","contentUrl":"https:\/\/static.africa-press.net\/benin\/sites\/46\/2022\/07\/postQueueImg_24-62cdb86f3183d.jpg","width":1280,"height":720,"caption":"B\u00e9nin: apr\u00e8s sa d\u00e9mission de la Cour, Joseph Djogb\u00e9nou pressenti \u00e0 la t\u00eate de l\u2019UP"},{"@type":"BreadcrumbList","@id":"https:\/\/www.africa-press.net\/benin\/politique\/benin-apres-sa-demission-de-la-cour-joseph-djogbenou-pressenti-a-la-tete-de-lup#breadcrumb","itemListElement":[{"@type":"ListItem","position":1,"name":"Accueil","item":"https:\/\/www.africa-press.net\/benin\/"},{"@type":"ListItem","position":2,"name":"B\u00e9nin: apr\u00e8s sa d\u00e9mission de la Cour, Joseph Djogb\u00e9nou pressenti \u00e0 la t\u00eate de l\u2019UP"}]},{"@type":"WebSite","@id":"https:\/\/www.africa-press.net\/benin\/#website","url":"https:\/\/www.africa-press.net\/benin\/","name":"B\u00e9nin","description":"Just another Africa News Agency Sites site","potentialAction":[{"@type":"SearchAction","target":{"@type":"EntryPoint","urlTemplate":"https:\/\/www.africa-press.net\/benin\/?s={search_term_string}"},"query-input":{"@type":"PropertyValueSpecification","valueRequired":true,"valueName":"search_term_string"}}],"inLanguage":"fr-FR"},{"@type":"Person","@id":"https:\/\/www.africa-press.net\/benin\/#\/schema\/person\/2b1cf3cd81a31e3cd26889ca66d677f1","name":"cfeditorfr"}]}},"_links":{"self":[{"href":"https:\/\/www.africa-press.net\/benin\/wp-json\/wp\/v2\/posts\/6826","targetHints":{"allow":["GET"]}}],"collection":[{"href":"https:\/\/www.africa-press.net\/benin\/wp-json\/wp\/v2\/posts"}],"about":[{"href":"https:\/\/www.africa-press.net\/benin\/wp-json\/wp\/v2\/types\/post"}],"author":[{"embeddable":true,"href":"https:\/\/www.africa-press.net\/benin\/wp-json\/wp\/v2\/users\/82"}],"replies":[{"embeddable":true,"href":"https:\/\/www.africa-press.net\/benin\/wp-json\/wp\/v2\/comments?post=6826"}],"version-history":[{"count":0,"href":"https:\/\/www.africa-press.net\/benin\/wp-json\/wp\/v2\/posts\/6826\/revisions"}],"wp:featuredmedia":[{"embeddable":true,"href":"https:\/\/www.africa-press.net\/benin\/wp-json\/wp\/v2\/media\/6825"}],"wp:attachment":[{"href":"https:\/\/www.africa-press.net\/benin\/wp-json\/wp\/v2\/media?parent=6826"}],"wp:term":[{"taxonomy":"category","embeddable":true,"href":"https:\/\/www.africa-press.net\/benin\/wp-json\/wp\/v2\/categories?post=6826"},{"taxonomy":"post_tag","embeddable":true,"href":"https:\/\/www.africa-press.net\/benin\/wp-json\/wp\/v2\/tags?post=6826"}],"curies":[{"name":"wp","href":"https:\/\/api.w.org\/{rel}","templated":true}]}}