{"id":6832,"date":"2022-07-13T17:01:14","date_gmt":"2022-07-13T17:01:14","guid":{"rendered":"https:\/\/www.africa-press.net\/benin\/politique\/emmanuel-macron-projette-de-voyager-au-cameroun-et-au-benin"},"modified":"2022-07-13T17:50:40","modified_gmt":"2022-07-13T17:50:40","slug":"emmanuel-macron-projette-de-voyager-au-cameroun-et-au-benin","status":"publish","type":"post","link":"https:\/\/www.africa-press.net\/benin\/politique\/emmanuel-macron-projette-de-voyager-au-cameroun-et-au-benin","title":{"rendered":"Emmanuel Macron projette de voyager au Cameroun et au B\u00e9nin"},"content":{"rendered":"<p><span style=\"color: #ff6600\"><strong>Africa-Press &#8211; Benin. <\/strong><\/span>Rien n\u2019est encore officiellement confirm\u00e9 : sur place, des commissions techniques discutent encore des programmes. Mais si toutes les parties les valident, Emmanuel Macron se rendra, selon nos informations, en visite officielle au Cameroun, le 26 juillet, puis au B\u00e9nin, le 27.<\/p>\n<p>Il est par ailleurs question que le pr\u00e9sident fran\u00e7ais ajoute une troisi\u00e8me \u00e9tape, si son agenda le permet, \u00e0 cette premi\u00e8re tourn\u00e9e africaine depuis sa r\u00e9\u00e9lection, fin avril \u2013 probablement le Ghana ou la Guin\u00e9e-Bissau, afin d\u2019y inclure \u00e9galement un pays non francophone.<\/p>\n<p><b>Entretiens avec Paul Biya et Patrice Talon<\/b><\/p>\n<p><strong>Pour plus d&rsquo;informations et d&rsquo;analyses sur la <a href=\"https:\/\/www.africa-press.net\/benin\">Benin<\/a>, suivez <a href=\"https:\/\/www.africa-press.net\/\">Africa-Press<\/a><\/strong><\/p>\n","protected":false},"excerpt":{"rendered":"<p>Africa-Press &#8211; Benin. Rien n\u2019est encore officiellement confirm\u00e9 : sur place, des commissions techniques discutent encore des programmes. Mais si toutes les parties les valident, Emmanuel Macron se rendra, selon nos informations, en visite officielle au Cameroun, le 26 juillet, puis au B\u00e9nin, le 27. Il est par ailleurs question que le pr\u00e9sident fran\u00e7ais ajoute [&hellip;]<\/p>\n","protected":false},"author":82,"featured_media":6831,"comment_status":"open","ping_status":"closed","sticky":false,"template":"","format":"standard","meta":{"footnotes":""},"categories":[11,2,20,10],"tags":[36,50,45],"class_list":["post-6832","post","type-post","status-publish","format-standard","has-post-thumbnail","hentry","category-homepage-french","category-politique","category-top-nouvelles","category-toutes-les-actualites","tag-africa-press","tag-africa-press-benin","tag-benin"],"yoast_head":"<!-- This site is optimized with the Yoast SEO Premium plugin v26.1 (Yoast SEO v27.0) - https:\/\/yoast.com\/product\/yoast-seo-premium-wordpress\/ -->\n<title>Emmanuel Macron projette de voyager au Cameroun et au B\u00e9nin - B\u00e9nin<\/title>\n<meta name=\"description\" content=\"Rien n\u2019est encore officiellement confirm\u00e9 : sur place, des commissions techniques discutent encore des programmes. Mais ...\" \/>\n<meta name=\"robots\" content=\"index, follow, max-snippet:-1, max-image-preview:large, max-video-preview:-1\" \/>\n<link rel=\"canonical\" href=\"https:\/\/www.africa-press.net\/benin\/politique\/emmanuel-macron-projette-de-voyager-au-cameroun-et-au-benin\" \/>\n<meta property=\"og:locale\" content=\"fr_FR\" \/>\n<meta property=\"og:type\" content=\"article\" \/>\n<meta property=\"og:title\" content=\"Emmanuel Macron projette de voyager au Cameroun et au B\u00e9nin\" \/>\n<meta property=\"og:description\" content=\"Rien n\u2019est encore officiellement confirm\u00e9 : sur place, des commissions techniques discutent encore des programmes. Mais ...\" \/>\n<meta property=\"og:url\" content=\"https:\/\/www.africa-press.net\/benin\/politique\/emmanuel-macron-projette-de-voyager-au-cameroun-et-au-benin\" \/>\n<meta property=\"og:site_name\" content=\"B\u00e9nin\" \/>\n<meta property=\"article:published_time\" content=\"2022-07-13T17:01:14+00:00\" \/>\n<meta property=\"article:modified_time\" content=\"2022-07-13T17:50:40+00:00\" \/>\n<meta property=\"og:image\" content=\"https:\/\/static.africa-press.net\/benin\/sites\/46\/2022\/07\/postQueueImg_1-62cf05c73faa6.jpg\" \/>\n\t<meta property=\"og:image:width\" content=\"1256\" \/>\n\t<meta property=\"og:image:height\" content=\"628\" \/>\n\t<meta property=\"og:image:type\" content=\"image\/jpeg\" \/>\n<meta name=\"author\" content=\"cfeditorfr\" \/>\n<meta name=\"twitter:card\" content=\"summary_large_image\" \/>\n<meta name=\"twitter:label1\" content=\"\u00c9crit par\" \/>\n\t<meta name=\"twitter:data1\" content=\"cfeditorfr\" \/>\n\t<meta name=\"twitter:label2\" content=\"Dur\u00e9e de lecture estim\u00e9e\" \/>\n\t<meta name=\"twitter:data2\" content=\"1 minute\" \/>\n<script type=\"application\/ld+json\" class=\"yoast-schema-graph\">{\"@context\":\"https:\/\/schema.org\",\"@graph\":[{\"@type\":\"Article\",\"@id\":\"https:\/\/www.africa-press.net\/benin\/politique\/emmanuel-macron-projette-de-voyager-au-cameroun-et-au-benin#article\",\"isPartOf\":{\"@id\":\"https:\/\/www.africa-press.net\/benin\/politique\/emmanuel-macron-projette-de-voyager-au-cameroun-et-au-benin\"},\"author\":{\"name\":\"cfeditorfr\",\"@id\":\"https:\/\/www.africa-press.net\/benin\/#\/schema\/person\/2b1cf3cd81a31e3cd26889ca66d677f1\"},\"headline\":\"Emmanuel Macron projette de voyager au Cameroun et au B\u00e9nin\",\"datePublished\":\"2022-07-13T17:01:14+00:00\",\"dateModified\":\"2022-07-13T17:50:40+00:00\",\"mainEntityOfPage\":{\"@id\":\"https:\/\/www.africa-press.net\/benin\/politique\/emmanuel-macron-projette-de-voyager-au-cameroun-et-au-benin\"},\"wordCount\":123,\"commentCount\":0,\"image\":{\"@id\":\"https:\/\/www.africa-press.net\/benin\/politique\/emmanuel-macron-projette-de-voyager-au-cameroun-et-au-benin#primaryimage\"},\"thumbnailUrl\":\"https:\/\/static.africa-press.net\/benin\/sites\/46\/2022\/07\/postQueueImg_1-62cf05c73faa6.jpg\",\"keywords\":[\"Africa Press\",\"Africa Press-Benin\",\"B\u00e9nin\"],\"articleSection\":[\"homepage-french\",\"Politique\",\"Top Nouvelles\",\"Toutes les actualit\u00e9s\"],\"inLanguage\":\"fr-FR\",\"potentialAction\":[{\"@type\":\"CommentAction\",\"name\":\"Comment\",\"target\":[\"https:\/\/www.africa-press.net\/benin\/politique\/emmanuel-macron-projette-de-voyager-au-cameroun-et-au-benin#respond\"]}]},{\"@type\":\"WebPage\",\"@id\":\"https:\/\/www.africa-press.net\/benin\/politique\/emmanuel-macron-projette-de-voyager-au-cameroun-et-au-benin\",\"url\":\"https:\/\/www.africa-press.net\/benin\/politique\/emmanuel-macron-projette-de-voyager-au-cameroun-et-au-benin\",\"name\":\"Emmanuel Macron projette de voyager au Cameroun et au B\u00e9nin - B\u00e9nin\",\"isPartOf\":{\"@id\":\"https:\/\/www.africa-press.net\/benin\/#website\"},\"primaryImageOfPage\":{\"@id\":\"https:\/\/www.africa-press.net\/benin\/politique\/emmanuel-macron-projette-de-voyager-au-cameroun-et-au-benin#primaryimage\"},\"image\":{\"@id\":\"https:\/\/www.africa-press.net\/benin\/politique\/emmanuel-macron-projette-de-voyager-au-cameroun-et-au-benin#primaryimage\"},\"thumbnailUrl\":\"https:\/\/static.africa-press.net\/benin\/sites\/46\/2022\/07\/postQueueImg_1-62cf05c73faa6.jpg\",\"datePublished\":\"2022-07-13T17:01:14+00:00\",\"dateModified\":\"2022-07-13T17:50:40+00:00\",\"author\":{\"@id\":\"https:\/\/www.africa-press.net\/benin\/#\/schema\/person\/2b1cf3cd81a31e3cd26889ca66d677f1\"},\"description\":\"Rien n\u2019est encore officiellement confirm\u00e9 : sur place, des commissions techniques discutent encore des programmes. Mais ...\",\"breadcrumb\":{\"@id\":\"https:\/\/www.africa-press.net\/benin\/politique\/emmanuel-macron-projette-de-voyager-au-cameroun-et-au-benin#breadcrumb\"},\"inLanguage\":\"fr-FR\",\"potentialAction\":[{\"@type\":\"ReadAction\",\"target\":[\"https:\/\/www.africa-press.net\/benin\/politique\/emmanuel-macron-projette-de-voyager-au-cameroun-et-au-benin\"]}]},{\"@type\":\"ImageObject\",\"inLanguage\":\"fr-FR\",\"@id\":\"https:\/\/www.africa-press.net\/benin\/politique\/emmanuel-macron-projette-de-voyager-au-cameroun-et-au-benin#primaryimage\",\"url\":\"https:\/\/static.africa-press.net\/benin\/sites\/46\/2022\/07\/postQueueImg_1-62cf05c73faa6.jpg\",\"contentUrl\":\"https:\/\/static.africa-press.net\/benin\/sites\/46\/2022\/07\/postQueueImg_1-62cf05c73faa6.jpg\",\"width\":1256,\"height\":628,\"caption\":\"Emmanuel Macron projette de voyager au Cameroun et au B\u00e9nin\"},{\"@type\":\"BreadcrumbList\",\"@id\":\"https:\/\/www.africa-press.net\/benin\/politique\/emmanuel-macron-projette-de-voyager-au-cameroun-et-au-benin#breadcrumb\",\"itemListElement\":[{\"@type\":\"ListItem\",\"position\":1,\"name\":\"Accueil\",\"item\":\"https:\/\/www.africa-press.net\/benin\/\"},{\"@type\":\"ListItem\",\"position\":2,\"name\":\"Emmanuel Macron projette de voyager au Cameroun et au B\u00e9nin\"}]},{\"@type\":\"WebSite\",\"@id\":\"https:\/\/www.africa-press.net\/benin\/#website\",\"url\":\"https:\/\/www.africa-press.net\/benin\/\",\"name\":\"B\u00e9nin\",\"description\":\"Just another Africa News Agency Sites site\",\"potentialAction\":[{\"@type\":\"SearchAction\",\"target\":{\"@type\":\"EntryPoint\",\"urlTemplate\":\"https:\/\/www.africa-press.net\/benin\/?s={search_term_string}\"},\"query-input\":{\"@type\":\"PropertyValueSpecification\",\"valueRequired\":true,\"valueName\":\"search_term_string\"}}],\"inLanguage\":\"fr-FR\"},{\"@type\":\"Person\",\"@id\":\"https:\/\/www.africa-press.net\/benin\/#\/schema\/person\/2b1cf3cd81a31e3cd26889ca66d677f1\",\"name\":\"cfeditorfr\"}]}<\/script>\n<!-- \/ Yoast SEO Premium plugin. -->","yoast_head_json":{"title":"Emmanuel Macron projette de voyager au Cameroun et au B\u00e9nin - B\u00e9nin","description":"Rien n\u2019est encore officiellement confirm\u00e9 : sur place, des commissions techniques discutent encore des programmes. Mais ...","robots":{"index":"index","follow":"follow","max-snippet":"max-snippet:-1","max-image-preview":"max-image-preview:large","max-video-preview":"max-video-preview:-1"},"canonical":"https:\/\/www.africa-press.net\/benin\/politique\/emmanuel-macron-projette-de-voyager-au-cameroun-et-au-benin","og_locale":"fr_FR","og_type":"article","og_title":"Emmanuel Macron projette de voyager au Cameroun et au B\u00e9nin","og_description":"Rien n\u2019est encore officiellement confirm\u00e9 : sur place, des commissions techniques discutent encore des programmes. Mais ...","og_url":"https:\/\/www.africa-press.net\/benin\/politique\/emmanuel-macron-projette-de-voyager-au-cameroun-et-au-benin","og_site_name":"B\u00e9nin","article_published_time":"2022-07-13T17:01:14+00:00","article_modified_time":"2022-07-13T17:50:40+00:00","og_image":[{"width":1256,"height":628,"url":"https:\/\/static.africa-press.net\/benin\/sites\/46\/2022\/07\/postQueueImg_1-62cf05c73faa6.jpg","type":"image\/jpeg"}],"author":"cfeditorfr","twitter_card":"summary_large_image","twitter_misc":{"\u00c9crit par":"cfeditorfr","Dur\u00e9e de lecture estim\u00e9e":"1 minute"},"schema":{"@context":"https:\/\/schema.org","@graph":[{"@type":"Article","@id":"https:\/\/www.africa-press.net\/benin\/politique\/emmanuel-macron-projette-de-voyager-au-cameroun-et-au-benin#article","isPartOf":{"@id":"https:\/\/www.africa-press.net\/benin\/politique\/emmanuel-macron-projette-de-voyager-au-cameroun-et-au-benin"},"author":{"name":"cfeditorfr","@id":"https:\/\/www.africa-press.net\/benin\/#\/schema\/person\/2b1cf3cd81a31e3cd26889ca66d677f1"},"headline":"Emmanuel Macron projette de voyager au Cameroun et au B\u00e9nin","datePublished":"2022-07-13T17:01:14+00:00","dateModified":"2022-07-13T17:50:40+00:00","mainEntityOfPage":{"@id":"https:\/\/www.africa-press.net\/benin\/politique\/emmanuel-macron-projette-de-voyager-au-cameroun-et-au-benin"},"wordCount":123,"commentCount":0,"image":{"@id":"https:\/\/www.africa-press.net\/benin\/politique\/emmanuel-macron-projette-de-voyager-au-cameroun-et-au-benin#primaryimage"},"thumbnailUrl":"https:\/\/static.africa-press.net\/benin\/sites\/46\/2022\/07\/postQueueImg_1-62cf05c73faa6.jpg","keywords":["Africa Press","Africa Press-Benin","B\u00e9nin"],"articleSection":["homepage-french","Politique","Top Nouvelles","Toutes les actualit\u00e9s"],"inLanguage":"fr-FR","potentialAction":[{"@type":"CommentAction","name":"Comment","target":["https:\/\/www.africa-press.net\/benin\/politique\/emmanuel-macron-projette-de-voyager-au-cameroun-et-au-benin#respond"]}]},{"@type":"WebPage","@id":"https:\/\/www.africa-press.net\/benin\/politique\/emmanuel-macron-projette-de-voyager-au-cameroun-et-au-benin","url":"https:\/\/www.africa-press.net\/benin\/politique\/emmanuel-macron-projette-de-voyager-au-cameroun-et-au-benin","name":"Emmanuel Macron projette de voyager au Cameroun et au B\u00e9nin - B\u00e9nin","isPartOf":{"@id":"https:\/\/www.africa-press.net\/benin\/#website"},"primaryImageOfPage":{"@id":"https:\/\/www.africa-press.net\/benin\/politique\/emmanuel-macron-projette-de-voyager-au-cameroun-et-au-benin#primaryimage"},"image":{"@id":"https:\/\/www.africa-press.net\/benin\/politique\/emmanuel-macron-projette-de-voyager-au-cameroun-et-au-benin#primaryimage"},"thumbnailUrl":"https:\/\/static.africa-press.net\/benin\/sites\/46\/2022\/07\/postQueueImg_1-62cf05c73faa6.jpg","datePublished":"2022-07-13T17:01:14+00:00","dateModified":"2022-07-13T17:50:40+00:00","author":{"@id":"https:\/\/www.africa-press.net\/benin\/#\/schema\/person\/2b1cf3cd81a31e3cd26889ca66d677f1"},"description":"Rien n\u2019est encore officiellement confirm\u00e9 : sur place, des commissions techniques discutent encore des programmes. Mais ...","breadcrumb":{"@id":"https:\/\/www.africa-press.net\/benin\/politique\/emmanuel-macron-projette-de-voyager-au-cameroun-et-au-benin#breadcrumb"},"inLanguage":"fr-FR","potentialAction":[{"@type":"ReadAction","target":["https:\/\/www.africa-press.net\/benin\/politique\/emmanuel-macron-projette-de-voyager-au-cameroun-et-au-benin"]}]},{"@type":"ImageObject","inLanguage":"fr-FR","@id":"https:\/\/www.africa-press.net\/benin\/politique\/emmanuel-macron-projette-de-voyager-au-cameroun-et-au-benin#primaryimage","url":"https:\/\/static.africa-press.net\/benin\/sites\/46\/2022\/07\/postQueueImg_1-62cf05c73faa6.jpg","contentUrl":"https:\/\/static.africa-press.net\/benin\/sites\/46\/2022\/07\/postQueueImg_1-62cf05c73faa6.jpg","width":1256,"height":628,"caption":"Emmanuel Macron projette de voyager au Cameroun et au B\u00e9nin"},{"@type":"BreadcrumbList","@id":"https:\/\/www.africa-press.net\/benin\/politique\/emmanuel-macron-projette-de-voyager-au-cameroun-et-au-benin#breadcrumb","itemListElement":[{"@type":"ListItem","position":1,"name":"Accueil","item":"https:\/\/www.africa-press.net\/benin\/"},{"@type":"ListItem","position":2,"name":"Emmanuel Macron projette de voyager au Cameroun et au B\u00e9nin"}]},{"@type":"WebSite","@id":"https:\/\/www.africa-press.net\/benin\/#website","url":"https:\/\/www.africa-press.net\/benin\/","name":"B\u00e9nin","description":"Just another Africa News Agency Sites site","potentialAction":[{"@type":"SearchAction","target":{"@type":"EntryPoint","urlTemplate":"https:\/\/www.africa-press.net\/benin\/?s={search_term_string}"},"query-input":{"@type":"PropertyValueSpecification","valueRequired":true,"valueName":"search_term_string"}}],"inLanguage":"fr-FR"},{"@type":"Person","@id":"https:\/\/www.africa-press.net\/benin\/#\/schema\/person\/2b1cf3cd81a31e3cd26889ca66d677f1","name":"cfeditorfr"}]}},"_links":{"self":[{"href":"https:\/\/www.africa-press.net\/benin\/wp-json\/wp\/v2\/posts\/6832","targetHints":{"allow":["GET"]}}],"collection":[{"href":"https:\/\/www.africa-press.net\/benin\/wp-json\/wp\/v2\/posts"}],"about":[{"href":"https:\/\/www.africa-press.net\/benin\/wp-json\/wp\/v2\/types\/post"}],"author":[{"embeddable":true,"href":"https:\/\/www.africa-press.net\/benin\/wp-json\/wp\/v2\/users\/82"}],"replies":[{"embeddable":true,"href":"https:\/\/www.africa-press.net\/benin\/wp-json\/wp\/v2\/comments?post=6832"}],"version-history":[{"count":0,"href":"https:\/\/www.africa-press.net\/benin\/wp-json\/wp\/v2\/posts\/6832\/revisions"}],"wp:featuredmedia":[{"embeddable":true,"href":"https:\/\/www.africa-press.net\/benin\/wp-json\/wp\/v2\/media\/6831"}],"wp:attachment":[{"href":"https:\/\/www.africa-press.net\/benin\/wp-json\/wp\/v2\/media?parent=6832"}],"wp:term":[{"taxonomy":"category","embeddable":true,"href":"https:\/\/www.africa-press.net\/benin\/wp-json\/wp\/v2\/categories?post=6832"},{"taxonomy":"post_tag","embeddable":true,"href":"https:\/\/www.africa-press.net\/benin\/wp-json\/wp\/v2\/tags?post=6832"}],"curies":[{"name":"wp","href":"https:\/\/api.w.org\/{rel}","templated":true}]}}