{"id":6848,"date":"2022-07-13T17:55:50","date_gmt":"2022-07-13T17:55:50","guid":{"rendered":"https:\/\/www.africa-press.net\/benin\/politique\/benin-les-grandes-decisions-du-conseil-des-ministres-du-13-juillet-2022"},"modified":"2022-07-13T18:10:40","modified_gmt":"2022-07-13T18:10:40","slug":"benin-les-grandes-decisions-du-conseil-des-ministres-du-13-juillet-2022","status":"publish","type":"post","link":"https:\/\/www.africa-press.net\/benin\/politique\/benin-les-grandes-decisions-du-conseil-des-ministres-du-13-juillet-2022","title":{"rendered":"B\u00e9nin: les grandes d\u00e9cisions du Conseil des ministres du 13 juillet 2022"},"content":{"rendered":"<p><span style=\"color: #ff6600\"><strong>Africa-Press &#8211; Benin. <\/strong><\/span>Le gouvernement a tenu ce mercredi 13 juillet 2022, sous la pr\u00e9sidence effective du pr\u00e9sident Patrice Talon, sa s\u00e9ance hebdomadaire du Conseil des ministres. Retrouvez ci-dessous les grandes lignes des d\u00e9cisions prises:<\/p>\n<p>MESURES NORMATIVES<\/p>\n<p>Actualisation du code des valeurs et d\u2019\u00e9thique de la Fonction publique ;<\/p>\n<p>Organisation des proc\u00e9dures de l\u2019\u00e9valuation environnementale et sociale ;<\/p>\n<p>Certification des formations professionnelles par apprentissage ;<\/p>\n<p>transmission \u00e0 l\u2019Assembl\u00e9e nationale, pour autorisation de ratification, de l\u2019accord de coop\u00e9ration mon\u00e9taire sign\u00e9 entre les pays membres de l\u2019Union mon\u00e9taire ouest africaine (UEMOA) et la France, le 21 d\u00e9cembre 2019 .<\/p>\n<p>COMMUNICATIONS<\/p>\n<p>Mission de ma\u00eetrise d\u2019\u0153uvre partielle dans le cadre de l\u2019am\u00e9nagement hydro-agricole de 8.000 ha de terres et de la construction\/r\u00e9habilitation de 80 retenues d\u2019eau au B\u00e9nin ;<\/p>\n<p>Mise en formation des 662 aspirants au m\u00e9tier d\u2019enseignant et de 4 \u00e9l\u00e8ves professeurs certifi\u00e9s des lyc\u00e9es techniques agricoles .<\/p>\n<p>MESURES INDIVIDUELLES<\/p>\n<p>Nominations<\/p>\n<p>au minist\u00e8re de l\u2019Economie et des Finances ;<\/p>\n<p>au minist\u00e8re de la Sant\u00e9 ;<\/p>\n<p>au minist\u00e8re des Affaires sociales et de la Microfinance.<\/p>\n<p><strong>Pour plus d&rsquo;informations et d&rsquo;analyses sur la <a href=\"https:\/\/www.africa-press.net\/benin\">Benin<\/a>, suivez <a href=\"https:\/\/www.africa-press.net\/\">Africa-Press<\/a><\/strong><\/p>\n","protected":false},"excerpt":{"rendered":"<p>Africa-Press &#8211; Benin. Le gouvernement a tenu ce mercredi 13 juillet 2022, sous la pr\u00e9sidence effective du pr\u00e9sident Patrice Talon, sa s\u00e9ance hebdomadaire du Conseil des ministres. Retrouvez ci-dessous les grandes lignes des d\u00e9cisions prises: MESURES NORMATIVES Actualisation du code des valeurs et d\u2019\u00e9thique de la Fonction publique ; Organisation des proc\u00e9dures de l\u2019\u00e9valuation environnementale [&hellip;]<\/p>\n","protected":false},"author":82,"featured_media":6847,"comment_status":"open","ping_status":"closed","sticky":false,"template":"","format":"standard","meta":{"footnotes":""},"categories":[11,2,10],"tags":[36,50,45],"class_list":["post-6848","post","type-post","status-publish","format-standard","has-post-thumbnail","hentry","category-homepage-french","category-politique","category-toutes-les-actualites","tag-africa-press","tag-africa-press-benin","tag-benin"],"yoast_head":"<!-- This site is optimized with the Yoast SEO Premium plugin v26.1 (Yoast SEO v27.0) - https:\/\/yoast.com\/product\/yoast-seo-premium-wordpress\/ -->\n<title>B\u00e9nin: les grandes d\u00e9cisions du Conseil des ministres du 13 juillet 2022 - B\u00e9nin<\/title>\n<meta name=\"description\" content=\"Le gouvernement a tenu ce mercredi 13 juillet 2022, sous la pr\u00e9sidence effective du pr\u00e9sident Patrice Talon, sa s\u00e9ance h ...\" \/>\n<meta name=\"robots\" content=\"index, follow, max-snippet:-1, max-image-preview:large, max-video-preview:-1\" \/>\n<link rel=\"canonical\" href=\"https:\/\/www.africa-press.net\/benin\/politique\/benin-les-grandes-decisions-du-conseil-des-ministres-du-13-juillet-2022\" \/>\n<meta property=\"og:locale\" content=\"fr_FR\" \/>\n<meta property=\"og:type\" content=\"article\" \/>\n<meta property=\"og:title\" content=\"B\u00e9nin: les grandes d\u00e9cisions du Conseil des ministres du 13 juillet 2022\" \/>\n<meta property=\"og:description\" content=\"Le gouvernement a tenu ce mercredi 13 juillet 2022, sous la pr\u00e9sidence effective du pr\u00e9sident Patrice Talon, sa s\u00e9ance h ...\" \/>\n<meta property=\"og:url\" content=\"https:\/\/www.africa-press.net\/benin\/politique\/benin-les-grandes-decisions-du-conseil-des-ministres-du-13-juillet-2022\" \/>\n<meta property=\"og:site_name\" content=\"B\u00e9nin\" \/>\n<meta property=\"article:published_time\" content=\"2022-07-13T17:55:50+00:00\" \/>\n<meta property=\"article:modified_time\" content=\"2022-07-13T18:10:40+00:00\" \/>\n<meta property=\"og:image\" content=\"https:\/\/static.africa-press.net\/benin\/sites\/46\/2022\/07\/postQueueImg_25-62cf0a840e51b.jpg\" \/>\n\t<meta property=\"og:image:width\" content=\"1520\" \/>\n\t<meta property=\"og:image:height\" content=\"1013\" \/>\n\t<meta property=\"og:image:type\" content=\"image\/jpeg\" \/>\n<meta name=\"author\" content=\"cfeditorfr\" \/>\n<meta name=\"twitter:card\" content=\"summary_large_image\" \/>\n<meta name=\"twitter:label1\" content=\"\u00c9crit par\" \/>\n\t<meta name=\"twitter:data1\" content=\"cfeditorfr\" \/>\n\t<meta name=\"twitter:label2\" content=\"Dur\u00e9e de lecture estim\u00e9e\" \/>\n\t<meta name=\"twitter:data2\" content=\"1 minute\" \/>\n<script type=\"application\/ld+json\" class=\"yoast-schema-graph\">{\"@context\":\"https:\/\/schema.org\",\"@graph\":[{\"@type\":\"Article\",\"@id\":\"https:\/\/www.africa-press.net\/benin\/politique\/benin-les-grandes-decisions-du-conseil-des-ministres-du-13-juillet-2022#article\",\"isPartOf\":{\"@id\":\"https:\/\/www.africa-press.net\/benin\/politique\/benin-les-grandes-decisions-du-conseil-des-ministres-du-13-juillet-2022\"},\"author\":{\"name\":\"cfeditorfr\",\"@id\":\"https:\/\/www.africa-press.net\/benin\/#\/schema\/person\/2b1cf3cd81a31e3cd26889ca66d677f1\"},\"headline\":\"B\u00e9nin: les grandes d\u00e9cisions du Conseil des ministres du 13 juillet 2022\",\"datePublished\":\"2022-07-13T17:55:50+00:00\",\"dateModified\":\"2022-07-13T18:10:40+00:00\",\"mainEntityOfPage\":{\"@id\":\"https:\/\/www.africa-press.net\/benin\/politique\/benin-les-grandes-decisions-du-conseil-des-ministres-du-13-juillet-2022\"},\"wordCount\":210,\"commentCount\":0,\"image\":{\"@id\":\"https:\/\/www.africa-press.net\/benin\/politique\/benin-les-grandes-decisions-du-conseil-des-ministres-du-13-juillet-2022#primaryimage\"},\"thumbnailUrl\":\"https:\/\/static.africa-press.net\/benin\/sites\/46\/2022\/07\/postQueueImg_25-62cf0a840e51b.jpg\",\"keywords\":[\"Africa Press\",\"Africa Press-Benin\",\"B\u00e9nin\"],\"articleSection\":[\"homepage-french\",\"Politique\",\"Toutes les actualit\u00e9s\"],\"inLanguage\":\"fr-FR\",\"potentialAction\":[{\"@type\":\"CommentAction\",\"name\":\"Comment\",\"target\":[\"https:\/\/www.africa-press.net\/benin\/politique\/benin-les-grandes-decisions-du-conseil-des-ministres-du-13-juillet-2022#respond\"]}]},{\"@type\":\"WebPage\",\"@id\":\"https:\/\/www.africa-press.net\/benin\/politique\/benin-les-grandes-decisions-du-conseil-des-ministres-du-13-juillet-2022\",\"url\":\"https:\/\/www.africa-press.net\/benin\/politique\/benin-les-grandes-decisions-du-conseil-des-ministres-du-13-juillet-2022\",\"name\":\"B\u00e9nin: les grandes d\u00e9cisions du Conseil des ministres du 13 juillet 2022 - B\u00e9nin\",\"isPartOf\":{\"@id\":\"https:\/\/www.africa-press.net\/benin\/#website\"},\"primaryImageOfPage\":{\"@id\":\"https:\/\/www.africa-press.net\/benin\/politique\/benin-les-grandes-decisions-du-conseil-des-ministres-du-13-juillet-2022#primaryimage\"},\"image\":{\"@id\":\"https:\/\/www.africa-press.net\/benin\/politique\/benin-les-grandes-decisions-du-conseil-des-ministres-du-13-juillet-2022#primaryimage\"},\"thumbnailUrl\":\"https:\/\/static.africa-press.net\/benin\/sites\/46\/2022\/07\/postQueueImg_25-62cf0a840e51b.jpg\",\"datePublished\":\"2022-07-13T17:55:50+00:00\",\"dateModified\":\"2022-07-13T18:10:40+00:00\",\"author\":{\"@id\":\"https:\/\/www.africa-press.net\/benin\/#\/schema\/person\/2b1cf3cd81a31e3cd26889ca66d677f1\"},\"description\":\"Le gouvernement a tenu ce mercredi 13 juillet 2022, sous la pr\u00e9sidence effective du pr\u00e9sident Patrice Talon, sa s\u00e9ance h ...\",\"breadcrumb\":{\"@id\":\"https:\/\/www.africa-press.net\/benin\/politique\/benin-les-grandes-decisions-du-conseil-des-ministres-du-13-juillet-2022#breadcrumb\"},\"inLanguage\":\"fr-FR\",\"potentialAction\":[{\"@type\":\"ReadAction\",\"target\":[\"https:\/\/www.africa-press.net\/benin\/politique\/benin-les-grandes-decisions-du-conseil-des-ministres-du-13-juillet-2022\"]}]},{\"@type\":\"ImageObject\",\"inLanguage\":\"fr-FR\",\"@id\":\"https:\/\/www.africa-press.net\/benin\/politique\/benin-les-grandes-decisions-du-conseil-des-ministres-du-13-juillet-2022#primaryimage\",\"url\":\"https:\/\/static.africa-press.net\/benin\/sites\/46\/2022\/07\/postQueueImg_25-62cf0a840e51b.jpg\",\"contentUrl\":\"https:\/\/static.africa-press.net\/benin\/sites\/46\/2022\/07\/postQueueImg_25-62cf0a840e51b.jpg\",\"width\":1520,\"height\":1013,\"caption\":\"B\u00e9nin: les grandes d\u00e9cisions du Conseil des ministres du 13 juillet 2022\"},{\"@type\":\"BreadcrumbList\",\"@id\":\"https:\/\/www.africa-press.net\/benin\/politique\/benin-les-grandes-decisions-du-conseil-des-ministres-du-13-juillet-2022#breadcrumb\",\"itemListElement\":[{\"@type\":\"ListItem\",\"position\":1,\"name\":\"Accueil\",\"item\":\"https:\/\/www.africa-press.net\/benin\/\"},{\"@type\":\"ListItem\",\"position\":2,\"name\":\"B\u00e9nin: les grandes d\u00e9cisions du Conseil des ministres du 13 juillet 2022\"}]},{\"@type\":\"WebSite\",\"@id\":\"https:\/\/www.africa-press.net\/benin\/#website\",\"url\":\"https:\/\/www.africa-press.net\/benin\/\",\"name\":\"B\u00e9nin\",\"description\":\"Just another Africa News Agency Sites site\",\"potentialAction\":[{\"@type\":\"SearchAction\",\"target\":{\"@type\":\"EntryPoint\",\"urlTemplate\":\"https:\/\/www.africa-press.net\/benin\/?s={search_term_string}\"},\"query-input\":{\"@type\":\"PropertyValueSpecification\",\"valueRequired\":true,\"valueName\":\"search_term_string\"}}],\"inLanguage\":\"fr-FR\"},{\"@type\":\"Person\",\"@id\":\"https:\/\/www.africa-press.net\/benin\/#\/schema\/person\/2b1cf3cd81a31e3cd26889ca66d677f1\",\"name\":\"cfeditorfr\"}]}<\/script>\n<!-- \/ Yoast SEO Premium plugin. -->","yoast_head_json":{"title":"B\u00e9nin: les grandes d\u00e9cisions du Conseil des ministres du 13 juillet 2022 - B\u00e9nin","description":"Le gouvernement a tenu ce mercredi 13 juillet 2022, sous la pr\u00e9sidence effective du pr\u00e9sident Patrice Talon, sa s\u00e9ance h ...","robots":{"index":"index","follow":"follow","max-snippet":"max-snippet:-1","max-image-preview":"max-image-preview:large","max-video-preview":"max-video-preview:-1"},"canonical":"https:\/\/www.africa-press.net\/benin\/politique\/benin-les-grandes-decisions-du-conseil-des-ministres-du-13-juillet-2022","og_locale":"fr_FR","og_type":"article","og_title":"B\u00e9nin: les grandes d\u00e9cisions du Conseil des ministres du 13 juillet 2022","og_description":"Le gouvernement a tenu ce mercredi 13 juillet 2022, sous la pr\u00e9sidence effective du pr\u00e9sident Patrice Talon, sa s\u00e9ance h ...","og_url":"https:\/\/www.africa-press.net\/benin\/politique\/benin-les-grandes-decisions-du-conseil-des-ministres-du-13-juillet-2022","og_site_name":"B\u00e9nin","article_published_time":"2022-07-13T17:55:50+00:00","article_modified_time":"2022-07-13T18:10:40+00:00","og_image":[{"width":1520,"height":1013,"url":"https:\/\/static.africa-press.net\/benin\/sites\/46\/2022\/07\/postQueueImg_25-62cf0a840e51b.jpg","type":"image\/jpeg"}],"author":"cfeditorfr","twitter_card":"summary_large_image","twitter_misc":{"\u00c9crit par":"cfeditorfr","Dur\u00e9e de lecture estim\u00e9e":"1 minute"},"schema":{"@context":"https:\/\/schema.org","@graph":[{"@type":"Article","@id":"https:\/\/www.africa-press.net\/benin\/politique\/benin-les-grandes-decisions-du-conseil-des-ministres-du-13-juillet-2022#article","isPartOf":{"@id":"https:\/\/www.africa-press.net\/benin\/politique\/benin-les-grandes-decisions-du-conseil-des-ministres-du-13-juillet-2022"},"author":{"name":"cfeditorfr","@id":"https:\/\/www.africa-press.net\/benin\/#\/schema\/person\/2b1cf3cd81a31e3cd26889ca66d677f1"},"headline":"B\u00e9nin: les grandes d\u00e9cisions du Conseil des ministres du 13 juillet 2022","datePublished":"2022-07-13T17:55:50+00:00","dateModified":"2022-07-13T18:10:40+00:00","mainEntityOfPage":{"@id":"https:\/\/www.africa-press.net\/benin\/politique\/benin-les-grandes-decisions-du-conseil-des-ministres-du-13-juillet-2022"},"wordCount":210,"commentCount":0,"image":{"@id":"https:\/\/www.africa-press.net\/benin\/politique\/benin-les-grandes-decisions-du-conseil-des-ministres-du-13-juillet-2022#primaryimage"},"thumbnailUrl":"https:\/\/static.africa-press.net\/benin\/sites\/46\/2022\/07\/postQueueImg_25-62cf0a840e51b.jpg","keywords":["Africa Press","Africa Press-Benin","B\u00e9nin"],"articleSection":["homepage-french","Politique","Toutes les actualit\u00e9s"],"inLanguage":"fr-FR","potentialAction":[{"@type":"CommentAction","name":"Comment","target":["https:\/\/www.africa-press.net\/benin\/politique\/benin-les-grandes-decisions-du-conseil-des-ministres-du-13-juillet-2022#respond"]}]},{"@type":"WebPage","@id":"https:\/\/www.africa-press.net\/benin\/politique\/benin-les-grandes-decisions-du-conseil-des-ministres-du-13-juillet-2022","url":"https:\/\/www.africa-press.net\/benin\/politique\/benin-les-grandes-decisions-du-conseil-des-ministres-du-13-juillet-2022","name":"B\u00e9nin: les grandes d\u00e9cisions du Conseil des ministres du 13 juillet 2022 - B\u00e9nin","isPartOf":{"@id":"https:\/\/www.africa-press.net\/benin\/#website"},"primaryImageOfPage":{"@id":"https:\/\/www.africa-press.net\/benin\/politique\/benin-les-grandes-decisions-du-conseil-des-ministres-du-13-juillet-2022#primaryimage"},"image":{"@id":"https:\/\/www.africa-press.net\/benin\/politique\/benin-les-grandes-decisions-du-conseil-des-ministres-du-13-juillet-2022#primaryimage"},"thumbnailUrl":"https:\/\/static.africa-press.net\/benin\/sites\/46\/2022\/07\/postQueueImg_25-62cf0a840e51b.jpg","datePublished":"2022-07-13T17:55:50+00:00","dateModified":"2022-07-13T18:10:40+00:00","author":{"@id":"https:\/\/www.africa-press.net\/benin\/#\/schema\/person\/2b1cf3cd81a31e3cd26889ca66d677f1"},"description":"Le gouvernement a tenu ce mercredi 13 juillet 2022, sous la pr\u00e9sidence effective du pr\u00e9sident Patrice Talon, sa s\u00e9ance h ...","breadcrumb":{"@id":"https:\/\/www.africa-press.net\/benin\/politique\/benin-les-grandes-decisions-du-conseil-des-ministres-du-13-juillet-2022#breadcrumb"},"inLanguage":"fr-FR","potentialAction":[{"@type":"ReadAction","target":["https:\/\/www.africa-press.net\/benin\/politique\/benin-les-grandes-decisions-du-conseil-des-ministres-du-13-juillet-2022"]}]},{"@type":"ImageObject","inLanguage":"fr-FR","@id":"https:\/\/www.africa-press.net\/benin\/politique\/benin-les-grandes-decisions-du-conseil-des-ministres-du-13-juillet-2022#primaryimage","url":"https:\/\/static.africa-press.net\/benin\/sites\/46\/2022\/07\/postQueueImg_25-62cf0a840e51b.jpg","contentUrl":"https:\/\/static.africa-press.net\/benin\/sites\/46\/2022\/07\/postQueueImg_25-62cf0a840e51b.jpg","width":1520,"height":1013,"caption":"B\u00e9nin: les grandes d\u00e9cisions du Conseil des ministres du 13 juillet 2022"},{"@type":"BreadcrumbList","@id":"https:\/\/www.africa-press.net\/benin\/politique\/benin-les-grandes-decisions-du-conseil-des-ministres-du-13-juillet-2022#breadcrumb","itemListElement":[{"@type":"ListItem","position":1,"name":"Accueil","item":"https:\/\/www.africa-press.net\/benin\/"},{"@type":"ListItem","position":2,"name":"B\u00e9nin: les grandes d\u00e9cisions du Conseil des ministres du 13 juillet 2022"}]},{"@type":"WebSite","@id":"https:\/\/www.africa-press.net\/benin\/#website","url":"https:\/\/www.africa-press.net\/benin\/","name":"B\u00e9nin","description":"Just another Africa News Agency Sites site","potentialAction":[{"@type":"SearchAction","target":{"@type":"EntryPoint","urlTemplate":"https:\/\/www.africa-press.net\/benin\/?s={search_term_string}"},"query-input":{"@type":"PropertyValueSpecification","valueRequired":true,"valueName":"search_term_string"}}],"inLanguage":"fr-FR"},{"@type":"Person","@id":"https:\/\/www.africa-press.net\/benin\/#\/schema\/person\/2b1cf3cd81a31e3cd26889ca66d677f1","name":"cfeditorfr"}]}},"_links":{"self":[{"href":"https:\/\/www.africa-press.net\/benin\/wp-json\/wp\/v2\/posts\/6848","targetHints":{"allow":["GET"]}}],"collection":[{"href":"https:\/\/www.africa-press.net\/benin\/wp-json\/wp\/v2\/posts"}],"about":[{"href":"https:\/\/www.africa-press.net\/benin\/wp-json\/wp\/v2\/types\/post"}],"author":[{"embeddable":true,"href":"https:\/\/www.africa-press.net\/benin\/wp-json\/wp\/v2\/users\/82"}],"replies":[{"embeddable":true,"href":"https:\/\/www.africa-press.net\/benin\/wp-json\/wp\/v2\/comments?post=6848"}],"version-history":[{"count":0,"href":"https:\/\/www.africa-press.net\/benin\/wp-json\/wp\/v2\/posts\/6848\/revisions"}],"wp:featuredmedia":[{"embeddable":true,"href":"https:\/\/www.africa-press.net\/benin\/wp-json\/wp\/v2\/media\/6847"}],"wp:attachment":[{"href":"https:\/\/www.africa-press.net\/benin\/wp-json\/wp\/v2\/media?parent=6848"}],"wp:term":[{"taxonomy":"category","embeddable":true,"href":"https:\/\/www.africa-press.net\/benin\/wp-json\/wp\/v2\/categories?post=6848"},{"taxonomy":"post_tag","embeddable":true,"href":"https:\/\/www.africa-press.net\/benin\/wp-json\/wp\/v2\/tags?post=6848"}],"curies":[{"name":"wp","href":"https:\/\/api.w.org\/{rel}","templated":true}]}}